{"id":1139,"date":"2018-12-16T19:59:57","date_gmt":"2018-12-16T19:59:57","guid":{"rendered":"https:\/\/www.istanbulafrica.com\/?p=1139"},"modified":"2019-01-01T19:10:38","modified_gmt":"2019-01-01T19:10:38","slug":"turkiye-ecowas-ekonomi-ve-is-forumu","status":"publish","type":"post","link":"https:\/\/www.istanbulafrica.com\/tr\/turkiye-ecowas-ekonomi-ve-is-forumu\/","title":{"rendered":"T\u00fcrkiye &#8211; ECOWAS Ekonomi ve \u0130\u015f Forumu"},"content":{"rendered":"\t\t<div data-elementor-type=\"wp-post\" data-elementor-id=\"1139\" class=\"elementor elementor-1139 elementor-bc-flex-widget\">\n\t\t\t\t\t\t<section class=\"elementor-section elementor-top-section elementor-element elementor-element-32f16e4 elementor-section-boxed elementor-section-height-default elementor-section-height-default\" data-id=\"32f16e4\" data-element_type=\"section\">\n\t\t\t\t\t\t<div class=\"elementor-container elementor-column-gap-default\">\n\t\t\t\t\t<div class=\"elementor-column elementor-col-100 elementor-top-column elementor-element elementor-element-a5de1a8\" data-id=\"a5de1a8\" data-element_type=\"column\">\n\t\t\t<div class=\"elementor-widget-wrap elementor-element-populated\">\n\t\t\t\t\t\t<div class=\"elementor-element elementor-element-a122049 elementor-widget elementor-widget-text-editor\" data-id=\"a122049\" data-element_type=\"widget\" data-widget_type=\"text-editor.default\">\n\t\t\t\t<div class=\"elementor-widget-container\">\n\t\t\t\t\t\t\t\t\t<p style=\"text-align: right;\">20 Kas\u0131m 2017\u00a0<\/p><p><strong>Foruma Kat\u0131l\u0131m\u0131m\u0131z<\/strong><\/p><p>\u0130stanbul Afrika Ticaret \u015eirketi, T\u00fcrkiye &#8211; ECOWAS Ekonomi ve \u0130\u015f Forumu&#8217;nun t\u00fcm etkinliklerine kat\u0131ld\u0131. \u015eirket y\u00f6neticisi Mete \u00dcnal konferanslara ve network oturumlar\u0131na kat\u0131ld\u0131. Forum s\u0131ras\u0131nda, T\u00fcrkiye&#8217;deki i\u015f d\u00fcnyas\u0131 ve f\u0131rsatlar hakk\u0131nda Afrikal\u0131 yat\u0131r\u0131mc\u0131lara bilgi verildi.<\/p><p><strong>T\u00fcrkiye ve Afrika Birlikte<\/strong><\/p><p>Afrika k\u0131tas\u0131 ile ekonomik ili\u015fkilerin geli\u015ftirilmesi ve \u00e7e\u015fitlendirilmesi misyonu ile faaliyetlerini y\u00fcr\u00fcten DE\u0130K\/T\u00fcrkiye-Afrika \u0130\u015f Konseyleri, Afrika k\u0131tas\u0131na y\u00f6nelik olarak ticaret heyeti programlar\u0131 d\u00fczenlemekte ve k\u0131tasal, b\u00f6lgesel, sekt\u00f6rel konferans ve forumlara aktif partner olarak kat\u0131l\u0131m sa\u011flamaktad\u0131r. S\u00f6z konusu etkinliklerde; Afrika\u2019daki siyasi liderler ve \u00fcst d\u00fczey karar al\u0131c\u0131lar ile \u00f6nemli fon ve proje portf\u00f6ylerinin y\u00f6neticileri, \u00f6nde gelen i\u015f insanlar\u0131n\u0131n bir araya geldi\u011fi, k\u0131tan\u0131n gelece\u011finin tart\u0131\u015f\u0131ld\u0131\u011f\u0131 ve bu do\u011frultuda i\u015fbirliklerinin olu\u015fturuldu\u011fu platformlar sunulmaktad\u0131r.<\/p><p>Bu \u00e7er\u00e7evede, \u2018Birle\u015f, Ke\u015ffet, Geli\u015ftir\u2019 slogan\u0131 alt\u0131nda, 02-03 Kas\u0131m 2016 tarihleri aras\u0131nda \u0130stanbul\u2019da, T.C. Cumhuriyeti Cumhurba\u015fkan\u0131 Say\u0131n Recep Tayyip Erdo\u011fan\u2019\u0131n himayelerinde, Afrika Birli\u011fi i\u015fbirli\u011fiyle, T.C. Ekonomi Bakanl\u0131\u011f\u0131 ve D\u0131\u015f Ekonomik \u0130li\u015fkiler Kurulu\u2019nun (DE\u0130K) ev sahipli\u011finde \u201cT\u00fcrkiye-Afrika Ekonomi ve \u0130\u015f Forumu\u2019\u2019 ger\u00e7ekle\u015ftirildi. Forumda, T\u00fcrkiye ve 42 Afrika \u00fclkesinden 3.000\u2019e yak\u0131n \u00fcst d\u00fczey yetkili, i\u015f insan\u0131 ve giri\u015fimci bir araya gelerek ikili i\u015f g\u00f6r\u00fc\u015fmelerinde bulundu.<\/p><p>Ayr\u0131ca, T.C. Ba\u015fbakan\u0131 Say\u0131n Binali Y\u0131ld\u0131r\u0131m ve Gine Cumhuriyeti Cumhurba\u015fkan\u0131 ve Afrika Birli\u011fi D\u00f6nem Ba\u015fkan\u0131 Alpha Conde&#8217;nin te\u015frifleriyle, T.C. G\u0131da, Tar\u0131m ve Hayvanc\u0131l\u0131k Bakanl\u0131\u011f\u0131 evsahipli\u011finde T.C. Ekonomi Bakanl\u0131\u011f\u0131, Afrika Birli\u011fi Komisyonu (AfBK), T\u00fcrkiye Tar\u0131m Kredi Kooperatifleri Merkez Birli\u011fi ve D\u0131\u015f Ekonomik \u0130li\u015fkiler Kurulu (DE\u0130K) ve i\u015fbirli\u011finde, 27-28 Nisan 2017 tarihleri aras\u0131nda Maritim Pine Beach Resort Belek Konferans Merkezinde &#8220;T\u00fcrkiye-Afrika Tar\u0131m Bakanlar\u0131 Birinci Toplant\u0131s\u0131 ve Tar\u0131m \u0130\u015f Forumu&#8221; d\u00fczenlendi. &#8220;G\u0131da G\u00fcvenli\u011finin Sa\u011flanmas\u0131nda T\u00fcrkiye-Afrika K\u0131rsal Kalk\u0131nma Ortakl\u0131\u011f\u0131&#8221; ana temas\u0131 ile ger\u00e7ekle\u015ftirilen Foruma 54 Afrika \u00fclkesinden 48 Bakan ve 14 Bakan Yard\u0131mc\u0131s\u0131 ile 1.500 T\u00fcrk ve Afrikal\u0131 i\u015f insan\u0131 biraraya geldi.<\/p><p>Bahsekonu etkinliklerin devam\u0131 olarak, DE\u0130K ve ECOWAS aras\u0131ndaki \u0130\u015fbirli\u011fi Anla\u015fmas\u0131 kapsam\u0131nda T\u00fcrk i\u015f d\u00fcnyas\u0131 temsilcilerinin Bat\u0131 Afrika \u00fclkelerinde yat\u0131r\u0131m ve i\u015fbirli\u011fi f\u0131rsatlar\u0131n\u0131 art\u0131rmas\u0131 hedefiyle, 22-23 \u015eubat 2017 tarihleri aras\u0131nda Hilton \u0130stanbul Bomonti Otel ve Kongre Merkezi\u2019nde, T.C Ekonomi Bakanl\u0131\u011f\u0131 ve D\u0131\u015f Ekonomik \u0130li\u015fkiler Kurulu\u2019nun (DE\u0130K) ev sahipli\u011finde \u201cT\u00fcrkiye-ECOWAS Ekonomi ve \u0130\u015f Forumu\u2019\u2019 ger\u00e7ekle\u015ftirilecektir.<\/p><p>&#8220;T\u00fcrkiye ile ECOWAS \u00fcyesi \u00fclkeler aras\u0131nda ekonomik ortakl\u0131\u011f\u0131n derinle\u015fmesi&#8221; ana temas\u0131 ile d\u00fczenlenecek etkinlik kapsam\u0131nda ECOWAS \u00fcyesi \u00fclkelerde yat\u0131r\u0131m projelerinin sunuldu\u011fu ve ticaret finansman\u0131n i\u015flendi\u011fi paneller ve ikili i\u015f g\u00f6r\u00fc\u015fmeleri organize edilecektir.<\/p><ul><li>Afrika \u015fu anda etkileyici bir b\u00fcy\u00fcme, \u015fehirle\u015fme ve modernizasyon ata\u011f\u0131 i\u00e7erisindedir. Do\u011fal ve insan kaynaklar\u0131 olduk\u00e7a fazla ve \u00e7ok \u00e7e\u015fitlidir.<\/li><li>K\u0131ta&#8217;da ge\u00e7ti\u011fimiz son on y\u0131l i\u00e7erisinde b\u00fcy\u00fcme oran\u0131 y\u00fczde 5 olarak kaydedilmi\u015f ve bu y\u00fckseli\u015f trendinin \u00f6n\u00fcm\u00fczde y\u0131llarda da devam etmesi beklenmektedir. D\u00fcnya&#8217;da en h\u0131zl\u0131 b\u00fcy\u00fcyen 10 ekonomiden 6&#8217;s\u0131 Afrika&#8217;da yer almaktad\u0131r.<\/li><li>Ekonomik tahminlerin g\u00f6sterdi\u011fi sonu\u00e7lara g\u00f6re Afrika 2050 y\u0131l\u0131 itibariyle 29 trilyon ABD Dolar\u0131 de\u011ferinde bir ekonomiye sahip olacakt\u0131r ki bu da ABD ve Avro b\u00f6lgesinin 2012 y\u0131l\u0131ndaki Gayri Safi Milli Has\u0131las\u0131n\u0131n toplam\u0131ndan daha fazlad\u0131r.<\/li><li>K\u0131ta&#8217;da ya\u015fayan insanlar\u0131n y\u00fczde 70&#8217;i ge\u00e7ti\u011fimiz son on y\u0131l i\u00e7erisinde y\u00fczde 4&#8217;ten daha fazla ortalama b\u00fcy\u00fcme oran\u0131 sergileyen \u00fclkelerde ya\u015famaktad\u0131r. N\u00fcfusun y\u00fczde 34&#8217;ine denk gelen yakla\u015f\u0131k 313 milyon ki\u015fi orta s\u0131n\u0131fta yer almaktad\u0131r.<\/li><li>Afrika ile d\u00fcnyan\u0131n geri kalan\u0131 aras\u0131ndaki ticaret hacmi 2000 y\u0131l\u0131ndan bu yana y\u00fczde 200 art\u0131\u015f g\u00f6stermi\u015ftir.<\/li><\/ul><p><strong>Forumun Temel Hedefleri<\/strong><\/p><ul><li>ECOWAS \u00fcyesi \u00fclkeler ve T\u00fcrkiye\u2019deki T\u00fcrk\/Afrikal\u0131 i\u015f \u00e7evrelerinin fark\u0131ndal\u0131k seviyelerinin artt\u0131r\u0131lmas\u0131.<\/li><li>T\u00fcrkiye-ECOWAS ticari ve ekonomik ili\u015fkilerinim mevcut durumunu inceleme.<\/li><li>T\u00fcrkiye ve ECOWAS \u00fcyesi \u00fclkeler aras\u0131nda i\u015fbirli\u011fi f\u0131rsatlar\u0131n\u0131n ortaya \u00e7\u0131kar\u0131lmas\u0131 ve bu s\u00fcre\u00e7teki zorluklar\u0131n g\u00f6r\u00fc\u015f\u00fclmesi.<\/li><li>Her iki tarafta yat\u0131r\u0131m f\u0131rsatlar\u0131n\u0131n tespit edilmesine y\u00f6nelik hem T\u00fcrk hem de Afrikal\u0131 \u00f6zel sekt\u00f6r giri\u015fimcilerinin te\u015fvik edilmesi.<\/li><li>ECOWAS \u00fclkelerindeki T\u00fcrk yat\u0131r\u0131mlar\u0131na y\u00f6nelik yeni yakla\u015f\u0131mlar\u0131n de\u011ferlendirilmesi.<\/li><li>T\u00fcrkiye ve ECOWAS \u00fclkelerindeki i\u015f topluluklar\u0131 aras\u0131ndaki etkile\u015fimin artt\u0131r\u0131lmas\u0131.<\/li><li>ECOWAS ile bir diyalog platform ba\u015flat\u0131lmas\u0131.<\/li><\/ul><p><strong>Kat\u0131l\u0131mc\u0131 \u00dclkeler<\/strong><\/p><p>ECOWAS \u00fcyesi \u00fclkeler: Benin, Burkina Faso, Fildi\u015fi Sahili, Gambiya, Gana, Gine, Gine Bissau, Liberya, Mali, Nijer, Nijerya, Senegal, Sierra Leone, Togo, Ye\u015fil Burun Adalar\u0131 (Cape Verde)<\/p><ul><li>T\u00fcrkiye Cumhuriyeti Ekonomi Bakan\u0131 ve Bat\u0131 Afrika \u00dclkeleri Bakanlar\u0131 (Ticaret, Yat\u0131r\u0131m, Ekonomi ve Maliye)<\/li><li>B\u00f6lgesel ve Uluslararas\u0131 Te\u015fkilatlar<\/li><li>Sivil Toplum Kurulu\u015flar\u0131 (STK&#8217;lar)<\/li><li>Sanayi ve Ticaret Odalar\u0131<\/li><li>T\u00fcrkiye ve Bat\u0131 Afrika&#8217;daki \u0130\u015f Konseyleri, Dernekleri, Meslek Kurulu\u015flar\u0131 ve Giri\u015fimciler<\/li><li>T\u00fcrkiye&#8217;deki Diplomatik Misyonlar<\/li><li>T\u00fcrkiye ve Afrika&#8217;dan Kitlesel Medya Kurulu\u015flar\u0131<\/li><\/ul><p style=\"text-align: left;\"><strong>T\u00fcrk ve Afrikal\u0131 Yat\u0131r\u0131mc\u0131lar<\/strong><\/p><ul><li>Halihaz\u0131rda mevcut f\u0131rsatlar\u0131n g\u00f6r\u00fc\u015f\u00fclmesi<\/li><li>T\u00fcrk kamu ve \u00f6zel i\u015fletmeciler ile ili\u015fkilerin tesis edilmesi<\/li><li>Uzmanl\u0131k ve i\u015finizin tan\u0131t\u0131lmas\u0131<\/li><li>T\u00fcrk y\u00f6neticiler ve ekonomik akt\u00f6rlerle bir araya gelinmesi<\/li><li>T\u00fcrk ve Afrikal\u0131 medyaya \u00f6ncelikli eri\u015fim sa\u011flanmas\u0131<\/li><\/ul>\t\t\t\t\t\t\t\t<\/div>\n\t\t\t\t<\/div>\n\t\t\t\t\t<\/div>\n\t\t<\/div>\n\t\t\t\t\t<\/div>\n\t\t<\/section>\n\t\t\t\t<section class=\"elementor-section elementor-top-section elementor-element elementor-element-077766a elementor-section-boxed elementor-section-height-default elementor-section-height-default\" data-id=\"077766a\" data-element_type=\"section\">\n\t\t\t\t\t\t<div class=\"elementor-container elementor-column-gap-default\">\n\t\t\t\t\t<div class=\"elementor-column elementor-col-100 elementor-top-column elementor-element elementor-element-2addcbc\" data-id=\"2addcbc\" data-element_type=\"column\">\n\t\t\t<div class=\"elementor-widget-wrap elementor-element-populated\">\n\t\t\t\t\t\t<div class=\"elementor-element elementor-element-ae95072 elementor-arrows-position-inside elementor-pagination-position-outside elementor-widget elementor-widget-image-carousel\" data-id=\"ae95072\" data-element_type=\"widget\" data-settings=\"{&quot;slides_to_show&quot;:&quot;1&quot;,&quot;navigation&quot;:&quot;both&quot;,&quot;autoplay&quot;:&quot;yes&quot;,&quot;pause_on_hover&quot;:&quot;yes&quot;,&quot;pause_on_interaction&quot;:&quot;yes&quot;,&quot;autoplay_speed&quot;:5000,&quot;infinite&quot;:&quot;yes&quot;,&quot;effect&quot;:&quot;slide&quot;,&quot;speed&quot;:500}\" data-widget_type=\"image-carousel.default\">\n\t\t\t\t<div class=\"elementor-widget-container\">\n\t\t\t\t\t\t\t<div class=\"elementor-image-carousel-wrapper swiper\" role=\"region\" aria-roledescription=\"carousel\" aria-label=\"Resim D\u00f6ng\u00fcs\u00fc\" dir=\"ltr\">\n\t\t\t<div class=\"elementor-image-carousel swiper-wrapper\" aria-live=\"off\">\n\t\t\t\t\t\t\t\t<div class=\"swiper-slide\" role=\"group\" aria-roledescription=\"slide\" aria-label=\"1 \/ 4\"><figure class=\"swiper-slide-inner\"><img decoding=\"async\" class=\"swiper-slide-image\" src=\"https:\/\/www.istanbulafrica.com\/wp-content\/uploads\/2018\/12\/ECOWAS-1-768x576.jpeg\" alt=\"Ecowas Turkey business forum and meeting\" \/><\/figure><\/div><div class=\"swiper-slide\" role=\"group\" aria-roledescription=\"slide\" aria-label=\"2 \/ 4\"><figure class=\"swiper-slide-inner\"><img decoding=\"async\" class=\"swiper-slide-image\" src=\"https:\/\/www.istanbulafrica.com\/wp-content\/uploads\/2018\/12\/ECOWAS-4-768x576.jpeg\" alt=\"Ecowas Turkey business forum and meeting export import\" \/><\/figure><\/div><div class=\"swiper-slide\" role=\"group\" aria-roledescription=\"slide\" aria-label=\"3 \/ 4\"><figure class=\"swiper-slide-inner\"><img decoding=\"async\" class=\"swiper-slide-image\" src=\"https:\/\/www.istanbulafrica.com\/wp-content\/uploads\/2018\/12\/ECOWAS-Entrance-768x576.jpeg\" alt=\"Ecowas Turkey Forum Meeting\" \/><\/figure><\/div><div class=\"swiper-slide\" role=\"group\" aria-roledescription=\"slide\" aria-label=\"4 \/ 4\"><figure class=\"swiper-slide-inner\"><img decoding=\"async\" class=\"swiper-slide-image\" src=\"https:\/\/www.istanbulafrica.com\/wp-content\/uploads\/2018\/12\/ECOWAS-2-768x576.jpeg\" alt=\"Ecowas Turkey business forum and meeting deal\" \/><\/figure><\/div>\t\t\t<\/div>\n\t\t\t\t\t\t\t\t\t\t\t\t<div class=\"elementor-swiper-button elementor-swiper-button-prev\" role=\"button\" tabindex=\"0\">\n\t\t\t\t\t\t<i aria-hidden=\"true\" class=\"eicon-chevron-left\"><\/i>\t\t\t\t\t<\/div>\n\t\t\t\t\t<div class=\"elementor-swiper-button elementor-swiper-button-next\" role=\"button\" tabindex=\"0\">\n\t\t\t\t\t\t<i aria-hidden=\"true\" class=\"eicon-chevron-right\"><\/i>\t\t\t\t\t<\/div>\n\t\t\t\t\n\t\t\t\t\t\t\t\t\t<div class=\"swiper-pagination\"><\/div>\n\t\t\t\t\t\t\t\t\t<\/div>\n\t\t\t\t\t\t<\/div>\n\t\t\t\t<\/div>\n\t\t\t\t\t<\/div>\n\t\t<\/div>\n\t\t\t\t\t<\/div>\n\t\t<\/section>\n\t\t\t\t<\/div>\n\t\t","protected":false},"excerpt":{"rendered":"<p>20 Kas\u0131m 2017 Foruma Kat\u0131l\u0131m\u0131m\u0131z \u0130stanbul Afrika Ticaret \u015eirketi, T\u00fcrkiye &#8211; ECOWAS Ekonomi ve \u0130\u015f Forumu&#8217;nun t\u00fcm etkinliklerine kat\u0131ld\u0131. \u015eirket [&hellip;]<\/p>\n","protected":false},"author":1,"featured_media":1091,"comment_status":"open","ping_status":"open","sticky":false,"template":"","format":"standard","meta":{"_monsterinsights_skip_tracking":false,"_monsterinsights_sitenote_active":false,"_monsterinsights_sitenote_note":"","_monsterinsights_sitenote_category":0,"footnotes":""},"categories":[37],"tags":[],"class_list":["post-1139","post","type-post","status-publish","format-standard","has-post-thumbnail","hentry","category-etkinlik"],"yoast_head":"<!-- This site is optimized with the Yoast SEO Premium plugin v25.7.1 (Yoast SEO v25.8) - https:\/\/yoast.com\/wordpress\/plugins\/seo\/ -->\n<title>T\u00fcrkiye - ECOWAS Ekonomi ve \u0130\u015f Forumu - T\u00fcrkiye ECOWAS Forumu<\/title>\n<meta name=\"description\" content=\"T\u00fcrkiye ECOWAS forum, T\u00fcrkiye Ecowas Forum, ECOWAS, T\u00fcrkiye Afrika forumu, ECOWAS i\u015f, ecowas ekonomisi, ithalat, ihracat, ticaret \u015firketi, Afrika ihracat\" \/>\n<meta name=\"robots\" content=\"index, follow, max-snippet:-1, max-image-preview:large, max-video-preview:-1\" \/>\n<link rel=\"canonical\" href=\"https:\/\/www.istanbulafrica.com\/tr\/turkiye-ecowas-ekonomi-ve-is-forumu\/\" \/>\n<meta property=\"og:locale\" content=\"en_US\" \/>\n<meta property=\"og:type\" content=\"article\" \/>\n<meta property=\"og:title\" content=\"T\u00fcrkiye - ECOWAS Ekonomi ve \u0130\u015f Forumu\" \/>\n<meta property=\"og:description\" content=\"T\u00fcrkiye ECOWAS forum, T\u00fcrkiye Ecowas Forum, ECOWAS, T\u00fcrkiye Afrika forumu, ECOWAS i\u015f, ecowas ekonomisi, ithalat, ihracat, ticaret \u015firketi, Afrika ihracat\" \/>\n<meta property=\"og:url\" content=\"https:\/\/www.istanbulafrica.com\/tr\/turkiye-ecowas-ekonomi-ve-is-forumu\/\" \/>\n<meta property=\"og:site_name\" content=\"Istanbul Africa Trade Company\" \/>\n<meta property=\"article:publisher\" content=\"http:\/\/www.facebook.com\/istanbulafrica\" \/>\n<meta property=\"article:published_time\" content=\"2018-12-16T19:59:57+00:00\" \/>\n<meta property=\"article:modified_time\" content=\"2019-01-01T19:10:38+00:00\" \/>\n<meta property=\"og:image\" content=\"https:\/\/www.istanbulafrica.com\/wp-content\/uploads\/2018\/12\/ECOWAS-Entrance.jpeg\" \/>\n\t<meta property=\"og:image:width\" content=\"1024\" \/>\n\t<meta property=\"og:image:height\" content=\"768\" \/>\n\t<meta property=\"og:image:type\" content=\"image\/jpeg\" \/>\n<meta name=\"author\" content=\"admin\" \/>\n<meta name=\"twitter:card\" content=\"summary_large_image\" \/>\n<meta name=\"twitter:creator\" content=\"@istanbulafrica\" \/>\n<meta name=\"twitter:site\" content=\"@istanbulafrica\" \/>\n<meta name=\"twitter:label1\" content=\"Written by\" \/>\n\t<meta name=\"twitter:data1\" content=\"\" \/>\n\t<meta name=\"twitter:label2\" content=\"Est. reading time\" \/>\n\t<meta name=\"twitter:data2\" content=\"5 minutes\" \/>\n<script type=\"application\/ld+json\" class=\"yoast-schema-graph\">{\"@context\":\"https:\/\/schema.org\",\"@graph\":[{\"@type\":\"Article\",\"@id\":\"https:\/\/www.istanbulafrica.com\/tr\/turkiye-ecowas-ekonomi-ve-is-forumu\/#article\",\"isPartOf\":{\"@id\":\"https:\/\/www.istanbulafrica.com\/tr\/turkiye-ecowas-ekonomi-ve-is-forumu\/\"},\"author\":{\"name\":\"admin\",\"@id\":\"https:\/\/www.istanbulafrica.com\/#\/schema\/person\/e0f8b3b562d664e99942c2ca70031388\"},\"headline\":\"T\u00fcrkiye &#8211; ECOWAS Ekonomi ve \u0130\u015f Forumu\",\"datePublished\":\"2018-12-16T19:59:57+00:00\",\"dateModified\":\"2019-01-01T19:10:38+00:00\",\"mainEntityOfPage\":{\"@id\":\"https:\/\/www.istanbulafrica.com\/tr\/turkiye-ecowas-ekonomi-ve-is-forumu\/\"},\"wordCount\":1003,\"commentCount\":0,\"publisher\":{\"@id\":\"https:\/\/www.istanbulafrica.com\/#organization\"},\"image\":{\"@id\":\"https:\/\/www.istanbulafrica.com\/tr\/turkiye-ecowas-ekonomi-ve-is-forumu\/#primaryimage\"},\"thumbnailUrl\":\"https:\/\/www.istanbulafrica.com\/wp-content\/uploads\/2018\/12\/ECOWAS-Entrance.jpeg\",\"articleSection\":[\"Etkinlik\"],\"inLanguage\":\"en-US\",\"potentialAction\":[{\"@type\":\"CommentAction\",\"name\":\"Comment\",\"target\":[\"https:\/\/www.istanbulafrica.com\/tr\/turkiye-ecowas-ekonomi-ve-is-forumu\/#respond\"]}]},{\"@type\":\"WebPage\",\"@id\":\"https:\/\/www.istanbulafrica.com\/tr\/turkiye-ecowas-ekonomi-ve-is-forumu\/\",\"url\":\"https:\/\/www.istanbulafrica.com\/tr\/turkiye-ecowas-ekonomi-ve-is-forumu\/\",\"name\":\"T\u00fcrkiye - ECOWAS Ekonomi ve \u0130\u015f Forumu - T\u00fcrkiye ECOWAS Forumu\",\"isPartOf\":{\"@id\":\"https:\/\/www.istanbulafrica.com\/#website\"},\"primaryImageOfPage\":{\"@id\":\"https:\/\/www.istanbulafrica.com\/tr\/turkiye-ecowas-ekonomi-ve-is-forumu\/#primaryimage\"},\"image\":{\"@id\":\"https:\/\/www.istanbulafrica.com\/tr\/turkiye-ecowas-ekonomi-ve-is-forumu\/#primaryimage\"},\"thumbnailUrl\":\"https:\/\/www.istanbulafrica.com\/wp-content\/uploads\/2018\/12\/ECOWAS-Entrance.jpeg\",\"datePublished\":\"2018-12-16T19:59:57+00:00\",\"dateModified\":\"2019-01-01T19:10:38+00:00\",\"description\":\"T\u00fcrkiye ECOWAS forum, T\u00fcrkiye Ecowas Forum, ECOWAS, T\u00fcrkiye Afrika forumu, ECOWAS i\u015f, ecowas ekonomisi, ithalat, ihracat, ticaret \u015firketi, Afrika ihracat\",\"breadcrumb\":{\"@id\":\"https:\/\/www.istanbulafrica.com\/tr\/turkiye-ecowas-ekonomi-ve-is-forumu\/#breadcrumb\"},\"inLanguage\":\"en-US\",\"potentialAction\":[{\"@type\":\"ReadAction\",\"target\":[\"https:\/\/www.istanbulafrica.com\/tr\/turkiye-ecowas-ekonomi-ve-is-forumu\/\"]}]},{\"@type\":\"ImageObject\",\"inLanguage\":\"en-US\",\"@id\":\"https:\/\/www.istanbulafrica.com\/tr\/turkiye-ecowas-ekonomi-ve-is-forumu\/#primaryimage\",\"url\":\"https:\/\/www.istanbulafrica.com\/wp-content\/uploads\/2018\/12\/ECOWAS-Entrance.jpeg\",\"contentUrl\":\"https:\/\/www.istanbulafrica.com\/wp-content\/uploads\/2018\/12\/ECOWAS-Entrance.jpeg\",\"width\":1024,\"height\":768,\"caption\":\"Ecowas Turkey Forum Meeting\"},{\"@type\":\"BreadcrumbList\",\"@id\":\"https:\/\/www.istanbulafrica.com\/tr\/turkiye-ecowas-ekonomi-ve-is-forumu\/#breadcrumb\",\"itemListElement\":[{\"@type\":\"ListItem\",\"position\":1,\"name\":\"Home\",\"item\":\"https:\/\/www.istanbulafrica.com\/\"},{\"@type\":\"ListItem\",\"position\":2,\"name\":\"T\u00fcrkiye &#8211; ECOWAS Ekonomi ve \u0130\u015f Forumu\"}]},{\"@type\":\"WebSite\",\"@id\":\"https:\/\/www.istanbulafrica.com\/#website\",\"url\":\"https:\/\/www.istanbulafrica.com\/\",\"name\":\"Istanbul Africa Trade Company\",\"description\":\"Import, Export and Investment\",\"publisher\":{\"@id\":\"https:\/\/www.istanbulafrica.com\/#organization\"},\"potentialAction\":[{\"@type\":\"SearchAction\",\"target\":{\"@type\":\"EntryPoint\",\"urlTemplate\":\"https:\/\/www.istanbulafrica.com\/?s={search_term_string}\"},\"query-input\":{\"@type\":\"PropertyValueSpecification\",\"valueRequired\":true,\"valueName\":\"search_term_string\"}}],\"inLanguage\":\"en-US\"},{\"@type\":\"Organization\",\"@id\":\"https:\/\/www.istanbulafrica.com\/#organization\",\"name\":\"Istanbul Africa Trade Company\",\"url\":\"https:\/\/www.istanbulafrica.com\/\",\"logo\":{\"@type\":\"ImageObject\",\"inLanguage\":\"en-US\",\"@id\":\"https:\/\/www.istanbulafrica.com\/#\/schema\/logo\/image\/\",\"url\":\"https:\/\/www.istanbulafrica.com\/wp-content\/uploads\/2018\/11\/Logo-5_Multicolor-1-e1543258165564.png\",\"contentUrl\":\"https:\/\/www.istanbulafrica.com\/wp-content\/uploads\/2018\/11\/Logo-5_Multicolor-1-e1543258165564.png\",\"width\":300,\"height\":82,\"caption\":\"Istanbul Africa Trade Company\"},\"image\":{\"@id\":\"https:\/\/www.istanbulafrica.com\/#\/schema\/logo\/image\/\"},\"sameAs\":[\"http:\/\/www.facebook.com\/istanbulafrica\",\"https:\/\/x.com\/istanbulafrica\",\"https:\/\/www.instagram.com\/istanbulafrica\",\"https:\/\/linkedin.com\/company\/istanbulafrica\"]},{\"@type\":\"Person\",\"@id\":\"https:\/\/www.istanbulafrica.com\/#\/schema\/person\/e0f8b3b562d664e99942c2ca70031388\",\"name\":\"admin\",\"image\":{\"@type\":\"ImageObject\",\"inLanguage\":\"en-US\",\"@id\":\"https:\/\/www.istanbulafrica.com\/#\/schema\/person\/image\/\",\"url\":\"https:\/\/www.istanbulafrica.com\/wp-content\/litespeed\/avatar\/063478b0608c9232a95d704ee9061d12.jpg?ver=1758542353\",\"contentUrl\":\"https:\/\/www.istanbulafrica.com\/wp-content\/litespeed\/avatar\/063478b0608c9232a95d704ee9061d12.jpg?ver=1758542353\",\"caption\":\"admin\"}}]}<\/script>\n<!-- \/ Yoast SEO Premium plugin. -->","yoast_head_json":{"title":"T\u00fcrkiye - ECOWAS Ekonomi ve \u0130\u015f Forumu - T\u00fcrkiye ECOWAS Forumu","description":"T\u00fcrkiye ECOWAS forum, T\u00fcrkiye Ecowas Forum, ECOWAS, T\u00fcrkiye Afrika forumu, ECOWAS i\u015f, ecowas ekonomisi, ithalat, ihracat, ticaret \u015firketi, Afrika ihracat","robots":{"index":"index","follow":"follow","max-snippet":"max-snippet:-1","max-image-preview":"max-image-preview:large","max-video-preview":"max-video-preview:-1"},"canonical":"https:\/\/www.istanbulafrica.com\/tr\/turkiye-ecowas-ekonomi-ve-is-forumu\/","og_locale":"en_US","og_type":"article","og_title":"T\u00fcrkiye - ECOWAS Ekonomi ve \u0130\u015f Forumu","og_description":"T\u00fcrkiye ECOWAS forum, T\u00fcrkiye Ecowas Forum, ECOWAS, T\u00fcrkiye Afrika forumu, ECOWAS i\u015f, ecowas ekonomisi, ithalat, ihracat, ticaret \u015firketi, Afrika ihracat","og_url":"https:\/\/www.istanbulafrica.com\/tr\/turkiye-ecowas-ekonomi-ve-is-forumu\/","og_site_name":"Istanbul Africa Trade Company","article_publisher":"http:\/\/www.facebook.com\/istanbulafrica","article_published_time":"2018-12-16T19:59:57+00:00","article_modified_time":"2019-01-01T19:10:38+00:00","og_image":[{"width":1024,"height":768,"url":"https:\/\/www.istanbulafrica.com\/wp-content\/uploads\/2018\/12\/ECOWAS-Entrance.jpeg","type":"image\/jpeg"}],"author":"admin","twitter_card":"summary_large_image","twitter_creator":"@istanbulafrica","twitter_site":"@istanbulafrica","twitter_misc":{"Written by":false,"Est. reading time":"5 minutes"},"schema":{"@context":"https:\/\/schema.org","@graph":[{"@type":"Article","@id":"https:\/\/www.istanbulafrica.com\/tr\/turkiye-ecowas-ekonomi-ve-is-forumu\/#article","isPartOf":{"@id":"https:\/\/www.istanbulafrica.com\/tr\/turkiye-ecowas-ekonomi-ve-is-forumu\/"},"author":{"name":"admin","@id":"https:\/\/www.istanbulafrica.com\/#\/schema\/person\/e0f8b3b562d664e99942c2ca70031388"},"headline":"T\u00fcrkiye &#8211; ECOWAS Ekonomi ve \u0130\u015f Forumu","datePublished":"2018-12-16T19:59:57+00:00","dateModified":"2019-01-01T19:10:38+00:00","mainEntityOfPage":{"@id":"https:\/\/www.istanbulafrica.com\/tr\/turkiye-ecowas-ekonomi-ve-is-forumu\/"},"wordCount":1003,"commentCount":0,"publisher":{"@id":"https:\/\/www.istanbulafrica.com\/#organization"},"image":{"@id":"https:\/\/www.istanbulafrica.com\/tr\/turkiye-ecowas-ekonomi-ve-is-forumu\/#primaryimage"},"thumbnailUrl":"https:\/\/www.istanbulafrica.com\/wp-content\/uploads\/2018\/12\/ECOWAS-Entrance.jpeg","articleSection":["Etkinlik"],"inLanguage":"en-US","potentialAction":[{"@type":"CommentAction","name":"Comment","target":["https:\/\/www.istanbulafrica.com\/tr\/turkiye-ecowas-ekonomi-ve-is-forumu\/#respond"]}]},{"@type":"WebPage","@id":"https:\/\/www.istanbulafrica.com\/tr\/turkiye-ecowas-ekonomi-ve-is-forumu\/","url":"https:\/\/www.istanbulafrica.com\/tr\/turkiye-ecowas-ekonomi-ve-is-forumu\/","name":"T\u00fcrkiye - ECOWAS Ekonomi ve \u0130\u015f Forumu - T\u00fcrkiye ECOWAS Forumu","isPartOf":{"@id":"https:\/\/www.istanbulafrica.com\/#website"},"primaryImageOfPage":{"@id":"https:\/\/www.istanbulafrica.com\/tr\/turkiye-ecowas-ekonomi-ve-is-forumu\/#primaryimage"},"image":{"@id":"https:\/\/www.istanbulafrica.com\/tr\/turkiye-ecowas-ekonomi-ve-is-forumu\/#primaryimage"},"thumbnailUrl":"https:\/\/www.istanbulafrica.com\/wp-content\/uploads\/2018\/12\/ECOWAS-Entrance.jpeg","datePublished":"2018-12-16T19:59:57+00:00","dateModified":"2019-01-01T19:10:38+00:00","description":"T\u00fcrkiye ECOWAS forum, T\u00fcrkiye Ecowas Forum, ECOWAS, T\u00fcrkiye Afrika forumu, ECOWAS i\u015f, ecowas ekonomisi, ithalat, ihracat, ticaret \u015firketi, Afrika ihracat","breadcrumb":{"@id":"https:\/\/www.istanbulafrica.com\/tr\/turkiye-ecowas-ekonomi-ve-is-forumu\/#breadcrumb"},"inLanguage":"en-US","potentialAction":[{"@type":"ReadAction","target":["https:\/\/www.istanbulafrica.com\/tr\/turkiye-ecowas-ekonomi-ve-is-forumu\/"]}]},{"@type":"ImageObject","inLanguage":"en-US","@id":"https:\/\/www.istanbulafrica.com\/tr\/turkiye-ecowas-ekonomi-ve-is-forumu\/#primaryimage","url":"https:\/\/www.istanbulafrica.com\/wp-content\/uploads\/2018\/12\/ECOWAS-Entrance.jpeg","contentUrl":"https:\/\/www.istanbulafrica.com\/wp-content\/uploads\/2018\/12\/ECOWAS-Entrance.jpeg","width":1024,"height":768,"caption":"Ecowas Turkey Forum Meeting"},{"@type":"BreadcrumbList","@id":"https:\/\/www.istanbulafrica.com\/tr\/turkiye-ecowas-ekonomi-ve-is-forumu\/#breadcrumb","itemListElement":[{"@type":"ListItem","position":1,"name":"Home","item":"https:\/\/www.istanbulafrica.com\/"},{"@type":"ListItem","position":2,"name":"T\u00fcrkiye &#8211; ECOWAS Ekonomi ve \u0130\u015f Forumu"}]},{"@type":"WebSite","@id":"https:\/\/www.istanbulafrica.com\/#website","url":"https:\/\/www.istanbulafrica.com\/","name":"Istanbul Africa Trade Company","description":"Import, Export and Investment","publisher":{"@id":"https:\/\/www.istanbulafrica.com\/#organization"},"potentialAction":[{"@type":"SearchAction","target":{"@type":"EntryPoint","urlTemplate":"https:\/\/www.istanbulafrica.com\/?s={search_term_string}"},"query-input":{"@type":"PropertyValueSpecification","valueRequired":true,"valueName":"search_term_string"}}],"inLanguage":"en-US"},{"@type":"Organization","@id":"https:\/\/www.istanbulafrica.com\/#organization","name":"Istanbul Africa Trade Company","url":"https:\/\/www.istanbulafrica.com\/","logo":{"@type":"ImageObject","inLanguage":"en-US","@id":"https:\/\/www.istanbulafrica.com\/#\/schema\/logo\/image\/","url":"https:\/\/www.istanbulafrica.com\/wp-content\/uploads\/2018\/11\/Logo-5_Multicolor-1-e1543258165564.png","contentUrl":"https:\/\/www.istanbulafrica.com\/wp-content\/uploads\/2018\/11\/Logo-5_Multicolor-1-e1543258165564.png","width":300,"height":82,"caption":"Istanbul Africa Trade Company"},"image":{"@id":"https:\/\/www.istanbulafrica.com\/#\/schema\/logo\/image\/"},"sameAs":["http:\/\/www.facebook.com\/istanbulafrica","https:\/\/x.com\/istanbulafrica","https:\/\/www.instagram.com\/istanbulafrica","https:\/\/linkedin.com\/company\/istanbulafrica"]},{"@type":"Person","@id":"https:\/\/www.istanbulafrica.com\/#\/schema\/person\/e0f8b3b562d664e99942c2ca70031388","name":"admin","image":{"@type":"ImageObject","inLanguage":"en-US","@id":"https:\/\/www.istanbulafrica.com\/#\/schema\/person\/image\/","url":"https:\/\/www.istanbulafrica.com\/wp-content\/litespeed\/avatar\/063478b0608c9232a95d704ee9061d12.jpg?ver=1758542353","contentUrl":"https:\/\/www.istanbulafrica.com\/wp-content\/litespeed\/avatar\/063478b0608c9232a95d704ee9061d12.jpg?ver=1758542353","caption":"admin"}}]}},"_links":{"self":[{"href":"https:\/\/www.istanbulafrica.com\/wp-json\/wp\/v2\/posts\/1139","targetHints":{"allow":["GET"]}}],"collection":[{"href":"https:\/\/www.istanbulafrica.com\/wp-json\/wp\/v2\/posts"}],"about":[{"href":"https:\/\/www.istanbulafrica.com\/wp-json\/wp\/v2\/types\/post"}],"author":[{"embeddable":true,"href":"https:\/\/www.istanbulafrica.com\/wp-json\/wp\/v2\/users\/1"}],"replies":[{"embeddable":true,"href":"https:\/\/www.istanbulafrica.com\/wp-json\/wp\/v2\/comments?post=1139"}],"version-history":[{"count":7,"href":"https:\/\/www.istanbulafrica.com\/wp-json\/wp\/v2\/posts\/1139\/revisions"}],"predecessor-version":[{"id":1436,"href":"https:\/\/www.istanbulafrica.com\/wp-json\/wp\/v2\/posts\/1139\/revisions\/1436"}],"wp:featuredmedia":[{"embeddable":true,"href":"https:\/\/www.istanbulafrica.com\/wp-json\/wp\/v2\/media\/1091"}],"wp:attachment":[{"href":"https:\/\/www.istanbulafrica.com\/wp-json\/wp\/v2\/media?parent=1139"}],"wp:term":[{"taxonomy":"category","embeddable":true,"href":"https:\/\/www.istanbulafrica.com\/wp-json\/wp\/v2\/categories?post=1139"},{"taxonomy":"post_tag","embeddable":true,"href":"https:\/\/www.istanbulafrica.com\/wp-json\/wp\/v2\/tags?post=1139"}],"curies":[{"name":"wp","href":"https:\/\/api.w.org\/{rel}","templated":true}]}}