{"id":1145,"date":"2018-12-16T20:10:12","date_gmt":"2018-12-16T20:10:12","guid":{"rendered":"https:\/\/www.istanbulafrica.com\/?p=1145"},"modified":"2019-01-04T15:41:52","modified_gmt":"2019-01-04T15:41:52","slug":"turkiye-afrika-ekonomi-ve-is-forumu-2018","status":"publish","type":"post","link":"https:\/\/www.istanbulafrica.com\/tr\/turkiye-afrika-ekonomi-ve-is-forumu-2018\/","title":{"rendered":"T\u00fcrkiye &#8211; Afrika Ekonomi ve \u0130\u015f Forumu 2018"},"content":{"rendered":"\t\t<div data-elementor-type=\"wp-post\" data-elementor-id=\"1145\" class=\"elementor elementor-1145 elementor-bc-flex-widget\">\n\t\t\t\t\t\t<section class=\"elementor-section elementor-top-section elementor-element elementor-element-0b09091 elementor-section-boxed elementor-section-height-default elementor-section-height-default\" data-id=\"0b09091\" data-element_type=\"section\">\n\t\t\t\t\t\t<div class=\"elementor-container elementor-column-gap-default\">\n\t\t\t\t\t<div class=\"elementor-column elementor-col-100 elementor-top-column elementor-element elementor-element-704d2d1\" data-id=\"704d2d1\" data-element_type=\"column\">\n\t\t\t<div class=\"elementor-widget-wrap elementor-element-populated\">\n\t\t\t\t\t\t<div class=\"elementor-element elementor-element-091c24b elementor-widget elementor-widget-text-editor\" data-id=\"091c24b\" data-element_type=\"widget\" data-widget_type=\"text-editor.default\">\n\t\t\t\t<div class=\"elementor-widget-container\">\n\t\t\t\t\t\t\t\t\t<p style=\"text-align: right;\">15 Ekim 2018\u00a0<\/p><p><strong>Foruma Kat\u0131l\u0131m\u0131m\u0131z<\/strong><\/p><p>\u0130stanbul Afrika Ticaret \u015eirketi olarak forum panellerine ve etkinliklerine kat\u0131ld\u0131k. T\u00fcrk ihracat\u00e7\u0131lar ve Afrikal\u0131 yat\u0131r\u0131mc\u0131larla temasta bulunarak uzun vadeli i\u015f f\u0131rsatlar\u0131n\u0131 tart\u0131\u015ft\u0131k. Ayr\u0131ca, birlikte \u00e7al\u0131\u015ft\u0131\u011f\u0131m\u0131z ihracat\u00e7\u0131 firmalar\u0131n tan\u0131t\u0131m\u0131n\u0131 yapt\u0131k.<\/p><p><strong>Neden Afrika?<\/strong><\/p><ul><li>Afrika \u015fu anda etkileyici bir b\u00fcy\u00fcme, \u015fehirle\u015fme ve modernizasyon ata\u011f\u0131 i\u00e7erisindedir. Do\u011fal ve insan kaynaklar\u0131 olduk\u00e7a fazla ve \u00e7ok \u00e7e\u015fitlidir.<\/li><li>K\u0131ta\u2019da ge\u00e7ti\u011fimiz son on y\u0131l i\u00e7erisinde b\u00fcy\u00fcme oran\u0131 y\u00fczde 5 olarak kaydedilmi\u015f ve bu y\u00fckseli\u015f trendinin \u00f6n\u00fcm\u00fczde y\u0131llarda da devam etmesi beklenmektedir. D\u00fcnya\u2019da en h\u0131zl\u0131 b\u00fcy\u00fcyen 10 ekonomiden 6\u2019s\u0131 Afrika\u2019da yer almaktad\u0131r.<\/li><li>Ekonomik tahminlerin g\u00f6sterdi\u011fi sonu\u00e7lara g\u00f6re Afrika 2050 y\u0131l\u0131 itibariyle 29 trilyon ABD Dolar\u0131 de\u011ferinde bir ekonomiye sahip olacakt\u0131r ki bu da ABD ve Avro b\u00f6lgesinin 2012 y\u0131l\u0131ndaki Gayri Safi Milli Has\u0131las\u0131n\u0131n toplam\u0131ndan daha fazlad\u0131r.<\/li><li>K\u0131ta\u2019da ya\u015fayan insanlar\u0131n y\u00fczde 70\u2019i ge\u00e7ti\u011fimiz son on y\u0131l i\u00e7erisinde y\u00fczde 4\u2019ten daha fazla ortalama b\u00fcy\u00fcme oran\u0131 sergileyen \u00fclkelerde ya\u015famaktad\u0131r. N\u00fcfusun y\u00fczde 34\u2019ine denk gelen yakla\u015f\u0131k 313 milyon ki\u015fi orta s\u0131n\u0131fta yer almaktad\u0131r.<\/li><li>Afrika ile d\u00fcnyan\u0131n geri kalan\u0131 aras\u0131ndaki ticaret hacmi 2000 y\u0131l\u0131ndan bu yana y\u00fczde 200 art\u0131\u015f g\u00f6stermi\u015ftir.<\/li><\/ul><p><strong>Forumun Hedefleri<\/strong><\/p><ul><li>Afrika ve T\u00fcrkiye\u2019deki T\u00fcrk\/Afrikal\u0131 i\u015f \u00e7evrelerinin fark\u0131ndal\u0131k seviyelerinin artt\u0131r\u0131lmas\u0131.<\/li><li>T\u00fcrkiye\/Afrika ticari ve ekonomik ili\u015fkilerinim mevcut durumunu inceleme.<\/li><li>T\u00fcrkiye ve Afrika aras\u0131nda i\u015fbirli\u011fi f\u0131rsatlar\u0131n\u0131n ortaya \u00e7\u0131kar\u0131lmas\u0131 ve bu s\u00fcre\u00e7teki zorluklar\u0131n g\u00f6r\u00fc\u015f\u00fclmesi.<\/li><li>Her iki tarafta yat\u0131r\u0131m f\u0131rsatlar\u0131n\u0131n tespit edilmesine y\u00f6nelik hem T\u00fcrk hem de Afrikal\u0131 \u00f6zel sekt\u00f6r giri\u015fimcilerinin te\u015fvik edilmesi.<\/li><li>Afrika\u2019daki T\u00fcrk yat\u0131r\u0131mlar\u0131na y\u00f6nelik yeni yakla\u015f\u0131mlar\u0131n de\u011ferlendirilmesi.<\/li><li>Afrikal\u0131 B\u00f6lgesel Ekonomik Topluluklar ile bir diyalog platform ba\u015flat\u0131lmas\u0131.<\/li><\/ul><p><strong>Kat\u0131l\u0131mc\u0131lar<\/strong><\/p><ul><li>T\u00fcrkiye Cumhuriyeti Ticaret Bakan\u0131 ve Afrika \u00dclkeleri Bakanlar\u0131 (Ticaret, Yat\u0131r\u0131m, Ekonomi ve Maliye)<\/li><li>Uluslararas\u0131 Te\u015fkilatlar ve Afrika B\u00f6lgesel Ekonomik Topluluklar\u0131<\/li><li>Sivil Toplum Kurulu\u015flar\u0131 (STK\u2019lar)<\/li><li>Sanayi ve Ticaret Odalar\u0131<\/li><li>T\u00fcrkiye ve Afrika\u2019daki \u0130\u015f Konseyleri, Dernekleri, Meslek Kurulu\u015flar\u0131 ve Giri\u015fimciler<\/li><li>T\u00fcrkiye\u2019deki Diplomatik Misyonlar<\/li><li>T\u00fcrkiye ve Afrika\u2019dan Kitlesel Medya Kurulu\u015flar\u0131<\/li><\/ul>\t\t\t\t\t\t\t\t<\/div>\n\t\t\t\t<\/div>\n\t\t\t\t\t<\/div>\n\t\t<\/div>\n\t\t\t\t\t<\/div>\n\t\t<\/section>\n\t\t\t\t<section class=\"elementor-section elementor-top-section elementor-element elementor-element-fdc13db elementor-section-boxed elementor-section-height-default elementor-section-height-default\" data-id=\"fdc13db\" data-element_type=\"section\">\n\t\t\t\t\t\t<div class=\"elementor-container elementor-column-gap-default\">\n\t\t\t\t\t<div class=\"elementor-column elementor-col-100 elementor-top-column elementor-element elementor-element-b786c7a\" data-id=\"b786c7a\" data-element_type=\"column\">\n\t\t\t<div class=\"elementor-widget-wrap elementor-element-populated\">\n\t\t\t\t\t\t<div class=\"elementor-element elementor-element-6f8d0ca elementor-arrows-position-inside elementor-pagination-position-outside elementor-widget elementor-widget-image-carousel\" data-id=\"6f8d0ca\" data-element_type=\"widget\" data-settings=\"{&quot;slides_to_show&quot;:&quot;1&quot;,&quot;navigation&quot;:&quot;both&quot;,&quot;autoplay&quot;:&quot;yes&quot;,&quot;pause_on_hover&quot;:&quot;yes&quot;,&quot;pause_on_interaction&quot;:&quot;yes&quot;,&quot;autoplay_speed&quot;:5000,&quot;infinite&quot;:&quot;yes&quot;,&quot;effect&quot;:&quot;slide&quot;,&quot;speed&quot;:500}\" data-widget_type=\"image-carousel.default\">\n\t\t\t\t<div class=\"elementor-widget-container\">\n\t\t\t\t\t\t\t<div class=\"elementor-image-carousel-wrapper swiper\" role=\"region\" aria-roledescription=\"carousel\" aria-label=\"Resim D\u00f6ng\u00fcs\u00fc\" dir=\"ltr\">\n\t\t\t<div class=\"elementor-image-carousel swiper-wrapper\" aria-live=\"off\">\n\t\t\t\t\t\t\t\t<div class=\"swiper-slide\" role=\"group\" aria-roledescription=\"slide\" aria-label=\"1 \/ 5\"><figure class=\"swiper-slide-inner\"><img decoding=\"async\" class=\"swiper-slide-image\" src=\"https:\/\/www.istanbulafrica.com\/wp-content\/uploads\/2018\/12\/Africa-Forum-2-768x1024.jpeg\" alt=\"Ecowas Turkey business forum and meeting ambassador of libya\" \/><\/figure><\/div><div class=\"swiper-slide\" role=\"group\" aria-roledescription=\"slide\" aria-label=\"2 \/ 5\"><figure class=\"swiper-slide-inner\"><img decoding=\"async\" class=\"swiper-slide-image\" src=\"https:\/\/www.istanbulafrica.com\/wp-content\/uploads\/2018\/12\/Africa-Forum-3-768x1024.jpeg\" alt=\"Ecowas Turkey business forum and meeting b2b\" \/><\/figure><\/div><div class=\"swiper-slide\" role=\"group\" aria-roledescription=\"slide\" aria-label=\"3 \/ 5\"><figure class=\"swiper-slide-inner\"><img decoding=\"async\" class=\"swiper-slide-image\" src=\"https:\/\/www.istanbulafrica.com\/wp-content\/uploads\/2018\/12\/Africa-Forum-5-768x576.jpeg\" alt=\"Turkey Africa business and commerce forum meeting istanbul\" \/><\/figure><\/div><div class=\"swiper-slide\" role=\"group\" aria-roledescription=\"slide\" aria-label=\"4 \/ 5\"><figure class=\"swiper-slide-inner\"><img decoding=\"async\" class=\"swiper-slide-image\" src=\"https:\/\/www.istanbulafrica.com\/wp-content\/uploads\/2018\/12\/Africa-Forum-4-768x1024.jpeg\" alt=\"Ecowas Turkey business forum and meeting deik t\u00fcrkiye afrika africa\" \/><\/figure><\/div><div class=\"swiper-slide\" role=\"group\" aria-roledescription=\"slide\" aria-label=\"5 \/ 5\"><figure class=\"swiper-slide-inner\"><img decoding=\"async\" class=\"swiper-slide-image\" src=\"https:\/\/www.istanbulafrica.com\/wp-content\/uploads\/2018\/12\/Africa-Forum-1-768x576.jpeg\" alt=\"Ecowas Turkey business forum and meeting reunion b2b\" \/><\/figure><\/div>\t\t\t<\/div>\n\t\t\t\t\t\t\t\t\t\t\t\t<div class=\"elementor-swiper-button elementor-swiper-button-prev\" role=\"button\" tabindex=\"0\">\n\t\t\t\t\t\t<i aria-hidden=\"true\" class=\"eicon-chevron-left\"><\/i>\t\t\t\t\t<\/div>\n\t\t\t\t\t<div class=\"elementor-swiper-button elementor-swiper-button-next\" role=\"button\" tabindex=\"0\">\n\t\t\t\t\t\t<i aria-hidden=\"true\" class=\"eicon-chevron-right\"><\/i>\t\t\t\t\t<\/div>\n\t\t\t\t\n\t\t\t\t\t\t\t\t\t<div class=\"swiper-pagination\"><\/div>\n\t\t\t\t\t\t\t\t\t<\/div>\n\t\t\t\t\t\t<\/div>\n\t\t\t\t<\/div>\n\t\t\t\t\t<\/div>\n\t\t<\/div>\n\t\t\t\t\t<\/div>\n\t\t<\/section>\n\t\t\t\t<\/div>\n\t\t","protected":false},"excerpt":{"rendered":"<p>15 Ekim 2018 Foruma Kat\u0131l\u0131m\u0131m\u0131z \u0130stanbul Afrika Ticaret \u015eirketi olarak forum panellerine ve etkinliklerine kat\u0131ld\u0131k. T\u00fcrk ihracat\u00e7\u0131lar ve Afrikal\u0131 yat\u0131r\u0131mc\u0131larla [&hellip;]<\/p>\n","protected":false},"author":1,"featured_media":1106,"comment_status":"open","ping_status":"open","sticky":false,"template":"","format":"standard","meta":{"_monsterinsights_skip_tracking":false,"_monsterinsights_sitenote_active":false,"_monsterinsights_sitenote_note":"","_monsterinsights_sitenote_category":0,"footnotes":""},"categories":[37],"tags":[],"class_list":["post-1145","post","type-post","status-publish","format-standard","has-post-thumbnail","hentry","category-etkinlik"],"yoast_head":"<!-- This site is optimized with the Yoast SEO Premium plugin v25.7.1 (Yoast SEO v25.8) - https:\/\/yoast.com\/wordpress\/plugins\/seo\/ -->\n<title>T\u00fcrkiye - Afrika Ekonomi ve \u0130\u015f Forumu 2018 - T\u00fcrkiye Afrika Forum<\/title>\n<meta name=\"description\" content=\"T\u00fcrkiye ECOWAS forum, T\u00fcrkiye Afrika Forum, deik forum, deik afrika T\u00fcrkiye Afrika i\u015f forumu, ECOWAS, ecowas ekonomi, ithalat, ihracat, Afrika ihracat\" \/>\n<meta name=\"robots\" content=\"index, follow, max-snippet:-1, max-image-preview:large, max-video-preview:-1\" \/>\n<link rel=\"canonical\" href=\"https:\/\/www.istanbulafrica.com\/tr\/turkiye-afrika-ekonomi-ve-is-forumu-2018\/\" \/>\n<meta property=\"og:locale\" content=\"en_US\" \/>\n<meta property=\"og:type\" content=\"article\" \/>\n<meta property=\"og:title\" content=\"T\u00fcrkiye - Afrika Ekonomi ve \u0130\u015f Forumu 2018\" \/>\n<meta property=\"og:description\" content=\"T\u00fcrkiye ECOWAS forum, T\u00fcrkiye Afrika Forum, deik forum, deik afrika T\u00fcrkiye Afrika i\u015f forumu, ECOWAS, ecowas ekonomi, ithalat, ihracat, Afrika ihracat\" \/>\n<meta property=\"og:url\" content=\"https:\/\/www.istanbulafrica.com\/tr\/turkiye-afrika-ekonomi-ve-is-forumu-2018\/\" \/>\n<meta property=\"og:site_name\" content=\"Istanbul Africa Trade Company\" \/>\n<meta property=\"article:publisher\" content=\"http:\/\/www.facebook.com\/istanbulafrica\" \/>\n<meta property=\"article:published_time\" content=\"2018-12-16T20:10:12+00:00\" \/>\n<meta property=\"article:modified_time\" content=\"2019-01-04T15:41:52+00:00\" \/>\n<meta property=\"og:image\" content=\"https:\/\/www.istanbulafrica.com\/wp-content\/uploads\/2018\/12\/Africa-Forum-5.jpeg\" \/>\n\t<meta property=\"og:image:width\" content=\"1024\" \/>\n\t<meta property=\"og:image:height\" content=\"768\" \/>\n\t<meta property=\"og:image:type\" content=\"image\/jpeg\" \/>\n<meta name=\"author\" content=\"admin\" \/>\n<meta name=\"twitter:card\" content=\"summary_large_image\" \/>\n<meta name=\"twitter:creator\" content=\"@istanbulafrica\" \/>\n<meta name=\"twitter:site\" content=\"@istanbulafrica\" \/>\n<meta name=\"twitter:label1\" content=\"Written by\" \/>\n\t<meta name=\"twitter:data1\" content=\"\" \/>\n\t<meta name=\"twitter:label2\" content=\"Est. reading time\" \/>\n\t<meta name=\"twitter:data2\" content=\"2 minutes\" \/>\n<script type=\"application\/ld+json\" class=\"yoast-schema-graph\">{\"@context\":\"https:\/\/schema.org\",\"@graph\":[{\"@type\":\"Article\",\"@id\":\"https:\/\/www.istanbulafrica.com\/tr\/turkiye-afrika-ekonomi-ve-is-forumu-2018\/#article\",\"isPartOf\":{\"@id\":\"https:\/\/www.istanbulafrica.com\/tr\/turkiye-afrika-ekonomi-ve-is-forumu-2018\/\"},\"author\":{\"name\":\"admin\",\"@id\":\"https:\/\/www.istanbulafrica.com\/#\/schema\/person\/e0f8b3b562d664e99942c2ca70031388\"},\"headline\":\"T\u00fcrkiye &#8211; Afrika Ekonomi ve \u0130\u015f Forumu 2018\",\"datePublished\":\"2018-12-16T20:10:12+00:00\",\"dateModified\":\"2019-01-04T15:41:52+00:00\",\"mainEntityOfPage\":{\"@id\":\"https:\/\/www.istanbulafrica.com\/tr\/turkiye-afrika-ekonomi-ve-is-forumu-2018\/\"},\"wordCount\":441,\"commentCount\":0,\"publisher\":{\"@id\":\"https:\/\/www.istanbulafrica.com\/#organization\"},\"image\":{\"@id\":\"https:\/\/www.istanbulafrica.com\/tr\/turkiye-afrika-ekonomi-ve-is-forumu-2018\/#primaryimage\"},\"thumbnailUrl\":\"https:\/\/www.istanbulafrica.com\/wp-content\/uploads\/2018\/12\/Africa-Forum-5.jpeg\",\"articleSection\":[\"Etkinlik\"],\"inLanguage\":\"en-US\",\"potentialAction\":[{\"@type\":\"CommentAction\",\"name\":\"Comment\",\"target\":[\"https:\/\/www.istanbulafrica.com\/tr\/turkiye-afrika-ekonomi-ve-is-forumu-2018\/#respond\"]}]},{\"@type\":\"WebPage\",\"@id\":\"https:\/\/www.istanbulafrica.com\/tr\/turkiye-afrika-ekonomi-ve-is-forumu-2018\/\",\"url\":\"https:\/\/www.istanbulafrica.com\/tr\/turkiye-afrika-ekonomi-ve-is-forumu-2018\/\",\"name\":\"T\u00fcrkiye - Afrika Ekonomi ve \u0130\u015f Forumu 2018 - T\u00fcrkiye Afrika Forum\",\"isPartOf\":{\"@id\":\"https:\/\/www.istanbulafrica.com\/#website\"},\"primaryImageOfPage\":{\"@id\":\"https:\/\/www.istanbulafrica.com\/tr\/turkiye-afrika-ekonomi-ve-is-forumu-2018\/#primaryimage\"},\"image\":{\"@id\":\"https:\/\/www.istanbulafrica.com\/tr\/turkiye-afrika-ekonomi-ve-is-forumu-2018\/#primaryimage\"},\"thumbnailUrl\":\"https:\/\/www.istanbulafrica.com\/wp-content\/uploads\/2018\/12\/Africa-Forum-5.jpeg\",\"datePublished\":\"2018-12-16T20:10:12+00:00\",\"dateModified\":\"2019-01-04T15:41:52+00:00\",\"description\":\"T\u00fcrkiye ECOWAS forum, T\u00fcrkiye Afrika Forum, deik forum, deik afrika T\u00fcrkiye Afrika i\u015f forumu, ECOWAS, ecowas ekonomi, ithalat, ihracat, Afrika ihracat\",\"breadcrumb\":{\"@id\":\"https:\/\/www.istanbulafrica.com\/tr\/turkiye-afrika-ekonomi-ve-is-forumu-2018\/#breadcrumb\"},\"inLanguage\":\"en-US\",\"potentialAction\":[{\"@type\":\"ReadAction\",\"target\":[\"https:\/\/www.istanbulafrica.com\/tr\/turkiye-afrika-ekonomi-ve-is-forumu-2018\/\"]}]},{\"@type\":\"ImageObject\",\"inLanguage\":\"en-US\",\"@id\":\"https:\/\/www.istanbulafrica.com\/tr\/turkiye-afrika-ekonomi-ve-is-forumu-2018\/#primaryimage\",\"url\":\"https:\/\/www.istanbulafrica.com\/wp-content\/uploads\/2018\/12\/Africa-Forum-5.jpeg\",\"contentUrl\":\"https:\/\/www.istanbulafrica.com\/wp-content\/uploads\/2018\/12\/Africa-Forum-5.jpeg\",\"width\":1024,\"height\":768,\"caption\":\"Turkey Africa business and commerce forum meeting istanbul\"},{\"@type\":\"BreadcrumbList\",\"@id\":\"https:\/\/www.istanbulafrica.com\/tr\/turkiye-afrika-ekonomi-ve-is-forumu-2018\/#breadcrumb\",\"itemListElement\":[{\"@type\":\"ListItem\",\"position\":1,\"name\":\"Home\",\"item\":\"https:\/\/www.istanbulafrica.com\/\"},{\"@type\":\"ListItem\",\"position\":2,\"name\":\"T\u00fcrkiye &#8211; Afrika Ekonomi ve \u0130\u015f Forumu 2018\"}]},{\"@type\":\"WebSite\",\"@id\":\"https:\/\/www.istanbulafrica.com\/#website\",\"url\":\"https:\/\/www.istanbulafrica.com\/\",\"name\":\"Istanbul Africa Trade Company\",\"description\":\"Import, Export and Investment\",\"publisher\":{\"@id\":\"https:\/\/www.istanbulafrica.com\/#organization\"},\"potentialAction\":[{\"@type\":\"SearchAction\",\"target\":{\"@type\":\"EntryPoint\",\"urlTemplate\":\"https:\/\/www.istanbulafrica.com\/?s={search_term_string}\"},\"query-input\":{\"@type\":\"PropertyValueSpecification\",\"valueRequired\":true,\"valueName\":\"search_term_string\"}}],\"inLanguage\":\"en-US\"},{\"@type\":\"Organization\",\"@id\":\"https:\/\/www.istanbulafrica.com\/#organization\",\"name\":\"Istanbul Africa Trade Company\",\"url\":\"https:\/\/www.istanbulafrica.com\/\",\"logo\":{\"@type\":\"ImageObject\",\"inLanguage\":\"en-US\",\"@id\":\"https:\/\/www.istanbulafrica.com\/#\/schema\/logo\/image\/\",\"url\":\"https:\/\/www.istanbulafrica.com\/wp-content\/uploads\/2018\/11\/Logo-5_Multicolor-1-e1543258165564.png\",\"contentUrl\":\"https:\/\/www.istanbulafrica.com\/wp-content\/uploads\/2018\/11\/Logo-5_Multicolor-1-e1543258165564.png\",\"width\":300,\"height\":82,\"caption\":\"Istanbul Africa Trade Company\"},\"image\":{\"@id\":\"https:\/\/www.istanbulafrica.com\/#\/schema\/logo\/image\/\"},\"sameAs\":[\"http:\/\/www.facebook.com\/istanbulafrica\",\"https:\/\/x.com\/istanbulafrica\",\"https:\/\/www.instagram.com\/istanbulafrica\",\"https:\/\/linkedin.com\/company\/istanbulafrica\"]},{\"@type\":\"Person\",\"@id\":\"https:\/\/www.istanbulafrica.com\/#\/schema\/person\/e0f8b3b562d664e99942c2ca70031388\",\"name\":\"admin\",\"image\":{\"@type\":\"ImageObject\",\"inLanguage\":\"en-US\",\"@id\":\"https:\/\/www.istanbulafrica.com\/#\/schema\/person\/image\/\",\"url\":\"https:\/\/www.istanbulafrica.com\/wp-content\/litespeed\/avatar\/063478b0608c9232a95d704ee9061d12.jpg?ver=1758542353\",\"contentUrl\":\"https:\/\/www.istanbulafrica.com\/wp-content\/litespeed\/avatar\/063478b0608c9232a95d704ee9061d12.jpg?ver=1758542353\",\"caption\":\"admin\"}}]}<\/script>\n<!-- \/ Yoast SEO Premium plugin. -->","yoast_head_json":{"title":"T\u00fcrkiye - Afrika Ekonomi ve \u0130\u015f Forumu 2018 - T\u00fcrkiye Afrika Forum","description":"T\u00fcrkiye ECOWAS forum, T\u00fcrkiye Afrika Forum, deik forum, deik afrika T\u00fcrkiye Afrika i\u015f forumu, ECOWAS, ecowas ekonomi, ithalat, ihracat, Afrika ihracat","robots":{"index":"index","follow":"follow","max-snippet":"max-snippet:-1","max-image-preview":"max-image-preview:large","max-video-preview":"max-video-preview:-1"},"canonical":"https:\/\/www.istanbulafrica.com\/tr\/turkiye-afrika-ekonomi-ve-is-forumu-2018\/","og_locale":"en_US","og_type":"article","og_title":"T\u00fcrkiye - Afrika Ekonomi ve \u0130\u015f Forumu 2018","og_description":"T\u00fcrkiye ECOWAS forum, T\u00fcrkiye Afrika Forum, deik forum, deik afrika T\u00fcrkiye Afrika i\u015f forumu, ECOWAS, ecowas ekonomi, ithalat, ihracat, Afrika ihracat","og_url":"https:\/\/www.istanbulafrica.com\/tr\/turkiye-afrika-ekonomi-ve-is-forumu-2018\/","og_site_name":"Istanbul Africa Trade Company","article_publisher":"http:\/\/www.facebook.com\/istanbulafrica","article_published_time":"2018-12-16T20:10:12+00:00","article_modified_time":"2019-01-04T15:41:52+00:00","og_image":[{"width":1024,"height":768,"url":"https:\/\/www.istanbulafrica.com\/wp-content\/uploads\/2018\/12\/Africa-Forum-5.jpeg","type":"image\/jpeg"}],"author":"admin","twitter_card":"summary_large_image","twitter_creator":"@istanbulafrica","twitter_site":"@istanbulafrica","twitter_misc":{"Written by":false,"Est. reading time":"2 minutes"},"schema":{"@context":"https:\/\/schema.org","@graph":[{"@type":"Article","@id":"https:\/\/www.istanbulafrica.com\/tr\/turkiye-afrika-ekonomi-ve-is-forumu-2018\/#article","isPartOf":{"@id":"https:\/\/www.istanbulafrica.com\/tr\/turkiye-afrika-ekonomi-ve-is-forumu-2018\/"},"author":{"name":"admin","@id":"https:\/\/www.istanbulafrica.com\/#\/schema\/person\/e0f8b3b562d664e99942c2ca70031388"},"headline":"T\u00fcrkiye &#8211; Afrika Ekonomi ve \u0130\u015f Forumu 2018","datePublished":"2018-12-16T20:10:12+00:00","dateModified":"2019-01-04T15:41:52+00:00","mainEntityOfPage":{"@id":"https:\/\/www.istanbulafrica.com\/tr\/turkiye-afrika-ekonomi-ve-is-forumu-2018\/"},"wordCount":441,"commentCount":0,"publisher":{"@id":"https:\/\/www.istanbulafrica.com\/#organization"},"image":{"@id":"https:\/\/www.istanbulafrica.com\/tr\/turkiye-afrika-ekonomi-ve-is-forumu-2018\/#primaryimage"},"thumbnailUrl":"https:\/\/www.istanbulafrica.com\/wp-content\/uploads\/2018\/12\/Africa-Forum-5.jpeg","articleSection":["Etkinlik"],"inLanguage":"en-US","potentialAction":[{"@type":"CommentAction","name":"Comment","target":["https:\/\/www.istanbulafrica.com\/tr\/turkiye-afrika-ekonomi-ve-is-forumu-2018\/#respond"]}]},{"@type":"WebPage","@id":"https:\/\/www.istanbulafrica.com\/tr\/turkiye-afrika-ekonomi-ve-is-forumu-2018\/","url":"https:\/\/www.istanbulafrica.com\/tr\/turkiye-afrika-ekonomi-ve-is-forumu-2018\/","name":"T\u00fcrkiye - Afrika Ekonomi ve \u0130\u015f Forumu 2018 - T\u00fcrkiye Afrika Forum","isPartOf":{"@id":"https:\/\/www.istanbulafrica.com\/#website"},"primaryImageOfPage":{"@id":"https:\/\/www.istanbulafrica.com\/tr\/turkiye-afrika-ekonomi-ve-is-forumu-2018\/#primaryimage"},"image":{"@id":"https:\/\/www.istanbulafrica.com\/tr\/turkiye-afrika-ekonomi-ve-is-forumu-2018\/#primaryimage"},"thumbnailUrl":"https:\/\/www.istanbulafrica.com\/wp-content\/uploads\/2018\/12\/Africa-Forum-5.jpeg","datePublished":"2018-12-16T20:10:12+00:00","dateModified":"2019-01-04T15:41:52+00:00","description":"T\u00fcrkiye ECOWAS forum, T\u00fcrkiye Afrika Forum, deik forum, deik afrika T\u00fcrkiye Afrika i\u015f forumu, ECOWAS, ecowas ekonomi, ithalat, ihracat, Afrika ihracat","breadcrumb":{"@id":"https:\/\/www.istanbulafrica.com\/tr\/turkiye-afrika-ekonomi-ve-is-forumu-2018\/#breadcrumb"},"inLanguage":"en-US","potentialAction":[{"@type":"ReadAction","target":["https:\/\/www.istanbulafrica.com\/tr\/turkiye-afrika-ekonomi-ve-is-forumu-2018\/"]}]},{"@type":"ImageObject","inLanguage":"en-US","@id":"https:\/\/www.istanbulafrica.com\/tr\/turkiye-afrika-ekonomi-ve-is-forumu-2018\/#primaryimage","url":"https:\/\/www.istanbulafrica.com\/wp-content\/uploads\/2018\/12\/Africa-Forum-5.jpeg","contentUrl":"https:\/\/www.istanbulafrica.com\/wp-content\/uploads\/2018\/12\/Africa-Forum-5.jpeg","width":1024,"height":768,"caption":"Turkey Africa business and commerce forum meeting istanbul"},{"@type":"BreadcrumbList","@id":"https:\/\/www.istanbulafrica.com\/tr\/turkiye-afrika-ekonomi-ve-is-forumu-2018\/#breadcrumb","itemListElement":[{"@type":"ListItem","position":1,"name":"Home","item":"https:\/\/www.istanbulafrica.com\/"},{"@type":"ListItem","position":2,"name":"T\u00fcrkiye &#8211; Afrika Ekonomi ve \u0130\u015f Forumu 2018"}]},{"@type":"WebSite","@id":"https:\/\/www.istanbulafrica.com\/#website","url":"https:\/\/www.istanbulafrica.com\/","name":"Istanbul Africa Trade Company","description":"Import, Export and Investment","publisher":{"@id":"https:\/\/www.istanbulafrica.com\/#organization"},"potentialAction":[{"@type":"SearchAction","target":{"@type":"EntryPoint","urlTemplate":"https:\/\/www.istanbulafrica.com\/?s={search_term_string}"},"query-input":{"@type":"PropertyValueSpecification","valueRequired":true,"valueName":"search_term_string"}}],"inLanguage":"en-US"},{"@type":"Organization","@id":"https:\/\/www.istanbulafrica.com\/#organization","name":"Istanbul Africa Trade Company","url":"https:\/\/www.istanbulafrica.com\/","logo":{"@type":"ImageObject","inLanguage":"en-US","@id":"https:\/\/www.istanbulafrica.com\/#\/schema\/logo\/image\/","url":"https:\/\/www.istanbulafrica.com\/wp-content\/uploads\/2018\/11\/Logo-5_Multicolor-1-e1543258165564.png","contentUrl":"https:\/\/www.istanbulafrica.com\/wp-content\/uploads\/2018\/11\/Logo-5_Multicolor-1-e1543258165564.png","width":300,"height":82,"caption":"Istanbul Africa Trade Company"},"image":{"@id":"https:\/\/www.istanbulafrica.com\/#\/schema\/logo\/image\/"},"sameAs":["http:\/\/www.facebook.com\/istanbulafrica","https:\/\/x.com\/istanbulafrica","https:\/\/www.instagram.com\/istanbulafrica","https:\/\/linkedin.com\/company\/istanbulafrica"]},{"@type":"Person","@id":"https:\/\/www.istanbulafrica.com\/#\/schema\/person\/e0f8b3b562d664e99942c2ca70031388","name":"admin","image":{"@type":"ImageObject","inLanguage":"en-US","@id":"https:\/\/www.istanbulafrica.com\/#\/schema\/person\/image\/","url":"https:\/\/www.istanbulafrica.com\/wp-content\/litespeed\/avatar\/063478b0608c9232a95d704ee9061d12.jpg?ver=1758542353","contentUrl":"https:\/\/www.istanbulafrica.com\/wp-content\/litespeed\/avatar\/063478b0608c9232a95d704ee9061d12.jpg?ver=1758542353","caption":"admin"}}]}},"_links":{"self":[{"href":"https:\/\/www.istanbulafrica.com\/wp-json\/wp\/v2\/posts\/1145","targetHints":{"allow":["GET"]}}],"collection":[{"href":"https:\/\/www.istanbulafrica.com\/wp-json\/wp\/v2\/posts"}],"about":[{"href":"https:\/\/www.istanbulafrica.com\/wp-json\/wp\/v2\/types\/post"}],"author":[{"embeddable":true,"href":"https:\/\/www.istanbulafrica.com\/wp-json\/wp\/v2\/users\/1"}],"replies":[{"embeddable":true,"href":"https:\/\/www.istanbulafrica.com\/wp-json\/wp\/v2\/comments?post=1145"}],"version-history":[{"count":5,"href":"https:\/\/www.istanbulafrica.com\/wp-json\/wp\/v2\/posts\/1145\/revisions"}],"predecessor-version":[{"id":1439,"href":"https:\/\/www.istanbulafrica.com\/wp-json\/wp\/v2\/posts\/1145\/revisions\/1439"}],"wp:featuredmedia":[{"embeddable":true,"href":"https:\/\/www.istanbulafrica.com\/wp-json\/wp\/v2\/media\/1106"}],"wp:attachment":[{"href":"https:\/\/www.istanbulafrica.com\/wp-json\/wp\/v2\/media?parent=1145"}],"wp:term":[{"taxonomy":"category","embeddable":true,"href":"https:\/\/www.istanbulafrica.com\/wp-json\/wp\/v2\/categories?post=1145"},{"taxonomy":"post_tag","embeddable":true,"href":"https:\/\/www.istanbulafrica.com\/wp-json\/wp\/v2\/tags?post=1145"}],"curies":[{"name":"wp","href":"https:\/\/api.w.org\/{rel}","templated":true}]}}