{"id":1161,"date":"2018-12-16T20:33:29","date_gmt":"2018-12-16T20:33:29","guid":{"rendered":"https:\/\/www.istanbulafrica.com\/?p=1161"},"modified":"2019-02-07T19:12:19","modified_gmt":"2019-02-07T19:12:19","slug":"turquie-afrique-forum-economique-et-commercial-2018","status":"publish","type":"post","link":"https:\/\/www.istanbulafrica.com\/fr\/turquie-afrique-forum-economique-et-commercial-2018\/","title":{"rendered":"Turquie &#8211; Afrique Forum Economique et Commercial 2018"},"content":{"rendered":"\t\t<div data-elementor-type=\"wp-post\" data-elementor-id=\"1161\" class=\"elementor elementor-1161 elementor-bc-flex-widget\">\n\t\t\t\t\t\t<section class=\"elementor-section elementor-top-section elementor-element elementor-element-0b09091 elementor-section-boxed elementor-section-height-default elementor-section-height-default\" data-id=\"0b09091\" data-element_type=\"section\">\n\t\t\t\t\t\t<div class=\"elementor-container elementor-column-gap-default\">\n\t\t\t\t\t<div class=\"elementor-column elementor-col-100 elementor-top-column elementor-element elementor-element-704d2d1\" data-id=\"704d2d1\" data-element_type=\"column\">\n\t\t\t<div class=\"elementor-widget-wrap elementor-element-populated\">\n\t\t\t\t\t\t<div class=\"elementor-element elementor-element-091c24b elementor-widget elementor-widget-text-editor\" data-id=\"091c24b\" data-element_type=\"widget\" data-widget_type=\"text-editor.default\">\n\t\t\t\t<div class=\"elementor-widget-container\">\n\t\t\t\t\t\t\t\t\t<p style=\"text-align: right;\">15 Octobre 2018\u00a0<\/p><p style=\"text-align: left;\"><strong>Istanbul Afrique Soci\u00e9t\u00e9 de Commerce<\/strong><\/p><p>Istanbul Afrique Soci\u00e9t\u00e9 de Commerce a particip\u00e9 au Forum \u00e9conomique et commercial africain. Nous avons discut\u00e9 d&#8217;opportunit\u00e9s commerciales \u00e0 long terme en contactant des exportateurs Turcs et des investisseurs Africains. De plus, nous avons promu les entreprises avec lesquelles nous travaillons.<\/p><p><strong>Un Aper\u00e7u<\/strong><\/p><p>La Turquie entretient depuis longtemps des relations historiques et culturelles avec le continent africain. Le boom \u00e9conomique de la Turquie depuis une d\u00e9cennie s\u2019est accompagn\u00e9 d\u2019un regain d\u2019int\u00e9r\u00eat pour l\u2019Afrique et le volume des \u00e9changes commerciaux avec le continent a quadrupl\u00e9 pour atteindre 18,9 milliards USD en 2017 en 15 ans depuis que la strat\u00e9gie turque sur le d\u00e9veloppement des relations \u00e9conomiques avec les pays africains a \u00e9t\u00e9 pr\u00e9par\u00e9 en 2003.<\/p><p>L\u2019approche \u00abgagnant-gagnant\u00bb de la Turquie vis-\u00e0-vis de l\u2019Afrique a abouti \u00e0 cette relation naissante entre les parties. Cette politique met l&#8217;accent sur l&#8217;\u00e9galit\u00e9 politique et le d\u00e9veloppement \u00e9conomique mutuel plut\u00f4t que de cr\u00e9er des nouvelles relations de d\u00e9pendance, de tutelle et d&#8217;exploitation.<\/p><p>Conform\u00e9ment \u00e0 la politique d\u2019ouverture de la Turquie \u00e0 l\u2019Afrique, les Conseils d\u2019Affaires DE\u0130K \/ Turquie-Afrique visent \u00e0 am\u00e9liorer les relations commerciales et d\u2019investissement de la Turquie avec les pays africains et le continent dans son ensemble; ainsi que d&#8217;accro\u00eetre la part des entreprises turques dans la g\u00e9ographie africaine en fournissant des plateformes de r\u00e9seautage pour rassembler les dirigeants politiques, les d\u00e9cideurs, les chefs d&#8217;institutions financi\u00e8res, dirigeants d&#8217;entreprises et les investisseurs en Afrique et en Turquie pour de nouveaux partenariats commerciaux, joint-ventures et investissements.<\/p><p>Dans ce contexte, le premier Forum \u00e9conomique et commercial Turquie-Afrique s&#8217;est tenu sous les auspices du Pr\u00e9sident de la R\u00e9publique de Turquie, S.E. Recep Tayyip Erdogan et le Pr\u00e9sident de l&#8217;Union africaine, H.E. Idriss Deby Itno, Pr\u00e9sident de la R\u00e9publique du Tchad, les 2 et 3 novembre 2016 \u00e0 Istanbul.<\/p><p>Le Forum, qui s\u2019est tenu sous le slogan \u00abUnissons-nous, D\u00e9couvrons, Cr\u00e9ons\u00bb, a r\u00e9uni 50 hauts fonctionnaires et 3 000 entrepreneurs de Turquie et de 49 pays africains.<\/p><p>Cette ann\u00e9e, le deuxi\u00e8me Forum \u00e9conomique et commercial Turquie-Afrique sera organis\u00e9 conjointement par le Minist\u00e8re Turc du Commerce, la CUA et DE\u0130K sous le slogan \u00abConstruire ensemble un avenir durable au travers d&#8217;investissements et de joint-ventures\u00bb les 10 et 11 Octobre 2018 \u00e0 Istanbul.<\/p><p>Le Forum vise principalement \u00e0 promouvoir les investissements turcs et africains en analysant les relations commerciales et \u00e9conomiques entre l&#8217;Afrique et la Turquie; \u00e9valuer l\u2019approche de la Turquie en mati\u00e8re d\u2019investissement en Afrique; faciliter l&#8217;interaction entre les deux communaut\u00e9s d&#8217;affaires et entamer un dialogue entre les investisseurs turcs, de l&#8217;UA et des CER. Il vise \u00e9galement \u00e0 mettre en lumi\u00e8re les attentes suscit\u00e9es par l\u2019Agenda 2063 en tant que programme de transformation sociale, \u00e9conomique et politique qui fera de l\u2019Afrique un continent prosp\u00e8re, uni et \u00e9conomiquement ind\u00e9pendant.<\/p><p>Le premier \u00e9v\u00e9nement se d\u00e9roulera en compagnie des ministres de l&#8217;\u00e9conomie, du commerce et des finances des pays africains, les dirigeants et pr\u00e9sidents des chambres de commerce, les ONG, les associations et organisations professionnelles, les commissaires de la CUA et les secr\u00e9taires g\u00e9n\u00e9raux des communaut\u00e9s \u00e9conomiques r\u00e9gionales africaines, des repr\u00e9sentants de la Banque Africaine de D\u00e9veloppement (BAD) et d&#8217;autres institutions financi\u00e8res, des missions diplomatiques, des membres de la presse, des entrepreneurs et des investisseurs de Turquie et du continent.<\/p><p>Cet \u00e9v\u00e8nement de deux jours sera enrichi par les remarques liminaires du pr\u00e9sident de l&#8217;Union africaine et Pr\u00e9sident de la R\u00e9publique du Rwanda, S.E. Paul Kagame et du Pr\u00e9sident de la R\u00e9publique de Turquie, S.E. Recep Tayyip Erdogan, suivies d\u2019une remise des prix et une r\u00e9ception de bienvenue avec d\u00e9fil\u00e9 de mode. Il y aura ensuite des r\u00e9unions G2B o\u00f9 les ministres invit\u00e9s parleront de l&#8217;environnement d&#8217;investissement actuel et des opportunit\u00e9s dans leurs pays; des sessions de discussion o\u00f9 les entreprises turques ayant fait d&#8217;importants investissements en Afrique partageront leurs exp\u00e9riences ainsi que leurs principaux projets d&#8217;investissement, en particulier dans les infrastructures, les secteurs des transports et de l\u2019\u00e9nergie. Les instruments de financement seront examin\u00e9s par des experts. En outre, des r\u00e9unions inter-entreprises et des s\u00e9ances de r\u00e9seautage avec les CEO auront lieu simultan\u00e9ment.<\/p><p><strong>Les Sessions th\u00e9matiques<\/strong><\/p><p>La coop\u00e9ration \u00e0 long terme de la Turquie avec l\u2019Afrique sur une base mutuellement avantageuse et la r\u00e9alisation d\u2019une vision africaine reposant sur la devise \u00ables questions africaines ont besoin de solutions africaines\u00bb formeraient une coop\u00e9ration fructueuse en combinant le savoir-faire turc et les ressources africaines afin de d\u00e9velopper des produits \u00e0 valeur ajout\u00e9 et les exporter vers des pays tiers. \u00c0 cet \u00e9gard, les secteurs du textile et du tourisme pourraient \u00eatre des secteurs cibles pr\u00e9sentant un grand potentiel de coop\u00e9ration.<\/p><p>Au cours des deux derni\u00e8res d\u00e9cennies, les industries turques du textile et de l\u2019habillement ont jou\u00e9 un r\u00f4le important sur les march\u00e9s mondiaux. En Turquie, le secteur de l&#8217;habillement est le deuxi\u00e8me secteur apr\u00e8s celui de l&#8217;automobile, avec une part de 12,4% (17 milliards de dollars d&#8217;exportations en 2017). L&#8217;industrie du v\u00eatement et du textile est largement bas\u00e9e sur le coton et la production int\u00e9rieure ne r\u00e9pond pas pleinement \u00e0 la demande, ce qui fait de la Turquie le troisi\u00e8me plus grand importateur de coton au monde. Pendant ce temps, environ 8% du coton commercialis\u00e9 sur le march\u00e9 mondial est r\u00e9colt\u00e9 en Afrique subsaharienne, une r\u00e9gion qui a beaucoup plus de capacit\u00e9 de plantation avec un avantage concurrentiel en raison de l\u2019acc\u00e8s en franchise des exportations au grand march\u00e9 am\u00e9ricain. \u00c0 cet \u00e9gard, la Turquie peut fournir la technologie et la formation professionnelle pour augmenter cette part et obtenir des avantages mutuels. Dans le cadre du programme du Forum, des orateurs discuteront de la question de \u00abLa position de l&#8217;Afrique dans l&#8217;\u00e9volution du commerce international des textiles et la collaboration potentielle de la Turquie\u00bb afin de promouvoir les investissements et les joint-ventures dans le secteur textile.<\/p><p>En 2016, la Turquie \u00e9tait la dixi\u00e8me destination touristique la plus populaire au monde selon UNWTO. Le nombre de voyageurs \u00e9trangers arrivant en Turquie en 2017 \u00e9tait de 38,6 millions. 165 cha\u00eenes et groupes h\u00f4teliers ont actuellement 824 h\u00f4tels en Turquie et 82% de ces h\u00f4tels appartiennent \u00e0 des propri\u00e9taires nationaux. Il existe \u00e9galement plusieurs cha\u00eenes h\u00f4teli\u00e8res turques dot\u00e9es de normes mondiales de tourisme durable. D\u2019autre part, l&#8217;offre h\u00f4teli\u00e8re en Afrique reste g\u00e9n\u00e9rique et il manque des logements de qualit\u00e9. Le nombre d\u2019arriv\u00e9es en Afrique devrait passer de 100 millions \u00e0 150 millions d\u2019ici 2027. En outre, 42% de la population africaine, qui compte un milliard de personnes, vit aujourd\u2019hui dans des villes et le pouvoir d\u2019achat des consommateurs et des entreprises ne cesse d\u2019augmenter. Dans ce contexte, les investisseurs h\u00f4teliers turcs peuvent r\u00e9pondre \u00e0 ce besoin \u00e9lev\u00e9 d\u2019h\u00e9bergement et proposer des services de gestion h\u00f4teli\u00e8re ainsi que des formations professionnelles. En outre, les entreprises turques pourraient \u00e9galement offrir des services d\u2019ing\u00e9nierie et de construction pour les infrastructures touristiques en Afrique. Dans le cadre du programme du Forum, les orateurs principaux des secteurs concern\u00e9s discuteront des th\u00e8mes suivants: \u2018\u2019Quels seront les \u00e9l\u00e9ments qui fa\u00e7onneront l\u2019avenir du tourisme en Afrique au cours des dix prochaines ann\u00e9es : Infrastructure, Investissement et Technologie \u2018\u2019<\/p><p>En 2017, la Turquie \u00e9t\u00e9 class\u00e9e deuxi\u00e8me par rapport au nombre de soci\u00e9t\u00e9s contractantes qui ont r\u00e9alis\u00e9 le plus grand volume de projets dans le monde en dehors de leur pays d&#8217;origine, et ce pour la 10i\u00e8me ann\u00e9e cons\u00e9cutive, selon la derni\u00e8re liste des 250 plus grands entrepreneurs du magazine<\/p><p>Engineering News Record (ENR). Des entrepreneurs turcs exp\u00e9riment\u00e9s dans les projets de PPP figurent \u00e9galement parmi les principaux entrepreneurs en Afrique. Les pays africains tiennent environ 21% de part dans le volume global des affaires internationales des entrepreneurs turcs (la part de l&#8217;Afrique du Nord est de 19%). Les entrepreneurs turcs ont jusqu&#8217;\u00e0 pr\u00e9sent entrepris plus de 1.150 projets d&#8217;une valeur de 55 milliards USD sur le continent. En attendant, l&#8217;urbanisation rapide en Afrique cr\u00e9e un besoin urgent de logements, d&#8217;infrastructures et d&#8217;\u00e9lectricit\u00e9. En 2017, le plus grand nombre de projets \u00e9valu\u00e9s \u00e0 50 millions USD ou plus (303 projets repr\u00e9sentant 307 milliards USD) en Afrique relevaient du secteur des transports (36%), suivi de l\u2019immobilier (22,4%), de l&#8217;\u00e9nergie (19,1%) et Shipping &amp; Ports (7,9%). Par ailleurs, la plupart de ces projets connaissent des d\u00e9passements de co\u00fbts. \u00c0 cet \u00e9gard, les entrepreneurs turcs et les soci\u00e9t\u00e9s d\u2019\u00e9nergie d\u00e9livrent leurs projets dans les d\u00e9lais et budgets impartis et proposent des solutions ax\u00e9es sur la connaissance pour des projets de construction complexes. Dans le cadre du programme du Forum, le th\u00e8me \u2018\u2019Collaboration entre la Turquie et l\u2019Afrique sur la construction, l\u2019infrastructure et l\u2019\u00e9nergie\u2019\u2019 sera examin\u00e9 par les dirigeants et les repr\u00e9sentants d\u2019institutions pour promouvoir les opportunit\u00e9s et les grands projets de PPP avec des instruments financiers.<\/p><p>En outre, l&#8217;une des sessions se concentrera sur \u2018\u2019Le financement du commerce et de l&#8217;investissement en Afrique\u2019\u2019 et rassemblera des repr\u00e9sentants de la Banque africaine de D\u00e9veloppement, Afreximbank, ITFC, FCI et la banque turque Eximbank afin de promouvoir leurs services et solutions de financement.<\/p><p>Le deuxi\u00e8me jour du Forum, la r\u00e9union minist\u00e9rielle se tiendra sous le th\u00e8me \u2018\u2019Commerce \u00e9quitable, libre et durable : Les risques du protectionnisme pour l&#8217;Afrique\u2019\u2019 avec la participation des ministres invit\u00e9s des pays africains. Le communiqu\u00e9 conjoint de cette r\u00e9union sera annonc\u00e9 aux m\u00e9dias. Il y aura \u00e9galement une c\u00e9r\u00e9monie de chant pour c\u00e9l\u00e9brer des accords de coop\u00e9ration avec la Turquie et d&#8217;autres pays participants.<\/p><p><strong>Objectifs<\/strong><\/p><ul><li>Sensibiliser les milieux d&#8217;affaires turcs et africains \u00e0 l&#8217;Afrique et \u00e0 la Turquie<\/li><li>Analyser la situation actuelle des relations commerciales et \u00e9conomiques entre la Turquie et l\u2019Afrique<\/li><li>Rechercher les opportunit\u00e9s de coop\u00e9ration entre la Turquie et l\u2019Afrique et discuter des d\u00e9fis<\/li><li>Encourager les entrepreneurs turcs et africains du secteur priv\u00e9 \u00e0 cr\u00e9er des opportunit\u00e9s d&#8217;investissement et des joint-ventures des deux c\u00f4t\u00e9s<\/li><li>Evaluer de nouvelles approches pour les investissements turcs en Afrique.<\/li><li>Accro\u00eetre l\u2019interaction entre les milieux d\u2019affaires de la Turquie et d\u2019Afrique.<\/li><li>Lancer une plate-forme de dialogue avec les Communaut\u00e9s \u00e9conomiques r\u00e9gionales africaines.<\/li><\/ul><p><strong>Participants venant de la Turquie et de l&#8217;Afrique:<\/strong><\/p><ul><li>Pr\u00e9sident de la R\u00e9publique de Turquie S.E. Recep Tayyip Erdo\u011fan<\/li><li>Pr\u00e9sident de l\u2019Union africaine et Pr\u00e9sident de la R\u00e9publique du Rwanda Paul Kagame et Pr\u00e9sidents des pays Africains<\/li><li>Le ministre turc de commerce H.E. Ruhsar Pekcan et les ministres des pays Africains (commerce, investissement, \u00e9conomie et finances) et les agents de la fonction publique.<\/li><li>Union Africaine, Banque Africaine de D\u00e9veloppement, Afreximbank et Communaut\u00e9s Economiques R\u00e9gionales en Afrique<\/li><li>Des banques et institutions financi\u00e8res<\/li><li>Des organisations non gouvernementales (ONG)<\/li><li>Des chambres de commerce et d&#8217;industrie<\/li><li>Des conseils d\u2019entreprise, associations et organisations professionnelles<\/li><li>Des dirigeants d&#8217;entreprises et des entrepreneurs<\/li><li>Des repr\u00e9sentants du secteur, des investisseurs et producteurs<\/li><li>Des membres de la diaspora turque et africaine<\/li><li>Des membres des missions diplomatiques africaines en Turquie<\/li><li>Des membres des m\u00e9dias<\/li><\/ul>\t\t\t\t\t\t\t\t<\/div>\n\t\t\t\t<\/div>\n\t\t\t\t\t<\/div>\n\t\t<\/div>\n\t\t\t\t\t<\/div>\n\t\t<\/section>\n\t\t\t\t<section class=\"elementor-section elementor-top-section elementor-element elementor-element-fdc13db elementor-section-boxed elementor-section-height-default elementor-section-height-default\" data-id=\"fdc13db\" data-element_type=\"section\">\n\t\t\t\t\t\t<div class=\"elementor-container elementor-column-gap-default\">\n\t\t\t\t\t<div class=\"elementor-column elementor-col-100 elementor-top-column elementor-element elementor-element-b786c7a\" data-id=\"b786c7a\" data-element_type=\"column\">\n\t\t\t<div class=\"elementor-widget-wrap elementor-element-populated\">\n\t\t\t\t\t\t<div class=\"elementor-element elementor-element-6f8d0ca elementor-arrows-position-inside elementor-pagination-position-outside elementor-widget elementor-widget-image-carousel\" data-id=\"6f8d0ca\" data-element_type=\"widget\" data-settings=\"{&quot;slides_to_show&quot;:&quot;1&quot;,&quot;navigation&quot;:&quot;both&quot;,&quot;autoplay&quot;:&quot;yes&quot;,&quot;pause_on_hover&quot;:&quot;yes&quot;,&quot;pause_on_interaction&quot;:&quot;yes&quot;,&quot;autoplay_speed&quot;:5000,&quot;infinite&quot;:&quot;yes&quot;,&quot;effect&quot;:&quot;slide&quot;,&quot;speed&quot;:500}\" data-widget_type=\"image-carousel.default\">\n\t\t\t\t<div class=\"elementor-widget-container\">\n\t\t\t\t\t\t\t<div class=\"elementor-image-carousel-wrapper swiper\" role=\"region\" aria-roledescription=\"carousel\" aria-label=\"Carrousel d\u2019images\" dir=\"ltr\">\n\t\t\t<div class=\"elementor-image-carousel swiper-wrapper\" aria-live=\"off\">\n\t\t\t\t\t\t\t\t<div class=\"swiper-slide\" role=\"group\" aria-roledescription=\"slide\" aria-label=\"1 sur 5\"><figure class=\"swiper-slide-inner\"><img decoding=\"async\" class=\"swiper-slide-image\" src=\"https:\/\/www.istanbulafrica.com\/wp-content\/uploads\/2018\/12\/Africa-Forum-2-768x1024.jpeg\" alt=\"Ecowas Turkey business forum and meeting ambassador of libya\" \/><\/figure><\/div><div class=\"swiper-slide\" role=\"group\" aria-roledescription=\"slide\" aria-label=\"2 sur 5\"><figure class=\"swiper-slide-inner\"><img decoding=\"async\" class=\"swiper-slide-image\" src=\"https:\/\/www.istanbulafrica.com\/wp-content\/uploads\/2018\/12\/Africa-Forum-3-768x1024.jpeg\" alt=\"Ecowas Turkey business forum and meeting b2b\" \/><\/figure><\/div><div class=\"swiper-slide\" role=\"group\" aria-roledescription=\"slide\" aria-label=\"3 sur 5\"><figure class=\"swiper-slide-inner\"><img decoding=\"async\" class=\"swiper-slide-image\" src=\"https:\/\/www.istanbulafrica.com\/wp-content\/uploads\/2018\/12\/Africa-Forum-5-768x576.jpeg\" alt=\"Turkey Africa business and commerce forum meeting istanbul\" \/><\/figure><\/div><div class=\"swiper-slide\" role=\"group\" aria-roledescription=\"slide\" aria-label=\"4 sur 5\"><figure class=\"swiper-slide-inner\"><img decoding=\"async\" class=\"swiper-slide-image\" src=\"https:\/\/www.istanbulafrica.com\/wp-content\/uploads\/2018\/12\/Africa-Forum-4-768x1024.jpeg\" alt=\"Ecowas Turkey business forum and meeting deik t\u00fcrkiye afrika africa\" \/><\/figure><\/div><div class=\"swiper-slide\" role=\"group\" aria-roledescription=\"slide\" aria-label=\"5 sur 5\"><figure class=\"swiper-slide-inner\"><img decoding=\"async\" class=\"swiper-slide-image\" src=\"https:\/\/www.istanbulafrica.com\/wp-content\/uploads\/2018\/12\/Africa-Forum-1-768x576.jpeg\" alt=\"Ecowas Turkey business forum and meeting reunion b2b\" \/><\/figure><\/div>\t\t\t<\/div>\n\t\t\t\t\t\t\t\t\t\t\t\t<div class=\"elementor-swiper-button elementor-swiper-button-prev\" role=\"button\" tabindex=\"0\">\n\t\t\t\t\t\t<i aria-hidden=\"true\" class=\"eicon-chevron-left\"><\/i>\t\t\t\t\t<\/div>\n\t\t\t\t\t<div class=\"elementor-swiper-button elementor-swiper-button-next\" role=\"button\" tabindex=\"0\">\n\t\t\t\t\t\t<i aria-hidden=\"true\" class=\"eicon-chevron-right\"><\/i>\t\t\t\t\t<\/div>\n\t\t\t\t\n\t\t\t\t\t\t\t\t\t<div class=\"swiper-pagination\"><\/div>\n\t\t\t\t\t\t\t\t\t<\/div>\n\t\t\t\t\t\t<\/div>\n\t\t\t\t<\/div>\n\t\t\t\t\t<\/div>\n\t\t<\/div>\n\t\t\t\t\t<\/div>\n\t\t<\/section>\n\t\t\t\t<\/div>\n\t\t","protected":false},"excerpt":{"rendered":"<p>15 Octobre 2018\u00a0 Istanbul Afrique Soci\u00e9t\u00e9 de Commerce Istanbul Afrique Soci\u00e9t\u00e9 de Commerce a particip\u00e9 au Forum \u00e9conomique et commercial [&hellip;]<\/p>\n","protected":false},"author":1,"featured_media":1106,"comment_status":"open","ping_status":"open","sticky":false,"template":"","format":"standard","meta":{"_monsterinsights_skip_tracking":false,"_monsterinsights_sitenote_active":false,"_monsterinsights_sitenote_note":"","_monsterinsights_sitenote_category":0,"footnotes":""},"categories":[35],"tags":[],"class_list":["post-1161","post","type-post","status-publish","format-standard","has-post-thumbnail","hentry","category-evenement"],"yoast_head":"<!-- This site is optimized with the Yoast SEO Premium plugin v25.7.1 (Yoast SEO v25.8) - https:\/\/yoast.com\/wordpress\/plugins\/seo\/ -->\n<title>Turquie - Afrique Forum Economique 2018 - Turquie Afrique Forum<\/title>\n<meta name=\"description\" content=\"Turquie Afrique Forum, CEDEAO forum Ecowas forum en Turquie, Forum Afrique en Turquie, Ecowas, importation, exportation, Afrique export, Importation\" \/>\n<meta name=\"robots\" content=\"index, follow, max-snippet:-1, max-image-preview:large, max-video-preview:-1\" \/>\n<link rel=\"canonical\" href=\"https:\/\/www.istanbulafrica.com\/fr\/turquie-afrique-forum-economique-et-commercial-2018\/\" \/>\n<meta property=\"og:locale\" content=\"en_US\" \/>\n<meta property=\"og:type\" content=\"article\" \/>\n<meta property=\"og:title\" content=\"Turquie - Afrique Forum Economique et Commercial 2018\" \/>\n<meta property=\"og:description\" content=\"Turquie Afrique Forum, CEDEAO forum Ecowas forum en Turquie, Forum Afrique en Turquie, Ecowas, importation, exportation, Afrique export, Importation\" \/>\n<meta property=\"og:url\" content=\"https:\/\/www.istanbulafrica.com\/fr\/turquie-afrique-forum-economique-et-commercial-2018\/\" \/>\n<meta property=\"og:site_name\" content=\"Istanbul Africa Trade Company\" \/>\n<meta property=\"article:publisher\" content=\"http:\/\/www.facebook.com\/istanbulafrica\" \/>\n<meta property=\"article:published_time\" content=\"2018-12-16T20:33:29+00:00\" \/>\n<meta property=\"article:modified_time\" content=\"2019-02-07T19:12:19+00:00\" \/>\n<meta property=\"og:image\" content=\"https:\/\/www.istanbulafrica.com\/wp-content\/uploads\/2018\/12\/Africa-Forum-5.jpeg\" \/>\n\t<meta property=\"og:image:width\" content=\"1024\" \/>\n\t<meta property=\"og:image:height\" content=\"768\" \/>\n\t<meta property=\"og:image:type\" content=\"image\/jpeg\" \/>\n<meta name=\"author\" content=\"admin\" \/>\n<meta name=\"twitter:card\" content=\"summary_large_image\" \/>\n<meta name=\"twitter:creator\" content=\"@istanbulafrica\" \/>\n<meta name=\"twitter:site\" content=\"@istanbulafrica\" \/>\n<meta name=\"twitter:label1\" content=\"Written by\" \/>\n\t<meta name=\"twitter:data1\" content=\"\" \/>\n\t<meta name=\"twitter:label2\" content=\"Est. reading time\" \/>\n\t<meta name=\"twitter:data2\" content=\"10 minutes\" \/>\n<script type=\"application\/ld+json\" class=\"yoast-schema-graph\">{\"@context\":\"https:\/\/schema.org\",\"@graph\":[{\"@type\":\"Article\",\"@id\":\"https:\/\/www.istanbulafrica.com\/fr\/turquie-afrique-forum-economique-et-commercial-2018\/#article\",\"isPartOf\":{\"@id\":\"https:\/\/www.istanbulafrica.com\/fr\/turquie-afrique-forum-economique-et-commercial-2018\/\"},\"author\":{\"name\":\"admin\",\"@id\":\"https:\/\/www.istanbulafrica.com\/#\/schema\/person\/e0f8b3b562d664e99942c2ca70031388\"},\"headline\":\"Turquie &#8211; Afrique Forum Economique et Commercial 2018\",\"datePublished\":\"2018-12-16T20:33:29+00:00\",\"dateModified\":\"2019-02-07T19:12:19+00:00\",\"mainEntityOfPage\":{\"@id\":\"https:\/\/www.istanbulafrica.com\/fr\/turquie-afrique-forum-economique-et-commercial-2018\/\"},\"wordCount\":1969,\"commentCount\":0,\"publisher\":{\"@id\":\"https:\/\/www.istanbulafrica.com\/#organization\"},\"image\":{\"@id\":\"https:\/\/www.istanbulafrica.com\/fr\/turquie-afrique-forum-economique-et-commercial-2018\/#primaryimage\"},\"thumbnailUrl\":\"https:\/\/www.istanbulafrica.com\/wp-content\/uploads\/2018\/12\/Africa-Forum-5.jpeg\",\"articleSection\":[\"\u00e9v\u00e9nement\"],\"inLanguage\":\"en-US\",\"potentialAction\":[{\"@type\":\"CommentAction\",\"name\":\"Comment\",\"target\":[\"https:\/\/www.istanbulafrica.com\/fr\/turquie-afrique-forum-economique-et-commercial-2018\/#respond\"]}]},{\"@type\":\"WebPage\",\"@id\":\"https:\/\/www.istanbulafrica.com\/fr\/turquie-afrique-forum-economique-et-commercial-2018\/\",\"url\":\"https:\/\/www.istanbulafrica.com\/fr\/turquie-afrique-forum-economique-et-commercial-2018\/\",\"name\":\"Turquie - Afrique Forum Economique 2018 - Turquie Afrique Forum\",\"isPartOf\":{\"@id\":\"https:\/\/www.istanbulafrica.com\/#website\"},\"primaryImageOfPage\":{\"@id\":\"https:\/\/www.istanbulafrica.com\/fr\/turquie-afrique-forum-economique-et-commercial-2018\/#primaryimage\"},\"image\":{\"@id\":\"https:\/\/www.istanbulafrica.com\/fr\/turquie-afrique-forum-economique-et-commercial-2018\/#primaryimage\"},\"thumbnailUrl\":\"https:\/\/www.istanbulafrica.com\/wp-content\/uploads\/2018\/12\/Africa-Forum-5.jpeg\",\"datePublished\":\"2018-12-16T20:33:29+00:00\",\"dateModified\":\"2019-02-07T19:12:19+00:00\",\"description\":\"Turquie Afrique Forum, CEDEAO forum Ecowas forum en Turquie, Forum Afrique en Turquie, Ecowas, importation, exportation, Afrique export, Importation\",\"breadcrumb\":{\"@id\":\"https:\/\/www.istanbulafrica.com\/fr\/turquie-afrique-forum-economique-et-commercial-2018\/#breadcrumb\"},\"inLanguage\":\"en-US\",\"potentialAction\":[{\"@type\":\"ReadAction\",\"target\":[\"https:\/\/www.istanbulafrica.com\/fr\/turquie-afrique-forum-economique-et-commercial-2018\/\"]}]},{\"@type\":\"ImageObject\",\"inLanguage\":\"en-US\",\"@id\":\"https:\/\/www.istanbulafrica.com\/fr\/turquie-afrique-forum-economique-et-commercial-2018\/#primaryimage\",\"url\":\"https:\/\/www.istanbulafrica.com\/wp-content\/uploads\/2018\/12\/Africa-Forum-5.jpeg\",\"contentUrl\":\"https:\/\/www.istanbulafrica.com\/wp-content\/uploads\/2018\/12\/Africa-Forum-5.jpeg\",\"width\":1024,\"height\":768,\"caption\":\"Turkey Africa business and commerce forum meeting istanbul\"},{\"@type\":\"BreadcrumbList\",\"@id\":\"https:\/\/www.istanbulafrica.com\/fr\/turquie-afrique-forum-economique-et-commercial-2018\/#breadcrumb\",\"itemListElement\":[{\"@type\":\"ListItem\",\"position\":1,\"name\":\"Home\",\"item\":\"https:\/\/www.istanbulafrica.com\/\"},{\"@type\":\"ListItem\",\"position\":2,\"name\":\"Turquie &#8211; Afrique Forum Economique et Commercial 2018\"}]},{\"@type\":\"WebSite\",\"@id\":\"https:\/\/www.istanbulafrica.com\/#website\",\"url\":\"https:\/\/www.istanbulafrica.com\/\",\"name\":\"Istanbul Africa Trade Company\",\"description\":\"Import, Export and Investment\",\"publisher\":{\"@id\":\"https:\/\/www.istanbulafrica.com\/#organization\"},\"potentialAction\":[{\"@type\":\"SearchAction\",\"target\":{\"@type\":\"EntryPoint\",\"urlTemplate\":\"https:\/\/www.istanbulafrica.com\/?s={search_term_string}\"},\"query-input\":{\"@type\":\"PropertyValueSpecification\",\"valueRequired\":true,\"valueName\":\"search_term_string\"}}],\"inLanguage\":\"en-US\"},{\"@type\":\"Organization\",\"@id\":\"https:\/\/www.istanbulafrica.com\/#organization\",\"name\":\"Istanbul Africa Trade Company\",\"url\":\"https:\/\/www.istanbulafrica.com\/\",\"logo\":{\"@type\":\"ImageObject\",\"inLanguage\":\"en-US\",\"@id\":\"https:\/\/www.istanbulafrica.com\/#\/schema\/logo\/image\/\",\"url\":\"https:\/\/www.istanbulafrica.com\/wp-content\/uploads\/2018\/11\/Logo-5_Multicolor-1-e1543258165564.png\",\"contentUrl\":\"https:\/\/www.istanbulafrica.com\/wp-content\/uploads\/2018\/11\/Logo-5_Multicolor-1-e1543258165564.png\",\"width\":300,\"height\":82,\"caption\":\"Istanbul Africa Trade Company\"},\"image\":{\"@id\":\"https:\/\/www.istanbulafrica.com\/#\/schema\/logo\/image\/\"},\"sameAs\":[\"http:\/\/www.facebook.com\/istanbulafrica\",\"https:\/\/x.com\/istanbulafrica\",\"https:\/\/www.instagram.com\/istanbulafrica\",\"https:\/\/linkedin.com\/company\/istanbulafrica\"]},{\"@type\":\"Person\",\"@id\":\"https:\/\/www.istanbulafrica.com\/#\/schema\/person\/e0f8b3b562d664e99942c2ca70031388\",\"name\":\"admin\",\"image\":{\"@type\":\"ImageObject\",\"inLanguage\":\"en-US\",\"@id\":\"https:\/\/www.istanbulafrica.com\/#\/schema\/person\/image\/\",\"url\":\"https:\/\/www.istanbulafrica.com\/wp-content\/litespeed\/avatar\/063478b0608c9232a95d704ee9061d12.jpg?ver=1758542353\",\"contentUrl\":\"https:\/\/www.istanbulafrica.com\/wp-content\/litespeed\/avatar\/063478b0608c9232a95d704ee9061d12.jpg?ver=1758542353\",\"caption\":\"admin\"}}]}<\/script>\n<!-- \/ Yoast SEO Premium plugin. -->","yoast_head_json":{"title":"Turquie - Afrique Forum Economique 2018 - Turquie Afrique Forum","description":"Turquie Afrique Forum, CEDEAO forum Ecowas forum en Turquie, Forum Afrique en Turquie, Ecowas, importation, exportation, Afrique export, Importation","robots":{"index":"index","follow":"follow","max-snippet":"max-snippet:-1","max-image-preview":"max-image-preview:large","max-video-preview":"max-video-preview:-1"},"canonical":"https:\/\/www.istanbulafrica.com\/fr\/turquie-afrique-forum-economique-et-commercial-2018\/","og_locale":"en_US","og_type":"article","og_title":"Turquie - Afrique Forum Economique et Commercial 2018","og_description":"Turquie Afrique Forum, CEDEAO forum Ecowas forum en Turquie, Forum Afrique en Turquie, Ecowas, importation, exportation, Afrique export, Importation","og_url":"https:\/\/www.istanbulafrica.com\/fr\/turquie-afrique-forum-economique-et-commercial-2018\/","og_site_name":"Istanbul Africa Trade Company","article_publisher":"http:\/\/www.facebook.com\/istanbulafrica","article_published_time":"2018-12-16T20:33:29+00:00","article_modified_time":"2019-02-07T19:12:19+00:00","og_image":[{"width":1024,"height":768,"url":"https:\/\/www.istanbulafrica.com\/wp-content\/uploads\/2018\/12\/Africa-Forum-5.jpeg","type":"image\/jpeg"}],"author":"admin","twitter_card":"summary_large_image","twitter_creator":"@istanbulafrica","twitter_site":"@istanbulafrica","twitter_misc":{"Written by":false,"Est. reading time":"10 minutes"},"schema":{"@context":"https:\/\/schema.org","@graph":[{"@type":"Article","@id":"https:\/\/www.istanbulafrica.com\/fr\/turquie-afrique-forum-economique-et-commercial-2018\/#article","isPartOf":{"@id":"https:\/\/www.istanbulafrica.com\/fr\/turquie-afrique-forum-economique-et-commercial-2018\/"},"author":{"name":"admin","@id":"https:\/\/www.istanbulafrica.com\/#\/schema\/person\/e0f8b3b562d664e99942c2ca70031388"},"headline":"Turquie &#8211; Afrique Forum Economique et Commercial 2018","datePublished":"2018-12-16T20:33:29+00:00","dateModified":"2019-02-07T19:12:19+00:00","mainEntityOfPage":{"@id":"https:\/\/www.istanbulafrica.com\/fr\/turquie-afrique-forum-economique-et-commercial-2018\/"},"wordCount":1969,"commentCount":0,"publisher":{"@id":"https:\/\/www.istanbulafrica.com\/#organization"},"image":{"@id":"https:\/\/www.istanbulafrica.com\/fr\/turquie-afrique-forum-economique-et-commercial-2018\/#primaryimage"},"thumbnailUrl":"https:\/\/www.istanbulafrica.com\/wp-content\/uploads\/2018\/12\/Africa-Forum-5.jpeg","articleSection":["\u00e9v\u00e9nement"],"inLanguage":"en-US","potentialAction":[{"@type":"CommentAction","name":"Comment","target":["https:\/\/www.istanbulafrica.com\/fr\/turquie-afrique-forum-economique-et-commercial-2018\/#respond"]}]},{"@type":"WebPage","@id":"https:\/\/www.istanbulafrica.com\/fr\/turquie-afrique-forum-economique-et-commercial-2018\/","url":"https:\/\/www.istanbulafrica.com\/fr\/turquie-afrique-forum-economique-et-commercial-2018\/","name":"Turquie - Afrique Forum Economique 2018 - Turquie Afrique Forum","isPartOf":{"@id":"https:\/\/www.istanbulafrica.com\/#website"},"primaryImageOfPage":{"@id":"https:\/\/www.istanbulafrica.com\/fr\/turquie-afrique-forum-economique-et-commercial-2018\/#primaryimage"},"image":{"@id":"https:\/\/www.istanbulafrica.com\/fr\/turquie-afrique-forum-economique-et-commercial-2018\/#primaryimage"},"thumbnailUrl":"https:\/\/www.istanbulafrica.com\/wp-content\/uploads\/2018\/12\/Africa-Forum-5.jpeg","datePublished":"2018-12-16T20:33:29+00:00","dateModified":"2019-02-07T19:12:19+00:00","description":"Turquie Afrique Forum, CEDEAO forum Ecowas forum en Turquie, Forum Afrique en Turquie, Ecowas, importation, exportation, Afrique export, Importation","breadcrumb":{"@id":"https:\/\/www.istanbulafrica.com\/fr\/turquie-afrique-forum-economique-et-commercial-2018\/#breadcrumb"},"inLanguage":"en-US","potentialAction":[{"@type":"ReadAction","target":["https:\/\/www.istanbulafrica.com\/fr\/turquie-afrique-forum-economique-et-commercial-2018\/"]}]},{"@type":"ImageObject","inLanguage":"en-US","@id":"https:\/\/www.istanbulafrica.com\/fr\/turquie-afrique-forum-economique-et-commercial-2018\/#primaryimage","url":"https:\/\/www.istanbulafrica.com\/wp-content\/uploads\/2018\/12\/Africa-Forum-5.jpeg","contentUrl":"https:\/\/www.istanbulafrica.com\/wp-content\/uploads\/2018\/12\/Africa-Forum-5.jpeg","width":1024,"height":768,"caption":"Turkey Africa business and commerce forum meeting istanbul"},{"@type":"BreadcrumbList","@id":"https:\/\/www.istanbulafrica.com\/fr\/turquie-afrique-forum-economique-et-commercial-2018\/#breadcrumb","itemListElement":[{"@type":"ListItem","position":1,"name":"Home","item":"https:\/\/www.istanbulafrica.com\/"},{"@type":"ListItem","position":2,"name":"Turquie &#8211; Afrique Forum Economique et Commercial 2018"}]},{"@type":"WebSite","@id":"https:\/\/www.istanbulafrica.com\/#website","url":"https:\/\/www.istanbulafrica.com\/","name":"Istanbul Africa Trade Company","description":"Import, Export and Investment","publisher":{"@id":"https:\/\/www.istanbulafrica.com\/#organization"},"potentialAction":[{"@type":"SearchAction","target":{"@type":"EntryPoint","urlTemplate":"https:\/\/www.istanbulafrica.com\/?s={search_term_string}"},"query-input":{"@type":"PropertyValueSpecification","valueRequired":true,"valueName":"search_term_string"}}],"inLanguage":"en-US"},{"@type":"Organization","@id":"https:\/\/www.istanbulafrica.com\/#organization","name":"Istanbul Africa Trade Company","url":"https:\/\/www.istanbulafrica.com\/","logo":{"@type":"ImageObject","inLanguage":"en-US","@id":"https:\/\/www.istanbulafrica.com\/#\/schema\/logo\/image\/","url":"https:\/\/www.istanbulafrica.com\/wp-content\/uploads\/2018\/11\/Logo-5_Multicolor-1-e1543258165564.png","contentUrl":"https:\/\/www.istanbulafrica.com\/wp-content\/uploads\/2018\/11\/Logo-5_Multicolor-1-e1543258165564.png","width":300,"height":82,"caption":"Istanbul Africa Trade Company"},"image":{"@id":"https:\/\/www.istanbulafrica.com\/#\/schema\/logo\/image\/"},"sameAs":["http:\/\/www.facebook.com\/istanbulafrica","https:\/\/x.com\/istanbulafrica","https:\/\/www.instagram.com\/istanbulafrica","https:\/\/linkedin.com\/company\/istanbulafrica"]},{"@type":"Person","@id":"https:\/\/www.istanbulafrica.com\/#\/schema\/person\/e0f8b3b562d664e99942c2ca70031388","name":"admin","image":{"@type":"ImageObject","inLanguage":"en-US","@id":"https:\/\/www.istanbulafrica.com\/#\/schema\/person\/image\/","url":"https:\/\/www.istanbulafrica.com\/wp-content\/litespeed\/avatar\/063478b0608c9232a95d704ee9061d12.jpg?ver=1758542353","contentUrl":"https:\/\/www.istanbulafrica.com\/wp-content\/litespeed\/avatar\/063478b0608c9232a95d704ee9061d12.jpg?ver=1758542353","caption":"admin"}}]}},"_links":{"self":[{"href":"https:\/\/www.istanbulafrica.com\/wp-json\/wp\/v2\/posts\/1161","targetHints":{"allow":["GET"]}}],"collection":[{"href":"https:\/\/www.istanbulafrica.com\/wp-json\/wp\/v2\/posts"}],"about":[{"href":"https:\/\/www.istanbulafrica.com\/wp-json\/wp\/v2\/types\/post"}],"author":[{"embeddable":true,"href":"https:\/\/www.istanbulafrica.com\/wp-json\/wp\/v2\/users\/1"}],"replies":[{"embeddable":true,"href":"https:\/\/www.istanbulafrica.com\/wp-json\/wp\/v2\/comments?post=1161"}],"version-history":[{"count":7,"href":"https:\/\/www.istanbulafrica.com\/wp-json\/wp\/v2\/posts\/1161\/revisions"}],"predecessor-version":[{"id":1621,"href":"https:\/\/www.istanbulafrica.com\/wp-json\/wp\/v2\/posts\/1161\/revisions\/1621"}],"wp:featuredmedia":[{"embeddable":true,"href":"https:\/\/www.istanbulafrica.com\/wp-json\/wp\/v2\/media\/1106"}],"wp:attachment":[{"href":"https:\/\/www.istanbulafrica.com\/wp-json\/wp\/v2\/media?parent=1161"}],"wp:term":[{"taxonomy":"category","embeddable":true,"href":"https:\/\/www.istanbulafrica.com\/wp-json\/wp\/v2\/categories?post=1161"},{"taxonomy":"post_tag","embeddable":true,"href":"https:\/\/www.istanbulafrica.com\/wp-json\/wp\/v2\/tags?post=1161"}],"curies":[{"name":"wp","href":"https:\/\/api.w.org\/{rel}","templated":true}]}}