{"id":1182,"date":"2018-12-16T22:11:40","date_gmt":"2018-12-16T22:11:40","guid":{"rendered":"https:\/\/www.istanbulafrica.com\/?p=1182"},"modified":"2019-02-07T19:12:24","modified_gmt":"2019-02-07T19:12:24","slug":"turquie-ecowas-forum-economique-et-commercial-2017","status":"publish","type":"post","link":"https:\/\/www.istanbulafrica.com\/fr\/turquie-ecowas-forum-economique-et-commercial-2017\/","title":{"rendered":"Turquie &#8211; ECOWAS Forum Economique et Commercial 2017"},"content":{"rendered":"\t\t<div data-elementor-type=\"wp-post\" data-elementor-id=\"1182\" class=\"elementor elementor-1182 elementor-bc-flex-widget\">\n\t\t\t\t\t\t<section class=\"elementor-section elementor-top-section elementor-element elementor-element-32f16e4 elementor-section-boxed elementor-section-height-default elementor-section-height-default\" data-id=\"32f16e4\" data-element_type=\"section\">\n\t\t\t\t\t\t<div class=\"elementor-container elementor-column-gap-default\">\n\t\t\t\t\t<div class=\"elementor-column elementor-col-100 elementor-top-column elementor-element elementor-element-a5de1a8\" data-id=\"a5de1a8\" data-element_type=\"column\">\n\t\t\t<div class=\"elementor-widget-wrap elementor-element-populated\">\n\t\t\t\t\t\t<div class=\"elementor-element elementor-element-a122049 elementor-widget elementor-widget-text-editor\" data-id=\"a122049\" data-element_type=\"widget\" data-widget_type=\"text-editor.default\">\n\t\t\t\t<div class=\"elementor-widget-container\">\n\t\t\t\t\t\t\t\t\t<p style=\"text-align: right;\">20 Novembre 2017\u00a0<\/p><p><strong>Notre engagement au forum<\/strong><\/p><p>Istanbul Afrique Soci\u00e9t\u00e9 de Commerce \u00e9tait pr\u00e9sente lors du Forum des affaires et de l&#8217;\u00e9conomie de la ECOWAS. Mete Unal, dirigeant de la soci\u00e9t\u00e9, a particip\u00e9 \u00e0 des conf\u00e9rences et \u00e0 des s\u00e9ances de r\u00e9seautage. Au cours de ces \u00e9v\u00e9nements, nous sommes un homme d\u2019affaires africain sur le paysage commercial et les opportunit\u00e9s en Turquie.<\/p><p><strong>La Turquie et l&#8217;Afrique ensemble<\/strong><\/p><p>La Turquie entretient depuis longtemps des relations historiques et culturelles avec le continent africain. Et les relations avec l&#8217;Afrique constituent l&#8217;une des principales orientations de la politique \u00e9trang\u00e8re turque.<\/p><p>Les relations entre la Turquie et l&#8217;Afrique ont consid\u00e9rablement progress\u00e9 depuis la d\u00e9claration de la Turquie en tant que partenaire strat\u00e9gique du continent par l&#8217;Union africaine en janvier 2008. La Turquie a donn\u00e9 un nouvel \u00e9lan \u00e0 sa politique pour l&#8217;Afrique \u00e0 partir de 2013. \u00c9galement en 2014, le Sommet Turquie-Coop\u00e9ration Afrique a \u00e9t\u00e9 fait \u00e0 Malabo, en Guin\u00e9e \u00e9quatoriale.<\/p><p>L\u2019expansion \u00e9conomique de la Turquie depuis une d\u00e9cennie s\u2019est accompagn\u00e9e d\u2019un regain d\u2019int\u00e9r\u00eat pour l\u2019Afrique et le volume des \u00e9changes commerciaux avec le continent a \u00e9t\u00e9 multipli\u00e9 par trois pour atteindre 16,7 milliards USD en 2016, contre 5,4 milliards USD en 2003.<\/p><p>L\u2019approche \u00abgagnant-gagnant\u00bb de la Turquie \u00e0 l\u2019\u00e9gard de l\u2019Afrique a abouti \u00e0 cette relation florissante entre les parties. Cette politique est ax\u00e9e sur l\u2019\u00e9galit\u00e9 politique, la transparence, la durabilit\u00e9 et le d\u00e9veloppement \u00e9conomique mutuel plut\u00f4t que sur la cr\u00e9ation de nouveaux rapports de d\u00e9pendance, de tutelle et d\u2019exploitation.<\/p><p><strong>Objectifs principaux du forum<\/strong><\/p><ul><li><p>Sensibilisation des milieux d&#8217;affaires turcs \/ ouest-africains aux \u00c9tats d&#8217;Afrique de l&#8217;Ouest et \u00e0 la Turquie.<\/p><\/li><li><p>Analyser la situation actuelle des relations commerciales et \u00e9conomiques entre la Turquie et l\u2019Afrique de l\u2019Ouest.<\/p><\/li><li><p>Rechercher les opportunit\u00e9s de coop\u00e9ration entre la Turquie et l\u2019Afrique de l\u2019Ouest et discuter des d\u00e9fis.<\/p><\/li><li><p>Encourager les entrepreneurs du secteur priv\u00e9 turcs et ouest-africains \u00e0 cr\u00e9er des opportunit\u00e9s d&#8217;investissement des deux c\u00f4t\u00e9s.<\/p><\/li><li><p>\u00c9valuation de nouvelles approches en mati\u00e8re d&#8217;investissements turcs en Afrique de l&#8217;Ouest.<\/p><\/li><li><p>Interaction croissante entre les milieux d\u2019affaires turcs et d\u2019Afrique de l\u2019Ouest.<\/p><\/li><\/ul><p><strong>Participants de Turquie et des \u00c9tats membres de la ECOWAS<\/strong><\/p><p>B\u00e9nin, Burkina Faso, Cap Vert, C\u00f4te d\u2019Ivoire, Gambie, Ghana, Guin\u00e9e, Guin\u00e9e Bissau, Lib\u00e9ria, Mali, Niger, Nig\u00e9ria, Sierra Leone, S\u00e9n\u00e9gal et Togo<\/p><ul><li><p>Ministre turc de l&#8217;\u00e9conomie et ministres des \u00c9tats membres de la CEDEAO (commerce, investissement, \u00e9conomie et finances)<\/p><\/li><li><p>Union africaine, Banque africaine de d\u00e9veloppement, Ecobank et Eximbank turque<\/p><\/li><li><p>Institutions financi\u00e8res<\/p><\/li><li><p>Organismes non gouvernementaux (ONG)<\/p><\/li><li><p>Chambres de commerce et d&#8217;industrie<\/p><\/li><li><p>Conseils d&#8217;entreprises, associations, organisations professionnelles et entrepreneurs de Turquie et d&#8217;Afrique de l&#8217;Ouest<\/p><\/li><li><p>Missions diplomatiques en Turquie<\/p><\/li><\/ul>\t\t\t\t\t\t\t\t<\/div>\n\t\t\t\t<\/div>\n\t\t\t\t\t<\/div>\n\t\t<\/div>\n\t\t\t\t\t<\/div>\n\t\t<\/section>\n\t\t\t\t<section class=\"elementor-section elementor-top-section elementor-element elementor-element-077766a elementor-section-boxed elementor-section-height-default elementor-section-height-default\" data-id=\"077766a\" data-element_type=\"section\">\n\t\t\t\t\t\t<div class=\"elementor-container elementor-column-gap-default\">\n\t\t\t\t\t<div class=\"elementor-column elementor-col-100 elementor-top-column elementor-element elementor-element-2addcbc\" data-id=\"2addcbc\" data-element_type=\"column\">\n\t\t\t<div class=\"elementor-widget-wrap elementor-element-populated\">\n\t\t\t\t\t\t<div class=\"elementor-element elementor-element-ae95072 elementor-arrows-position-inside elementor-pagination-position-outside elementor-widget elementor-widget-image-carousel\" data-id=\"ae95072\" data-element_type=\"widget\" data-settings=\"{&quot;slides_to_show&quot;:&quot;1&quot;,&quot;navigation&quot;:&quot;both&quot;,&quot;autoplay&quot;:&quot;yes&quot;,&quot;pause_on_hover&quot;:&quot;yes&quot;,&quot;pause_on_interaction&quot;:&quot;yes&quot;,&quot;autoplay_speed&quot;:5000,&quot;infinite&quot;:&quot;yes&quot;,&quot;effect&quot;:&quot;slide&quot;,&quot;speed&quot;:500}\" data-widget_type=\"image-carousel.default\">\n\t\t\t\t<div class=\"elementor-widget-container\">\n\t\t\t\t\t\t\t<div class=\"elementor-image-carousel-wrapper swiper\" role=\"region\" aria-roledescription=\"carousel\" aria-label=\"Carrousel d\u2019images\" dir=\"ltr\">\n\t\t\t<div class=\"elementor-image-carousel swiper-wrapper\" aria-live=\"off\">\n\t\t\t\t\t\t\t\t<div class=\"swiper-slide\" role=\"group\" aria-roledescription=\"slide\" aria-label=\"1 sur 4\"><figure class=\"swiper-slide-inner\"><img decoding=\"async\" class=\"swiper-slide-image\" src=\"https:\/\/www.istanbulafrica.com\/wp-content\/uploads\/2018\/12\/ECOWAS-1-768x576.jpeg\" alt=\"Ecowas Turkey business forum and meeting\" \/><\/figure><\/div><div class=\"swiper-slide\" role=\"group\" aria-roledescription=\"slide\" aria-label=\"2 sur 4\"><figure class=\"swiper-slide-inner\"><img decoding=\"async\" class=\"swiper-slide-image\" src=\"https:\/\/www.istanbulafrica.com\/wp-content\/uploads\/2018\/12\/ECOWAS-4-768x576.jpeg\" alt=\"Ecowas Turkey business forum and meeting export import\" \/><\/figure><\/div><div class=\"swiper-slide\" role=\"group\" aria-roledescription=\"slide\" aria-label=\"3 sur 4\"><figure class=\"swiper-slide-inner\"><img decoding=\"async\" class=\"swiper-slide-image\" src=\"https:\/\/www.istanbulafrica.com\/wp-content\/uploads\/2018\/12\/ECOWAS-Entrance-768x576.jpeg\" alt=\"Ecowas Turkey Forum Meeting\" \/><\/figure><\/div><div class=\"swiper-slide\" role=\"group\" aria-roledescription=\"slide\" aria-label=\"4 sur 4\"><figure class=\"swiper-slide-inner\"><img decoding=\"async\" class=\"swiper-slide-image\" src=\"https:\/\/www.istanbulafrica.com\/wp-content\/uploads\/2018\/12\/ECOWAS-2-768x576.jpeg\" alt=\"Ecowas Turkey business forum and meeting deal\" \/><\/figure><\/div>\t\t\t<\/div>\n\t\t\t\t\t\t\t\t\t\t\t\t<div class=\"elementor-swiper-button elementor-swiper-button-prev\" role=\"button\" tabindex=\"0\">\n\t\t\t\t\t\t<i aria-hidden=\"true\" class=\"eicon-chevron-left\"><\/i>\t\t\t\t\t<\/div>\n\t\t\t\t\t<div class=\"elementor-swiper-button elementor-swiper-button-next\" role=\"button\" tabindex=\"0\">\n\t\t\t\t\t\t<i aria-hidden=\"true\" class=\"eicon-chevron-right\"><\/i>\t\t\t\t\t<\/div>\n\t\t\t\t\n\t\t\t\t\t\t\t\t\t<div class=\"swiper-pagination\"><\/div>\n\t\t\t\t\t\t\t\t\t<\/div>\n\t\t\t\t\t\t<\/div>\n\t\t\t\t<\/div>\n\t\t\t\t\t<\/div>\n\t\t<\/div>\n\t\t\t\t\t<\/div>\n\t\t<\/section>\n\t\t\t\t<\/div>\n\t\t","protected":false},"excerpt":{"rendered":"<p>20 Novembre 2017\u00a0 Notre engagement au forum Istanbul Afrique Soci\u00e9t\u00e9 de Commerce \u00e9tait pr\u00e9sente lors du Forum des affaires et [&hellip;]<\/p>\n","protected":false},"author":1,"featured_media":1091,"comment_status":"open","ping_status":"open","sticky":false,"template":"","format":"standard","meta":{"_monsterinsights_skip_tracking":false,"_monsterinsights_sitenote_active":false,"_monsterinsights_sitenote_note":"","_monsterinsights_sitenote_category":0,"footnotes":""},"categories":[35],"tags":[],"class_list":["post-1182","post","type-post","status-publish","format-standard","has-post-thumbnail","hentry","category-evenement"],"yoast_head":"<!-- This site is optimized with the Yoast SEO Premium plugin v25.7.1 (Yoast SEO v25.8) - https:\/\/yoast.com\/wordpress\/plugins\/seo\/ -->\n<title>Turquie - ECOWAS Forum Economique et Commercial 2017 - CEDEAO<\/title>\n<meta name=\"description\" content=\"CEDEAO forum Ecowas forum en Turquie, CEDEAO, Forum Afrique en Turquie, affaires de la CEDEAO, \u00e9conomie Ecowas, importation, exportation, soci\u00e9t\u00e9 de n\u00e9goce, Afrique exportable, Importation Nig\u00e9ria\" \/>\n<meta name=\"robots\" content=\"index, follow, max-snippet:-1, max-image-preview:large, max-video-preview:-1\" \/>\n<link rel=\"canonical\" href=\"https:\/\/www.istanbulafrica.com\/fr\/turquie-ecowas-forum-economique-et-commercial-2017\/\" \/>\n<meta property=\"og:locale\" content=\"en_US\" \/>\n<meta property=\"og:type\" content=\"article\" \/>\n<meta property=\"og:title\" content=\"Turquie - ECOWAS Forum Economique et Commercial 2017\" \/>\n<meta property=\"og:description\" content=\"CEDEAO forum Ecowas forum en Turquie, CEDEAO, Forum Afrique en Turquie, affaires de la CEDEAO, \u00e9conomie Ecowas, importation, exportation, soci\u00e9t\u00e9 de n\u00e9goce, Afrique exportable, Importation Nig\u00e9ria\" \/>\n<meta property=\"og:url\" content=\"https:\/\/www.istanbulafrica.com\/fr\/turquie-ecowas-forum-economique-et-commercial-2017\/\" \/>\n<meta property=\"og:site_name\" content=\"Istanbul Africa Trade Company\" \/>\n<meta property=\"article:publisher\" content=\"http:\/\/www.facebook.com\/istanbulafrica\" \/>\n<meta property=\"article:published_time\" content=\"2018-12-16T22:11:40+00:00\" \/>\n<meta property=\"article:modified_time\" content=\"2019-02-07T19:12:24+00:00\" \/>\n<meta property=\"og:image\" content=\"https:\/\/www.istanbulafrica.com\/wp-content\/uploads\/2018\/12\/ECOWAS-Entrance.jpeg\" \/>\n\t<meta property=\"og:image:width\" content=\"1024\" \/>\n\t<meta property=\"og:image:height\" content=\"768\" \/>\n\t<meta property=\"og:image:type\" content=\"image\/jpeg\" \/>\n<meta name=\"author\" content=\"admin\" \/>\n<meta name=\"twitter:card\" content=\"summary_large_image\" \/>\n<meta name=\"twitter:creator\" content=\"@istanbulafrica\" \/>\n<meta name=\"twitter:site\" content=\"@istanbulafrica\" \/>\n<meta name=\"twitter:label1\" content=\"Written by\" \/>\n\t<meta name=\"twitter:data1\" content=\"\" \/>\n\t<meta name=\"twitter:label2\" content=\"Est. reading time\" \/>\n\t<meta name=\"twitter:data2\" content=\"2 minutes\" \/>\n<script type=\"application\/ld+json\" class=\"yoast-schema-graph\">{\"@context\":\"https:\/\/schema.org\",\"@graph\":[{\"@type\":\"Article\",\"@id\":\"https:\/\/www.istanbulafrica.com\/fr\/turquie-ecowas-forum-economique-et-commercial-2017\/#article\",\"isPartOf\":{\"@id\":\"https:\/\/www.istanbulafrica.com\/fr\/turquie-ecowas-forum-economique-et-commercial-2017\/\"},\"author\":{\"name\":\"admin\",\"@id\":\"https:\/\/www.istanbulafrica.com\/#\/schema\/person\/e0f8b3b562d664e99942c2ca70031388\"},\"headline\":\"Turquie &#8211; ECOWAS Forum Economique et Commercial 2017\",\"datePublished\":\"2018-12-16T22:11:40+00:00\",\"dateModified\":\"2019-02-07T19:12:24+00:00\",\"mainEntityOfPage\":{\"@id\":\"https:\/\/www.istanbulafrica.com\/fr\/turquie-ecowas-forum-economique-et-commercial-2017\/\"},\"wordCount\":490,\"commentCount\":0,\"publisher\":{\"@id\":\"https:\/\/www.istanbulafrica.com\/#organization\"},\"image\":{\"@id\":\"https:\/\/www.istanbulafrica.com\/fr\/turquie-ecowas-forum-economique-et-commercial-2017\/#primaryimage\"},\"thumbnailUrl\":\"https:\/\/www.istanbulafrica.com\/wp-content\/uploads\/2018\/12\/ECOWAS-Entrance.jpeg\",\"articleSection\":[\"\u00e9v\u00e9nement\"],\"inLanguage\":\"en-US\",\"potentialAction\":[{\"@type\":\"CommentAction\",\"name\":\"Comment\",\"target\":[\"https:\/\/www.istanbulafrica.com\/fr\/turquie-ecowas-forum-economique-et-commercial-2017\/#respond\"]}]},{\"@type\":\"WebPage\",\"@id\":\"https:\/\/www.istanbulafrica.com\/fr\/turquie-ecowas-forum-economique-et-commercial-2017\/\",\"url\":\"https:\/\/www.istanbulafrica.com\/fr\/turquie-ecowas-forum-economique-et-commercial-2017\/\",\"name\":\"Turquie - ECOWAS Forum Economique et Commercial 2017 - CEDEAO\",\"isPartOf\":{\"@id\":\"https:\/\/www.istanbulafrica.com\/#website\"},\"primaryImageOfPage\":{\"@id\":\"https:\/\/www.istanbulafrica.com\/fr\/turquie-ecowas-forum-economique-et-commercial-2017\/#primaryimage\"},\"image\":{\"@id\":\"https:\/\/www.istanbulafrica.com\/fr\/turquie-ecowas-forum-economique-et-commercial-2017\/#primaryimage\"},\"thumbnailUrl\":\"https:\/\/www.istanbulafrica.com\/wp-content\/uploads\/2018\/12\/ECOWAS-Entrance.jpeg\",\"datePublished\":\"2018-12-16T22:11:40+00:00\",\"dateModified\":\"2019-02-07T19:12:24+00:00\",\"description\":\"CEDEAO forum Ecowas forum en Turquie, CEDEAO, Forum Afrique en Turquie, affaires de la CEDEAO, \u00e9conomie Ecowas, importation, exportation, soci\u00e9t\u00e9 de n\u00e9goce, Afrique exportable, Importation Nig\u00e9ria\",\"breadcrumb\":{\"@id\":\"https:\/\/www.istanbulafrica.com\/fr\/turquie-ecowas-forum-economique-et-commercial-2017\/#breadcrumb\"},\"inLanguage\":\"en-US\",\"potentialAction\":[{\"@type\":\"ReadAction\",\"target\":[\"https:\/\/www.istanbulafrica.com\/fr\/turquie-ecowas-forum-economique-et-commercial-2017\/\"]}]},{\"@type\":\"ImageObject\",\"inLanguage\":\"en-US\",\"@id\":\"https:\/\/www.istanbulafrica.com\/fr\/turquie-ecowas-forum-economique-et-commercial-2017\/#primaryimage\",\"url\":\"https:\/\/www.istanbulafrica.com\/wp-content\/uploads\/2018\/12\/ECOWAS-Entrance.jpeg\",\"contentUrl\":\"https:\/\/www.istanbulafrica.com\/wp-content\/uploads\/2018\/12\/ECOWAS-Entrance.jpeg\",\"width\":1024,\"height\":768,\"caption\":\"Ecowas Turkey Forum Meeting\"},{\"@type\":\"BreadcrumbList\",\"@id\":\"https:\/\/www.istanbulafrica.com\/fr\/turquie-ecowas-forum-economique-et-commercial-2017\/#breadcrumb\",\"itemListElement\":[{\"@type\":\"ListItem\",\"position\":1,\"name\":\"Home\",\"item\":\"https:\/\/www.istanbulafrica.com\/\"},{\"@type\":\"ListItem\",\"position\":2,\"name\":\"Turquie &#8211; ECOWAS Forum Economique et Commercial 2017\"}]},{\"@type\":\"WebSite\",\"@id\":\"https:\/\/www.istanbulafrica.com\/#website\",\"url\":\"https:\/\/www.istanbulafrica.com\/\",\"name\":\"Istanbul Africa Trade Company\",\"description\":\"Import, Export and Investment\",\"publisher\":{\"@id\":\"https:\/\/www.istanbulafrica.com\/#organization\"},\"potentialAction\":[{\"@type\":\"SearchAction\",\"target\":{\"@type\":\"EntryPoint\",\"urlTemplate\":\"https:\/\/www.istanbulafrica.com\/?s={search_term_string}\"},\"query-input\":{\"@type\":\"PropertyValueSpecification\",\"valueRequired\":true,\"valueName\":\"search_term_string\"}}],\"inLanguage\":\"en-US\"},{\"@type\":\"Organization\",\"@id\":\"https:\/\/www.istanbulafrica.com\/#organization\",\"name\":\"Istanbul Africa Trade Company\",\"url\":\"https:\/\/www.istanbulafrica.com\/\",\"logo\":{\"@type\":\"ImageObject\",\"inLanguage\":\"en-US\",\"@id\":\"https:\/\/www.istanbulafrica.com\/#\/schema\/logo\/image\/\",\"url\":\"https:\/\/www.istanbulafrica.com\/wp-content\/uploads\/2018\/11\/Logo-5_Multicolor-1-e1543258165564.png\",\"contentUrl\":\"https:\/\/www.istanbulafrica.com\/wp-content\/uploads\/2018\/11\/Logo-5_Multicolor-1-e1543258165564.png\",\"width\":300,\"height\":82,\"caption\":\"Istanbul Africa Trade Company\"},\"image\":{\"@id\":\"https:\/\/www.istanbulafrica.com\/#\/schema\/logo\/image\/\"},\"sameAs\":[\"http:\/\/www.facebook.com\/istanbulafrica\",\"https:\/\/x.com\/istanbulafrica\",\"https:\/\/www.instagram.com\/istanbulafrica\",\"https:\/\/linkedin.com\/company\/istanbulafrica\"]},{\"@type\":\"Person\",\"@id\":\"https:\/\/www.istanbulafrica.com\/#\/schema\/person\/e0f8b3b562d664e99942c2ca70031388\",\"name\":\"admin\",\"image\":{\"@type\":\"ImageObject\",\"inLanguage\":\"en-US\",\"@id\":\"https:\/\/www.istanbulafrica.com\/#\/schema\/person\/image\/\",\"url\":\"https:\/\/www.istanbulafrica.com\/wp-content\/litespeed\/avatar\/063478b0608c9232a95d704ee9061d12.jpg?ver=1758542353\",\"contentUrl\":\"https:\/\/www.istanbulafrica.com\/wp-content\/litespeed\/avatar\/063478b0608c9232a95d704ee9061d12.jpg?ver=1758542353\",\"caption\":\"admin\"}}]}<\/script>\n<!-- \/ Yoast SEO Premium plugin. -->","yoast_head_json":{"title":"Turquie - ECOWAS Forum Economique et Commercial 2017 - CEDEAO","description":"CEDEAO forum Ecowas forum en Turquie, CEDEAO, Forum Afrique en Turquie, affaires de la CEDEAO, \u00e9conomie Ecowas, importation, exportation, soci\u00e9t\u00e9 de n\u00e9goce, Afrique exportable, Importation Nig\u00e9ria","robots":{"index":"index","follow":"follow","max-snippet":"max-snippet:-1","max-image-preview":"max-image-preview:large","max-video-preview":"max-video-preview:-1"},"canonical":"https:\/\/www.istanbulafrica.com\/fr\/turquie-ecowas-forum-economique-et-commercial-2017\/","og_locale":"en_US","og_type":"article","og_title":"Turquie - ECOWAS Forum Economique et Commercial 2017","og_description":"CEDEAO forum Ecowas forum en Turquie, CEDEAO, Forum Afrique en Turquie, affaires de la CEDEAO, \u00e9conomie Ecowas, importation, exportation, soci\u00e9t\u00e9 de n\u00e9goce, Afrique exportable, Importation Nig\u00e9ria","og_url":"https:\/\/www.istanbulafrica.com\/fr\/turquie-ecowas-forum-economique-et-commercial-2017\/","og_site_name":"Istanbul Africa Trade Company","article_publisher":"http:\/\/www.facebook.com\/istanbulafrica","article_published_time":"2018-12-16T22:11:40+00:00","article_modified_time":"2019-02-07T19:12:24+00:00","og_image":[{"width":1024,"height":768,"url":"https:\/\/www.istanbulafrica.com\/wp-content\/uploads\/2018\/12\/ECOWAS-Entrance.jpeg","type":"image\/jpeg"}],"author":"admin","twitter_card":"summary_large_image","twitter_creator":"@istanbulafrica","twitter_site":"@istanbulafrica","twitter_misc":{"Written by":false,"Est. reading time":"2 minutes"},"schema":{"@context":"https:\/\/schema.org","@graph":[{"@type":"Article","@id":"https:\/\/www.istanbulafrica.com\/fr\/turquie-ecowas-forum-economique-et-commercial-2017\/#article","isPartOf":{"@id":"https:\/\/www.istanbulafrica.com\/fr\/turquie-ecowas-forum-economique-et-commercial-2017\/"},"author":{"name":"admin","@id":"https:\/\/www.istanbulafrica.com\/#\/schema\/person\/e0f8b3b562d664e99942c2ca70031388"},"headline":"Turquie &#8211; ECOWAS Forum Economique et Commercial 2017","datePublished":"2018-12-16T22:11:40+00:00","dateModified":"2019-02-07T19:12:24+00:00","mainEntityOfPage":{"@id":"https:\/\/www.istanbulafrica.com\/fr\/turquie-ecowas-forum-economique-et-commercial-2017\/"},"wordCount":490,"commentCount":0,"publisher":{"@id":"https:\/\/www.istanbulafrica.com\/#organization"},"image":{"@id":"https:\/\/www.istanbulafrica.com\/fr\/turquie-ecowas-forum-economique-et-commercial-2017\/#primaryimage"},"thumbnailUrl":"https:\/\/www.istanbulafrica.com\/wp-content\/uploads\/2018\/12\/ECOWAS-Entrance.jpeg","articleSection":["\u00e9v\u00e9nement"],"inLanguage":"en-US","potentialAction":[{"@type":"CommentAction","name":"Comment","target":["https:\/\/www.istanbulafrica.com\/fr\/turquie-ecowas-forum-economique-et-commercial-2017\/#respond"]}]},{"@type":"WebPage","@id":"https:\/\/www.istanbulafrica.com\/fr\/turquie-ecowas-forum-economique-et-commercial-2017\/","url":"https:\/\/www.istanbulafrica.com\/fr\/turquie-ecowas-forum-economique-et-commercial-2017\/","name":"Turquie - ECOWAS Forum Economique et Commercial 2017 - CEDEAO","isPartOf":{"@id":"https:\/\/www.istanbulafrica.com\/#website"},"primaryImageOfPage":{"@id":"https:\/\/www.istanbulafrica.com\/fr\/turquie-ecowas-forum-economique-et-commercial-2017\/#primaryimage"},"image":{"@id":"https:\/\/www.istanbulafrica.com\/fr\/turquie-ecowas-forum-economique-et-commercial-2017\/#primaryimage"},"thumbnailUrl":"https:\/\/www.istanbulafrica.com\/wp-content\/uploads\/2018\/12\/ECOWAS-Entrance.jpeg","datePublished":"2018-12-16T22:11:40+00:00","dateModified":"2019-02-07T19:12:24+00:00","description":"CEDEAO forum Ecowas forum en Turquie, CEDEAO, Forum Afrique en Turquie, affaires de la CEDEAO, \u00e9conomie Ecowas, importation, exportation, soci\u00e9t\u00e9 de n\u00e9goce, Afrique exportable, Importation Nig\u00e9ria","breadcrumb":{"@id":"https:\/\/www.istanbulafrica.com\/fr\/turquie-ecowas-forum-economique-et-commercial-2017\/#breadcrumb"},"inLanguage":"en-US","potentialAction":[{"@type":"ReadAction","target":["https:\/\/www.istanbulafrica.com\/fr\/turquie-ecowas-forum-economique-et-commercial-2017\/"]}]},{"@type":"ImageObject","inLanguage":"en-US","@id":"https:\/\/www.istanbulafrica.com\/fr\/turquie-ecowas-forum-economique-et-commercial-2017\/#primaryimage","url":"https:\/\/www.istanbulafrica.com\/wp-content\/uploads\/2018\/12\/ECOWAS-Entrance.jpeg","contentUrl":"https:\/\/www.istanbulafrica.com\/wp-content\/uploads\/2018\/12\/ECOWAS-Entrance.jpeg","width":1024,"height":768,"caption":"Ecowas Turkey Forum Meeting"},{"@type":"BreadcrumbList","@id":"https:\/\/www.istanbulafrica.com\/fr\/turquie-ecowas-forum-economique-et-commercial-2017\/#breadcrumb","itemListElement":[{"@type":"ListItem","position":1,"name":"Home","item":"https:\/\/www.istanbulafrica.com\/"},{"@type":"ListItem","position":2,"name":"Turquie &#8211; ECOWAS Forum Economique et Commercial 2017"}]},{"@type":"WebSite","@id":"https:\/\/www.istanbulafrica.com\/#website","url":"https:\/\/www.istanbulafrica.com\/","name":"Istanbul Africa Trade Company","description":"Import, Export and Investment","publisher":{"@id":"https:\/\/www.istanbulafrica.com\/#organization"},"potentialAction":[{"@type":"SearchAction","target":{"@type":"EntryPoint","urlTemplate":"https:\/\/www.istanbulafrica.com\/?s={search_term_string}"},"query-input":{"@type":"PropertyValueSpecification","valueRequired":true,"valueName":"search_term_string"}}],"inLanguage":"en-US"},{"@type":"Organization","@id":"https:\/\/www.istanbulafrica.com\/#organization","name":"Istanbul Africa Trade Company","url":"https:\/\/www.istanbulafrica.com\/","logo":{"@type":"ImageObject","inLanguage":"en-US","@id":"https:\/\/www.istanbulafrica.com\/#\/schema\/logo\/image\/","url":"https:\/\/www.istanbulafrica.com\/wp-content\/uploads\/2018\/11\/Logo-5_Multicolor-1-e1543258165564.png","contentUrl":"https:\/\/www.istanbulafrica.com\/wp-content\/uploads\/2018\/11\/Logo-5_Multicolor-1-e1543258165564.png","width":300,"height":82,"caption":"Istanbul Africa Trade Company"},"image":{"@id":"https:\/\/www.istanbulafrica.com\/#\/schema\/logo\/image\/"},"sameAs":["http:\/\/www.facebook.com\/istanbulafrica","https:\/\/x.com\/istanbulafrica","https:\/\/www.instagram.com\/istanbulafrica","https:\/\/linkedin.com\/company\/istanbulafrica"]},{"@type":"Person","@id":"https:\/\/www.istanbulafrica.com\/#\/schema\/person\/e0f8b3b562d664e99942c2ca70031388","name":"admin","image":{"@type":"ImageObject","inLanguage":"en-US","@id":"https:\/\/www.istanbulafrica.com\/#\/schema\/person\/image\/","url":"https:\/\/www.istanbulafrica.com\/wp-content\/litespeed\/avatar\/063478b0608c9232a95d704ee9061d12.jpg?ver=1758542353","contentUrl":"https:\/\/www.istanbulafrica.com\/wp-content\/litespeed\/avatar\/063478b0608c9232a95d704ee9061d12.jpg?ver=1758542353","caption":"admin"}}]}},"_links":{"self":[{"href":"https:\/\/www.istanbulafrica.com\/wp-json\/wp\/v2\/posts\/1182","targetHints":{"allow":["GET"]}}],"collection":[{"href":"https:\/\/www.istanbulafrica.com\/wp-json\/wp\/v2\/posts"}],"about":[{"href":"https:\/\/www.istanbulafrica.com\/wp-json\/wp\/v2\/types\/post"}],"author":[{"embeddable":true,"href":"https:\/\/www.istanbulafrica.com\/wp-json\/wp\/v2\/users\/1"}],"replies":[{"embeddable":true,"href":"https:\/\/www.istanbulafrica.com\/wp-json\/wp\/v2\/comments?post=1182"}],"version-history":[{"count":10,"href":"https:\/\/www.istanbulafrica.com\/wp-json\/wp\/v2\/posts\/1182\/revisions"}],"predecessor-version":[{"id":1622,"href":"https:\/\/www.istanbulafrica.com\/wp-json\/wp\/v2\/posts\/1182\/revisions\/1622"}],"wp:featuredmedia":[{"embeddable":true,"href":"https:\/\/www.istanbulafrica.com\/wp-json\/wp\/v2\/media\/1091"}],"wp:attachment":[{"href":"https:\/\/www.istanbulafrica.com\/wp-json\/wp\/v2\/media?parent=1182"}],"wp:term":[{"taxonomy":"category","embeddable":true,"href":"https:\/\/www.istanbulafrica.com\/wp-json\/wp\/v2\/categories?post=1182"},{"taxonomy":"post_tag","embeddable":true,"href":"https:\/\/www.istanbulafrica.com\/wp-json\/wp\/v2\/tags?post=1182"}],"curies":[{"name":"wp","href":"https:\/\/api.w.org\/{rel}","templated":true}]}}