{"id":1767,"date":"2019-06-21T08:23:19","date_gmt":"2019-06-21T08:23:19","guid":{"rendered":"https:\/\/www.istanbulafrica.com\/?p=1767"},"modified":"2020-04-05T10:06:55","modified_gmt":"2020-04-05T10:06:55","slug":"oxford-afrika-konferansi-2019","status":"publish","type":"post","link":"https:\/\/www.istanbulafrica.com\/tr\/oxford-afrika-konferansi-2019\/","title":{"rendered":"Oxford Afrika Konferans\u0131 2019"},"content":{"rendered":"\t\t<div data-elementor-type=\"wp-post\" data-elementor-id=\"1767\" class=\"elementor elementor-1767 elementor-bc-flex-widget\">\n\t\t\t\t\t\t<section class=\"elementor-section elementor-top-section elementor-element elementor-element-b7c99f2 elementor-section-boxed elementor-section-height-default elementor-section-height-default\" data-id=\"b7c99f2\" data-element_type=\"section\">\n\t\t\t\t\t\t<div class=\"elementor-container elementor-column-gap-default\">\n\t\t\t\t\t<div class=\"elementor-column elementor-col-100 elementor-top-column elementor-element elementor-element-3337573\" data-id=\"3337573\" data-element_type=\"column\">\n\t\t\t<div class=\"elementor-widget-wrap elementor-element-populated\">\n\t\t\t\t\t\t<div class=\"elementor-element elementor-element-65ed55c elementor-widget elementor-widget-text-editor\" data-id=\"65ed55c\" data-element_type=\"widget\" data-widget_type=\"text-editor.default\">\n\t\t\t\t<div class=\"elementor-widget-container\">\n\t\t\t\t\t\t\t\t\t<p style=\"text-align: right;\">18 May\u0131s 2019\u00a0<\/p><p><strong>\u0130stanbul Afrika Ticaret \u015eirketinin Konferansa Kat\u0131l\u0131m\u0131<\/strong><\/p><p>Afrika Pazarlar\u0131 Direkt\u00f6r\u00fc Burak \u00dcnal, 18 May\u0131s 2019&#8217;da Oxford Blavatnik Devlet Okulu&#8217;nda Oxford Afrika Konferans\u0131&#8217;na kat\u0131ld\u0131. Konferanslar ve a\u011f olu\u015fturma etkinlikleri Blavatnik Devlet Okulu&#8217;nun ana tiyatrosundayd\u0131.<\/p><p><strong>Konferans Hakk\u0131nda<\/strong><\/p><p>Oxford Afrika Konferans\u0131, Oxford Afrika Toplulu\u011fu \u00dcniversitesi&#8217;nin ev sahipli\u011finde d\u00fczenlenen, Afrika&#8217;n\u0131n \u00f6nde gelen disiplinleraras\u0131 konferans\u0131d\u0131r. Konferans, Afrika&#8217;daki s\u00f6ylem ve eylemi ele\u015ftirel bir \u015fekilde geni\u015fletmek i\u00e7in devlet ba\u015fkanlar\u0131, politika belirleyiciler, i\u015f liderleri, akademisyenler, sanat\u00e7\u0131lar, \u00f6\u011frenciler ve Afrika k\u00f6kenli profesyonelleri bir araya getiriyor. Konferans ayn\u0131 zamanda toplumun y\u0131ll\u0131k harekete ge\u00e7me \u00e7a\u011fr\u0131s\u0131d\u0131r: Afrikal\u0131 bireyler, \u015firketler ve kurulu\u015flar i\u00e7in g\u00fc\u00e7lendirici ve f\u0131rsat yaratabilecek fikir ve giri\u015fimleri birle\u015ftirme f\u0131rsat\u0131.<\/p><p>Bu y\u0131lki konferans, Afrika\u2019n\u0131n Yeterlilik D\u00fczeyi temeli etraf\u0131nda toplan\u0131yor: Yerel, K\u0131ta ve K\u00fcresel.<\/p><p><strong>Afrika\u2019n\u0131n Yeterlilik D\u00fczeyi: Yerel, K\u0131ta ve K\u00fcresel<\/strong><\/p><p>Bu y\u0131lki konferans\u0131n temas\u0131 Afrika\u2019n\u0131n \u0130lgisi: Yerel, K\u0131ta ve K\u00fcresel \u201d. 9. y\u0131l s\u00fcrecek olan bu y\u0131lki konferans, Afrika\u2019n\u0131n Alaka D\u00fczeyini \u0130ddia Etmek temas\u0131 etraf\u0131nda toplanacak: Yerel, K\u0131ta ve K\u00fcresel. Bir dizi etkile\u015fimli panel, ana adres ve tart\u0131\u015fmalar arac\u0131l\u0131\u011f\u0131yla, Afrika\u2019n\u0131n alaka d\u00fczeyini \u00f6ne s\u00fcrmenin yollar\u0131n\u0131 ke\u015ffedece\u011fiz:<\/p><ul><li>\u0130lk par\u00e7a, sanatsal gelenek veya y\u00f6neti\u015fim modelleri a\u00e7\u0131s\u0131ndan k\u0131ta genelinde varolan farkl\u0131 yerli varl\u0131klar\u0131n stoklar\u0131n\u0131 \u00e7ekerken, yerli halk kavram\u0131 \u00fczerine ele\u015ftirel bir g\u00f6z at\u0131yor.<\/li><li>\u0130kinci par\u00e7a, Afrika\u2019n\u0131n bir k\u0131ta birimi olarak alaka d\u00fczeyini ele alacak ve Pan Afrika kimli\u011fi ve siyasi ideolojileri gibi maddi olmayanlardan kurumlar ve yollar gibi maddi olanlardan \u00e7ok say\u0131da entegrasyona derin bir dal\u0131\u015f yapacak.<\/li><li>\u00dc\u00e7\u00fcnc\u00fc par\u00e7a, Afrika\u2019n\u0131n d\u00fcnyadaki yerini ke\u015ffedecek. Yerli varl\u0131klar\u0131m\u0131z ve tutarl\u0131 bir co\u011frafi ve politik birim te\u015fkil eden \u015feyin ne oldu\u011fu konusundaki anlay\u0131\u015f\u0131m\u0131z, Afrika&#8217;n\u0131n daha geni\u015f \u00e7ok tarafl\u0131l\u0131\u011fa nas\u0131l ve nerede uymas\u0131 gerekiyor? Afrika nas\u0131l esnek ve etkili bir k\u00fcresel oyuncu ve ortak olabilir?<\/li><\/ul><p>Bu y\u0131l, 1919 Pan-Afrika Konferans\u0131n\u0131n 100. y\u0131l d\u00f6n\u00fcm\u00fc, 1619 k\u00f6lele\u015ftirilmi\u015f Afrikal\u0131 Amerikal\u0131lar\u0131n geli\u015finin 400. y\u0131l d\u00f6n\u00fcm\u00fc ve Birle\u015fmi\u015f Milletler ilan\u0131 gibi birka\u00e7 an\u0131tsal d\u00f6n\u00fcm noktas\u0131 oldu\u011fu i\u00e7in konferans i\u00e7in \u00f6zellikle heyecan verici bir y\u0131l. Afrika k\u00f6kenli insanlar\u0131n on y\u0131l\u0131. Konferans, diasporadaki Afrika ve Afrikal\u0131lar hakk\u0131ndaki ele\u015ftirel bir k\u00fcresel s\u00f6ylemin ortas\u0131nda, \u00e7ok \u00f6nemli bir zamanda ger\u00e7ekle\u015fiyor.<\/p><p>\u00d6\u011frenciler, akademisyenler, yenilik\u00e7iler ve izciler, Afrika\u2019n\u0131n 21. y\u00fczy\u0131l ger\u00e7ekliklerinin zorluklar\u0131n\u0131 ke\u015ffetmeye ve Afrika\u2019n\u0131n refah\u0131 i\u00e7in ileriye d\u00f6n\u00fck yollar \u00e7izmeye davet edilir. Pan-Afrika bilgisinin g\u00fcc\u00fcne de\u011fer veriyoruz ve kat\u0131l\u0131mc\u0131lar\u0131 bu konferans\u0131 bilgilerini \u00f6\u011frenmek, kat\u0131lmak ve payla\u015fmak i\u00e7in bir f\u0131rsat olarak kullanmaya te\u015fvik ediyoruz.<\/p>\t\t\t\t\t\t\t\t<\/div>\n\t\t\t\t<\/div>\n\t\t\t\t\t<\/div>\n\t\t<\/div>\n\t\t\t\t\t<\/div>\n\t\t<\/section>\n\t\t\t\t<section class=\"elementor-section elementor-top-section elementor-element elementor-element-328bca2 elementor-section-boxed elementor-section-height-default elementor-section-height-default\" data-id=\"328bca2\" data-element_type=\"section\">\n\t\t\t\t\t\t<div class=\"elementor-container elementor-column-gap-default\">\n\t\t\t\t\t<div class=\"elementor-column elementor-col-100 elementor-top-column elementor-element elementor-element-02d60ab\" data-id=\"02d60ab\" data-element_type=\"column\">\n\t\t\t<div class=\"elementor-widget-wrap elementor-element-populated\">\n\t\t\t\t\t\t<div class=\"elementor-element elementor-element-efa5c2f elementor-arrows-position-inside elementor-pagination-position-outside elementor-widget elementor-widget-image-carousel\" data-id=\"efa5c2f\" data-element_type=\"widget\" data-settings=\"{&quot;slides_to_show&quot;:&quot;1&quot;,&quot;navigation&quot;:&quot;both&quot;,&quot;autoplay&quot;:&quot;yes&quot;,&quot;pause_on_hover&quot;:&quot;yes&quot;,&quot;pause_on_interaction&quot;:&quot;yes&quot;,&quot;autoplay_speed&quot;:5000,&quot;infinite&quot;:&quot;yes&quot;,&quot;effect&quot;:&quot;slide&quot;,&quot;speed&quot;:500}\" data-widget_type=\"image-carousel.default\">\n\t\t\t\t<div class=\"elementor-widget-container\">\n\t\t\t\t\t\t\t<div class=\"elementor-image-carousel-wrapper swiper\" role=\"region\" aria-roledescription=\"carousel\" aria-label=\"Resim D\u00f6ng\u00fcs\u00fc\" dir=\"ltr\">\n\t\t\t<div class=\"elementor-image-carousel swiper-wrapper\" aria-live=\"off\">\n\t\t\t\t\t\t\t\t<div class=\"swiper-slide\" role=\"group\" aria-roledescription=\"slide\" aria-label=\"1 \/ 3\"><figure class=\"swiper-slide-inner\"><img decoding=\"async\" class=\"swiper-slide-image\" src=\"https:\/\/www.istanbulafrica.com\/wp-content\/uploads\/2019\/06\/WhatsApp-Image-2019-06-21-at-10.11.07-1-768x576.jpeg\" alt=\"oxford africa conference\" \/><\/figure><\/div><div class=\"swiper-slide\" role=\"group\" aria-roledescription=\"slide\" aria-label=\"2 \/ 3\"><figure class=\"swiper-slide-inner\"><img decoding=\"async\" class=\"swiper-slide-image\" src=\"https:\/\/www.istanbulafrica.com\/wp-content\/uploads\/2019\/06\/WhatsApp-Image-2019-06-21-at-10.11.07-2-768x576.jpeg\" alt=\"oxford africa conference\" \/><\/figure><\/div><div class=\"swiper-slide\" role=\"group\" aria-roledescription=\"slide\" aria-label=\"3 \/ 3\"><figure class=\"swiper-slide-inner\"><img decoding=\"async\" class=\"swiper-slide-image\" src=\"https:\/\/www.istanbulafrica.com\/wp-content\/uploads\/2019\/06\/WhatsApp-Image-2019-06-21-at-10.11.07-768x576.jpeg\" alt=\"oxford africa conference\" \/><\/figure><\/div>\t\t\t<\/div>\n\t\t\t\t\t\t\t\t\t\t\t\t<div class=\"elementor-swiper-button elementor-swiper-button-prev\" role=\"button\" tabindex=\"0\">\n\t\t\t\t\t\t<i aria-hidden=\"true\" class=\"eicon-chevron-left\"><\/i>\t\t\t\t\t<\/div>\n\t\t\t\t\t<div class=\"elementor-swiper-button elementor-swiper-button-next\" role=\"button\" tabindex=\"0\">\n\t\t\t\t\t\t<i aria-hidden=\"true\" class=\"eicon-chevron-right\"><\/i>\t\t\t\t\t<\/div>\n\t\t\t\t\n\t\t\t\t\t\t\t\t\t<div class=\"swiper-pagination\"><\/div>\n\t\t\t\t\t\t\t\t\t<\/div>\n\t\t\t\t\t\t<\/div>\n\t\t\t\t<\/div>\n\t\t\t\t\t<\/div>\n\t\t<\/div>\n\t\t\t\t\t<\/div>\n\t\t<\/section>\n\t\t\t\t<\/div>\n\t\t","protected":false},"excerpt":{"rendered":"<p>18 May\u0131s 2019 \u0130stanbul Afrika Ticaret \u015eirketinin Konferansa Kat\u0131l\u0131m\u0131 Afrika Pazarlar\u0131 Direkt\u00f6r\u00fc Burak \u00dcnal, 18 May\u0131s 2019&#8217;da Oxford Blavatnik Devlet [&hellip;]<\/p>\n","protected":false},"author":1,"featured_media":1759,"comment_status":"open","ping_status":"open","sticky":false,"template":"","format":"standard","meta":{"_monsterinsights_skip_tracking":false,"_monsterinsights_sitenote_active":false,"_monsterinsights_sitenote_note":"","_monsterinsights_sitenote_category":0,"footnotes":""},"categories":[37],"tags":[],"class_list":["post-1767","post","type-post","status-publish","format-standard","has-post-thumbnail","hentry","category-etkinlik"],"yoast_head":"<!-- This site is optimized with the Yoast SEO Premium plugin v25.7.1 (Yoast SEO v25.8) - https:\/\/yoast.com\/wordpress\/plugins\/seo\/ -->\n<title>Oxford Afrika Konferans\u0131 2019 - Istanbul Africa Trade Company<\/title>\n<meta name=\"description\" content=\"Oxford Afrika Zirvesi Konferans , afrika ticaret konferans\u0131 afrika ihracat nijerya gana senegal zimbabve ticaret yat\u0131r\u0131m in\u015faat f\u0131rsat kazan\u00e7\" \/>\n<meta name=\"robots\" content=\"index, follow, max-snippet:-1, max-image-preview:large, max-video-preview:-1\" \/>\n<link rel=\"canonical\" href=\"https:\/\/www.istanbulafrica.com\/tr\/oxford-afrika-konferansi-2019\/\" \/>\n<meta property=\"og:locale\" content=\"en_US\" \/>\n<meta property=\"og:type\" content=\"article\" \/>\n<meta property=\"og:title\" content=\"Oxford Afrika Konferans\u0131 2019\" \/>\n<meta property=\"og:description\" content=\"Oxford Afrika Zirvesi Konferans , afrika ticaret konferans\u0131 afrika ihracat nijerya gana senegal zimbabve ticaret yat\u0131r\u0131m in\u015faat f\u0131rsat kazan\u00e7\" \/>\n<meta property=\"og:url\" content=\"https:\/\/www.istanbulafrica.com\/tr\/oxford-afrika-konferansi-2019\/\" \/>\n<meta property=\"og:site_name\" content=\"Istanbul Africa Trade Company\" \/>\n<meta property=\"article:publisher\" content=\"http:\/\/www.facebook.com\/istanbulafrica\" \/>\n<meta property=\"article:published_time\" content=\"2019-06-21T08:23:19+00:00\" \/>\n<meta property=\"article:modified_time\" content=\"2020-04-05T10:06:55+00:00\" \/>\n<meta property=\"og:image\" content=\"https:\/\/www.istanbulafrica.com\/wp-content\/uploads\/2019\/06\/OxfordConf1.jpg\" \/>\n\t<meta property=\"og:image:width\" content=\"1200\" \/>\n\t<meta property=\"og:image:height\" content=\"900\" \/>\n\t<meta property=\"og:image:type\" content=\"image\/jpeg\" \/>\n<meta name=\"author\" content=\"admin\" \/>\n<meta name=\"twitter:card\" content=\"summary_large_image\" \/>\n<meta name=\"twitter:creator\" content=\"@istanbulafrica\" \/>\n<meta name=\"twitter:site\" content=\"@istanbulafrica\" \/>\n<meta name=\"twitter:label1\" content=\"Written by\" \/>\n\t<meta name=\"twitter:data1\" content=\"\" \/>\n\t<meta name=\"twitter:label2\" content=\"Est. reading time\" \/>\n\t<meta name=\"twitter:data2\" content=\"3 minutes\" \/>\n<script type=\"application\/ld+json\" class=\"yoast-schema-graph\">{\"@context\":\"https:\/\/schema.org\",\"@graph\":[{\"@type\":\"Article\",\"@id\":\"https:\/\/www.istanbulafrica.com\/tr\/oxford-afrika-konferansi-2019\/#article\",\"isPartOf\":{\"@id\":\"https:\/\/www.istanbulafrica.com\/tr\/oxford-afrika-konferansi-2019\/\"},\"author\":{\"name\":\"admin\",\"@id\":\"https:\/\/www.istanbulafrica.com\/#\/schema\/person\/e0f8b3b562d664e99942c2ca70031388\"},\"headline\":\"Oxford Afrika Konferans\u0131 2019\",\"datePublished\":\"2019-06-21T08:23:19+00:00\",\"dateModified\":\"2020-04-05T10:06:55+00:00\",\"mainEntityOfPage\":{\"@id\":\"https:\/\/www.istanbulafrica.com\/tr\/oxford-afrika-konferansi-2019\/\"},\"wordCount\":534,\"commentCount\":0,\"publisher\":{\"@id\":\"https:\/\/www.istanbulafrica.com\/#organization\"},\"image\":{\"@id\":\"https:\/\/www.istanbulafrica.com\/tr\/oxford-afrika-konferansi-2019\/#primaryimage\"},\"thumbnailUrl\":\"https:\/\/www.istanbulafrica.com\/wp-content\/uploads\/2019\/06\/OxfordConf1.jpg\",\"articleSection\":[\"Etkinlik\"],\"inLanguage\":\"en-US\",\"potentialAction\":[{\"@type\":\"CommentAction\",\"name\":\"Comment\",\"target\":[\"https:\/\/www.istanbulafrica.com\/tr\/oxford-afrika-konferansi-2019\/#respond\"]}]},{\"@type\":\"WebPage\",\"@id\":\"https:\/\/www.istanbulafrica.com\/tr\/oxford-afrika-konferansi-2019\/\",\"url\":\"https:\/\/www.istanbulafrica.com\/tr\/oxford-afrika-konferansi-2019\/\",\"name\":\"Oxford Afrika Konferans\u0131 2019 - Istanbul Africa Trade Company\",\"isPartOf\":{\"@id\":\"https:\/\/www.istanbulafrica.com\/#website\"},\"primaryImageOfPage\":{\"@id\":\"https:\/\/www.istanbulafrica.com\/tr\/oxford-afrika-konferansi-2019\/#primaryimage\"},\"image\":{\"@id\":\"https:\/\/www.istanbulafrica.com\/tr\/oxford-afrika-konferansi-2019\/#primaryimage\"},\"thumbnailUrl\":\"https:\/\/www.istanbulafrica.com\/wp-content\/uploads\/2019\/06\/OxfordConf1.jpg\",\"datePublished\":\"2019-06-21T08:23:19+00:00\",\"dateModified\":\"2020-04-05T10:06:55+00:00\",\"description\":\"Oxford Afrika Zirvesi Konferans , afrika ticaret konferans\u0131 afrika ihracat nijerya gana senegal zimbabve ticaret yat\u0131r\u0131m in\u015faat f\u0131rsat kazan\u00e7\",\"breadcrumb\":{\"@id\":\"https:\/\/www.istanbulafrica.com\/tr\/oxford-afrika-konferansi-2019\/#breadcrumb\"},\"inLanguage\":\"en-US\",\"potentialAction\":[{\"@type\":\"ReadAction\",\"target\":[\"https:\/\/www.istanbulafrica.com\/tr\/oxford-afrika-konferansi-2019\/\"]}]},{\"@type\":\"ImageObject\",\"inLanguage\":\"en-US\",\"@id\":\"https:\/\/www.istanbulafrica.com\/tr\/oxford-afrika-konferansi-2019\/#primaryimage\",\"url\":\"https:\/\/www.istanbulafrica.com\/wp-content\/uploads\/2019\/06\/OxfordConf1.jpg\",\"contentUrl\":\"https:\/\/www.istanbulafrica.com\/wp-content\/uploads\/2019\/06\/OxfordConf1.jpg\",\"width\":1200,\"height\":900,\"caption\":\"oxford africa conference\"},{\"@type\":\"BreadcrumbList\",\"@id\":\"https:\/\/www.istanbulafrica.com\/tr\/oxford-afrika-konferansi-2019\/#breadcrumb\",\"itemListElement\":[{\"@type\":\"ListItem\",\"position\":1,\"name\":\"Home\",\"item\":\"https:\/\/www.istanbulafrica.com\/\"},{\"@type\":\"ListItem\",\"position\":2,\"name\":\"Oxford Afrika Konferans\u0131 2019\"}]},{\"@type\":\"WebSite\",\"@id\":\"https:\/\/www.istanbulafrica.com\/#website\",\"url\":\"https:\/\/www.istanbulafrica.com\/\",\"name\":\"Istanbul Africa Trade Company\",\"description\":\"Import, Export and Investment\",\"publisher\":{\"@id\":\"https:\/\/www.istanbulafrica.com\/#organization\"},\"potentialAction\":[{\"@type\":\"SearchAction\",\"target\":{\"@type\":\"EntryPoint\",\"urlTemplate\":\"https:\/\/www.istanbulafrica.com\/?s={search_term_string}\"},\"query-input\":{\"@type\":\"PropertyValueSpecification\",\"valueRequired\":true,\"valueName\":\"search_term_string\"}}],\"inLanguage\":\"en-US\"},{\"@type\":\"Organization\",\"@id\":\"https:\/\/www.istanbulafrica.com\/#organization\",\"name\":\"Istanbul Africa Trade Company\",\"url\":\"https:\/\/www.istanbulafrica.com\/\",\"logo\":{\"@type\":\"ImageObject\",\"inLanguage\":\"en-US\",\"@id\":\"https:\/\/www.istanbulafrica.com\/#\/schema\/logo\/image\/\",\"url\":\"https:\/\/www.istanbulafrica.com\/wp-content\/uploads\/2018\/11\/Logo-5_Multicolor-1-e1543258165564.png\",\"contentUrl\":\"https:\/\/www.istanbulafrica.com\/wp-content\/uploads\/2018\/11\/Logo-5_Multicolor-1-e1543258165564.png\",\"width\":300,\"height\":82,\"caption\":\"Istanbul Africa Trade Company\"},\"image\":{\"@id\":\"https:\/\/www.istanbulafrica.com\/#\/schema\/logo\/image\/\"},\"sameAs\":[\"http:\/\/www.facebook.com\/istanbulafrica\",\"https:\/\/x.com\/istanbulafrica\",\"https:\/\/www.instagram.com\/istanbulafrica\",\"https:\/\/linkedin.com\/company\/istanbulafrica\"]},{\"@type\":\"Person\",\"@id\":\"https:\/\/www.istanbulafrica.com\/#\/schema\/person\/e0f8b3b562d664e99942c2ca70031388\",\"name\":\"admin\",\"image\":{\"@type\":\"ImageObject\",\"inLanguage\":\"en-US\",\"@id\":\"https:\/\/www.istanbulafrica.com\/#\/schema\/person\/image\/\",\"url\":\"https:\/\/www.istanbulafrica.com\/wp-content\/litespeed\/avatar\/063478b0608c9232a95d704ee9061d12.jpg?ver=1758542353\",\"contentUrl\":\"https:\/\/www.istanbulafrica.com\/wp-content\/litespeed\/avatar\/063478b0608c9232a95d704ee9061d12.jpg?ver=1758542353\",\"caption\":\"admin\"}}]}<\/script>\n<!-- \/ Yoast SEO Premium plugin. -->","yoast_head_json":{"title":"Oxford Afrika Konferans\u0131 2019 - Istanbul Africa Trade Company","description":"Oxford Afrika Zirvesi Konferans , afrika ticaret konferans\u0131 afrika ihracat nijerya gana senegal zimbabve ticaret yat\u0131r\u0131m in\u015faat f\u0131rsat kazan\u00e7","robots":{"index":"index","follow":"follow","max-snippet":"max-snippet:-1","max-image-preview":"max-image-preview:large","max-video-preview":"max-video-preview:-1"},"canonical":"https:\/\/www.istanbulafrica.com\/tr\/oxford-afrika-konferansi-2019\/","og_locale":"en_US","og_type":"article","og_title":"Oxford Afrika Konferans\u0131 2019","og_description":"Oxford Afrika Zirvesi Konferans , afrika ticaret konferans\u0131 afrika ihracat nijerya gana senegal zimbabve ticaret yat\u0131r\u0131m in\u015faat f\u0131rsat kazan\u00e7","og_url":"https:\/\/www.istanbulafrica.com\/tr\/oxford-afrika-konferansi-2019\/","og_site_name":"Istanbul Africa Trade Company","article_publisher":"http:\/\/www.facebook.com\/istanbulafrica","article_published_time":"2019-06-21T08:23:19+00:00","article_modified_time":"2020-04-05T10:06:55+00:00","og_image":[{"width":1200,"height":900,"url":"https:\/\/www.istanbulafrica.com\/wp-content\/uploads\/2019\/06\/OxfordConf1.jpg","type":"image\/jpeg"}],"author":"admin","twitter_card":"summary_large_image","twitter_creator":"@istanbulafrica","twitter_site":"@istanbulafrica","twitter_misc":{"Written by":false,"Est. reading time":"3 minutes"},"schema":{"@context":"https:\/\/schema.org","@graph":[{"@type":"Article","@id":"https:\/\/www.istanbulafrica.com\/tr\/oxford-afrika-konferansi-2019\/#article","isPartOf":{"@id":"https:\/\/www.istanbulafrica.com\/tr\/oxford-afrika-konferansi-2019\/"},"author":{"name":"admin","@id":"https:\/\/www.istanbulafrica.com\/#\/schema\/person\/e0f8b3b562d664e99942c2ca70031388"},"headline":"Oxford Afrika Konferans\u0131 2019","datePublished":"2019-06-21T08:23:19+00:00","dateModified":"2020-04-05T10:06:55+00:00","mainEntityOfPage":{"@id":"https:\/\/www.istanbulafrica.com\/tr\/oxford-afrika-konferansi-2019\/"},"wordCount":534,"commentCount":0,"publisher":{"@id":"https:\/\/www.istanbulafrica.com\/#organization"},"image":{"@id":"https:\/\/www.istanbulafrica.com\/tr\/oxford-afrika-konferansi-2019\/#primaryimage"},"thumbnailUrl":"https:\/\/www.istanbulafrica.com\/wp-content\/uploads\/2019\/06\/OxfordConf1.jpg","articleSection":["Etkinlik"],"inLanguage":"en-US","potentialAction":[{"@type":"CommentAction","name":"Comment","target":["https:\/\/www.istanbulafrica.com\/tr\/oxford-afrika-konferansi-2019\/#respond"]}]},{"@type":"WebPage","@id":"https:\/\/www.istanbulafrica.com\/tr\/oxford-afrika-konferansi-2019\/","url":"https:\/\/www.istanbulafrica.com\/tr\/oxford-afrika-konferansi-2019\/","name":"Oxford Afrika Konferans\u0131 2019 - Istanbul Africa Trade Company","isPartOf":{"@id":"https:\/\/www.istanbulafrica.com\/#website"},"primaryImageOfPage":{"@id":"https:\/\/www.istanbulafrica.com\/tr\/oxford-afrika-konferansi-2019\/#primaryimage"},"image":{"@id":"https:\/\/www.istanbulafrica.com\/tr\/oxford-afrika-konferansi-2019\/#primaryimage"},"thumbnailUrl":"https:\/\/www.istanbulafrica.com\/wp-content\/uploads\/2019\/06\/OxfordConf1.jpg","datePublished":"2019-06-21T08:23:19+00:00","dateModified":"2020-04-05T10:06:55+00:00","description":"Oxford Afrika Zirvesi Konferans , afrika ticaret konferans\u0131 afrika ihracat nijerya gana senegal zimbabve ticaret yat\u0131r\u0131m in\u015faat f\u0131rsat kazan\u00e7","breadcrumb":{"@id":"https:\/\/www.istanbulafrica.com\/tr\/oxford-afrika-konferansi-2019\/#breadcrumb"},"inLanguage":"en-US","potentialAction":[{"@type":"ReadAction","target":["https:\/\/www.istanbulafrica.com\/tr\/oxford-afrika-konferansi-2019\/"]}]},{"@type":"ImageObject","inLanguage":"en-US","@id":"https:\/\/www.istanbulafrica.com\/tr\/oxford-afrika-konferansi-2019\/#primaryimage","url":"https:\/\/www.istanbulafrica.com\/wp-content\/uploads\/2019\/06\/OxfordConf1.jpg","contentUrl":"https:\/\/www.istanbulafrica.com\/wp-content\/uploads\/2019\/06\/OxfordConf1.jpg","width":1200,"height":900,"caption":"oxford africa conference"},{"@type":"BreadcrumbList","@id":"https:\/\/www.istanbulafrica.com\/tr\/oxford-afrika-konferansi-2019\/#breadcrumb","itemListElement":[{"@type":"ListItem","position":1,"name":"Home","item":"https:\/\/www.istanbulafrica.com\/"},{"@type":"ListItem","position":2,"name":"Oxford Afrika Konferans\u0131 2019"}]},{"@type":"WebSite","@id":"https:\/\/www.istanbulafrica.com\/#website","url":"https:\/\/www.istanbulafrica.com\/","name":"Istanbul Africa Trade Company","description":"Import, Export and Investment","publisher":{"@id":"https:\/\/www.istanbulafrica.com\/#organization"},"potentialAction":[{"@type":"SearchAction","target":{"@type":"EntryPoint","urlTemplate":"https:\/\/www.istanbulafrica.com\/?s={search_term_string}"},"query-input":{"@type":"PropertyValueSpecification","valueRequired":true,"valueName":"search_term_string"}}],"inLanguage":"en-US"},{"@type":"Organization","@id":"https:\/\/www.istanbulafrica.com\/#organization","name":"Istanbul Africa Trade Company","url":"https:\/\/www.istanbulafrica.com\/","logo":{"@type":"ImageObject","inLanguage":"en-US","@id":"https:\/\/www.istanbulafrica.com\/#\/schema\/logo\/image\/","url":"https:\/\/www.istanbulafrica.com\/wp-content\/uploads\/2018\/11\/Logo-5_Multicolor-1-e1543258165564.png","contentUrl":"https:\/\/www.istanbulafrica.com\/wp-content\/uploads\/2018\/11\/Logo-5_Multicolor-1-e1543258165564.png","width":300,"height":82,"caption":"Istanbul Africa Trade Company"},"image":{"@id":"https:\/\/www.istanbulafrica.com\/#\/schema\/logo\/image\/"},"sameAs":["http:\/\/www.facebook.com\/istanbulafrica","https:\/\/x.com\/istanbulafrica","https:\/\/www.instagram.com\/istanbulafrica","https:\/\/linkedin.com\/company\/istanbulafrica"]},{"@type":"Person","@id":"https:\/\/www.istanbulafrica.com\/#\/schema\/person\/e0f8b3b562d664e99942c2ca70031388","name":"admin","image":{"@type":"ImageObject","inLanguage":"en-US","@id":"https:\/\/www.istanbulafrica.com\/#\/schema\/person\/image\/","url":"https:\/\/www.istanbulafrica.com\/wp-content\/litespeed\/avatar\/063478b0608c9232a95d704ee9061d12.jpg?ver=1758542353","contentUrl":"https:\/\/www.istanbulafrica.com\/wp-content\/litespeed\/avatar\/063478b0608c9232a95d704ee9061d12.jpg?ver=1758542353","caption":"admin"}}]}},"_links":{"self":[{"href":"https:\/\/www.istanbulafrica.com\/wp-json\/wp\/v2\/posts\/1767","targetHints":{"allow":["GET"]}}],"collection":[{"href":"https:\/\/www.istanbulafrica.com\/wp-json\/wp\/v2\/posts"}],"about":[{"href":"https:\/\/www.istanbulafrica.com\/wp-json\/wp\/v2\/types\/post"}],"author":[{"embeddable":true,"href":"https:\/\/www.istanbulafrica.com\/wp-json\/wp\/v2\/users\/1"}],"replies":[{"embeddable":true,"href":"https:\/\/www.istanbulafrica.com\/wp-json\/wp\/v2\/comments?post=1767"}],"version-history":[{"count":3,"href":"https:\/\/www.istanbulafrica.com\/wp-json\/wp\/v2\/posts\/1767\/revisions"}],"predecessor-version":[{"id":1774,"href":"https:\/\/www.istanbulafrica.com\/wp-json\/wp\/v2\/posts\/1767\/revisions\/1774"}],"wp:featuredmedia":[{"embeddable":true,"href":"https:\/\/www.istanbulafrica.com\/wp-json\/wp\/v2\/media\/1759"}],"wp:attachment":[{"href":"https:\/\/www.istanbulafrica.com\/wp-json\/wp\/v2\/media?parent=1767"}],"wp:term":[{"taxonomy":"category","embeddable":true,"href":"https:\/\/www.istanbulafrica.com\/wp-json\/wp\/v2\/categories?post=1767"},{"taxonomy":"post_tag","embeddable":true,"href":"https:\/\/www.istanbulafrica.com\/wp-json\/wp\/v2\/tags?post=1767"}],"curies":[{"name":"wp","href":"https:\/\/api.w.org\/{rel}","templated":true}]}}