{"id":2558,"date":"2019-10-31T09:54:31","date_gmt":"2019-10-31T09:54:31","guid":{"rendered":"https:\/\/www.istanbulafrica.com\/?p=2558"},"modified":"2020-04-05T09:57:52","modified_gmt":"2020-04-05T09:57:52","slug":"atolyeden-dijital-satis-tanzanyadaki-yeni-nesil-moda-ve-hazir-giyim-sektorunun-dinamikleri","status":"publish","type":"post","link":"https:\/\/www.istanbulafrica.com\/tr\/atolyeden-dijital-satis-tanzanyadaki-yeni-nesil-moda-ve-hazir-giyim-sektorunun-dinamikleri\/","title":{"rendered":"Yerel Tekstil At\u00f6lyesinden Dijital Sat\u0131\u015f: Tanzanya&#8217;daki Yeni Nesil Moda ve Haz\u0131r Giyim Sekt\u00f6r\u00fcn\u00fcn Dinamikleri"},"content":{"rendered":"\t\t<div data-elementor-type=\"wp-post\" data-elementor-id=\"2558\" class=\"elementor elementor-2558 elementor-bc-flex-widget\">\n\t\t\t\t\t\t<section class=\"elementor-section elementor-top-section elementor-element elementor-element-21adafc elementor-section-boxed elementor-section-height-default elementor-section-height-default\" data-id=\"21adafc\" data-element_type=\"section\">\n\t\t\t\t\t\t<div class=\"elementor-container elementor-column-gap-default\">\n\t\t\t\t\t<div class=\"elementor-column elementor-col-100 elementor-top-column elementor-element elementor-element-e679d7c\" data-id=\"e679d7c\" data-element_type=\"column\">\n\t\t\t<div class=\"elementor-widget-wrap elementor-element-populated\">\n\t\t\t\t\t\t<div class=\"elementor-element elementor-element-29d1e5d elementor-widget elementor-widget-text-editor\" data-id=\"29d1e5d\" data-element_type=\"widget\" data-widget_type=\"text-editor.default\">\n\t\t\t\t<div class=\"elementor-widget-container\">\n\t\t\t\t\t\t\t\t\t<p>Her b\u00f6lgenin kendine \u00f6zg\u00fc i\u015f dinamikleri ve tedarik zinciri vard\u0131r. Tekstil end\u00fcstrisinin dinamikleri ve Do\u011fu Afrika&#8217;da giri\u015fimcilik h\u0131zla geli\u015fmektedir. Dijital medya ve dijital sat\u0131\u015flar\u0131n yayg\u0131n kullan\u0131m\u0131, geleneksel end\u00fcstriyi yeni sat\u0131\u015f kanallar\u0131 ile birle\u015ftiren giri\u015fimci \u015firketlere yol a\u00e7maktad\u0131r. Uluslararas\u0131 \u015firketler, b\u00fcy\u00fck bir yat\u0131r\u0131m yapmadan \u00f6nce her sekt\u00f6rdeki e\u011filimleri ve de\u011fer zincirini dikkatli bir \u015fekilde analiz etmelidir.<\/p><h5>Kurumsal Finansman \u00c7\u00f6z\u00fcmleri Olmadan Giri\u015fimcilik<\/h5><p>Msafiri Raphael Paschal, Tanzanya&#8217;n\u0131n Dar es Salaam kentinde 28 ya\u015f\u0131nda bir giri\u015fimci. Kitenge kuma\u015f\u0131 (Sahra alt\u0131 Afrika&#8217;da yayg\u0131n olarak kullan\u0131lan renkli kuma\u015f par\u00e7alar\u0131) kullanarak \u00e7anta, \u00e7e\u015fitli k\u0131yafet ve her t\u00fcrl\u00fc aksesuar \u00fcreten bir at\u00f6lyenin sahibi. Kilimanjaro Da\u011f\u0131&#8217;n\u0131n k\u0131rsal b\u00f6lgelerinde yeti\u015fen annesinden Kitenge hakk\u0131nda her \u015feyi \u00f6\u011frendi. Ard\u0131ndan aile gelene\u011fini teknoloji ve modern \u00fcretim teknikleriyle birle\u015ftirdi.<\/p><p>\u015eirketine 23 ya\u015f\u0131nda Dar es Salaam \u00dcniversitesi&#8217;nde \u00f6\u011frenciyken ba\u015flad\u0131. Kitenge kuma\u015f\u0131n modern giysilere eklenerek pazarda f\u0131rsat yakalayabilece\u011fini fark etti. \u0130lk \u00f6nce piyasadan ald\u0131\u011f\u0131 basit ti\u015f\u00f6rtlere Kitenge par\u00e7alar\u0131n\u0131 modaya uygun \u015fekilde dikti, ard\u0131ndan onlar\u0131 turistlere hizmet veren yerel ma\u011fazalara satt\u0131. \u00dcretim faaliyetleri i\u00e7in ba\u015fka bir at\u00f6lyenin diki\u015f makinelerini kiralad\u0131 ve sadece g\u00fcnl\u00fck kullan\u0131m i\u00e7in kuma\u015f ald\u0131.<\/p><p>Uygun fiyatl\u0131 banka kredisi ve mikrofinans \u00e7\u00f6z\u00fcmlerinin olmay\u0131\u015f\u0131 onu \u00fcniversite burs tasarruflar\u0131n\u0131 kullanmaya ve makine sat\u0131n almak i\u00e7in aile bireylerinden yat\u0131r\u0131m \u00f6d\u00fcn\u00e7 almaya zorlad\u0131. \u0130kinci el diki\u015f makinalar\u0131 ald\u0131 ve Dar es Salaam&#8217;da bir at\u00f6lye kiralad\u0131. \u015eu anda \u015firketin giysi tasar\u0131m\u0131, kesimi ve dikilmesinde g\u00f6rev alan 6 \u00e7al\u0131\u015fan\u0131 bulunuyor.<\/p>\t\t\t\t\t\t\t\t<\/div>\n\t\t\t\t<\/div>\n\t\t\t\t\t<\/div>\n\t\t<\/div>\n\t\t\t\t\t<\/div>\n\t\t<\/section>\n\t\t\t\t<section class=\"elementor-section elementor-top-section elementor-element elementor-element-d7e7317 elementor-section-boxed elementor-section-height-default elementor-section-height-default\" data-id=\"d7e7317\" data-element_type=\"section\">\n\t\t\t\t\t\t<div class=\"elementor-container elementor-column-gap-default\">\n\t\t\t\t\t<div class=\"elementor-column elementor-col-100 elementor-top-column elementor-element elementor-element-ddc7c9a\" data-id=\"ddc7c9a\" data-element_type=\"column\">\n\t\t\t<div class=\"elementor-widget-wrap elementor-element-populated\">\n\t\t\t\t\t\t<div class=\"elementor-element elementor-element-733e36f elementor-widget elementor-widget-image\" data-id=\"733e36f\" data-element_type=\"widget\" data-widget_type=\"image.default\">\n\t\t\t\t<div class=\"elementor-widget-container\">\n\t\t\t\t\t\t\t\t\t\t\t\t<figure class=\"wp-caption\">\n\t\t\t\t\t\t\t\t\t\t<img fetchpriority=\"high\" decoding=\"async\" width=\"1024\" height=\"768\" src=\"https:\/\/www.istanbulafrica.com\/wp-content\/uploads\/2019\/10\/Msafiri-textile-africa-4-1024x768.jpg\" class=\"attachment-large size-large wp-image-2546\" alt=\"\" srcset=\"https:\/\/www.istanbulafrica.com\/wp-content\/uploads\/2019\/10\/Msafiri-textile-africa-4-1024x768.jpg 1024w, https:\/\/www.istanbulafrica.com\/wp-content\/uploads\/2019\/10\/Msafiri-textile-africa-4-300x225.jpg 300w, https:\/\/www.istanbulafrica.com\/wp-content\/uploads\/2019\/10\/Msafiri-textile-africa-4-768x576.jpg 768w, https:\/\/www.istanbulafrica.com\/wp-content\/uploads\/2019\/10\/Msafiri-textile-africa-4-720x540.jpg 720w, https:\/\/www.istanbulafrica.com\/wp-content\/uploads\/2019\/10\/Msafiri-textile-africa-4.jpg 2040w\" sizes=\"(max-width: 1024px) 100vw, 1024px\" \/>\t\t\t\t\t\t\t\t\t\t\t<figcaption class=\"widget-image-caption wp-caption-text\"> Tanzanya'daki Dar es Salaam'da Msafiri at\u00f6lyesi<\/figcaption>\n\t\t\t\t\t\t\t\t\t\t<\/figure>\n\t\t\t\t\t\t\t\t\t<\/div>\n\t\t\t\t<\/div>\n\t\t\t\t\t<\/div>\n\t\t<\/div>\n\t\t\t\t\t<\/div>\n\t\t<\/section>\n\t\t\t\t<section class=\"elementor-section elementor-top-section elementor-element elementor-element-01c24eb elementor-section-boxed elementor-section-height-default elementor-section-height-default\" data-id=\"01c24eb\" data-element_type=\"section\">\n\t\t\t\t\t\t<div class=\"elementor-container elementor-column-gap-default\">\n\t\t\t\t\t<div class=\"elementor-column elementor-col-100 elementor-top-column elementor-element elementor-element-60a8aa4\" data-id=\"60a8aa4\" data-element_type=\"column\">\n\t\t\t<div class=\"elementor-widget-wrap elementor-element-populated\">\n\t\t\t\t\t\t<div class=\"elementor-element elementor-element-4484c84 elementor-widget elementor-widget-text-editor\" data-id=\"4484c84\" data-element_type=\"widget\" data-widget_type=\"text-editor.default\">\n\t\t\t\t<div class=\"elementor-widget-container\">\n\t\t\t\t\t\t\t\t\t<h5><strong>Tekstil Tedarik Zinciri: K\u00fcresel \u00dcreticilerden\u00a0<\/strong><strong>Tanzanya&#8217;daki <\/strong><strong>Yerel At\u00f6lyelere<\/strong><\/h5><p>Msafiri y\u00fcksek miktarda kuma\u015f sto\u011fu tutmuyor, bunun yerine stok maliyetlerini en aza indirgemek i\u00e7in yeni sipari\u015flerle kuma\u015f sat\u0131n al\u0131yor. Kuma\u015flar \u00e7o\u011funlukla \u00c7in veya Hindistan&#8217;da \u00fcretiliyor, ancak baz\u0131 yerel tedarik\u00e7iler de var. Yabanc\u0131 kuma\u015f \u015firketleri \u00fcr\u00fcnlerini toptan olarak yerel toptanc\u0131ya sat\u0131yor, daha sonra \u00fcr\u00fcnler da\u011f\u0131t\u0131m kanallar\u0131ndan at\u00f6lyelere da\u011f\u0131t\u0131l\u0131yor.<\/p><p>Bu da\u011f\u0131t\u0131m kanallar\u0131, Tanzanya&#8217;ya kuma\u015f ihracat\u0131 hedeflemeden \u00f6nce uluslararas\u0131 tekstil \u015firketleri taraf\u0131ndan \u00e7ok dikkatli bir \u015fekilde analiz edilmelidir. Ba\u015fl\u0131ca kuma\u015f da\u011f\u0131t\u0131c\u0131lar\u0131 \u015fehir merkezinde bulunmaktad\u0131r ve mevcut stoklarla yerel at\u00f6lyelere hizmet vermektedir. Her ne kadar bu kuma\u015flar, uluslararas\u0131 pazarlardaki fiyatlara g\u00f6re \u00e7ok daha pahal\u0131 olsalar da, yerel at\u00f6lyelerin kendilerine ithal etmek i\u00e7in gerekli yat\u0131r\u0131m kayna\u011f\u0131 yoktur.<\/p>\t\t\t\t\t\t\t\t<\/div>\n\t\t\t\t<\/div>\n\t\t\t\t\t<\/div>\n\t\t<\/div>\n\t\t\t\t\t<\/div>\n\t\t<\/section>\n\t\t\t\t<section class=\"elementor-section elementor-top-section elementor-element elementor-element-6000bc1 elementor-section-boxed elementor-section-height-default elementor-section-height-default\" data-id=\"6000bc1\" data-element_type=\"section\">\n\t\t\t\t\t\t<div class=\"elementor-container elementor-column-gap-default\">\n\t\t\t\t\t<div class=\"elementor-column elementor-col-100 elementor-top-column elementor-element elementor-element-bf83fd1\" data-id=\"bf83fd1\" data-element_type=\"column\">\n\t\t\t<div class=\"elementor-widget-wrap elementor-element-populated\">\n\t\t\t\t\t\t<div class=\"elementor-element elementor-element-2da8cde elementor-widget elementor-widget-image\" data-id=\"2da8cde\" data-element_type=\"widget\" data-widget_type=\"image.default\">\n\t\t\t\t<div class=\"elementor-widget-container\">\n\t\t\t\t\t\t\t\t\t\t\t\t<figure class=\"wp-caption\">\n\t\t\t\t\t\t\t\t\t\t<img decoding=\"async\" width=\"1024\" height=\"683\" src=\"https:\/\/www.istanbulafrica.com\/wp-content\/uploads\/2019\/10\/Msafiri-Textile-Africa-5-1024x683.jpg\" class=\"attachment-large size-large wp-image-2548\" alt=\"\" srcset=\"https:\/\/www.istanbulafrica.com\/wp-content\/uploads\/2019\/10\/Msafiri-Textile-Africa-5-1024x683.jpg 1024w, https:\/\/www.istanbulafrica.com\/wp-content\/uploads\/2019\/10\/Msafiri-Textile-Africa-5-300x200.jpg 300w, https:\/\/www.istanbulafrica.com\/wp-content\/uploads\/2019\/10\/Msafiri-Textile-Africa-5-768x512.jpg 768w, https:\/\/www.istanbulafrica.com\/wp-content\/uploads\/2019\/10\/Msafiri-Textile-Africa-5-720x480.jpg 720w, https:\/\/www.istanbulafrica.com\/wp-content\/uploads\/2019\/10\/Msafiri-Textile-Africa-5-272x182.jpg 272w, https:\/\/www.istanbulafrica.com\/wp-content\/uploads\/2019\/10\/Msafiri-Textile-Africa-5.jpg 1200w\" sizes=\"(max-width: 1024px) 100vw, 1024px\" \/>\t\t\t\t\t\t\t\t\t\t\t<figcaption class=\"widget-image-caption wp-caption-text\">Kitenge - Sahra Alt\u0131 Afrika'n\u0131n Geleneksel Kuma\u015f\u0131<\/figcaption>\n\t\t\t\t\t\t\t\t\t\t<\/figure>\n\t\t\t\t\t\t\t\t\t<\/div>\n\t\t\t\t<\/div>\n\t\t\t\t\t<\/div>\n\t\t<\/div>\n\t\t\t\t\t<\/div>\n\t\t<\/section>\n\t\t\t\t<section class=\"elementor-section elementor-top-section elementor-element elementor-element-eec230f elementor-section-boxed elementor-section-height-default elementor-section-height-default\" data-id=\"eec230f\" data-element_type=\"section\">\n\t\t\t\t\t\t<div class=\"elementor-container elementor-column-gap-default\">\n\t\t\t\t\t<div class=\"elementor-column elementor-col-100 elementor-top-column elementor-element elementor-element-b351127\" data-id=\"b351127\" data-element_type=\"column\">\n\t\t\t<div class=\"elementor-widget-wrap elementor-element-populated\">\n\t\t\t\t\t\t<div class=\"elementor-element elementor-element-5bc74e0 elementor-widget elementor-widget-text-editor\" data-id=\"5bc74e0\" data-element_type=\"widget\" data-widget_type=\"text-editor.default\">\n\t\t\t\t<div class=\"elementor-widget-container\">\n\t\t\t\t\t\t\t\t\t<h5>Dijital Sat\u0131\u015f Kanallar\u0131n\u0131n Y\u00fckseli\u015fi ve Sosyal Medya Kullan\u0131m\u0131<\/h5><p>Teknoloji ve internet kullan\u0131m\u0131 Sahra Alt\u0131 Afrika&#8217;daki i\u015f ortam\u0131n\u0131 k\u00f6kl\u00fc bir \u015fekilde \u015fekillendirdi. GSM ve ak\u0131ll\u0131 telefonlar\u0131n kullan\u0131m oran\u0131 y\u00fcksektir ve \u015firketlerin mobil kanallar \u00fczerinden daha fazla sat\u0131\u015f yapmas\u0131 i\u00e7in ciddi f\u0131rsatlar vard\u0131r. Msafiri bu sosyal ve teknolojik trendi kendi avantaj\u0131na kullan\u0131yor.<\/p><p>\u015eirketi, Facebook ve Instagram gibi sosyal medyada \u00e7ok aktif. \u00d6ncelikle yeni tasar\u0131mlar\u0131n\u0131 ve modellerini bu platformlarda payla\u015f\u0131yor ve geri bildirim al\u0131yor. Ayr\u0131ca, sosyal medyadaki y\u00f6nlendirmeler sayesinde \u00e7ok say\u0131da sat\u0131\u015f yapt\u0131\u011f\u0131ndan bahsetti. Ek olarak, \u00fcr\u00fcnlerini tan\u0131tmak i\u00e7in Google Ads ve Facebook Ads gibi dijital reklam \u00fcr\u00fcnlerini kullan\u0131yor.<\/p><p>Sat\u0131\u015f a\u00e7\u0131s\u0131ndan \u00fc\u00e7 ana kanal kullan\u0131yor. \u0130lk \u00f6nce at\u00f6lyesinde bulunan bir showroom&#8217;da sat\u0131\u015f yapy\u0131or. \u00c7e\u015fitli \u00fcr\u00fcnler aras\u0131ndan se\u00e7im yapabilir ve at\u00f6lyede do\u011frudan sat\u0131n alabilirsiniz. \u00dcr\u00fcnlerde baz\u0131 de\u011fi\u015fiklikler istiyorsan\u0131z, at\u00f6lyede an\u0131nda yap\u0131l\u0131yor. \u0130kincisi, Dar es Salaam&#8217;\u0131n turistik b\u00f6lgelerindeki yerel ma\u011fazalara sat\u0131\u015f yap\u0131yor. Hem yerli halk hem de yabanc\u0131lar onun m\u00fc\u015fterisi. \u00dcr\u00fcnleri 10&#8217;dan fazla fiziksel ma\u011fazada bulunabilir. Son olarak, etnik \u00fcr\u00fcnlerini \u0130svi\u00e7re&#8217;de bir online web sitesi \u00fczerinden satmak i\u00e7in bir \u0130svi\u00e7re \u015firketi ile i\u015fbirli\u011fi yapt\u0131. Msafiri talep edilen \u00fcr\u00fcnleri kargo ile \u0130svi\u00e7re&#8217;ye g\u00f6nderiyor ve Avrupal\u0131 \u200b\u200bm\u00fc\u015fterilere sat\u0131l\u0131yor.<br \/><br \/><\/p>\t\t\t\t\t\t\t\t<\/div>\n\t\t\t\t<\/div>\n\t\t\t\t\t<\/div>\n\t\t<\/div>\n\t\t\t\t\t<\/div>\n\t\t<\/section>\n\t\t\t\t<section class=\"elementor-section elementor-top-section elementor-element elementor-element-8917d79 elementor-section-boxed elementor-section-height-default elementor-section-height-default\" data-id=\"8917d79\" data-element_type=\"section\">\n\t\t\t\t\t\t<div class=\"elementor-container elementor-column-gap-default\">\n\t\t\t\t\t<div class=\"elementor-column elementor-col-100 elementor-top-column elementor-element elementor-element-4e1d45b\" data-id=\"4e1d45b\" data-element_type=\"column\">\n\t\t\t<div class=\"elementor-widget-wrap elementor-element-populated\">\n\t\t\t\t\t\t<div class=\"elementor-element elementor-element-94f314a elementor-widget elementor-widget-image\" data-id=\"94f314a\" data-element_type=\"widget\" data-widget_type=\"image.default\">\n\t\t\t\t<div class=\"elementor-widget-container\">\n\t\t\t\t\t\t\t\t\t\t\t\t<figure class=\"wp-caption\">\n\t\t\t\t\t\t\t\t\t\t<img decoding=\"async\" width=\"1024\" height=\"768\" src=\"https:\/\/www.istanbulafrica.com\/wp-content\/uploads\/2019\/10\/Msafiri-textile-africa-2-1024x768.jpg\" class=\"attachment-large size-large wp-image-2544\" alt=\"\" srcset=\"https:\/\/www.istanbulafrica.com\/wp-content\/uploads\/2019\/10\/Msafiri-textile-africa-2-1024x768.jpg 1024w, https:\/\/www.istanbulafrica.com\/wp-content\/uploads\/2019\/10\/Msafiri-textile-africa-2-300x225.jpg 300w, https:\/\/www.istanbulafrica.com\/wp-content\/uploads\/2019\/10\/Msafiri-textile-africa-2-768x576.jpg 768w, https:\/\/www.istanbulafrica.com\/wp-content\/uploads\/2019\/10\/Msafiri-textile-africa-2-720x540.jpg 720w, https:\/\/www.istanbulafrica.com\/wp-content\/uploads\/2019\/10\/Msafiri-textile-africa-2.jpg 2040w\" sizes=\"(max-width: 1024px) 100vw, 1024px\" \/>\t\t\t\t\t\t\t\t\t\t\t<figcaption class=\"widget-image-caption wp-caption-text\">Bu bina at\u00f6lye ve sat\u0131\u015f showroomu olarak hizmet vermektedir.<\/figcaption>\n\t\t\t\t\t\t\t\t\t\t<\/figure>\n\t\t\t\t\t\t\t\t\t<\/div>\n\t\t\t\t<\/div>\n\t\t\t\t\t<\/div>\n\t\t<\/div>\n\t\t\t\t\t<\/div>\n\t\t<\/section>\n\t\t\t\t<section class=\"elementor-section elementor-top-section elementor-element elementor-element-9482605 elementor-section-boxed elementor-section-height-default elementor-section-height-default\" data-id=\"9482605\" data-element_type=\"section\">\n\t\t\t\t\t\t<div class=\"elementor-container elementor-column-gap-default\">\n\t\t\t\t\t<div class=\"elementor-column elementor-col-100 elementor-top-column elementor-element elementor-element-7054801\" data-id=\"7054801\" data-element_type=\"column\">\n\t\t\t<div class=\"elementor-widget-wrap elementor-element-populated\">\n\t\t\t\t\t\t<div class=\"elementor-element elementor-element-3cd95fb elementor-widget elementor-widget-text-editor\" data-id=\"3cd95fb\" data-element_type=\"widget\" data-widget_type=\"text-editor.default\">\n\t\t\t\t<div class=\"elementor-widget-container\">\n\t\t\t\t\t\t\t\t\t<h5>Yerel t\u00fcketici e\u011filimlerini ve tedarik zincirini anlaman\u0131n \u00f6nemi<\/h5><p>Sahra Alt\u0131 Afrika&#8217;daki t\u00fcketiciler ve KOB\u0130&#8217;ler kendilerine has \u00f6zelliklere sahiptir. Mobil teknolojinin kullan\u0131m\u0131 ve sat\u0131n alma g\u00fcc\u00fcndeki art\u0131\u015f t\u00fcketici pazar\u0131n\u0131 olumlu y\u00f6nde etkiledi. Ancak, KOB\u0130&#8217;ler i\u00e7in hala bir\u00e7ok engel var. Tedarik zincirinde finansman eksikli\u011fi ve komplikasyonlar ana engelleridir.<\/p><p>\u0130stanbul Afrika Ticaret \u015eirketi t\u00fcketici pazarlar\u0131 ve yerel i\u015fletme ortam\u0131 hakk\u0131nda ayr\u0131nt\u0131l\u0131 ara\u015ft\u0131rmalar yapmaktad\u0131r. Ticareti ve yat\u0131r\u0131m\u0131 kolayla\u015ft\u0131rmak i\u00e7in Afrika \u00fclkelerinde yerel ortaklar\u0131m\u0131z var. Di\u011fer ara\u015ft\u0131rma yaz\u0131lar\u0131m\u0131za ve vaka \u00e7al\u0131\u015fmalar\u0131na web sitemizden ula\u015fabilirsiniz: www.istanbulafrica.com<\/p>\t\t\t\t\t\t\t\t<\/div>\n\t\t\t\t<\/div>\n\t\t\t\t\t<\/div>\n\t\t<\/div>\n\t\t\t\t\t<\/div>\n\t\t<\/section>\n\t\t\t\t<section class=\"elementor-section elementor-top-section elementor-element elementor-element-50b4d0a elementor-section-boxed elementor-section-height-default elementor-section-height-default\" data-id=\"50b4d0a\" data-element_type=\"section\">\n\t\t\t\t\t\t<div class=\"elementor-container elementor-column-gap-default\">\n\t\t\t\t\t<div class=\"elementor-column elementor-col-100 elementor-top-column elementor-element elementor-element-f329693\" data-id=\"f329693\" data-element_type=\"column\">\n\t\t\t<div class=\"elementor-widget-wrap elementor-element-populated\">\n\t\t\t\t\t\t<div class=\"elementor-element elementor-element-ef549e9 elementor-widget elementor-widget-image\" data-id=\"ef549e9\" data-element_type=\"widget\" data-widget_type=\"image.default\">\n\t\t\t\t<div class=\"elementor-widget-container\">\n\t\t\t\t\t\t\t\t\t\t\t\t<figure class=\"wp-caption\">\n\t\t\t\t\t\t\t\t\t\t<img loading=\"lazy\" decoding=\"async\" width=\"1024\" height=\"683\" src=\"https:\/\/www.istanbulafrica.com\/wp-content\/uploads\/2019\/10\/Msafiri-Textile-Africa-6-1024x683.jpg\" class=\"attachment-large size-large wp-image-2549\" alt=\"\" srcset=\"https:\/\/www.istanbulafrica.com\/wp-content\/uploads\/2019\/10\/Msafiri-Textile-Africa-6-1024x683.jpg 1024w, https:\/\/www.istanbulafrica.com\/wp-content\/uploads\/2019\/10\/Msafiri-Textile-Africa-6-300x200.jpg 300w, https:\/\/www.istanbulafrica.com\/wp-content\/uploads\/2019\/10\/Msafiri-Textile-Africa-6-768x512.jpg 768w, https:\/\/www.istanbulafrica.com\/wp-content\/uploads\/2019\/10\/Msafiri-Textile-Africa-6-720x480.jpg 720w, https:\/\/www.istanbulafrica.com\/wp-content\/uploads\/2019\/10\/Msafiri-Textile-Africa-6-272x182.jpg 272w, https:\/\/www.istanbulafrica.com\/wp-content\/uploads\/2019\/10\/Msafiri-Textile-Africa-6.jpg 1200w\" sizes=\"(max-width: 1024px) 100vw, 1024px\" \/>\t\t\t\t\t\t\t\t\t\t\t<figcaption class=\"widget-image-caption wp-caption-text\">Firmam\u0131z, T\u00fcrk \u00fcr\u00fcnlerinin Afrika \u00fclkelerinde sat\u0131\u015f\u0131n\u0131 ger\u00e7ekle\u015ftirmektedir.<\/figcaption>\n\t\t\t\t\t\t\t\t\t\t<\/figure>\n\t\t\t\t\t\t\t\t\t<\/div>\n\t\t\t\t<\/div>\n\t\t\t\t\t<\/div>\n\t\t<\/div>\n\t\t\t\t\t<\/div>\n\t\t<\/section>\n\t\t\t\t<\/div>\n\t\t","protected":false},"excerpt":{"rendered":"<p>Her b\u00f6lgenin kendine \u00f6zg\u00fc i\u015f dinamikleri ve tedarik zinciri vard\u0131r. Tekstil end\u00fcstrisinin dinamikleri ve Do\u011fu Afrika&#8217;da giri\u015fimcilik h\u0131zla geli\u015fmektedir. Dijital [&hellip;]<\/p>\n","protected":false},"author":1,"featured_media":2541,"comment_status":"open","ping_status":"open","sticky":false,"template":"","format":"standard","meta":{"_monsterinsights_skip_tracking":false,"_monsterinsights_sitenote_active":false,"_monsterinsights_sitenote_note":"","_monsterinsights_sitenote_category":0,"footnotes":""},"categories":[2701],"tags":[],"class_list":["post-2558","post","type-post","status-publish","format-standard","has-post-thumbnail","hentry","category-rapor"],"yoast_head":"<!-- This site is optimized with the Yoast SEO Premium plugin v25.7.1 (Yoast SEO v25.8) - https:\/\/yoast.com\/wordpress\/plugins\/seo\/ -->\n<title>Tanzanya Tekstil Olay \u0130nceleme - Afrika tekstil iplik kuma\u015f ihracact ithalat<\/title>\n<meta name=\"description\" content=\"Do\u011fu Afrika&#039;da tekstil end\u00fcstrisi. Kitenge at\u00f6lyeleri ve da\u011f\u0131t\u0131m\u0131. Sahra Alt\u0131 Afrika&#039;da giyim ve konfeksiyon sekt\u00f6r\u00fc. \u0130plik, elyaf ihracat\u0131 ithalat ticaret\" \/>\n<meta name=\"robots\" content=\"index, follow, max-snippet:-1, max-image-preview:large, max-video-preview:-1\" \/>\n<link rel=\"canonical\" href=\"https:\/\/www.istanbulafrica.com\/tr\/atolyeden-dijital-satis-tanzanyadaki-yeni-nesil-moda-ve-hazir-giyim-sektorunun-dinamikleri\/\" \/>\n<meta property=\"og:locale\" content=\"en_US\" \/>\n<meta property=\"og:type\" content=\"article\" \/>\n<meta property=\"og:title\" content=\"Yerel Tekstil At\u00f6lyesinden Dijital Sat\u0131\u015f: Tanzanya&#039;daki Yeni Nesil Moda ve Haz\u0131r Giyim Sekt\u00f6r\u00fcn\u00fcn Dinamikleri\" \/>\n<meta property=\"og:description\" content=\"Do\u011fu Afrika&#039;da tekstil end\u00fcstrisi. Kitenge at\u00f6lyeleri ve da\u011f\u0131t\u0131m\u0131. Sahra Alt\u0131 Afrika&#039;da giyim ve konfeksiyon sekt\u00f6r\u00fc. \u0130plik, elyaf ihracat\u0131 ithalat ticaret\" \/>\n<meta property=\"og:url\" content=\"https:\/\/www.istanbulafrica.com\/tr\/atolyeden-dijital-satis-tanzanyadaki-yeni-nesil-moda-ve-hazir-giyim-sektorunun-dinamikleri\/\" \/>\n<meta property=\"og:site_name\" content=\"Istanbul Africa Trade Company\" \/>\n<meta property=\"article:publisher\" content=\"http:\/\/www.facebook.com\/istanbulafrica\" \/>\n<meta property=\"article:published_time\" content=\"2019-10-31T09:54:31+00:00\" \/>\n<meta property=\"article:modified_time\" content=\"2020-04-05T09:57:52+00:00\" \/>\n<meta property=\"og:image\" content=\"https:\/\/www.istanbulafrica.com\/wp-content\/uploads\/2019\/10\/msafiri-textile-africa-1.jpg\" \/>\n\t<meta property=\"og:image:width\" content=\"2016\" \/>\n\t<meta property=\"og:image:height\" content=\"1512\" \/>\n\t<meta property=\"og:image:type\" content=\"image\/jpeg\" \/>\n<meta name=\"author\" content=\"admin\" \/>\n<meta name=\"twitter:card\" content=\"summary_large_image\" \/>\n<meta name=\"twitter:creator\" content=\"@istanbulafrica\" \/>\n<meta name=\"twitter:site\" content=\"@istanbulafrica\" \/>\n<meta name=\"twitter:label1\" content=\"Written by\" \/>\n\t<meta name=\"twitter:data1\" content=\"\" \/>\n\t<meta name=\"twitter:label2\" content=\"Est. reading time\" \/>\n\t<meta name=\"twitter:data2\" content=\"4 minutes\" \/>\n<script type=\"application\/ld+json\" class=\"yoast-schema-graph\">{\"@context\":\"https:\/\/schema.org\",\"@graph\":[{\"@type\":\"Article\",\"@id\":\"https:\/\/www.istanbulafrica.com\/tr\/atolyeden-dijital-satis-tanzanyadaki-yeni-nesil-moda-ve-hazir-giyim-sektorunun-dinamikleri\/#article\",\"isPartOf\":{\"@id\":\"https:\/\/www.istanbulafrica.com\/tr\/atolyeden-dijital-satis-tanzanyadaki-yeni-nesil-moda-ve-hazir-giyim-sektorunun-dinamikleri\/\"},\"author\":{\"name\":\"admin\",\"@id\":\"https:\/\/www.istanbulafrica.com\/#\/schema\/person\/e0f8b3b562d664e99942c2ca70031388\"},\"headline\":\"Yerel Tekstil At\u00f6lyesinden Dijital Sat\u0131\u015f: Tanzanya&#8217;daki Yeni Nesil Moda ve Haz\u0131r Giyim Sekt\u00f6r\u00fcn\u00fcn Dinamikleri\",\"datePublished\":\"2019-10-31T09:54:31+00:00\",\"dateModified\":\"2020-04-05T09:57:52+00:00\",\"mainEntityOfPage\":{\"@id\":\"https:\/\/www.istanbulafrica.com\/tr\/atolyeden-dijital-satis-tanzanyadaki-yeni-nesil-moda-ve-hazir-giyim-sektorunun-dinamikleri\/\"},\"wordCount\":882,\"commentCount\":0,\"publisher\":{\"@id\":\"https:\/\/www.istanbulafrica.com\/#organization\"},\"image\":{\"@id\":\"https:\/\/www.istanbulafrica.com\/tr\/atolyeden-dijital-satis-tanzanyadaki-yeni-nesil-moda-ve-hazir-giyim-sektorunun-dinamikleri\/#primaryimage\"},\"thumbnailUrl\":\"https:\/\/www.istanbulafrica.com\/wp-content\/uploads\/2019\/10\/msafiri-textile-africa-1.jpg\",\"articleSection\":[\"Rapor\"],\"inLanguage\":\"en-US\",\"potentialAction\":[{\"@type\":\"CommentAction\",\"name\":\"Comment\",\"target\":[\"https:\/\/www.istanbulafrica.com\/tr\/atolyeden-dijital-satis-tanzanyadaki-yeni-nesil-moda-ve-hazir-giyim-sektorunun-dinamikleri\/#respond\"]}]},{\"@type\":\"WebPage\",\"@id\":\"https:\/\/www.istanbulafrica.com\/tr\/atolyeden-dijital-satis-tanzanyadaki-yeni-nesil-moda-ve-hazir-giyim-sektorunun-dinamikleri\/\",\"url\":\"https:\/\/www.istanbulafrica.com\/tr\/atolyeden-dijital-satis-tanzanyadaki-yeni-nesil-moda-ve-hazir-giyim-sektorunun-dinamikleri\/\",\"name\":\"Tanzanya Tekstil Olay \u0130nceleme - Afrika tekstil iplik kuma\u015f ihracact ithalat\",\"isPartOf\":{\"@id\":\"https:\/\/www.istanbulafrica.com\/#website\"},\"primaryImageOfPage\":{\"@id\":\"https:\/\/www.istanbulafrica.com\/tr\/atolyeden-dijital-satis-tanzanyadaki-yeni-nesil-moda-ve-hazir-giyim-sektorunun-dinamikleri\/#primaryimage\"},\"image\":{\"@id\":\"https:\/\/www.istanbulafrica.com\/tr\/atolyeden-dijital-satis-tanzanyadaki-yeni-nesil-moda-ve-hazir-giyim-sektorunun-dinamikleri\/#primaryimage\"},\"thumbnailUrl\":\"https:\/\/www.istanbulafrica.com\/wp-content\/uploads\/2019\/10\/msafiri-textile-africa-1.jpg\",\"datePublished\":\"2019-10-31T09:54:31+00:00\",\"dateModified\":\"2020-04-05T09:57:52+00:00\",\"description\":\"Do\u011fu Afrika'da tekstil end\u00fcstrisi. Kitenge at\u00f6lyeleri ve da\u011f\u0131t\u0131m\u0131. Sahra Alt\u0131 Afrika'da giyim ve konfeksiyon sekt\u00f6r\u00fc. \u0130plik, elyaf ihracat\u0131 ithalat ticaret\",\"breadcrumb\":{\"@id\":\"https:\/\/www.istanbulafrica.com\/tr\/atolyeden-dijital-satis-tanzanyadaki-yeni-nesil-moda-ve-hazir-giyim-sektorunun-dinamikleri\/#breadcrumb\"},\"inLanguage\":\"en-US\",\"potentialAction\":[{\"@type\":\"ReadAction\",\"target\":[\"https:\/\/www.istanbulafrica.com\/tr\/atolyeden-dijital-satis-tanzanyadaki-yeni-nesil-moda-ve-hazir-giyim-sektorunun-dinamikleri\/\"]}]},{\"@type\":\"ImageObject\",\"inLanguage\":\"en-US\",\"@id\":\"https:\/\/www.istanbulafrica.com\/tr\/atolyeden-dijital-satis-tanzanyadaki-yeni-nesil-moda-ve-hazir-giyim-sektorunun-dinamikleri\/#primaryimage\",\"url\":\"https:\/\/www.istanbulafrica.com\/wp-content\/uploads\/2019\/10\/msafiri-textile-africa-1.jpg\",\"contentUrl\":\"https:\/\/www.istanbulafrica.com\/wp-content\/uploads\/2019\/10\/msafiri-textile-africa-1.jpg\",\"width\":2016,\"height\":1512},{\"@type\":\"BreadcrumbList\",\"@id\":\"https:\/\/www.istanbulafrica.com\/tr\/atolyeden-dijital-satis-tanzanyadaki-yeni-nesil-moda-ve-hazir-giyim-sektorunun-dinamikleri\/#breadcrumb\",\"itemListElement\":[{\"@type\":\"ListItem\",\"position\":1,\"name\":\"Home\",\"item\":\"https:\/\/www.istanbulafrica.com\/\"},{\"@type\":\"ListItem\",\"position\":2,\"name\":\"Yerel Tekstil At\u00f6lyesinden Dijital Sat\u0131\u015f: Tanzanya&#8217;daki Yeni Nesil Moda ve Haz\u0131r Giyim Sekt\u00f6r\u00fcn\u00fcn Dinamikleri\"}]},{\"@type\":\"WebSite\",\"@id\":\"https:\/\/www.istanbulafrica.com\/#website\",\"url\":\"https:\/\/www.istanbulafrica.com\/\",\"name\":\"Istanbul Africa Trade Company\",\"description\":\"Import, Export and Investment\",\"publisher\":{\"@id\":\"https:\/\/www.istanbulafrica.com\/#organization\"},\"potentialAction\":[{\"@type\":\"SearchAction\",\"target\":{\"@type\":\"EntryPoint\",\"urlTemplate\":\"https:\/\/www.istanbulafrica.com\/?s={search_term_string}\"},\"query-input\":{\"@type\":\"PropertyValueSpecification\",\"valueRequired\":true,\"valueName\":\"search_term_string\"}}],\"inLanguage\":\"en-US\"},{\"@type\":\"Organization\",\"@id\":\"https:\/\/www.istanbulafrica.com\/#organization\",\"name\":\"Istanbul Africa Trade Company\",\"url\":\"https:\/\/www.istanbulafrica.com\/\",\"logo\":{\"@type\":\"ImageObject\",\"inLanguage\":\"en-US\",\"@id\":\"https:\/\/www.istanbulafrica.com\/#\/schema\/logo\/image\/\",\"url\":\"https:\/\/www.istanbulafrica.com\/wp-content\/uploads\/2018\/11\/Logo-5_Multicolor-1-e1543258165564.png\",\"contentUrl\":\"https:\/\/www.istanbulafrica.com\/wp-content\/uploads\/2018\/11\/Logo-5_Multicolor-1-e1543258165564.png\",\"width\":300,\"height\":82,\"caption\":\"Istanbul Africa Trade Company\"},\"image\":{\"@id\":\"https:\/\/www.istanbulafrica.com\/#\/schema\/logo\/image\/\"},\"sameAs\":[\"http:\/\/www.facebook.com\/istanbulafrica\",\"https:\/\/x.com\/istanbulafrica\",\"https:\/\/www.instagram.com\/istanbulafrica\",\"https:\/\/linkedin.com\/company\/istanbulafrica\"]},{\"@type\":\"Person\",\"@id\":\"https:\/\/www.istanbulafrica.com\/#\/schema\/person\/e0f8b3b562d664e99942c2ca70031388\",\"name\":\"admin\",\"image\":{\"@type\":\"ImageObject\",\"inLanguage\":\"en-US\",\"@id\":\"https:\/\/www.istanbulafrica.com\/#\/schema\/person\/image\/\",\"url\":\"https:\/\/www.istanbulafrica.com\/wp-content\/litespeed\/avatar\/063478b0608c9232a95d704ee9061d12.jpg?ver=1758542353\",\"contentUrl\":\"https:\/\/www.istanbulafrica.com\/wp-content\/litespeed\/avatar\/063478b0608c9232a95d704ee9061d12.jpg?ver=1758542353\",\"caption\":\"admin\"}}]}<\/script>\n<!-- \/ Yoast SEO Premium plugin. -->","yoast_head_json":{"title":"Tanzanya Tekstil Olay \u0130nceleme - Afrika tekstil iplik kuma\u015f ihracact ithalat","description":"Do\u011fu Afrika'da tekstil end\u00fcstrisi. Kitenge at\u00f6lyeleri ve da\u011f\u0131t\u0131m\u0131. Sahra Alt\u0131 Afrika'da giyim ve konfeksiyon sekt\u00f6r\u00fc. \u0130plik, elyaf ihracat\u0131 ithalat ticaret","robots":{"index":"index","follow":"follow","max-snippet":"max-snippet:-1","max-image-preview":"max-image-preview:large","max-video-preview":"max-video-preview:-1"},"canonical":"https:\/\/www.istanbulafrica.com\/tr\/atolyeden-dijital-satis-tanzanyadaki-yeni-nesil-moda-ve-hazir-giyim-sektorunun-dinamikleri\/","og_locale":"en_US","og_type":"article","og_title":"Yerel Tekstil At\u00f6lyesinden Dijital Sat\u0131\u015f: Tanzanya'daki Yeni Nesil Moda ve Haz\u0131r Giyim Sekt\u00f6r\u00fcn\u00fcn Dinamikleri","og_description":"Do\u011fu Afrika'da tekstil end\u00fcstrisi. Kitenge at\u00f6lyeleri ve da\u011f\u0131t\u0131m\u0131. Sahra Alt\u0131 Afrika'da giyim ve konfeksiyon sekt\u00f6r\u00fc. \u0130plik, elyaf ihracat\u0131 ithalat ticaret","og_url":"https:\/\/www.istanbulafrica.com\/tr\/atolyeden-dijital-satis-tanzanyadaki-yeni-nesil-moda-ve-hazir-giyim-sektorunun-dinamikleri\/","og_site_name":"Istanbul Africa Trade Company","article_publisher":"http:\/\/www.facebook.com\/istanbulafrica","article_published_time":"2019-10-31T09:54:31+00:00","article_modified_time":"2020-04-05T09:57:52+00:00","og_image":[{"width":2016,"height":1512,"url":"https:\/\/www.istanbulafrica.com\/wp-content\/uploads\/2019\/10\/msafiri-textile-africa-1.jpg","type":"image\/jpeg"}],"author":"admin","twitter_card":"summary_large_image","twitter_creator":"@istanbulafrica","twitter_site":"@istanbulafrica","twitter_misc":{"Written by":false,"Est. reading time":"4 minutes"},"schema":{"@context":"https:\/\/schema.org","@graph":[{"@type":"Article","@id":"https:\/\/www.istanbulafrica.com\/tr\/atolyeden-dijital-satis-tanzanyadaki-yeni-nesil-moda-ve-hazir-giyim-sektorunun-dinamikleri\/#article","isPartOf":{"@id":"https:\/\/www.istanbulafrica.com\/tr\/atolyeden-dijital-satis-tanzanyadaki-yeni-nesil-moda-ve-hazir-giyim-sektorunun-dinamikleri\/"},"author":{"name":"admin","@id":"https:\/\/www.istanbulafrica.com\/#\/schema\/person\/e0f8b3b562d664e99942c2ca70031388"},"headline":"Yerel Tekstil At\u00f6lyesinden Dijital Sat\u0131\u015f: Tanzanya&#8217;daki Yeni Nesil Moda ve Haz\u0131r Giyim Sekt\u00f6r\u00fcn\u00fcn Dinamikleri","datePublished":"2019-10-31T09:54:31+00:00","dateModified":"2020-04-05T09:57:52+00:00","mainEntityOfPage":{"@id":"https:\/\/www.istanbulafrica.com\/tr\/atolyeden-dijital-satis-tanzanyadaki-yeni-nesil-moda-ve-hazir-giyim-sektorunun-dinamikleri\/"},"wordCount":882,"commentCount":0,"publisher":{"@id":"https:\/\/www.istanbulafrica.com\/#organization"},"image":{"@id":"https:\/\/www.istanbulafrica.com\/tr\/atolyeden-dijital-satis-tanzanyadaki-yeni-nesil-moda-ve-hazir-giyim-sektorunun-dinamikleri\/#primaryimage"},"thumbnailUrl":"https:\/\/www.istanbulafrica.com\/wp-content\/uploads\/2019\/10\/msafiri-textile-africa-1.jpg","articleSection":["Rapor"],"inLanguage":"en-US","potentialAction":[{"@type":"CommentAction","name":"Comment","target":["https:\/\/www.istanbulafrica.com\/tr\/atolyeden-dijital-satis-tanzanyadaki-yeni-nesil-moda-ve-hazir-giyim-sektorunun-dinamikleri\/#respond"]}]},{"@type":"WebPage","@id":"https:\/\/www.istanbulafrica.com\/tr\/atolyeden-dijital-satis-tanzanyadaki-yeni-nesil-moda-ve-hazir-giyim-sektorunun-dinamikleri\/","url":"https:\/\/www.istanbulafrica.com\/tr\/atolyeden-dijital-satis-tanzanyadaki-yeni-nesil-moda-ve-hazir-giyim-sektorunun-dinamikleri\/","name":"Tanzanya Tekstil Olay \u0130nceleme - Afrika tekstil iplik kuma\u015f ihracact ithalat","isPartOf":{"@id":"https:\/\/www.istanbulafrica.com\/#website"},"primaryImageOfPage":{"@id":"https:\/\/www.istanbulafrica.com\/tr\/atolyeden-dijital-satis-tanzanyadaki-yeni-nesil-moda-ve-hazir-giyim-sektorunun-dinamikleri\/#primaryimage"},"image":{"@id":"https:\/\/www.istanbulafrica.com\/tr\/atolyeden-dijital-satis-tanzanyadaki-yeni-nesil-moda-ve-hazir-giyim-sektorunun-dinamikleri\/#primaryimage"},"thumbnailUrl":"https:\/\/www.istanbulafrica.com\/wp-content\/uploads\/2019\/10\/msafiri-textile-africa-1.jpg","datePublished":"2019-10-31T09:54:31+00:00","dateModified":"2020-04-05T09:57:52+00:00","description":"Do\u011fu Afrika'da tekstil end\u00fcstrisi. Kitenge at\u00f6lyeleri ve da\u011f\u0131t\u0131m\u0131. Sahra Alt\u0131 Afrika'da giyim ve konfeksiyon sekt\u00f6r\u00fc. \u0130plik, elyaf ihracat\u0131 ithalat ticaret","breadcrumb":{"@id":"https:\/\/www.istanbulafrica.com\/tr\/atolyeden-dijital-satis-tanzanyadaki-yeni-nesil-moda-ve-hazir-giyim-sektorunun-dinamikleri\/#breadcrumb"},"inLanguage":"en-US","potentialAction":[{"@type":"ReadAction","target":["https:\/\/www.istanbulafrica.com\/tr\/atolyeden-dijital-satis-tanzanyadaki-yeni-nesil-moda-ve-hazir-giyim-sektorunun-dinamikleri\/"]}]},{"@type":"ImageObject","inLanguage":"en-US","@id":"https:\/\/www.istanbulafrica.com\/tr\/atolyeden-dijital-satis-tanzanyadaki-yeni-nesil-moda-ve-hazir-giyim-sektorunun-dinamikleri\/#primaryimage","url":"https:\/\/www.istanbulafrica.com\/wp-content\/uploads\/2019\/10\/msafiri-textile-africa-1.jpg","contentUrl":"https:\/\/www.istanbulafrica.com\/wp-content\/uploads\/2019\/10\/msafiri-textile-africa-1.jpg","width":2016,"height":1512},{"@type":"BreadcrumbList","@id":"https:\/\/www.istanbulafrica.com\/tr\/atolyeden-dijital-satis-tanzanyadaki-yeni-nesil-moda-ve-hazir-giyim-sektorunun-dinamikleri\/#breadcrumb","itemListElement":[{"@type":"ListItem","position":1,"name":"Home","item":"https:\/\/www.istanbulafrica.com\/"},{"@type":"ListItem","position":2,"name":"Yerel Tekstil At\u00f6lyesinden Dijital Sat\u0131\u015f: Tanzanya&#8217;daki Yeni Nesil Moda ve Haz\u0131r Giyim Sekt\u00f6r\u00fcn\u00fcn Dinamikleri"}]},{"@type":"WebSite","@id":"https:\/\/www.istanbulafrica.com\/#website","url":"https:\/\/www.istanbulafrica.com\/","name":"Istanbul Africa Trade Company","description":"Import, Export and Investment","publisher":{"@id":"https:\/\/www.istanbulafrica.com\/#organization"},"potentialAction":[{"@type":"SearchAction","target":{"@type":"EntryPoint","urlTemplate":"https:\/\/www.istanbulafrica.com\/?s={search_term_string}"},"query-input":{"@type":"PropertyValueSpecification","valueRequired":true,"valueName":"search_term_string"}}],"inLanguage":"en-US"},{"@type":"Organization","@id":"https:\/\/www.istanbulafrica.com\/#organization","name":"Istanbul Africa Trade Company","url":"https:\/\/www.istanbulafrica.com\/","logo":{"@type":"ImageObject","inLanguage":"en-US","@id":"https:\/\/www.istanbulafrica.com\/#\/schema\/logo\/image\/","url":"https:\/\/www.istanbulafrica.com\/wp-content\/uploads\/2018\/11\/Logo-5_Multicolor-1-e1543258165564.png","contentUrl":"https:\/\/www.istanbulafrica.com\/wp-content\/uploads\/2018\/11\/Logo-5_Multicolor-1-e1543258165564.png","width":300,"height":82,"caption":"Istanbul Africa Trade Company"},"image":{"@id":"https:\/\/www.istanbulafrica.com\/#\/schema\/logo\/image\/"},"sameAs":["http:\/\/www.facebook.com\/istanbulafrica","https:\/\/x.com\/istanbulafrica","https:\/\/www.instagram.com\/istanbulafrica","https:\/\/linkedin.com\/company\/istanbulafrica"]},{"@type":"Person","@id":"https:\/\/www.istanbulafrica.com\/#\/schema\/person\/e0f8b3b562d664e99942c2ca70031388","name":"admin","image":{"@type":"ImageObject","inLanguage":"en-US","@id":"https:\/\/www.istanbulafrica.com\/#\/schema\/person\/image\/","url":"https:\/\/www.istanbulafrica.com\/wp-content\/litespeed\/avatar\/063478b0608c9232a95d704ee9061d12.jpg?ver=1758542353","contentUrl":"https:\/\/www.istanbulafrica.com\/wp-content\/litespeed\/avatar\/063478b0608c9232a95d704ee9061d12.jpg?ver=1758542353","caption":"admin"}}]}},"_links":{"self":[{"href":"https:\/\/www.istanbulafrica.com\/wp-json\/wp\/v2\/posts\/2558","targetHints":{"allow":["GET"]}}],"collection":[{"href":"https:\/\/www.istanbulafrica.com\/wp-json\/wp\/v2\/posts"}],"about":[{"href":"https:\/\/www.istanbulafrica.com\/wp-json\/wp\/v2\/types\/post"}],"author":[{"embeddable":true,"href":"https:\/\/www.istanbulafrica.com\/wp-json\/wp\/v2\/users\/1"}],"replies":[{"embeddable":true,"href":"https:\/\/www.istanbulafrica.com\/wp-json\/wp\/v2\/comments?post=2558"}],"version-history":[{"count":8,"href":"https:\/\/www.istanbulafrica.com\/wp-json\/wp\/v2\/posts\/2558\/revisions"}],"predecessor-version":[{"id":2566,"href":"https:\/\/www.istanbulafrica.com\/wp-json\/wp\/v2\/posts\/2558\/revisions\/2566"}],"wp:featuredmedia":[{"embeddable":true,"href":"https:\/\/www.istanbulafrica.com\/wp-json\/wp\/v2\/media\/2541"}],"wp:attachment":[{"href":"https:\/\/www.istanbulafrica.com\/wp-json\/wp\/v2\/media?parent=2558"}],"wp:term":[{"taxonomy":"category","embeddable":true,"href":"https:\/\/www.istanbulafrica.com\/wp-json\/wp\/v2\/categories?post=2558"},{"taxonomy":"post_tag","embeddable":true,"href":"https:\/\/www.istanbulafrica.com\/wp-json\/wp\/v2\/tags?post=2558"}],"curies":[{"name":"wp","href":"https:\/\/api.w.org\/{rel}","templated":true}]}}