{"id":2636,"date":"2019-12-25T18:56:45","date_gmt":"2019-12-25T18:56:45","guid":{"rendered":"https:\/\/www.istanbulafrica.com\/?p=2636"},"modified":"2020-04-05T09:56:41","modified_gmt":"2020-04-05T09:56:41","slug":"sadc-yatirim-ve-girisimcilik-konferansi","status":"publish","type":"post","link":"https:\/\/www.istanbulafrica.com\/tr\/sadc-yatirim-ve-girisimcilik-konferansi\/","title":{"rendered":"SADC Yat\u0131r\u0131m ve Giri\u015fimcilik Konferans\u0131"},"content":{"rendered":"\t\t<div data-elementor-type=\"wp-post\" data-elementor-id=\"2636\" class=\"elementor elementor-2636 elementor-bc-flex-widget\">\n\t\t\t\t\t\t<section class=\"elementor-section elementor-top-section elementor-element elementor-element-a5dab92 elementor-section-boxed elementor-section-height-default elementor-section-height-default\" data-id=\"a5dab92\" data-element_type=\"section\">\n\t\t\t\t\t\t<div class=\"elementor-container elementor-column-gap-default\">\n\t\t\t\t\t<div class=\"elementor-column elementor-col-100 elementor-top-column elementor-element elementor-element-5ec557f\" data-id=\"5ec557f\" data-element_type=\"column\">\n\t\t\t<div class=\"elementor-widget-wrap elementor-element-populated\">\n\t\t\t\t\t\t<div class=\"elementor-element elementor-element-0cf2d5e elementor-widget elementor-widget-text-editor\" data-id=\"0cf2d5e\" data-element_type=\"widget\" data-widget_type=\"text-editor.default\">\n\t\t\t\t<div class=\"elementor-widget-container\">\n\t\t\t\t\t\t\t\t\t<p>\u015eirketimizin direkt\u00f6r\u00fc Burak \u00dcnal, SADC Yat\u0131r\u0131m ve Giri\u015fimcilik Konferans\u0131&#8217;na konuk konu\u015fmac\u0131 olarak davet edildi. Konferans 16 ve 17 Aral\u0131k tarihlerinde Zambiya, Lusaka&#8217;da d\u00fczenlendi. \u015eirketimizin sundu\u011fu hizmetleri ve \u00fcr\u00fcnleri sundu. Ayr\u0131ca Zambiya ve T\u00fcrkiye aras\u0131ndaki ekonomik ili\u015fkileri a\u00e7\u0131klad\u0131.<\/p><p>Konferansa Zambiya Kalk\u0131nma Ajans\u0131 (ZDA) sponsor oldu. Yakla\u015fan SADC Yat\u0131r\u0131m ve Giri\u015fimcilik Konferans\u0131&#8217;nda yerel giri\u015fimciler i\u00e7in mevcut i\u015f f\u0131rsatlar\u0131 ve proje finansman f\u0131rsatlar\u0131 hakk\u0131nda sunumlar yapt\u0131lar.<\/p><p>Firmam\u0131z T\u00fcrkiye&#8217;den makine ve \u00fcr\u00fcn ithal etmek isteyen Zambiyal\u0131 i\u015fadamlar\u0131na dan\u0131\u015fmanl\u0131k hizmeti vermektedir.<\/p><p>Di\u011fer \u00f6nemli konu\u015fmac\u0131lar:<\/p><ul><li>Chris B. Yaluma &#8211; Ticaret, Ticaret ve Sanayi Bakan\u0131<\/li><li>Ronald K. Chitotela &#8211; Turizm ve Sanat Bakan\u0131<\/li><li>Matongo Matamwandi &#8211; Zambiya Kalk\u0131nma Ajans\u0131 Genel M\u00fcd\u00fcr\u00fc<\/li><\/ul>\t\t\t\t\t\t\t\t<\/div>\n\t\t\t\t<\/div>\n\t\t\t\t\t<\/div>\n\t\t<\/div>\n\t\t\t\t\t<\/div>\n\t\t<\/section>\n\t\t\t\t<section class=\"elementor-section elementor-top-section elementor-element elementor-element-0447ca1 elementor-section-boxed elementor-section-height-default elementor-section-height-default\" data-id=\"0447ca1\" data-element_type=\"section\">\n\t\t\t\t\t\t<div class=\"elementor-container elementor-column-gap-default\">\n\t\t\t\t\t<div class=\"elementor-column elementor-col-100 elementor-top-column elementor-element elementor-element-3aa3537\" data-id=\"3aa3537\" data-element_type=\"column\">\n\t\t\t<div class=\"elementor-widget-wrap elementor-element-populated\">\n\t\t\t\t\t\t<div class=\"elementor-element elementor-element-fbd0c38 elementor-arrows-position-inside elementor-pagination-position-outside elementor-widget elementor-widget-image-carousel\" data-id=\"fbd0c38\" data-element_type=\"widget\" data-settings=\"{&quot;slides_to_show&quot;:&quot;1&quot;,&quot;navigation&quot;:&quot;both&quot;,&quot;autoplay&quot;:&quot;yes&quot;,&quot;pause_on_hover&quot;:&quot;yes&quot;,&quot;pause_on_interaction&quot;:&quot;yes&quot;,&quot;autoplay_speed&quot;:5000,&quot;infinite&quot;:&quot;yes&quot;,&quot;effect&quot;:&quot;slide&quot;,&quot;speed&quot;:500}\" data-widget_type=\"image-carousel.default\">\n\t\t\t\t<div class=\"elementor-widget-container\">\n\t\t\t\t\t\t\t<div class=\"elementor-image-carousel-wrapper swiper\" role=\"region\" aria-roledescription=\"carousel\" aria-label=\"Resim D\u00f6ng\u00fcs\u00fc\" dir=\"ltr\">\n\t\t\t<div class=\"elementor-image-carousel swiper-wrapper\" aria-live=\"off\">\n\t\t\t\t\t\t\t\t<div class=\"swiper-slide\" role=\"group\" aria-roledescription=\"slide\" aria-label=\"1 \/ 4\"><figure class=\"swiper-slide-inner\"><img decoding=\"async\" class=\"swiper-slide-image\" src=\"https:\/\/www.istanbulafrica.com\/wp-content\/uploads\/2019\/12\/WhatsApp-Image-2019-12-25-at-18.46.31-768x576.jpeg\" alt=\"WhatsApp Image 2019-12-25 at 18.46.31\" \/><\/figure><\/div><div class=\"swiper-slide\" role=\"group\" aria-roledescription=\"slide\" aria-label=\"2 \/ 4\"><figure class=\"swiper-slide-inner\"><img decoding=\"async\" class=\"swiper-slide-image\" src=\"https:\/\/www.istanbulafrica.com\/wp-content\/uploads\/2019\/12\/WhatsApp-Image-2019-12-25-at-18.47.03-768x576.jpeg\" alt=\"WhatsApp Image 2019-12-25 at 18.47.03\" \/><\/figure><\/div><div class=\"swiper-slide\" role=\"group\" aria-roledescription=\"slide\" aria-label=\"3 \/ 4\"><figure class=\"swiper-slide-inner\"><img decoding=\"async\" class=\"swiper-slide-image\" src=\"https:\/\/www.istanbulafrica.com\/wp-content\/uploads\/2019\/12\/WhatsApp-Image-2019-12-25-at-18.45.17-768x510.jpeg\" alt=\"Our Managing Director Mr. Burak Unal with Zambian Minister of Commerce, Trade and Industry Mr. Chris B. Yaluma in Lusaka, Zambia.\" \/><\/figure><\/div><div class=\"swiper-slide\" role=\"group\" aria-roledescription=\"slide\" aria-label=\"4 \/ 4\"><figure class=\"swiper-slide-inner\"><img decoding=\"async\" class=\"swiper-slide-image\" src=\"https:\/\/www.istanbulafrica.com\/wp-content\/uploads\/2019\/12\/WhatsApp-Image-2019-12-25-at-18.44.42-768x550.jpeg\" alt=\"SADC Investment Conference 1\" \/><\/figure><\/div>\t\t\t<\/div>\n\t\t\t\t\t\t\t\t\t\t\t\t<div class=\"elementor-swiper-button elementor-swiper-button-prev\" role=\"button\" tabindex=\"0\">\n\t\t\t\t\t\t<i aria-hidden=\"true\" class=\"eicon-chevron-left\"><\/i>\t\t\t\t\t<\/div>\n\t\t\t\t\t<div class=\"elementor-swiper-button elementor-swiper-button-next\" role=\"button\" tabindex=\"0\">\n\t\t\t\t\t\t<i aria-hidden=\"true\" class=\"eicon-chevron-right\"><\/i>\t\t\t\t\t<\/div>\n\t\t\t\t\n\t\t\t\t\t\t\t\t\t<div class=\"swiper-pagination\"><\/div>\n\t\t\t\t\t\t\t\t\t<\/div>\n\t\t\t\t\t\t<\/div>\n\t\t\t\t<\/div>\n\t\t\t\t\t<\/div>\n\t\t<\/div>\n\t\t\t\t\t<\/div>\n\t\t<\/section>\n\t\t\t\t<\/div>\n\t\t","protected":false},"excerpt":{"rendered":"<p>\u015eirketimizin direkt\u00f6r\u00fc Burak \u00dcnal, SADC Yat\u0131r\u0131m ve Giri\u015fimcilik Konferans\u0131&#8217;na konuk konu\u015fmac\u0131 olarak davet edildi. Konferans 16 ve 17 Aral\u0131k tarihlerinde [&hellip;]<\/p>\n","protected":false},"author":1,"featured_media":2624,"comment_status":"open","ping_status":"open","sticky":false,"template":"","format":"standard","meta":{"_monsterinsights_skip_tracking":false,"_monsterinsights_sitenote_active":false,"_monsterinsights_sitenote_note":"","_monsterinsights_sitenote_category":0,"footnotes":""},"categories":[37],"tags":[],"class_list":["post-2636","post","type-post","status-publish","format-standard","has-post-thumbnail","hentry","category-etkinlik"],"yoast_head":"<!-- This site is optimized with the Yoast SEO Premium plugin v25.7.1 (Yoast SEO v25.8) - https:\/\/yoast.com\/wordpress\/plugins\/seo\/ -->\n<title>SADC Yat\u0131r\u0131m ve Giri\u015fimcilik Konferans\u0131 - Lusaka, Zambiya, Afrika<\/title>\n<meta name=\"description\" content=\"Firmam\u0131z SADC Konferans\u0131&#039;nda Burak \u00dcnal taraf\u0131ndan temsil edildi. \u0130thalat, \u0130hracat, Yat\u0131r\u0131m ve Lojistik alanlar\u0131nda hizmet vermekteyiz. SADC Konferans\u0131.\" \/>\n<meta name=\"robots\" content=\"index, follow, max-snippet:-1, max-image-preview:large, max-video-preview:-1\" \/>\n<link rel=\"canonical\" href=\"https:\/\/www.istanbulafrica.com\/tr\/sadc-yatirim-ve-girisimcilik-konferansi\/\" \/>\n<meta property=\"og:locale\" content=\"en_US\" \/>\n<meta property=\"og:type\" content=\"article\" \/>\n<meta property=\"og:title\" content=\"SADC Yat\u0131r\u0131m ve Giri\u015fimcilik Konferans\u0131\" \/>\n<meta property=\"og:description\" content=\"Firmam\u0131z SADC Konferans\u0131&#039;nda Burak \u00dcnal taraf\u0131ndan temsil edildi. \u0130thalat, \u0130hracat, Yat\u0131r\u0131m ve Lojistik alanlar\u0131nda hizmet vermekteyiz. SADC Konferans\u0131.\" \/>\n<meta property=\"og:url\" content=\"https:\/\/www.istanbulafrica.com\/tr\/sadc-yatirim-ve-girisimcilik-konferansi\/\" \/>\n<meta property=\"og:site_name\" content=\"Istanbul Africa Trade Company\" \/>\n<meta property=\"article:publisher\" content=\"http:\/\/www.facebook.com\/istanbulafrica\" \/>\n<meta property=\"article:published_time\" content=\"2019-12-25T18:56:45+00:00\" \/>\n<meta property=\"article:modified_time\" content=\"2020-04-05T09:56:41+00:00\" \/>\n<meta property=\"og:image\" content=\"https:\/\/www.istanbulafrica.com\/wp-content\/uploads\/2019\/12\/WhatsApp-Image-2019-12-25-at-18.44.42.jpeg\" \/>\n\t<meta property=\"og:image:width\" content=\"1080\" \/>\n\t<meta property=\"og:image:height\" content=\"774\" \/>\n\t<meta property=\"og:image:type\" content=\"image\/jpeg\" \/>\n<meta name=\"author\" content=\"admin\" \/>\n<meta name=\"twitter:card\" content=\"summary_large_image\" \/>\n<meta name=\"twitter:creator\" content=\"@istanbulafrica\" \/>\n<meta name=\"twitter:site\" content=\"@istanbulafrica\" \/>\n<meta name=\"twitter:label1\" content=\"Written by\" \/>\n\t<meta name=\"twitter:data1\" content=\"\" \/>\n\t<meta name=\"twitter:label2\" content=\"Est. reading time\" \/>\n\t<meta name=\"twitter:data2\" content=\"1 minute\" \/>\n<script type=\"application\/ld+json\" class=\"yoast-schema-graph\">{\"@context\":\"https:\/\/schema.org\",\"@graph\":[{\"@type\":\"Article\",\"@id\":\"https:\/\/www.istanbulafrica.com\/tr\/sadc-yatirim-ve-girisimcilik-konferansi\/#article\",\"isPartOf\":{\"@id\":\"https:\/\/www.istanbulafrica.com\/tr\/sadc-yatirim-ve-girisimcilik-konferansi\/\"},\"author\":{\"name\":\"admin\",\"@id\":\"https:\/\/www.istanbulafrica.com\/#\/schema\/person\/e0f8b3b562d664e99942c2ca70031388\"},\"headline\":\"SADC Yat\u0131r\u0131m ve Giri\u015fimcilik Konferans\u0131\",\"datePublished\":\"2019-12-25T18:56:45+00:00\",\"dateModified\":\"2020-04-05T09:56:41+00:00\",\"mainEntityOfPage\":{\"@id\":\"https:\/\/www.istanbulafrica.com\/tr\/sadc-yatirim-ve-girisimcilik-konferansi\/\"},\"wordCount\":152,\"commentCount\":0,\"publisher\":{\"@id\":\"https:\/\/www.istanbulafrica.com\/#organization\"},\"image\":{\"@id\":\"https:\/\/www.istanbulafrica.com\/tr\/sadc-yatirim-ve-girisimcilik-konferansi\/#primaryimage\"},\"thumbnailUrl\":\"https:\/\/www.istanbulafrica.com\/wp-content\/uploads\/2019\/12\/WhatsApp-Image-2019-12-25-at-18.44.42.jpeg\",\"articleSection\":[\"Etkinlik\"],\"inLanguage\":\"en-US\",\"potentialAction\":[{\"@type\":\"CommentAction\",\"name\":\"Comment\",\"target\":[\"https:\/\/www.istanbulafrica.com\/tr\/sadc-yatirim-ve-girisimcilik-konferansi\/#respond\"]}]},{\"@type\":\"WebPage\",\"@id\":\"https:\/\/www.istanbulafrica.com\/tr\/sadc-yatirim-ve-girisimcilik-konferansi\/\",\"url\":\"https:\/\/www.istanbulafrica.com\/tr\/sadc-yatirim-ve-girisimcilik-konferansi\/\",\"name\":\"SADC Yat\u0131r\u0131m ve Giri\u015fimcilik Konferans\u0131 - Lusaka, Zambiya, Afrika\",\"isPartOf\":{\"@id\":\"https:\/\/www.istanbulafrica.com\/#website\"},\"primaryImageOfPage\":{\"@id\":\"https:\/\/www.istanbulafrica.com\/tr\/sadc-yatirim-ve-girisimcilik-konferansi\/#primaryimage\"},\"image\":{\"@id\":\"https:\/\/www.istanbulafrica.com\/tr\/sadc-yatirim-ve-girisimcilik-konferansi\/#primaryimage\"},\"thumbnailUrl\":\"https:\/\/www.istanbulafrica.com\/wp-content\/uploads\/2019\/12\/WhatsApp-Image-2019-12-25-at-18.44.42.jpeg\",\"datePublished\":\"2019-12-25T18:56:45+00:00\",\"dateModified\":\"2020-04-05T09:56:41+00:00\",\"description\":\"Firmam\u0131z SADC Konferans\u0131'nda Burak \u00dcnal taraf\u0131ndan temsil edildi. \u0130thalat, \u0130hracat, Yat\u0131r\u0131m ve Lojistik alanlar\u0131nda hizmet vermekteyiz. SADC Konferans\u0131.\",\"breadcrumb\":{\"@id\":\"https:\/\/www.istanbulafrica.com\/tr\/sadc-yatirim-ve-girisimcilik-konferansi\/#breadcrumb\"},\"inLanguage\":\"en-US\",\"potentialAction\":[{\"@type\":\"ReadAction\",\"target\":[\"https:\/\/www.istanbulafrica.com\/tr\/sadc-yatirim-ve-girisimcilik-konferansi\/\"]}]},{\"@type\":\"ImageObject\",\"inLanguage\":\"en-US\",\"@id\":\"https:\/\/www.istanbulafrica.com\/tr\/sadc-yatirim-ve-girisimcilik-konferansi\/#primaryimage\",\"url\":\"https:\/\/www.istanbulafrica.com\/wp-content\/uploads\/2019\/12\/WhatsApp-Image-2019-12-25-at-18.44.42.jpeg\",\"contentUrl\":\"https:\/\/www.istanbulafrica.com\/wp-content\/uploads\/2019\/12\/WhatsApp-Image-2019-12-25-at-18.44.42.jpeg\",\"width\":1080,\"height\":774},{\"@type\":\"BreadcrumbList\",\"@id\":\"https:\/\/www.istanbulafrica.com\/tr\/sadc-yatirim-ve-girisimcilik-konferansi\/#breadcrumb\",\"itemListElement\":[{\"@type\":\"ListItem\",\"position\":1,\"name\":\"Home\",\"item\":\"https:\/\/www.istanbulafrica.com\/\"},{\"@type\":\"ListItem\",\"position\":2,\"name\":\"SADC Yat\u0131r\u0131m ve Giri\u015fimcilik Konferans\u0131\"}]},{\"@type\":\"WebSite\",\"@id\":\"https:\/\/www.istanbulafrica.com\/#website\",\"url\":\"https:\/\/www.istanbulafrica.com\/\",\"name\":\"Istanbul Africa Trade Company\",\"description\":\"Import, Export and Investment\",\"publisher\":{\"@id\":\"https:\/\/www.istanbulafrica.com\/#organization\"},\"potentialAction\":[{\"@type\":\"SearchAction\",\"target\":{\"@type\":\"EntryPoint\",\"urlTemplate\":\"https:\/\/www.istanbulafrica.com\/?s={search_term_string}\"},\"query-input\":{\"@type\":\"PropertyValueSpecification\",\"valueRequired\":true,\"valueName\":\"search_term_string\"}}],\"inLanguage\":\"en-US\"},{\"@type\":\"Organization\",\"@id\":\"https:\/\/www.istanbulafrica.com\/#organization\",\"name\":\"Istanbul Africa Trade Company\",\"url\":\"https:\/\/www.istanbulafrica.com\/\",\"logo\":{\"@type\":\"ImageObject\",\"inLanguage\":\"en-US\",\"@id\":\"https:\/\/www.istanbulafrica.com\/#\/schema\/logo\/image\/\",\"url\":\"https:\/\/www.istanbulafrica.com\/wp-content\/uploads\/2018\/11\/Logo-5_Multicolor-1-e1543258165564.png\",\"contentUrl\":\"https:\/\/www.istanbulafrica.com\/wp-content\/uploads\/2018\/11\/Logo-5_Multicolor-1-e1543258165564.png\",\"width\":300,\"height\":82,\"caption\":\"Istanbul Africa Trade Company\"},\"image\":{\"@id\":\"https:\/\/www.istanbulafrica.com\/#\/schema\/logo\/image\/\"},\"sameAs\":[\"http:\/\/www.facebook.com\/istanbulafrica\",\"https:\/\/x.com\/istanbulafrica\",\"https:\/\/www.instagram.com\/istanbulafrica\",\"https:\/\/linkedin.com\/company\/istanbulafrica\"]},{\"@type\":\"Person\",\"@id\":\"https:\/\/www.istanbulafrica.com\/#\/schema\/person\/e0f8b3b562d664e99942c2ca70031388\",\"name\":\"admin\",\"image\":{\"@type\":\"ImageObject\",\"inLanguage\":\"en-US\",\"@id\":\"https:\/\/www.istanbulafrica.com\/#\/schema\/person\/image\/\",\"url\":\"https:\/\/www.istanbulafrica.com\/wp-content\/litespeed\/avatar\/063478b0608c9232a95d704ee9061d12.jpg?ver=1758542353\",\"contentUrl\":\"https:\/\/www.istanbulafrica.com\/wp-content\/litespeed\/avatar\/063478b0608c9232a95d704ee9061d12.jpg?ver=1758542353\",\"caption\":\"admin\"}}]}<\/script>\n<!-- \/ Yoast SEO Premium plugin. -->","yoast_head_json":{"title":"SADC Yat\u0131r\u0131m ve Giri\u015fimcilik Konferans\u0131 - Lusaka, Zambiya, Afrika","description":"Firmam\u0131z SADC Konferans\u0131'nda Burak \u00dcnal taraf\u0131ndan temsil edildi. \u0130thalat, \u0130hracat, Yat\u0131r\u0131m ve Lojistik alanlar\u0131nda hizmet vermekteyiz. SADC Konferans\u0131.","robots":{"index":"index","follow":"follow","max-snippet":"max-snippet:-1","max-image-preview":"max-image-preview:large","max-video-preview":"max-video-preview:-1"},"canonical":"https:\/\/www.istanbulafrica.com\/tr\/sadc-yatirim-ve-girisimcilik-konferansi\/","og_locale":"en_US","og_type":"article","og_title":"SADC Yat\u0131r\u0131m ve Giri\u015fimcilik Konferans\u0131","og_description":"Firmam\u0131z SADC Konferans\u0131'nda Burak \u00dcnal taraf\u0131ndan temsil edildi. \u0130thalat, \u0130hracat, Yat\u0131r\u0131m ve Lojistik alanlar\u0131nda hizmet vermekteyiz. SADC Konferans\u0131.","og_url":"https:\/\/www.istanbulafrica.com\/tr\/sadc-yatirim-ve-girisimcilik-konferansi\/","og_site_name":"Istanbul Africa Trade Company","article_publisher":"http:\/\/www.facebook.com\/istanbulafrica","article_published_time":"2019-12-25T18:56:45+00:00","article_modified_time":"2020-04-05T09:56:41+00:00","og_image":[{"width":1080,"height":774,"url":"https:\/\/www.istanbulafrica.com\/wp-content\/uploads\/2019\/12\/WhatsApp-Image-2019-12-25-at-18.44.42.jpeg","type":"image\/jpeg"}],"author":"admin","twitter_card":"summary_large_image","twitter_creator":"@istanbulafrica","twitter_site":"@istanbulafrica","twitter_misc":{"Written by":false,"Est. reading time":"1 minute"},"schema":{"@context":"https:\/\/schema.org","@graph":[{"@type":"Article","@id":"https:\/\/www.istanbulafrica.com\/tr\/sadc-yatirim-ve-girisimcilik-konferansi\/#article","isPartOf":{"@id":"https:\/\/www.istanbulafrica.com\/tr\/sadc-yatirim-ve-girisimcilik-konferansi\/"},"author":{"name":"admin","@id":"https:\/\/www.istanbulafrica.com\/#\/schema\/person\/e0f8b3b562d664e99942c2ca70031388"},"headline":"SADC Yat\u0131r\u0131m ve Giri\u015fimcilik Konferans\u0131","datePublished":"2019-12-25T18:56:45+00:00","dateModified":"2020-04-05T09:56:41+00:00","mainEntityOfPage":{"@id":"https:\/\/www.istanbulafrica.com\/tr\/sadc-yatirim-ve-girisimcilik-konferansi\/"},"wordCount":152,"commentCount":0,"publisher":{"@id":"https:\/\/www.istanbulafrica.com\/#organization"},"image":{"@id":"https:\/\/www.istanbulafrica.com\/tr\/sadc-yatirim-ve-girisimcilik-konferansi\/#primaryimage"},"thumbnailUrl":"https:\/\/www.istanbulafrica.com\/wp-content\/uploads\/2019\/12\/WhatsApp-Image-2019-12-25-at-18.44.42.jpeg","articleSection":["Etkinlik"],"inLanguage":"en-US","potentialAction":[{"@type":"CommentAction","name":"Comment","target":["https:\/\/www.istanbulafrica.com\/tr\/sadc-yatirim-ve-girisimcilik-konferansi\/#respond"]}]},{"@type":"WebPage","@id":"https:\/\/www.istanbulafrica.com\/tr\/sadc-yatirim-ve-girisimcilik-konferansi\/","url":"https:\/\/www.istanbulafrica.com\/tr\/sadc-yatirim-ve-girisimcilik-konferansi\/","name":"SADC Yat\u0131r\u0131m ve Giri\u015fimcilik Konferans\u0131 - Lusaka, Zambiya, Afrika","isPartOf":{"@id":"https:\/\/www.istanbulafrica.com\/#website"},"primaryImageOfPage":{"@id":"https:\/\/www.istanbulafrica.com\/tr\/sadc-yatirim-ve-girisimcilik-konferansi\/#primaryimage"},"image":{"@id":"https:\/\/www.istanbulafrica.com\/tr\/sadc-yatirim-ve-girisimcilik-konferansi\/#primaryimage"},"thumbnailUrl":"https:\/\/www.istanbulafrica.com\/wp-content\/uploads\/2019\/12\/WhatsApp-Image-2019-12-25-at-18.44.42.jpeg","datePublished":"2019-12-25T18:56:45+00:00","dateModified":"2020-04-05T09:56:41+00:00","description":"Firmam\u0131z SADC Konferans\u0131'nda Burak \u00dcnal taraf\u0131ndan temsil edildi. \u0130thalat, \u0130hracat, Yat\u0131r\u0131m ve Lojistik alanlar\u0131nda hizmet vermekteyiz. SADC Konferans\u0131.","breadcrumb":{"@id":"https:\/\/www.istanbulafrica.com\/tr\/sadc-yatirim-ve-girisimcilik-konferansi\/#breadcrumb"},"inLanguage":"en-US","potentialAction":[{"@type":"ReadAction","target":["https:\/\/www.istanbulafrica.com\/tr\/sadc-yatirim-ve-girisimcilik-konferansi\/"]}]},{"@type":"ImageObject","inLanguage":"en-US","@id":"https:\/\/www.istanbulafrica.com\/tr\/sadc-yatirim-ve-girisimcilik-konferansi\/#primaryimage","url":"https:\/\/www.istanbulafrica.com\/wp-content\/uploads\/2019\/12\/WhatsApp-Image-2019-12-25-at-18.44.42.jpeg","contentUrl":"https:\/\/www.istanbulafrica.com\/wp-content\/uploads\/2019\/12\/WhatsApp-Image-2019-12-25-at-18.44.42.jpeg","width":1080,"height":774},{"@type":"BreadcrumbList","@id":"https:\/\/www.istanbulafrica.com\/tr\/sadc-yatirim-ve-girisimcilik-konferansi\/#breadcrumb","itemListElement":[{"@type":"ListItem","position":1,"name":"Home","item":"https:\/\/www.istanbulafrica.com\/"},{"@type":"ListItem","position":2,"name":"SADC Yat\u0131r\u0131m ve Giri\u015fimcilik Konferans\u0131"}]},{"@type":"WebSite","@id":"https:\/\/www.istanbulafrica.com\/#website","url":"https:\/\/www.istanbulafrica.com\/","name":"Istanbul Africa Trade Company","description":"Import, Export and Investment","publisher":{"@id":"https:\/\/www.istanbulafrica.com\/#organization"},"potentialAction":[{"@type":"SearchAction","target":{"@type":"EntryPoint","urlTemplate":"https:\/\/www.istanbulafrica.com\/?s={search_term_string}"},"query-input":{"@type":"PropertyValueSpecification","valueRequired":true,"valueName":"search_term_string"}}],"inLanguage":"en-US"},{"@type":"Organization","@id":"https:\/\/www.istanbulafrica.com\/#organization","name":"Istanbul Africa Trade Company","url":"https:\/\/www.istanbulafrica.com\/","logo":{"@type":"ImageObject","inLanguage":"en-US","@id":"https:\/\/www.istanbulafrica.com\/#\/schema\/logo\/image\/","url":"https:\/\/www.istanbulafrica.com\/wp-content\/uploads\/2018\/11\/Logo-5_Multicolor-1-e1543258165564.png","contentUrl":"https:\/\/www.istanbulafrica.com\/wp-content\/uploads\/2018\/11\/Logo-5_Multicolor-1-e1543258165564.png","width":300,"height":82,"caption":"Istanbul Africa Trade Company"},"image":{"@id":"https:\/\/www.istanbulafrica.com\/#\/schema\/logo\/image\/"},"sameAs":["http:\/\/www.facebook.com\/istanbulafrica","https:\/\/x.com\/istanbulafrica","https:\/\/www.instagram.com\/istanbulafrica","https:\/\/linkedin.com\/company\/istanbulafrica"]},{"@type":"Person","@id":"https:\/\/www.istanbulafrica.com\/#\/schema\/person\/e0f8b3b562d664e99942c2ca70031388","name":"admin","image":{"@type":"ImageObject","inLanguage":"en-US","@id":"https:\/\/www.istanbulafrica.com\/#\/schema\/person\/image\/","url":"https:\/\/www.istanbulafrica.com\/wp-content\/litespeed\/avatar\/063478b0608c9232a95d704ee9061d12.jpg?ver=1758542353","contentUrl":"https:\/\/www.istanbulafrica.com\/wp-content\/litespeed\/avatar\/063478b0608c9232a95d704ee9061d12.jpg?ver=1758542353","caption":"admin"}}]}},"_links":{"self":[{"href":"https:\/\/www.istanbulafrica.com\/wp-json\/wp\/v2\/posts\/2636","targetHints":{"allow":["GET"]}}],"collection":[{"href":"https:\/\/www.istanbulafrica.com\/wp-json\/wp\/v2\/posts"}],"about":[{"href":"https:\/\/www.istanbulafrica.com\/wp-json\/wp\/v2\/types\/post"}],"author":[{"embeddable":true,"href":"https:\/\/www.istanbulafrica.com\/wp-json\/wp\/v2\/users\/1"}],"replies":[{"embeddable":true,"href":"https:\/\/www.istanbulafrica.com\/wp-json\/wp\/v2\/comments?post=2636"}],"version-history":[{"count":2,"href":"https:\/\/www.istanbulafrica.com\/wp-json\/wp\/v2\/posts\/2636\/revisions"}],"predecessor-version":[{"id":2638,"href":"https:\/\/www.istanbulafrica.com\/wp-json\/wp\/v2\/posts\/2636\/revisions\/2638"}],"wp:featuredmedia":[{"embeddable":true,"href":"https:\/\/www.istanbulafrica.com\/wp-json\/wp\/v2\/media\/2624"}],"wp:attachment":[{"href":"https:\/\/www.istanbulafrica.com\/wp-json\/wp\/v2\/media?parent=2636"}],"wp:term":[{"taxonomy":"category","embeddable":true,"href":"https:\/\/www.istanbulafrica.com\/wp-json\/wp\/v2\/categories?post=2636"},{"taxonomy":"post_tag","embeddable":true,"href":"https:\/\/www.istanbulafrica.com\/wp-json\/wp\/v2\/tags?post=2636"}],"curies":[{"name":"wp","href":"https:\/\/api.w.org\/{rel}","templated":true}]}}