{"id":2825,"date":"2020-03-09T17:48:20","date_gmt":"2020-03-09T17:48:20","guid":{"rendered":"https:\/\/www.istanbulafrica.com\/?p=2825"},"modified":"2020-04-05T09:56:13","modified_gmt":"2020-04-05T09:56:13","slug":"turkiye-ekonomisi-ve-ticaret-verileri","status":"publish","type":"post","link":"https:\/\/www.istanbulafrica.com\/tr\/turkiye-ekonomisi-ve-ticaret-verileri\/","title":{"rendered":"T\u00fcrkiye Ekonomisi ve Ticaret Verileri"},"content":{"rendered":"\t\t<div data-elementor-type=\"wp-post\" data-elementor-id=\"2825\" class=\"elementor elementor-2825 elementor-bc-flex-widget\">\n\t\t\t\t\t\t<section class=\"elementor-section elementor-top-section elementor-element elementor-element-4c6d763 elementor-section-boxed elementor-section-height-default elementor-section-height-default\" data-id=\"4c6d763\" data-element_type=\"section\">\n\t\t\t\t\t\t<div class=\"elementor-container elementor-column-gap-default\">\n\t\t\t\t\t<div class=\"elementor-column elementor-col-100 elementor-top-column elementor-element elementor-element-2d5198f\" data-id=\"2d5198f\" data-element_type=\"column\">\n\t\t\t<div class=\"elementor-widget-wrap elementor-element-populated\">\n\t\t\t\t\t\t<div class=\"elementor-element elementor-element-f3b29f2 elementor-widget elementor-widget-heading\" data-id=\"f3b29f2\" data-element_type=\"widget\" data-widget_type=\"heading.default\">\n\t\t\t\t<div class=\"elementor-widget-container\">\n\t\t\t\t\t<h2 class=\"elementor-heading-title elementor-size-default\">T\u00fcrkiye Ekonomisine Genel Bak\u0131\u015f<\/h2>\t\t\t\t<\/div>\n\t\t\t\t<\/div>\n\t\t\t\t\t<\/div>\n\t\t<\/div>\n\t\t\t\t\t<\/div>\n\t\t<\/section>\n\t\t\t\t<section class=\"elementor-section elementor-top-section elementor-element elementor-element-7a17d42 elementor-section-boxed elementor-section-height-default elementor-section-height-default\" data-id=\"7a17d42\" data-element_type=\"section\">\n\t\t\t\t\t\t<div class=\"elementor-container elementor-column-gap-default\">\n\t\t\t\t\t<div class=\"elementor-column elementor-col-100 elementor-top-column elementor-element elementor-element-0c6e27d\" data-id=\"0c6e27d\" data-element_type=\"column\">\n\t\t\t<div class=\"elementor-widget-wrap elementor-element-populated\">\n\t\t\t\t\t\t<div class=\"elementor-element elementor-element-6b02803 elementor-widget elementor-widget-text-editor\" data-id=\"6b02803\" data-element_type=\"widget\" data-widget_type=\"text-editor.default\">\n\t\t\t\t<div class=\"elementor-widget-container\">\n\t\t\t\t\t\t\t\t\t<p>2018 y\u0131l\u0131nda, mevcut GSY\u0130H rakamlar\u0131na g\u00f6re, T\u00fcrkiye d\u00fcnyan\u0131n 18., Avrupa&#8217;n\u0131n 7. en b\u00fcy\u00fck ekonomisi konumundad\u0131r. T\u00fcrkiye&#8217;nin ekonomik b\u00fcy\u00fckl\u00fc\u011f\u00fc Nijerya ve G\u00fcney Afrika&#8217;n\u0131n birle\u015fiminden daha b\u00fcy\u00fck.<\/p><p>T\u00fcrkiye, co\u011frafi ve k\u00fclt\u00fcrel ve ekonomik bir k\u00f6pr\u00fc g\u00f6revi g\u00f6ren Asya ve Avrupa aras\u0131nda yer almaktad\u0131r. \u0130ki k\u0131tadaki konumu T\u00fcrkiye&#8217;ye Avrupa, Asya, Orta Do\u011fu ve Afrika pazarlar\u0131na hizmet etmede b\u00fcy\u00fck avantaj sa\u011fl\u0131yor.<\/p><p>T\u00fcrkiye&#8217;nin n\u00fcfusu 81,4 milyon ve \u00e7ok \u00e7e\u015fitli bir ekonomiye sahip. T\u00fcrkiye n\u00fcfusunun% 19&#8217;unun ya\u015fad\u0131\u011f\u0131 \u0130stanbul, 15 milyon ki\u015fi ile en b\u00fcy\u00fck n\u00fcfusa sahiptir. Di\u011fer b\u00fcy\u00fck \u015fehirler ba\u015fkent Ankara, \u0130zmir, Bursa ve Antalya&#8217;d\u0131r.<\/p><p>T\u00fcrkiye, Birle\u015fmi\u015f Milletler, Avrupa Konseyi, Ekonomik \u00d6rg\u00fct\u00fc \u00fcyesi \u0130\u015fbirli\u011fi ve Kalk\u0131nma (OECD), Uluslararas\u0131 \u0130mar ve Kalk\u0131nma Bankas\u0131, D\u00fcnya Bankas\u0131, Uluslararas\u0131 Para Fonu (IMF) ve D\u00fcnya Ticareti Organizasyon (DT\u00d6).<\/p><p>T\u00fcrkiye&#8217;ye Aral\u0131k 1999&#8217;da Helsinki Zirvesi&#8217;nde di\u011fer aday \u00fclkelerle e\u015fit \u015fartlarda AB&#8217;ye aday stat\u00fcs\u00fc verilmi\u015ftir. Aral\u0131k 2004&#8217;te Avrupa Konseyi taraf\u0131ndan kabul edildi\u011fi \u00fczere, kat\u0131l\u0131m m\u00fczakereleri 3 Ekim 2005 tarihinde kabul edilmi\u015ftir. Avrupa Birli\u011fi Konseyi M\u00fczakere \u00c7er\u00e7evesi.<\/p>\t\t\t\t\t\t\t\t<\/div>\n\t\t\t\t<\/div>\n\t\t\t\t\t<\/div>\n\t\t<\/div>\n\t\t\t\t\t<\/div>\n\t\t<\/section>\n\t\t\t\t<section class=\"elementor-section elementor-top-section elementor-element elementor-element-56a6f76 elementor-section-boxed elementor-section-height-default elementor-section-height-default\" data-id=\"56a6f76\" data-element_type=\"section\">\n\t\t\t\t\t\t<div class=\"elementor-container elementor-column-gap-default\">\n\t\t\t\t\t<div class=\"elementor-column elementor-col-100 elementor-top-column elementor-element elementor-element-b00ffb2\" data-id=\"b00ffb2\" data-element_type=\"column\">\n\t\t\t<div class=\"elementor-widget-wrap elementor-element-populated\">\n\t\t\t\t\t\t<div class=\"elementor-element elementor-element-de5ed07 elementor-widget elementor-widget-image\" data-id=\"de5ed07\" data-element_type=\"widget\" data-widget_type=\"image.default\">\n\t\t\t\t<div class=\"elementor-widget-container\">\n\t\t\t\t\t\t\t\t\t\t\t\t\t\t\t<img fetchpriority=\"high\" decoding=\"async\" width=\"920\" height=\"580\" src=\"https:\/\/www.istanbulafrica.com\/wp-content\/uploads\/2020\/03\/Turkey-Fact-Sheet.png\" class=\"attachment-large size-large wp-image-2806\" alt=\"\" srcset=\"https:\/\/www.istanbulafrica.com\/wp-content\/uploads\/2020\/03\/Turkey-Fact-Sheet.png 920w, https:\/\/www.istanbulafrica.com\/wp-content\/uploads\/2020\/03\/Turkey-Fact-Sheet-300x189.png 300w, https:\/\/www.istanbulafrica.com\/wp-content\/uploads\/2020\/03\/Turkey-Fact-Sheet-768x484.png 768w, https:\/\/www.istanbulafrica.com\/wp-content\/uploads\/2020\/03\/Turkey-Fact-Sheet-720x454.png 720w\" sizes=\"(max-width: 920px) 100vw, 920px\" \/>\t\t\t\t\t\t\t\t\t\t\t\t\t\t\t<\/div>\n\t\t\t\t<\/div>\n\t\t\t\t\t<\/div>\n\t\t<\/div>\n\t\t\t\t\t<\/div>\n\t\t<\/section>\n\t\t\t\t<section class=\"elementor-section elementor-top-section elementor-element elementor-element-fc9faf7 elementor-section-boxed elementor-section-height-default elementor-section-height-default\" data-id=\"fc9faf7\" data-element_type=\"section\">\n\t\t\t\t\t\t<div class=\"elementor-container elementor-column-gap-default\">\n\t\t\t\t\t<div class=\"elementor-column elementor-col-100 elementor-top-column elementor-element elementor-element-14d822e\" data-id=\"14d822e\" data-element_type=\"column\">\n\t\t\t<div class=\"elementor-widget-wrap elementor-element-populated\">\n\t\t\t\t\t\t<div class=\"elementor-element elementor-element-91c8b2f elementor-widget elementor-widget-heading\" data-id=\"91c8b2f\" data-element_type=\"widget\" data-widget_type=\"heading.default\">\n\t\t\t\t<div class=\"elementor-widget-container\">\n\t\t\t\t\t<h2 class=\"elementor-heading-title elementor-size-default\">D\u0131\u015f Ticaret<\/h2>\t\t\t\t<\/div>\n\t\t\t\t<\/div>\n\t\t\t\t\t<\/div>\n\t\t<\/div>\n\t\t\t\t\t<\/div>\n\t\t<\/section>\n\t\t\t\t<section class=\"elementor-section elementor-top-section elementor-element elementor-element-a078f04 elementor-section-boxed elementor-section-height-default elementor-section-height-default\" data-id=\"a078f04\" data-element_type=\"section\">\n\t\t\t\t\t\t<div class=\"elementor-container elementor-column-gap-default\">\n\t\t\t\t\t<div class=\"elementor-column elementor-col-100 elementor-top-column elementor-element elementor-element-f665ff8\" data-id=\"f665ff8\" data-element_type=\"column\">\n\t\t\t<div class=\"elementor-widget-wrap elementor-element-populated\">\n\t\t\t\t\t\t<div class=\"elementor-element elementor-element-80a661a elementor-widget elementor-widget-text-editor\" data-id=\"80a661a\" data-element_type=\"widget\" data-widget_type=\"text-editor.default\">\n\t\t\t\t<div class=\"elementor-widget-container\">\n\t\t\t\t\t\t\t\t\t<p>1980 y\u0131l\u0131ndan bu yana, T\u00fcrkiye&#8217;nin ihracat\u0131 d\u0131\u015fa d\u00f6n\u00fck politikas\u0131 do\u011frultusunda \u00f6nemli \u00f6l\u00e7\u00fcde artm\u0131\u015ft\u0131r. 1980 y\u0131l\u0131nda ihracat 2,9 milyar dolar olurken, bu rakam s\u00fcrekli artt\u0131 ve 2017 y\u0131l\u0131nda 157 milyar dolar seviyesine ula\u015ft\u0131. 2017 y\u0131l\u0131nda, \u00fcretilen \u00fcr\u00fcnlerin toplam ihracat i\u00e7indeki pay\u0131% 93,7, tar\u0131m ve madencilik sekt\u00f6rleri% 3,4 olarak ger\u00e7ekle\u015fti. ve toplam ihracat i\u00e7indeki pay\u0131 s\u0131ras\u0131yla% 2,2&#8217;dir.<\/p><p>OECD \u00fclkeleri, T\u00fcrkiye&#8217;nin ihracat\u0131n\u0131n% 56,3&#8217;\u00fcn\u00fc olu\u015fturuyor ve AB&#8217;ye yap\u0131lan ihracat 2017&#8217;deki toplam ihracat\u0131n% 47&#8217;sini olu\u015fturuyor. T\u00fcrkiye&#8217;nin ihracat pazarlar\u0131 olduk\u00e7a \u00e7e\u015fitlidir. Almanya, 2017 y\u0131l\u0131nda T\u00fcrk \u00fcr\u00fcnleri i\u00e7in% 10&#8217;luk pay ile en b\u00fcy\u00fck ihracat pazar\u0131 olmaya devam etti. 2017 y\u0131l\u0131nda T\u00fcrkiye&#8217;nin ikinci b\u00fcy\u00fck ihracat pazar\u0131 Birle\u015fik Krall\u0131k ve ard\u0131ndan BAE ve Irak oldu.<\/p><p>2017 y\u0131l\u0131nda toplam ithalat\u0131n% 50&#8217;si OECD \u00fclkelerinden kaynaklanm\u0131\u015ft\u0131r. AB \u00fclkelerinden yap\u0131lan ithalat bu grupta en b\u00fcy\u00fck paya (% 36) sahiptir. \u00c7in Halk Cumhuriyeti (PRC), T\u00fcrk ithalat\u0131n\u0131n ana kayna\u011f\u0131 oldu. \u00c7in&#8217;in T\u00fcrk ithalat\u0131ndaki pay\u0131 2017 y\u0131l\u0131nda% 10 idi. Almanya% 9.1 pay\u0131yla \u00f6nemli bir kaynak olarak ikinci s\u0131rada yer ald\u0131. Bunu% 8,3 pay alan Rusya takip ediyor.<\/p>\t\t\t\t\t\t\t\t<\/div>\n\t\t\t\t<\/div>\n\t\t\t\t\t<\/div>\n\t\t<\/div>\n\t\t\t\t\t<\/div>\n\t\t<\/section>\n\t\t\t\t<section class=\"elementor-section elementor-top-section elementor-element elementor-element-8cfafc5 elementor-section-boxed elementor-section-height-default elementor-section-height-default\" data-id=\"8cfafc5\" data-element_type=\"section\">\n\t\t\t\t\t\t<div class=\"elementor-container elementor-column-gap-default\">\n\t\t\t\t\t<div class=\"elementor-column elementor-col-100 elementor-top-column elementor-element elementor-element-163975d\" data-id=\"163975d\" data-element_type=\"column\">\n\t\t\t<div class=\"elementor-widget-wrap elementor-element-populated\">\n\t\t\t\t\t\t<div class=\"elementor-element elementor-element-2e50a56 elementor-widget elementor-widget-image\" data-id=\"2e50a56\" data-element_type=\"widget\" data-widget_type=\"image.default\">\n\t\t\t\t<div class=\"elementor-widget-container\">\n\t\t\t\t\t\t\t\t\t\t\t\t\t\t\t<img decoding=\"async\" width=\"1024\" height=\"683\" src=\"https:\/\/www.istanbulafrica.com\/wp-content\/uploads\/2020\/03\/Foreign-Trade-Photo-Fotor-1024x683.jpg\" class=\"attachment-large size-large wp-image-2809\" alt=\"\" srcset=\"https:\/\/www.istanbulafrica.com\/wp-content\/uploads\/2020\/03\/Foreign-Trade-Photo-Fotor-1024x683.jpg 1024w, https:\/\/www.istanbulafrica.com\/wp-content\/uploads\/2020\/03\/Foreign-Trade-Photo-Fotor-300x200.jpg 300w, https:\/\/www.istanbulafrica.com\/wp-content\/uploads\/2020\/03\/Foreign-Trade-Photo-Fotor-768x512.jpg 768w, https:\/\/www.istanbulafrica.com\/wp-content\/uploads\/2020\/03\/Foreign-Trade-Photo-Fotor-720x480.jpg 720w, https:\/\/www.istanbulafrica.com\/wp-content\/uploads\/2020\/03\/Foreign-Trade-Photo-Fotor-272x182.jpg 272w, https:\/\/www.istanbulafrica.com\/wp-content\/uploads\/2020\/03\/Foreign-Trade-Photo-Fotor.jpg 1200w\" sizes=\"(max-width: 1024px) 100vw, 1024px\" \/>\t\t\t\t\t\t\t\t\t\t\t\t\t\t\t<\/div>\n\t\t\t\t<\/div>\n\t\t\t\t\t<\/div>\n\t\t<\/div>\n\t\t\t\t\t<\/div>\n\t\t<\/section>\n\t\t\t\t<section class=\"elementor-section elementor-top-section elementor-element elementor-element-219bf54 elementor-section-boxed elementor-section-height-default elementor-section-height-default\" data-id=\"219bf54\" data-element_type=\"section\">\n\t\t\t\t\t\t<div class=\"elementor-container elementor-column-gap-default\">\n\t\t\t\t\t<div class=\"elementor-column elementor-col-100 elementor-top-column elementor-element elementor-element-6949c7c\" data-id=\"6949c7c\" data-element_type=\"column\">\n\t\t\t<div class=\"elementor-widget-wrap elementor-element-populated\">\n\t\t\t\t\t\t<div class=\"elementor-element elementor-element-5344343 elementor-widget elementor-widget-heading\" data-id=\"5344343\" data-element_type=\"widget\" data-widget_type=\"heading.default\">\n\t\t\t\t<div class=\"elementor-widget-container\">\n\t\t\t\t\t<h2 class=\"elementor-heading-title elementor-size-default\">T\u00fcrkiye'deki Ba\u015fl\u0131ca Sekt\u00f6rler<\/h2>\t\t\t\t<\/div>\n\t\t\t\t<\/div>\n\t\t\t\t\t<\/div>\n\t\t<\/div>\n\t\t\t\t\t<\/div>\n\t\t<\/section>\n\t\t\t\t<section class=\"elementor-section elementor-top-section elementor-element elementor-element-3a93b24 elementor-section-boxed elementor-section-height-default elementor-section-height-default\" data-id=\"3a93b24\" data-element_type=\"section\">\n\t\t\t\t\t\t<div class=\"elementor-container elementor-column-gap-default\">\n\t\t\t\t\t<div class=\"elementor-column elementor-col-100 elementor-top-column elementor-element elementor-element-c7f46b6\" data-id=\"c7f46b6\" data-element_type=\"column\">\n\t\t\t<div class=\"elementor-widget-wrap elementor-element-populated\">\n\t\t\t\t\t\t<div class=\"elementor-element elementor-element-249eebb elementor-widget elementor-widget-text-editor\" data-id=\"249eebb\" data-element_type=\"widget\" data-widget_type=\"text-editor.default\">\n\t\t\t\t<div class=\"elementor-widget-container\">\n\t\t\t\t\t\t\t\t\t<p>T\u00fcrk \u015firketleri in\u015faat, makine, tekstil, mobilya, kimya end\u00fcstrisi ve metal \u00fcretiminde uzmanla\u015fm\u0131\u015ft\u0131r.<\/p><ul><li>T\u00fcrkiye, Avrupa&#8217;n\u0131n 2., d\u00fcnyan\u0131n en b\u00fcy\u00fck 7. plastik \u00fcreticisidir.<\/li><li>Boya end\u00fcstrisinde T\u00fcrkiye, Avrupa&#8217;n\u0131n 5. b\u00fcy\u00fck boya \u00fcreticisi konumundad\u0131r.<\/li><li>T\u00fcrkiye&#8217;de ham \u00e7elik \u00fcretimi 2017 y\u0131l\u0131nda 37,5 milyon tona y\u00fckseldi. T\u00fcrkiye&#8217;nin ham \u00e7elik ihracat\u0131 da 2016 y\u0131l\u0131nda% 8,4 artarak 2017 y\u0131l\u0131nda 18,3 milyon tona ula\u015ft\u0131.<\/li><li>1972-2018 y\u0131llar\u0131 aras\u0131nda T\u00fcrk m\u00fcteahhitler 120 \u00fclkede 9300 proje \u00fcstlenmi\u015f ve toplam de\u011feri 360 milyar USD&#8217;dir.<\/li><li>T\u00fcrkiye, Avrupa&#8217;n\u0131n 3., d\u00fcnyan\u0131n 6. b\u00fcy\u00fck giyim tedarik\u00e7isidir.<\/li><li>Makine sekt\u00f6r\u00fcn\u00fcn toplam ihracat de\u011feri, 2005 y\u0131l\u0131nda 5,2 milyar ABD dolar\u0131ndan 2016 y\u0131l\u0131nda 13,4 milyar ABD dolar\u0131na ula\u015fm\u0131\u015ft\u0131r.<\/li><\/ul><h4>Tar\u0131m ve G\u0131da End\u00fcstrisi<\/h4><p>T\u00fcrkiye, Avrupa ve Ortado\u011fu&#8217;nun en b\u00fcy\u00fck tar\u0131m \u00fcr\u00fcnleri \u00fcreticilerinden ve ihracat\u00e7\u0131lar\u0131ndan biridir. Toplam tar\u0131m ve g\u0131da sanayi \u00fcr\u00fcnleri ihracat\u0131 (HS: 01-24) 2017 y\u0131l\u0131nda 16,9 milyar ABD dolar\u0131 olmu\u015f ve ayn\u0131 d\u00f6nemde T\u00fcrkiye&#8217;nin toplam ihracat hacminin yakla\u015f\u0131k% 10,7&#8217;sini olu\u015fturmu\u015ftur.<\/p><p>T\u00fcrkiye, d\u00fcnyadaki (\u00f6zellikle ay\u00e7i\u00e7ek ya\u011f\u0131 ve margarin i\u00e7in) \u00f6nemli bitkisel ya\u011f \u00fcreticisi ve ihracat\u00e7\u0131s\u0131d\u0131r. T\u00fcrkiye&#8217;de bitkisel ya\u011f \u00fcretimi son y\u0131llarda kayda de\u011fer geli\u015fmeler ya\u015fad\u0131, daha fazla yemeklik ya\u011f tesisi de<br \/>y\u00fcksek kaliteli \u00fcr\u00fcnler \u00fcretebilir veya \u00fcretim kapasitelerini art\u0131rabilir. Bug\u00fcn T\u00fcrkiye, modern \u015fi\u015feleme hatlar\u0131 ve y\u00fcksek kapasitelere sahip b\u00fcy\u00fck \u00f6l\u00e7ekli petrol tesislerine sahiptir.<\/p><p>Zeytin ve zeytinya\u011f\u0131 anavatan\u0131 olarak T\u00fcrkiye binlerce y\u0131ll\u0131k bir deneyime ve gelene\u011fe sahiptir. T\u00fcrkiye, Akdeniz \u00fclkeleri aras\u0131nda en b\u00fcy\u00fck zeytin \u00fcreticilerinden biri olmu\u015ftur ve T\u00fcrkiye&#8217;deki zeytin \u00fcretimi Ege Denizi ve Akdeniz boyunca uzanan k\u0131y\u0131 b\u00f6lgesinden gelmektedir. Bug\u00fcn T\u00fcrkiye t\u00fcm d\u00fcnyada Akdeniz mutfa\u011f\u0131ndan zeytin ve zeytinya\u011f\u0131 tedarik etmektedir.<\/p><h4>Makine End\u00fcstrisi<\/h4><p>T\u00fcrkiye, makine sekt\u00f6r\u00fcnde istikrarl\u0131 ve istikrarl\u0131 bir ilerleme g\u00f6stermi\u015ftir. End\u00fcstri, uluslararas\u0131 \u00fcretim standartlar\u0131na h\u0131zl\u0131 adaptasyon g\u00f6stermi\u015ftir ve en y\u00fcksek kalitede makine ve ekipman kullanmaktad\u0131r. Makine ve ekipman end\u00fcstrisi son 15 y\u0131lda \u00fcretimini neredeyse iki kat\u0131na \u00e7\u0131kard\u0131. Son geli\u015fimi ve potansiyeli nedeniyle, makinelerin pay\u0131<br \/>T\u00fcrkiye ekonomisinde ve ihracat\u0131nda h\u0131zla b\u00fcy\u00fcmektedir. T\u00fcrk makine end\u00fcstrisi Almanya ile \u00e7ok g\u00fc\u00e7l\u00fc bir ortakl\u0131k kurdu. Alman pazar\u0131ndaki ba\u015far\u0131 ve bu ili\u015fkiden elde edilen bilgi g\u00f6z \u00f6n\u00fcne al\u0131nd\u0131\u011f\u0131nda, T\u00fcrkiye \u015fimdi e\u015fit derecede k\u00e2rl\u0131 ortakl\u0131klar kurmak i\u00e7in di\u011fer \u00f6nemli pazarlara odaklanm\u0131\u015ft\u0131r. T\u00fcrkiye&#8217;nin toplam makine ihracat\u0131nda T\u00fcrk makine ihracat\u0131n\u0131n pay\u0131% 6&#8217;d\u0131r. T\u00fcrkiye&#8217;nin makine ihracat\u0131 2016 y\u0131l\u0131nda 8,6 milyar ABD dolar\u0131, 2017 y\u0131l\u0131nda 9,5 milyar ABD dolar\u0131na ula\u015fm\u0131\u015ft\u0131r.<\/p><p>Katma de\u011feri, yenili\u011fi, yarat\u0131c\u0131l\u0131\u011f\u0131 ve kapsaml\u0131 ara\u015ft\u0131rmalar\u0131 \u00fczerine kurulan T\u00fcrk elektronik end\u00fcstrisi, sadece yerel pazar i\u00e7in de\u011fil, ayn\u0131 zamanda deniz a\u015f\u0131r\u0131 \u00fclkeler i\u00e7in de \u00fcr\u00fcnler geli\u015ftirmektedir. Sekt\u00f6r\u00fcn ihracat\u0131 1990 y\u0131l\u0131ndan bu yana s\u00fcrekli bir art\u0131\u015f g\u00f6stermi\u015ftir. Bunun ba\u015fl\u0131ca sebebi, yo\u011fun Ar-Ge \u00e7al\u0131\u015fmalar\u0131 ve ihracat pazarlar\u0131n\u0131n ihtiya\u00e7lar\u0131na uygun \u00fcretimdir. B\u00f6ylece, en son teknolojiye sahip elektronik end\u00fcstrisi, T\u00fcrkiye ihracat\u0131nda% 6,5&#8217;lik bir paya sahip olan bir di\u011fer \u00f6nemli end\u00fcstri. En \u00f6nemli alt sekt\u00f6rler elektrikli makineler, televizyonlar ve dayan\u0131kl\u0131 (beyaz) \u00fcr\u00fcnlerdir. T\u00fcrk televizyonlar\u0131 ve beyaz dayan\u0131kl\u0131 \u00fcr\u00fcnler Avrupa \u00fclkelerinin \u00e7o\u011funda \u00f6nemli pazar paylar\u0131na sahiptir. Sanayinin ihracat\u0131 2017 y\u0131l\u0131nda bir \u00f6nceki y\u0131la g\u00f6re% 4 art\u0131\u015fla 10,2 milyar USD.<\/p><p>T\u00fcrk demir \u00e7elik end\u00fcstrisi, hem kalite hem de kapasite a\u00e7\u0131s\u0131ndan b\u00fcy\u00fck ilerleme kaydetmi\u015ftir. T\u00fcrkiye&#8217;de ham \u00e7elik \u00fcretimi 37.5 milyon tona y\u00fckseldi ve T\u00fcrkiye 2017 y\u0131l\u0131nda d\u00fcnyan\u0131n sekizinci en b\u00fcy\u00fck \u00e7elik \u00fcreticisi \u00fclkesi. 2017 y\u0131l\u0131nda demir-\u00e7elik ihracat\u0131 13.8 milyar $ &#8216;\u0131 buldu. Avrupa&#8217;n\u0131n ikinci b\u00fcy\u00fck \u00e7elik \u00fcreticisi ve ikinci b\u00fcy\u00fck \u00e7elik \u00fcreticisi in\u015faat demiri \u00e7elik ihracat\u00e7\u0131s\u0131.<\/p><h4>Madencilik<\/h4><p>T\u00fcrkiye, baz\u0131 mineraller i\u00e7in d\u00fcnyan\u0131n en b\u00fcy\u00fck maden kaynaklar\u0131na sahiptir. T\u00fcrkiye&#8217;de 53 maden ve metal ile 4.500 maden yata\u011f\u0131 bulunmaktad\u0131r. T\u00fcrkiye&#8217;nin \u00fcretilen ba\u015fl\u0131ca mineralleri bor mineralleri, mermer, bazalt, feldispat, manyezit, perlit, pomza, barit ve bentonittir. \u00c7ok \u00e7e\u015fitli birincil metalik mineraller de \u00fcretilmektedir. Krom ve bak\u0131r cevheri metal sekt\u00f6r\u00fcndeki en \u00f6nemli minerallerdir. T\u00fcrkiye,<br \/>rafine edilmi\u015f boratlar ve ilgili kimyasallar, \u00e7imento, seramik ve cam gibi i\u015flenmi\u015f mineraller. Ayr\u0131ca, T\u00fcrkiye \u00f6nemli bir ferrokrom \u00fcreticisidir. 2017 y\u0131l\u0131nda, madencilik \u00fcr\u00fcnleri ihracat\u0131 4.7 milyar ABD dolar\u0131 olup, T\u00fcrkiye&#8217;nin toplam ihracat\u0131n\u0131n yakla\u015f\u0131k% 3&#8217;\u00fcn\u00fc olu\u015fturmaktad\u0131r.<\/p><h4>\u0130n\u015faat ve Taahh\u00fct<\/h4><p>\u0130n\u015faat Hizmetleri ile ilgili olarak, T\u00fcrk m\u00fcteahhitler, g\u00fcvenilirli\u011fi, yarat\u0131c\u0131l\u0131\u011f\u0131 ve maliyet etkinli\u011fi ile uluslararas\u0131, in\u015faat pazar\u0131nda d\u00fcnyan\u0131n \u00f6nde gelen m\u00fcteahhitleri ile rekabet edebilmektedir. Bug\u00fcn, d\u00f6rt k\u0131tada uluslararas\u0131 s\u00f6zle\u015fme standartlar\u0131n\u0131n t\u00fcm finansal, y\u00f6netimsel ve teknolojik ara\u00e7lar\u0131n\u0131 kullanarak \u00e7al\u0131\u015f\u0131yorlar.<\/p><p>\u00d6nde gelen uluslararas\u0131 \u201cENR-Engineering News Record\u201d dergisine g\u00f6re, en b\u00fcy\u00fck 250 m\u00fcteahhitlik \u015firketi aras\u0131nda 46 \u015firketle T\u00fcrkiye, 2017 y\u0131l\u0131nda \u00c7in&#8217;den sonra d\u00fcnyada ikinci s\u0131rada yer ald\u0131. T\u00fcrk m\u00fcteahhitlik sekt\u00f6r\u00fc d\u00fc\u015f\u00fck maliyetli teklifleri, riskleri nedeniyle \u00f6nemli avantajlara sahiptir. &#8211; yetenekler, \u00e7al\u0131\u015fma h\u0131z\u0131 ve deneyimli \u00e7al\u0131\u015fanlar.<\/p><p>T\u00fcrk m\u00fcteahhitler faaliyet g\u00f6sterdikleri veya faaliyet g\u00f6sterdikleri \u00fclkelerin \u00fcr\u00fcn ve hizmetlerinin \u00f6nemli ihtiya\u00e7lar\u0131n\u0131 kar\u015f\u0131lamaktad\u0131r. Temel veya proses m\u00fchendisli\u011fi, fizibilite \u00e7al\u0131\u015fmalar\u0131, ekipman se\u00e7imi ve kredinin geni\u015fletilmesinden olu\u015fan t\u00fcm paket teklifleriyle bu ihtiya\u00e7lara cevap vermektedir.<\/p>\t\t\t\t\t\t\t\t<\/div>\n\t\t\t\t<\/div>\n\t\t\t\t\t<\/div>\n\t\t<\/div>\n\t\t\t\t\t<\/div>\n\t\t<\/section>\n\t\t\t\t<section class=\"elementor-section elementor-top-section elementor-element elementor-element-5acd7c9 elementor-section-boxed elementor-section-height-default elementor-section-height-default\" data-id=\"5acd7c9\" data-element_type=\"section\">\n\t\t\t\t\t\t<div class=\"elementor-container elementor-column-gap-default\">\n\t\t\t\t\t<div class=\"elementor-column elementor-col-100 elementor-top-column elementor-element elementor-element-8275492\" data-id=\"8275492\" data-element_type=\"column\">\n\t\t\t<div class=\"elementor-widget-wrap elementor-element-populated\">\n\t\t\t\t\t\t<div class=\"elementor-element elementor-element-9acf368 elementor-widget elementor-widget-image\" data-id=\"9acf368\" data-element_type=\"widget\" data-widget_type=\"image.default\">\n\t\t\t\t<div class=\"elementor-widget-container\">\n\t\t\t\t\t\t\t\t\t\t\t\t\t\t\t<img decoding=\"async\" width=\"1024\" height=\"683\" src=\"https:\/\/www.istanbulafrica.com\/wp-content\/uploads\/2020\/03\/Metal-Industry-Fotor-1024x683.jpg\" class=\"attachment-large size-large wp-image-2811\" alt=\"\" srcset=\"https:\/\/www.istanbulafrica.com\/wp-content\/uploads\/2020\/03\/Metal-Industry-Fotor-1024x683.jpg 1024w, https:\/\/www.istanbulafrica.com\/wp-content\/uploads\/2020\/03\/Metal-Industry-Fotor-300x200.jpg 300w, https:\/\/www.istanbulafrica.com\/wp-content\/uploads\/2020\/03\/Metal-Industry-Fotor-768x512.jpg 768w, https:\/\/www.istanbulafrica.com\/wp-content\/uploads\/2020\/03\/Metal-Industry-Fotor-720x480.jpg 720w, https:\/\/www.istanbulafrica.com\/wp-content\/uploads\/2020\/03\/Metal-Industry-Fotor-272x182.jpg 272w, https:\/\/www.istanbulafrica.com\/wp-content\/uploads\/2020\/03\/Metal-Industry-Fotor.jpg 1200w\" sizes=\"(max-width: 1024px) 100vw, 1024px\" \/>\t\t\t\t\t\t\t\t\t\t\t\t\t\t\t<\/div>\n\t\t\t\t<\/div>\n\t\t\t\t\t<\/div>\n\t\t<\/div>\n\t\t\t\t\t<\/div>\n\t\t<\/section>\n\t\t\t\t<section class=\"elementor-section elementor-top-section elementor-element elementor-element-5e5f414 elementor-section-boxed elementor-section-height-default elementor-section-height-default\" data-id=\"5e5f414\" data-element_type=\"section\">\n\t\t\t\t\t\t<div class=\"elementor-container elementor-column-gap-default\">\n\t\t\t\t\t<div class=\"elementor-column elementor-col-100 elementor-top-column elementor-element elementor-element-9ceb6b4\" data-id=\"9ceb6b4\" data-element_type=\"column\">\n\t\t\t<div class=\"elementor-widget-wrap elementor-element-populated\">\n\t\t\t\t\t\t<div class=\"elementor-element elementor-element-258385c elementor-widget elementor-widget-heading\" data-id=\"258385c\" data-element_type=\"widget\" data-widget_type=\"heading.default\">\n\t\t\t\t<div class=\"elementor-widget-container\">\n\t\t\t\t\t<h2 class=\"elementor-heading-title elementor-size-default\">\u0130stanbul Afrika Ticaret \u015eirketinin Rol\u00fc<\/h2>\t\t\t\t<\/div>\n\t\t\t\t<\/div>\n\t\t\t\t\t<\/div>\n\t\t<\/div>\n\t\t\t\t\t<\/div>\n\t\t<\/section>\n\t\t\t\t<section class=\"elementor-section elementor-top-section elementor-element elementor-element-503aebe elementor-section-boxed elementor-section-height-default elementor-section-height-default\" data-id=\"503aebe\" data-element_type=\"section\">\n\t\t\t\t\t\t<div class=\"elementor-container elementor-column-gap-default\">\n\t\t\t\t\t<div class=\"elementor-column elementor-col-100 elementor-top-column elementor-element elementor-element-2f5409f\" data-id=\"2f5409f\" data-element_type=\"column\">\n\t\t\t<div class=\"elementor-widget-wrap elementor-element-populated\">\n\t\t\t\t\t\t<div class=\"elementor-element elementor-element-7edbc00 elementor-widget elementor-widget-text-editor\" data-id=\"7edbc00\" data-element_type=\"widget\" data-widget_type=\"text-editor.default\">\n\t\t\t\t<div class=\"elementor-widget-container\">\n\t\t\t\t\t\t\t\t\t<p>\u0130stanbul Afrika Ticaret \u015eirketi, profesyonel ticaret hizmetleriyle T\u00fcrkiye ile Afrika \u00fclkeleri aras\u0131ndaki ticari ili\u015fkileri geli\u015ftirmektedir. Firmam\u0131z Sahra alt\u0131 Afrika pazar\u0131nda 16 b\u00fcy\u00fck T\u00fcrk \u015firketinin distrib\u00fct\u00f6r\u00fcd\u00fcr. Ortak \u015firketlerimiz 150.000 metrekareden fazla \u00fcretim alan\u0131na, 1.500+ \u00e7al\u0131\u015fana ve y\u0131ll\u0131k 120 Milyon $ &#8216;l\u0131k gelire sahiptir. Makine, Plastik, Kimya, \u0130n\u015faat, Tekstil ve FMCG sekt\u00f6rlerinde faaliyet g\u00f6steriyoruz.<\/p><p>Yeni i\u015f geli\u015ftirme ve ticaretle ilgili faaliyetler i\u00e7in d\u00fczenli ticaret ziyaretleri yap\u0131yoruz. \u0130\u015f ihtiya\u00e7lar\u0131n\u0131 kar\u015f\u0131lamak i\u00e7in Afrikal\u0131 i\u015fadamlar\u0131 ile yak\u0131n \u00e7al\u0131\u015f\u0131yoruz. A\u015fa\u011f\u0131daki \u00fcr\u00fcn yelpazesinde ticaret hizmeti vermekteyiz. A\u015fa\u011f\u0131daki \u00fcr\u00fcnler T\u00fcrkiye&#8217;den m\u00fc\u015fterilerimiz taraf\u0131ndan ithal edilmektedir:<\/p><p><span style=\"text-decoration: underline;\"><strong>Makine:<\/strong><\/span><\/p><ul><li>Beton Blok \u00dcretim ve Fini\u015fer Tezgahlar\u0131<\/li><li>K\u0131r\u0131c\u0131lar ve Eleme Makineleri<\/li><li>Beton Santralleri<\/li><li>Beton Boru Yapma Makineleri<\/li><li>End\u00fcstriyel Kazanlar, Br\u00fcl\u00f6rler ve Fanlar<\/li><li>Yol Yap\u0131m ve Asfalt Makinalar\u0131<\/li><li>Mobil vin\u00e7<\/li><li>Biyogaz ve Biyodizel Tesisleri<\/li><li>G\u0131da \u00dcretim ve Paketleme Makineleri<\/li><li>End\u00fcstriyel Otomasyon Makineleri<\/li><li>CNC Makineleri<\/li><\/ul><p><span style=\"text-decoration: underline;\"><strong>T\u00fcketici \u00dcr\u00fcnleri:<\/strong><\/span><\/p><ul><li>Bebek bezi<\/li><li>Hijyenik ped<\/li><li>Islak mendil<\/li><li>Deterjan<\/li><li>Sabun<\/li><li>Makyaj malzemeleri<\/li><li>\u015eampuan<\/li><li>Led ampuller<\/li><li>Makarna<\/li><li>Zeytin ya\u011f\u0131<\/li><li>Baharat \u00c7e\u015fitleri<\/li><li>Kurutulmu\u015f meyve<\/li><li>Dondurulmu\u015f g\u0131da<\/li><\/ul><p><span style=\"text-decoration: underline;\"><strong>Yap\u0131 malzemeleri:<\/strong><\/span><\/p><ul><li>PVC ve PPRC Boru ve Ek Par\u00e7alar\u0131<\/li><li>Lavabo Bataryalar\u0131 ve Du\u015f Setleri<\/li><li>G\u00fcne\u015f Enerjili Su Is\u0131tma Sistemleri<\/li><li>Su Ar\u0131tma Cihazlar\u0131<\/li><li>Solar Ayd\u0131nlatma Sistemleri<\/li><li>\u0130n\u015faat Demiri<\/li><li>T\u00fcrk Fayanslar\u0131<\/li><li>Mermer<\/li><\/ul><p><span style=\"text-decoration: underline;\"><strong>Tar\u0131m makineleri:<\/strong><\/span><\/p><ul><li>Benzinli ve Dizel Trakt\u00f6rler<\/li><li>Toprak Haz\u0131rlama Makineleri<\/li><li>Mekanik Ekiciler<\/li><li>Pn\u00f6matik Ekiciler<\/li><li>G\u00fcbre Serpme Makinas\u0131<\/li><li>Tamburlu Bi\u00e7me Makinesi<\/li><li>Sebze Hasat Makinas\u0131<\/li><\/ul><p><span style=\"text-decoration: underline;\"><strong>Rafine Petrol \u00dcr\u00fcnleri:<\/strong><\/span><\/p><ul><li>LDPE<\/li><li>LLDPE<\/li><li>Masterbatch<\/li><li>Yak\u0131t<\/li><li>HDPE<\/li><\/ul>\t\t\t\t\t\t\t\t<\/div>\n\t\t\t\t<\/div>\n\t\t\t\t\t<\/div>\n\t\t<\/div>\n\t\t\t\t\t<\/div>\n\t\t<\/section>\n\t\t\t\t<section class=\"elementor-section elementor-top-section elementor-element elementor-element-e136992 elementor-section-boxed elementor-section-height-default elementor-section-height-default\" data-id=\"e136992\" data-element_type=\"section\">\n\t\t\t\t\t\t<div class=\"elementor-container elementor-column-gap-default\">\n\t\t\t\t\t<div class=\"elementor-column elementor-col-100 elementor-top-column elementor-element elementor-element-da3aabd\" data-id=\"da3aabd\" data-element_type=\"column\">\n\t\t\t<div class=\"elementor-widget-wrap elementor-element-populated\">\n\t\t\t\t\t\t<div class=\"elementor-element elementor-element-8225d37 elementor-widget elementor-widget-image\" data-id=\"8225d37\" data-element_type=\"widget\" data-widget_type=\"image.default\">\n\t\t\t\t<div class=\"elementor-widget-container\">\n\t\t\t\t\t\t\t\t\t\t\t\t\t\t\t<img loading=\"lazy\" decoding=\"async\" width=\"1024\" height=\"467\" src=\"https:\/\/www.istanbulafrica.com\/wp-content\/uploads\/2020\/03\/Istanbul-Africa-Back-Cover-El-handshake-1024x467.jpg\" class=\"attachment-large size-large wp-image-2813\" alt=\"\" srcset=\"https:\/\/www.istanbulafrica.com\/wp-content\/uploads\/2020\/03\/Istanbul-Africa-Back-Cover-El-handshake-1024x467.jpg 1024w, https:\/\/www.istanbulafrica.com\/wp-content\/uploads\/2020\/03\/Istanbul-Africa-Back-Cover-El-handshake-300x137.jpg 300w, https:\/\/www.istanbulafrica.com\/wp-content\/uploads\/2020\/03\/Istanbul-Africa-Back-Cover-El-handshake-768x350.jpg 768w, https:\/\/www.istanbulafrica.com\/wp-content\/uploads\/2020\/03\/Istanbul-Africa-Back-Cover-El-handshake-720x328.jpg 720w, https:\/\/www.istanbulafrica.com\/wp-content\/uploads\/2020\/03\/Istanbul-Africa-Back-Cover-El-handshake.jpg 2039w\" sizes=\"(max-width: 1024px) 100vw, 1024px\" \/>\t\t\t\t\t\t\t\t\t\t\t\t\t\t\t<\/div>\n\t\t\t\t<\/div>\n\t\t\t\t\t<\/div>\n\t\t<\/div>\n\t\t\t\t\t<\/div>\n\t\t<\/section>\n\t\t\t\t<section class=\"elementor-section elementor-top-section elementor-element elementor-element-6f31cbc elementor-section-boxed elementor-section-height-default elementor-section-height-default\" data-id=\"6f31cbc\" data-element_type=\"section\">\n\t\t\t\t\t\t<div class=\"elementor-container elementor-column-gap-default\">\n\t\t\t\t\t<div class=\"elementor-column elementor-col-100 elementor-top-column elementor-element elementor-element-5ced9ac\" data-id=\"5ced9ac\" data-element_type=\"column\">\n\t\t\t<div class=\"elementor-widget-wrap elementor-element-populated\">\n\t\t\t\t\t\t<div class=\"elementor-element elementor-element-19728a5 elementor-widget elementor-widget-text-editor\" data-id=\"19728a5\" data-element_type=\"widget\" data-widget_type=\"text-editor.default\">\n\t\t\t\t<div class=\"elementor-widget-container\">\n\t\t\t\t\t\t\t\t\t<p>Kaynak:<\/p><ul><li>World Bak Factsheet<\/li><li>Republic of Turkey Ministry of Trade Report<\/li><li>IMF Country Reports<\/li><li>Turkey Statistics Institution<\/li><li>UN Comtrade<\/li><\/ul>\t\t\t\t\t\t\t\t<\/div>\n\t\t\t\t<\/div>\n\t\t\t\t\t<\/div>\n\t\t<\/div>\n\t\t\t\t\t<\/div>\n\t\t<\/section>\n\t\t\t\t<\/div>\n\t\t","protected":false},"excerpt":{"rendered":"<p>T\u00fcrkiye Ekonomisine Genel Bak\u0131\u015f 2018 y\u0131l\u0131nda, mevcut GSY\u0130H rakamlar\u0131na g\u00f6re, T\u00fcrkiye d\u00fcnyan\u0131n 18., Avrupa&#8217;n\u0131n 7. en b\u00fcy\u00fck ekonomisi konumundad\u0131r. T\u00fcrkiye&#8217;nin [&hellip;]<\/p>\n","protected":false},"author":1,"featured_media":2786,"comment_status":"open","ping_status":"open","sticky":false,"template":"","format":"standard","meta":{"_monsterinsights_skip_tracking":false,"_monsterinsights_sitenote_active":false,"_monsterinsights_sitenote_note":"","_monsterinsights_sitenote_category":0,"footnotes":""},"categories":[2701],"tags":[],"class_list":["post-2825","post","type-post","status-publish","format-standard","has-post-thumbnail","hentry","category-rapor"],"yoast_head":"<!-- This site is optimized with the Yoast SEO Premium plugin v25.7.1 (Yoast SEO v25.8) - https:\/\/yoast.com\/wordpress\/plugins\/seo\/ -->\n<title>T\u00fcrkiye Ekonomisi - \u0130stanbul Afrika Ticaret \u015eirketi - ihracat yapan firmalar<\/title>\n<meta name=\"description\" content=\"T\u00fcrkiye&#039;den nereye ihracat yapabilirim? Afrika&#039;ya ihracat yapan firmalar. T\u00fcrkiye&#039;den makine, t\u00fcketim mallar\u0131, ekipman ihra\u00e7 edebilirsiniz.\" \/>\n<meta name=\"robots\" content=\"index, follow, max-snippet:-1, max-image-preview:large, max-video-preview:-1\" \/>\n<link rel=\"canonical\" href=\"https:\/\/www.istanbulafrica.com\/tr\/turkiye-ekonomisi-ve-ticaret-verileri\/\" \/>\n<meta property=\"og:locale\" content=\"en_US\" \/>\n<meta property=\"og:type\" content=\"article\" \/>\n<meta property=\"og:title\" content=\"T\u00fcrkiye Ekonomisi ve Ticaret Verileri\" \/>\n<meta property=\"og:description\" content=\"T\u00fcrkiye&#039;den nereye ihracat yapabilirim? Afrika&#039;ya ihracat yapan firmalar. T\u00fcrkiye&#039;den makine, t\u00fcketim mallar\u0131, ekipman ihra\u00e7 edebilirsiniz.\" \/>\n<meta property=\"og:url\" content=\"https:\/\/www.istanbulafrica.com\/tr\/turkiye-ekonomisi-ve-ticaret-verileri\/\" \/>\n<meta property=\"og:site_name\" content=\"Istanbul Africa Trade Company\" \/>\n<meta property=\"article:publisher\" content=\"http:\/\/www.facebook.com\/istanbulafrica\" \/>\n<meta property=\"article:published_time\" content=\"2020-03-09T17:48:20+00:00\" \/>\n<meta property=\"article:modified_time\" content=\"2020-04-05T09:56:13+00:00\" \/>\n<meta property=\"og:image\" content=\"https:\/\/www.istanbulafrica.com\/wp-content\/uploads\/2020\/03\/\u0130stanbul-Foto\u011fraf-Bo\u011faz-Fotor.jpg\" \/>\n\t<meta property=\"og:image:width\" content=\"1200\" \/>\n\t<meta property=\"og:image:height\" content=\"720\" \/>\n\t<meta property=\"og:image:type\" content=\"image\/jpeg\" \/>\n<meta name=\"author\" content=\"admin\" \/>\n<meta name=\"twitter:card\" content=\"summary_large_image\" \/>\n<meta name=\"twitter:creator\" content=\"@istanbulafrica\" \/>\n<meta name=\"twitter:site\" content=\"@istanbulafrica\" \/>\n<meta name=\"twitter:label1\" content=\"Written by\" \/>\n\t<meta name=\"twitter:data1\" content=\"\" \/>\n\t<meta name=\"twitter:label2\" content=\"Est. reading time\" \/>\n\t<meta name=\"twitter:data2\" content=\"9 minutes\" \/>\n<script type=\"application\/ld+json\" class=\"yoast-schema-graph\">{\"@context\":\"https:\/\/schema.org\",\"@graph\":[{\"@type\":\"Article\",\"@id\":\"https:\/\/www.istanbulafrica.com\/tr\/turkiye-ekonomisi-ve-ticaret-verileri\/#article\",\"isPartOf\":{\"@id\":\"https:\/\/www.istanbulafrica.com\/tr\/turkiye-ekonomisi-ve-ticaret-verileri\/\"},\"author\":{\"name\":\"admin\",\"@id\":\"https:\/\/www.istanbulafrica.com\/#\/schema\/person\/e0f8b3b562d664e99942c2ca70031388\"},\"headline\":\"T\u00fcrkiye Ekonomisi ve Ticaret Verileri\",\"datePublished\":\"2020-03-09T17:48:20+00:00\",\"dateModified\":\"2020-04-05T09:56:13+00:00\",\"mainEntityOfPage\":{\"@id\":\"https:\/\/www.istanbulafrica.com\/tr\/turkiye-ekonomisi-ve-ticaret-verileri\/\"},\"wordCount\":1793,\"commentCount\":0,\"publisher\":{\"@id\":\"https:\/\/www.istanbulafrica.com\/#organization\"},\"image\":{\"@id\":\"https:\/\/www.istanbulafrica.com\/tr\/turkiye-ekonomisi-ve-ticaret-verileri\/#primaryimage\"},\"thumbnailUrl\":\"https:\/\/www.istanbulafrica.com\/wp-content\/uploads\/2020\/03\/\u0130stanbul-Foto\u011fraf-Bo\u011faz-Fotor.jpg\",\"articleSection\":[\"Rapor\"],\"inLanguage\":\"en-US\",\"potentialAction\":[{\"@type\":\"CommentAction\",\"name\":\"Comment\",\"target\":[\"https:\/\/www.istanbulafrica.com\/tr\/turkiye-ekonomisi-ve-ticaret-verileri\/#respond\"]}]},{\"@type\":\"WebPage\",\"@id\":\"https:\/\/www.istanbulafrica.com\/tr\/turkiye-ekonomisi-ve-ticaret-verileri\/\",\"url\":\"https:\/\/www.istanbulafrica.com\/tr\/turkiye-ekonomisi-ve-ticaret-verileri\/\",\"name\":\"T\u00fcrkiye Ekonomisi - \u0130stanbul Afrika Ticaret \u015eirketi - ihracat yapan firmalar\",\"isPartOf\":{\"@id\":\"https:\/\/www.istanbulafrica.com\/#website\"},\"primaryImageOfPage\":{\"@id\":\"https:\/\/www.istanbulafrica.com\/tr\/turkiye-ekonomisi-ve-ticaret-verileri\/#primaryimage\"},\"image\":{\"@id\":\"https:\/\/www.istanbulafrica.com\/tr\/turkiye-ekonomisi-ve-ticaret-verileri\/#primaryimage\"},\"thumbnailUrl\":\"https:\/\/www.istanbulafrica.com\/wp-content\/uploads\/2020\/03\/\u0130stanbul-Foto\u011fraf-Bo\u011faz-Fotor.jpg\",\"datePublished\":\"2020-03-09T17:48:20+00:00\",\"dateModified\":\"2020-04-05T09:56:13+00:00\",\"description\":\"T\u00fcrkiye'den nereye ihracat yapabilirim? Afrika'ya ihracat yapan firmalar. T\u00fcrkiye'den makine, t\u00fcketim mallar\u0131, ekipman ihra\u00e7 edebilirsiniz.\",\"breadcrumb\":{\"@id\":\"https:\/\/www.istanbulafrica.com\/tr\/turkiye-ekonomisi-ve-ticaret-verileri\/#breadcrumb\"},\"inLanguage\":\"en-US\",\"potentialAction\":[{\"@type\":\"ReadAction\",\"target\":[\"https:\/\/www.istanbulafrica.com\/tr\/turkiye-ekonomisi-ve-ticaret-verileri\/\"]}]},{\"@type\":\"ImageObject\",\"inLanguage\":\"en-US\",\"@id\":\"https:\/\/www.istanbulafrica.com\/tr\/turkiye-ekonomisi-ve-ticaret-verileri\/#primaryimage\",\"url\":\"https:\/\/www.istanbulafrica.com\/wp-content\/uploads\/2020\/03\/\u0130stanbul-Foto\u011fraf-Bo\u011faz-Fotor.jpg\",\"contentUrl\":\"https:\/\/www.istanbulafrica.com\/wp-content\/uploads\/2020\/03\/\u0130stanbul-Foto\u011fraf-Bo\u011faz-Fotor.jpg\",\"width\":1200,\"height\":720},{\"@type\":\"BreadcrumbList\",\"@id\":\"https:\/\/www.istanbulafrica.com\/tr\/turkiye-ekonomisi-ve-ticaret-verileri\/#breadcrumb\",\"itemListElement\":[{\"@type\":\"ListItem\",\"position\":1,\"name\":\"Home\",\"item\":\"https:\/\/www.istanbulafrica.com\/\"},{\"@type\":\"ListItem\",\"position\":2,\"name\":\"T\u00fcrkiye Ekonomisi ve Ticaret Verileri\"}]},{\"@type\":\"WebSite\",\"@id\":\"https:\/\/www.istanbulafrica.com\/#website\",\"url\":\"https:\/\/www.istanbulafrica.com\/\",\"name\":\"Istanbul Africa Trade Company\",\"description\":\"Import, Export and Investment\",\"publisher\":{\"@id\":\"https:\/\/www.istanbulafrica.com\/#organization\"},\"potentialAction\":[{\"@type\":\"SearchAction\",\"target\":{\"@type\":\"EntryPoint\",\"urlTemplate\":\"https:\/\/www.istanbulafrica.com\/?s={search_term_string}\"},\"query-input\":{\"@type\":\"PropertyValueSpecification\",\"valueRequired\":true,\"valueName\":\"search_term_string\"}}],\"inLanguage\":\"en-US\"},{\"@type\":\"Organization\",\"@id\":\"https:\/\/www.istanbulafrica.com\/#organization\",\"name\":\"Istanbul Africa Trade Company\",\"url\":\"https:\/\/www.istanbulafrica.com\/\",\"logo\":{\"@type\":\"ImageObject\",\"inLanguage\":\"en-US\",\"@id\":\"https:\/\/www.istanbulafrica.com\/#\/schema\/logo\/image\/\",\"url\":\"https:\/\/www.istanbulafrica.com\/wp-content\/uploads\/2018\/11\/Logo-5_Multicolor-1-e1543258165564.png\",\"contentUrl\":\"https:\/\/www.istanbulafrica.com\/wp-content\/uploads\/2018\/11\/Logo-5_Multicolor-1-e1543258165564.png\",\"width\":300,\"height\":82,\"caption\":\"Istanbul Africa Trade Company\"},\"image\":{\"@id\":\"https:\/\/www.istanbulafrica.com\/#\/schema\/logo\/image\/\"},\"sameAs\":[\"http:\/\/www.facebook.com\/istanbulafrica\",\"https:\/\/x.com\/istanbulafrica\",\"https:\/\/www.instagram.com\/istanbulafrica\",\"https:\/\/linkedin.com\/company\/istanbulafrica\"]},{\"@type\":\"Person\",\"@id\":\"https:\/\/www.istanbulafrica.com\/#\/schema\/person\/e0f8b3b562d664e99942c2ca70031388\",\"name\":\"admin\",\"image\":{\"@type\":\"ImageObject\",\"inLanguage\":\"en-US\",\"@id\":\"https:\/\/www.istanbulafrica.com\/#\/schema\/person\/image\/\",\"url\":\"https:\/\/www.istanbulafrica.com\/wp-content\/litespeed\/avatar\/063478b0608c9232a95d704ee9061d12.jpg?ver=1758542353\",\"contentUrl\":\"https:\/\/www.istanbulafrica.com\/wp-content\/litespeed\/avatar\/063478b0608c9232a95d704ee9061d12.jpg?ver=1758542353\",\"caption\":\"admin\"}}]}<\/script>\n<!-- \/ Yoast SEO Premium plugin. -->","yoast_head_json":{"title":"T\u00fcrkiye Ekonomisi - \u0130stanbul Afrika Ticaret \u015eirketi - ihracat yapan firmalar","description":"T\u00fcrkiye'den nereye ihracat yapabilirim? Afrika'ya ihracat yapan firmalar. T\u00fcrkiye'den makine, t\u00fcketim mallar\u0131, ekipman ihra\u00e7 edebilirsiniz.","robots":{"index":"index","follow":"follow","max-snippet":"max-snippet:-1","max-image-preview":"max-image-preview:large","max-video-preview":"max-video-preview:-1"},"canonical":"https:\/\/www.istanbulafrica.com\/tr\/turkiye-ekonomisi-ve-ticaret-verileri\/","og_locale":"en_US","og_type":"article","og_title":"T\u00fcrkiye Ekonomisi ve Ticaret Verileri","og_description":"T\u00fcrkiye'den nereye ihracat yapabilirim? Afrika'ya ihracat yapan firmalar. T\u00fcrkiye'den makine, t\u00fcketim mallar\u0131, ekipman ihra\u00e7 edebilirsiniz.","og_url":"https:\/\/www.istanbulafrica.com\/tr\/turkiye-ekonomisi-ve-ticaret-verileri\/","og_site_name":"Istanbul Africa Trade Company","article_publisher":"http:\/\/www.facebook.com\/istanbulafrica","article_published_time":"2020-03-09T17:48:20+00:00","article_modified_time":"2020-04-05T09:56:13+00:00","og_image":[{"width":1200,"height":720,"url":"https:\/\/www.istanbulafrica.com\/wp-content\/uploads\/2020\/03\/\u0130stanbul-Foto\u011fraf-Bo\u011faz-Fotor.jpg","type":"image\/jpeg"}],"author":"admin","twitter_card":"summary_large_image","twitter_creator":"@istanbulafrica","twitter_site":"@istanbulafrica","twitter_misc":{"Written by":false,"Est. reading time":"9 minutes"},"schema":{"@context":"https:\/\/schema.org","@graph":[{"@type":"Article","@id":"https:\/\/www.istanbulafrica.com\/tr\/turkiye-ekonomisi-ve-ticaret-verileri\/#article","isPartOf":{"@id":"https:\/\/www.istanbulafrica.com\/tr\/turkiye-ekonomisi-ve-ticaret-verileri\/"},"author":{"name":"admin","@id":"https:\/\/www.istanbulafrica.com\/#\/schema\/person\/e0f8b3b562d664e99942c2ca70031388"},"headline":"T\u00fcrkiye Ekonomisi ve Ticaret Verileri","datePublished":"2020-03-09T17:48:20+00:00","dateModified":"2020-04-05T09:56:13+00:00","mainEntityOfPage":{"@id":"https:\/\/www.istanbulafrica.com\/tr\/turkiye-ekonomisi-ve-ticaret-verileri\/"},"wordCount":1793,"commentCount":0,"publisher":{"@id":"https:\/\/www.istanbulafrica.com\/#organization"},"image":{"@id":"https:\/\/www.istanbulafrica.com\/tr\/turkiye-ekonomisi-ve-ticaret-verileri\/#primaryimage"},"thumbnailUrl":"https:\/\/www.istanbulafrica.com\/wp-content\/uploads\/2020\/03\/\u0130stanbul-Foto\u011fraf-Bo\u011faz-Fotor.jpg","articleSection":["Rapor"],"inLanguage":"en-US","potentialAction":[{"@type":"CommentAction","name":"Comment","target":["https:\/\/www.istanbulafrica.com\/tr\/turkiye-ekonomisi-ve-ticaret-verileri\/#respond"]}]},{"@type":"WebPage","@id":"https:\/\/www.istanbulafrica.com\/tr\/turkiye-ekonomisi-ve-ticaret-verileri\/","url":"https:\/\/www.istanbulafrica.com\/tr\/turkiye-ekonomisi-ve-ticaret-verileri\/","name":"T\u00fcrkiye Ekonomisi - \u0130stanbul Afrika Ticaret \u015eirketi - ihracat yapan firmalar","isPartOf":{"@id":"https:\/\/www.istanbulafrica.com\/#website"},"primaryImageOfPage":{"@id":"https:\/\/www.istanbulafrica.com\/tr\/turkiye-ekonomisi-ve-ticaret-verileri\/#primaryimage"},"image":{"@id":"https:\/\/www.istanbulafrica.com\/tr\/turkiye-ekonomisi-ve-ticaret-verileri\/#primaryimage"},"thumbnailUrl":"https:\/\/www.istanbulafrica.com\/wp-content\/uploads\/2020\/03\/\u0130stanbul-Foto\u011fraf-Bo\u011faz-Fotor.jpg","datePublished":"2020-03-09T17:48:20+00:00","dateModified":"2020-04-05T09:56:13+00:00","description":"T\u00fcrkiye'den nereye ihracat yapabilirim? Afrika'ya ihracat yapan firmalar. T\u00fcrkiye'den makine, t\u00fcketim mallar\u0131, ekipman ihra\u00e7 edebilirsiniz.","breadcrumb":{"@id":"https:\/\/www.istanbulafrica.com\/tr\/turkiye-ekonomisi-ve-ticaret-verileri\/#breadcrumb"},"inLanguage":"en-US","potentialAction":[{"@type":"ReadAction","target":["https:\/\/www.istanbulafrica.com\/tr\/turkiye-ekonomisi-ve-ticaret-verileri\/"]}]},{"@type":"ImageObject","inLanguage":"en-US","@id":"https:\/\/www.istanbulafrica.com\/tr\/turkiye-ekonomisi-ve-ticaret-verileri\/#primaryimage","url":"https:\/\/www.istanbulafrica.com\/wp-content\/uploads\/2020\/03\/\u0130stanbul-Foto\u011fraf-Bo\u011faz-Fotor.jpg","contentUrl":"https:\/\/www.istanbulafrica.com\/wp-content\/uploads\/2020\/03\/\u0130stanbul-Foto\u011fraf-Bo\u011faz-Fotor.jpg","width":1200,"height":720},{"@type":"BreadcrumbList","@id":"https:\/\/www.istanbulafrica.com\/tr\/turkiye-ekonomisi-ve-ticaret-verileri\/#breadcrumb","itemListElement":[{"@type":"ListItem","position":1,"name":"Home","item":"https:\/\/www.istanbulafrica.com\/"},{"@type":"ListItem","position":2,"name":"T\u00fcrkiye Ekonomisi ve Ticaret Verileri"}]},{"@type":"WebSite","@id":"https:\/\/www.istanbulafrica.com\/#website","url":"https:\/\/www.istanbulafrica.com\/","name":"Istanbul Africa Trade Company","description":"Import, Export and Investment","publisher":{"@id":"https:\/\/www.istanbulafrica.com\/#organization"},"potentialAction":[{"@type":"SearchAction","target":{"@type":"EntryPoint","urlTemplate":"https:\/\/www.istanbulafrica.com\/?s={search_term_string}"},"query-input":{"@type":"PropertyValueSpecification","valueRequired":true,"valueName":"search_term_string"}}],"inLanguage":"en-US"},{"@type":"Organization","@id":"https:\/\/www.istanbulafrica.com\/#organization","name":"Istanbul Africa Trade Company","url":"https:\/\/www.istanbulafrica.com\/","logo":{"@type":"ImageObject","inLanguage":"en-US","@id":"https:\/\/www.istanbulafrica.com\/#\/schema\/logo\/image\/","url":"https:\/\/www.istanbulafrica.com\/wp-content\/uploads\/2018\/11\/Logo-5_Multicolor-1-e1543258165564.png","contentUrl":"https:\/\/www.istanbulafrica.com\/wp-content\/uploads\/2018\/11\/Logo-5_Multicolor-1-e1543258165564.png","width":300,"height":82,"caption":"Istanbul Africa Trade Company"},"image":{"@id":"https:\/\/www.istanbulafrica.com\/#\/schema\/logo\/image\/"},"sameAs":["http:\/\/www.facebook.com\/istanbulafrica","https:\/\/x.com\/istanbulafrica","https:\/\/www.instagram.com\/istanbulafrica","https:\/\/linkedin.com\/company\/istanbulafrica"]},{"@type":"Person","@id":"https:\/\/www.istanbulafrica.com\/#\/schema\/person\/e0f8b3b562d664e99942c2ca70031388","name":"admin","image":{"@type":"ImageObject","inLanguage":"en-US","@id":"https:\/\/www.istanbulafrica.com\/#\/schema\/person\/image\/","url":"https:\/\/www.istanbulafrica.com\/wp-content\/litespeed\/avatar\/063478b0608c9232a95d704ee9061d12.jpg?ver=1758542353","contentUrl":"https:\/\/www.istanbulafrica.com\/wp-content\/litespeed\/avatar\/063478b0608c9232a95d704ee9061d12.jpg?ver=1758542353","caption":"admin"}}]}},"_links":{"self":[{"href":"https:\/\/www.istanbulafrica.com\/wp-json\/wp\/v2\/posts\/2825","targetHints":{"allow":["GET"]}}],"collection":[{"href":"https:\/\/www.istanbulafrica.com\/wp-json\/wp\/v2\/posts"}],"about":[{"href":"https:\/\/www.istanbulafrica.com\/wp-json\/wp\/v2\/types\/post"}],"author":[{"embeddable":true,"href":"https:\/\/www.istanbulafrica.com\/wp-json\/wp\/v2\/users\/1"}],"replies":[{"embeddable":true,"href":"https:\/\/www.istanbulafrica.com\/wp-json\/wp\/v2\/comments?post=2825"}],"version-history":[{"count":6,"href":"https:\/\/www.istanbulafrica.com\/wp-json\/wp\/v2\/posts\/2825\/revisions"}],"predecessor-version":[{"id":3128,"href":"https:\/\/www.istanbulafrica.com\/wp-json\/wp\/v2\/posts\/2825\/revisions\/3128"}],"wp:featuredmedia":[{"embeddable":true,"href":"https:\/\/www.istanbulafrica.com\/wp-json\/wp\/v2\/media\/2786"}],"wp:attachment":[{"href":"https:\/\/www.istanbulafrica.com\/wp-json\/wp\/v2\/media?parent=2825"}],"wp:term":[{"taxonomy":"category","embeddable":true,"href":"https:\/\/www.istanbulafrica.com\/wp-json\/wp\/v2\/categories?post=2825"},{"taxonomy":"post_tag","embeddable":true,"href":"https:\/\/www.istanbulafrica.com\/wp-json\/wp\/v2\/tags?post=2825"}],"curies":[{"name":"wp","href":"https:\/\/api.w.org\/{rel}","templated":true}]}}