{"id":2947,"date":"2020-03-18T09:50:59","date_gmt":"2020-03-18T09:50:59","guid":{"rendered":"https:\/\/www.istanbulafrica.com\/?p=2947"},"modified":"2020-04-05T09:55:55","modified_gmt":"2020-04-05T09:55:55","slug":"coronavirus-salgininin-afrikaya-etkisi","status":"publish","type":"post","link":"https:\/\/www.istanbulafrica.com\/tr\/coronavirus-salgininin-afrikaya-etkisi\/","title":{"rendered":"Coronavirus Salg\u0131n\u0131n\u0131n Afrika&#8217;ya Etkisi"},"content":{"rendered":"\t\t<div data-elementor-type=\"wp-post\" data-elementor-id=\"2947\" class=\"elementor elementor-2947 elementor-bc-flex-widget\">\n\t\t\t\t\t\t<section class=\"elementor-section elementor-top-section elementor-element elementor-element-8015e33 elementor-section-boxed elementor-section-height-default elementor-section-height-default\" data-id=\"8015e33\" data-element_type=\"section\">\n\t\t\t\t\t\t<div class=\"elementor-container elementor-column-gap-default\">\n\t\t\t\t\t<div class=\"elementor-column elementor-col-100 elementor-top-column elementor-element elementor-element-d1f6538\" data-id=\"d1f6538\" data-element_type=\"column\">\n\t\t\t<div class=\"elementor-widget-wrap elementor-element-populated\">\n\t\t\t\t\t\t<div class=\"elementor-element elementor-element-e647276 elementor-widget elementor-widget-text-editor\" data-id=\"e647276\" data-element_type=\"widget\" data-widget_type=\"text-editor.default\">\n\t\t\t\t<div class=\"elementor-widget-container\">\n\t\t\t\t\t\t\t\t\t<p>D\u00fcnya, Coronavirus hastal\u0131\u011f\u0131n\u0131n h\u0131zl\u0131 yay\u0131lmas\u0131yla sars\u0131ld\u0131. Bir\u00e7ok \u00fclke, salg\u0131n\u0131 yava\u015flatmak i\u00e7in insanlar\u0131n ve \u00fcr\u00fcnlerin hareketine ciddi k\u0131s\u0131tlamalar getiriyor. Afrika \u00fclkelerindeki durum hala Avrupa ve Asya&#8217;daki kadar \u015fiddetli de\u011fil. 18 Mart 2020 itibariyle, a\u015fa\u011f\u0131daki Afrika \u00fclkeleri Coronavirus vakalar\u0131n\u0131 bildirmi\u015ftir (L\u00fctfen bu \u00fclkelerin \u00e7o\u011funda 10&#8217;dan az teyit edilmi\u015f vaka bulundu\u011funu unutmay\u0131n):<\/p><ul><li>Benin, Burkina Faso, Kamerun, Orta Afrika Cumhuriyeti, Kongo, Fildi\u015fi Sahili, Kongo, M\u0131s\u0131r, Ekvator Ginesi, Eswatini, Etiyopya, Gabon, Gambiya, Gana, Gine, Kenya, Liberya, Moritanya, Mayotte, Fas, Namibya, Nijerya, Ruanda, R\u00e9union, Senegal, Sey\u015fel Adalar\u0131, Somali, G\u00fcney Afrika, Sudan, Tanzanya, Togo, Tunus<\/li><\/ul><p>A\u015fa\u011f\u0131da 10&#8217;dan fazla teyit edilmi\u015f vakas\u0131 olan \u00fclkeler bulunmaktad\u0131r, parantez i\u00e7indeki say\u0131lar vaka say\u0131s\u0131n\u0131 g\u00f6stermektedir:<\/p><ul><li>Cezayir (61), Burkina Faso (15), M\u0131s\u0131r (196), Fas (44), Senegal (27), G\u00fcney Afrika (85), Tunus (25)<\/li><\/ul><p>Avrupa&#8217;daki teyit edilmi\u015f vakalar\u0131n ve \u00f6l\u00fcmlerin say\u0131s\u0131yla kar\u015f\u0131la\u015ft\u0131r\u0131ld\u0131\u011f\u0131nda, Afrika&#8217;n\u0131n pandemiden hala derinden etkilenmedi\u011fi sonucuna varabiliriz. Sadece \u0130talya&#8217;da, 30.000&#8217;den fazla vaka var, t\u00fcm Afrika k\u0131tas\u0131nda bu say\u0131 sadece 530.<\/p><p>Salg\u0131n Afrika&#8217;da hen\u00fcz ciddi bir durumda olmasa da, yak\u0131n gelecekte durum b\u00fcy\u00fck \u00f6l\u00e7\u00fcde de\u011fi\u015febilir. T\u00fcm \u00fclkelerin sosyal ya\u015fam tarz\u0131 ve i\u015f faaliyetlerinin de\u011fi\u015fmesi ve Coronavirus salg\u0131n\u0131n\u0131n sonu\u00e7lar\u0131na uyum sa\u011flamas\u0131 bekleniyor.<\/p>\t\t\t\t\t\t\t\t<\/div>\n\t\t\t\t<\/div>\n\t\t\t\t\t<\/div>\n\t\t<\/div>\n\t\t\t\t\t<\/div>\n\t\t<\/section>\n\t\t\t\t<section class=\"elementor-section elementor-top-section elementor-element elementor-element-9fb53d7 elementor-section-boxed elementor-section-height-default elementor-section-height-default\" data-id=\"9fb53d7\" data-element_type=\"section\">\n\t\t\t\t\t\t<div class=\"elementor-container elementor-column-gap-default\">\n\t\t\t\t\t<div class=\"elementor-column elementor-col-100 elementor-top-column elementor-element elementor-element-6a558e5\" data-id=\"6a558e5\" data-element_type=\"column\">\n\t\t\t<div class=\"elementor-widget-wrap elementor-element-populated\">\n\t\t\t\t\t\t<div class=\"elementor-element elementor-element-70778d0 elementor-widget elementor-widget-heading\" data-id=\"70778d0\" data-element_type=\"widget\" data-widget_type=\"heading.default\">\n\t\t\t\t<div class=\"elementor-widget-container\">\n\t\t\t\t\t<h2 class=\"elementor-heading-title elementor-size-default\">\u00c7in ve Sahra Alt\u0131 Afrika \u00fclkeleri aras\u0131ndaki ili\u015fki salg\u0131ndan b\u00fcy\u00fck \u00f6l\u00e7\u00fcde etkilenecek<\/h2>\t\t\t\t<\/div>\n\t\t\t\t<\/div>\n\t\t\t\t\t<\/div>\n\t\t<\/div>\n\t\t\t\t\t<\/div>\n\t\t<\/section>\n\t\t\t\t<section class=\"elementor-section elementor-top-section elementor-element elementor-element-813349b elementor-section-boxed elementor-section-height-default elementor-section-height-default\" data-id=\"813349b\" data-element_type=\"section\">\n\t\t\t\t\t\t<div class=\"elementor-container elementor-column-gap-default\">\n\t\t\t\t\t<div class=\"elementor-column elementor-col-100 elementor-top-column elementor-element elementor-element-8af3704\" data-id=\"8af3704\" data-element_type=\"column\">\n\t\t\t<div class=\"elementor-widget-wrap elementor-element-populated\">\n\t\t\t\t\t\t<div class=\"elementor-element elementor-element-00a25a1 elementor-widget elementor-widget-text-editor\" data-id=\"00a25a1\" data-element_type=\"widget\" data-widget_type=\"text-editor.default\">\n\t\t\t\t<div class=\"elementor-widget-container\">\n\t\t\t\t\t\t\t\t\t<p>Coronavirus salg\u0131n\u0131 nedeniyle \u00c7in&#8217;in \u00fcretimi \u00f6nemli \u00f6l\u00e7\u00fcde azald\u0131. \u00c7in Ulusal \u0130statistik B\u00fcrosu&#8217;na g\u00f6re, sanayi \u00fcretimi 2020 y\u0131l\u0131n\u0131n ilk iki ay\u0131nda y\u00fczde 13,5 oran\u0131nda d\u00fc\u015ft\u00fc. Sanayi \u00fcretimindeki d\u00fc\u015f\u00fc\u015fe perakende sat\u0131\u015flarda y\u00fczde 20,5&#8217;lik bir d\u00fc\u015f\u00fc\u015f e\u015flik ediyor.<\/p><p>Karantina \u00f6nlemi ve sosyal korku da \u00c7in&#8217;in uluslararas\u0131 ticaretini etkiledi. \u00c7in \u00fcr\u00fcnlerine olan talep azald\u0131 ve karantina kurallar\u0131 nedeniyle daha az i\u015f yap\u0131l\u0131yor.<\/p><p>Koronavir\u00fcs\u00fcn \u00c7in ve Afrika \u00fclkeleri aras\u0131ndaki ili\u015fki \u00fczerindeki etkilerinin, Afrika \u00fclkelerinin \u00c7inli turistler i\u00e7in uygulad\u0131\u011f\u0131 seyahat yasaklar\u0131 nedeniyle daha da k\u00f6t\u00fcle\u015fmesi bekleniyor. Demokratik Kongo Cumhuriyeti, \u00c7inli turistler i\u00e7in karantina \u00f6nlemleri ald\u0131. Gana, Kenya, Ruanda ve Uganda, seyahati k\u0131s\u0131tlayan benzer tedbirleri a\u00e7\u0131klad\u0131.<\/p><p>Sonu\u00e7 olarak, i\u015f seyahatlerinde ve Afrika ile \u00c7in aras\u0131ndaki ticaret hacminde do\u011frudan bir yava\u015flama bekliyoruz. Salg\u0131n\u0131n \u015fiddetine ba\u011fl\u0131 olarak, bu d\u00fc\u015f\u00fc\u015f dramatik ve uzun s\u00fcreli olabilir.<\/p>\t\t\t\t\t\t\t\t<\/div>\n\t\t\t\t<\/div>\n\t\t\t\t\t<\/div>\n\t\t<\/div>\n\t\t\t\t\t<\/div>\n\t\t<\/section>\n\t\t\t\t<section class=\"elementor-section elementor-top-section elementor-element elementor-element-7110471 elementor-section-boxed elementor-section-height-default elementor-section-height-default\" data-id=\"7110471\" data-element_type=\"section\">\n\t\t\t\t\t\t<div class=\"elementor-container elementor-column-gap-default\">\n\t\t\t\t\t<div class=\"elementor-column elementor-col-100 elementor-top-column elementor-element elementor-element-b0f444a\" data-id=\"b0f444a\" data-element_type=\"column\">\n\t\t\t<div class=\"elementor-widget-wrap elementor-element-populated\">\n\t\t\t\t\t\t<div class=\"elementor-element elementor-element-4cb37d1 elementor-widget elementor-widget-image\" data-id=\"4cb37d1\" data-element_type=\"widget\" data-widget_type=\"image.default\">\n\t\t\t\t<div class=\"elementor-widget-container\">\n\t\t\t\t\t\t\t\t\t\t\t\t\t\t\t<img fetchpriority=\"high\" decoding=\"async\" width=\"1024\" height=\"682\" src=\"https:\/\/www.istanbulafrica.com\/wp-content\/uploads\/2020\/03\/China-industrial-growth-1024x682.jpg\" class=\"attachment-large size-large wp-image-2931\" alt=\"\" srcset=\"https:\/\/www.istanbulafrica.com\/wp-content\/uploads\/2020\/03\/China-industrial-growth-1024x682.jpg 1024w, https:\/\/www.istanbulafrica.com\/wp-content\/uploads\/2020\/03\/China-industrial-growth-300x200.jpg 300w, https:\/\/www.istanbulafrica.com\/wp-content\/uploads\/2020\/03\/China-industrial-growth-768x512.jpg 768w, https:\/\/www.istanbulafrica.com\/wp-content\/uploads\/2020\/03\/China-industrial-growth-720x480.jpg 720w, https:\/\/www.istanbulafrica.com\/wp-content\/uploads\/2020\/03\/China-industrial-growth-272x182.jpg 272w, https:\/\/www.istanbulafrica.com\/wp-content\/uploads\/2020\/03\/China-industrial-growth.jpg 1334w\" sizes=\"(max-width: 1024px) 100vw, 1024px\" \/>\t\t\t\t\t\t\t\t\t\t\t\t\t\t\t<\/div>\n\t\t\t\t<\/div>\n\t\t\t\t\t<\/div>\n\t\t<\/div>\n\t\t\t\t\t<\/div>\n\t\t<\/section>\n\t\t\t\t<section class=\"elementor-section elementor-top-section elementor-element elementor-element-06f4f49 elementor-section-boxed elementor-section-height-default elementor-section-height-default\" data-id=\"06f4f49\" data-element_type=\"section\">\n\t\t\t\t\t\t<div class=\"elementor-container elementor-column-gap-default\">\n\t\t\t\t\t<div class=\"elementor-column elementor-col-100 elementor-top-column elementor-element elementor-element-f88af9f\" data-id=\"f88af9f\" data-element_type=\"column\">\n\t\t\t<div class=\"elementor-widget-wrap elementor-element-populated\">\n\t\t\t\t\t\t<div class=\"elementor-element elementor-element-9c76d6c elementor-widget elementor-widget-heading\" data-id=\"9c76d6c\" data-element_type=\"widget\" data-widget_type=\"heading.default\">\n\t\t\t\t<div class=\"elementor-widget-container\">\n\t\t\t\t\t<h2 class=\"elementor-heading-title elementor-size-default\">COVID-19 salg\u0131n\u0131 AfCFTA s\u00fcrecini yava\u015flatabilir<\/h2>\t\t\t\t<\/div>\n\t\t\t\t<\/div>\n\t\t\t\t\t<\/div>\n\t\t<\/div>\n\t\t\t\t\t<\/div>\n\t\t<\/section>\n\t\t\t\t<section class=\"elementor-section elementor-top-section elementor-element elementor-element-237f8b3 elementor-section-boxed elementor-section-height-default elementor-section-height-default\" data-id=\"237f8b3\" data-element_type=\"section\">\n\t\t\t\t\t\t<div class=\"elementor-container elementor-column-gap-default\">\n\t\t\t\t\t<div class=\"elementor-column elementor-col-100 elementor-top-column elementor-element elementor-element-6492f6c\" data-id=\"6492f6c\" data-element_type=\"column\">\n\t\t\t<div class=\"elementor-widget-wrap elementor-element-populated\">\n\t\t\t\t\t\t<div class=\"elementor-element elementor-element-2f3bf8d elementor-widget elementor-widget-text-editor\" data-id=\"2f3bf8d\" data-element_type=\"widget\" data-widget_type=\"text-editor.default\">\n\t\t\t\t<div class=\"elementor-widget-container\">\n\t\t\t\t\t\t\t\t\t<p>Afrika \u00fclkeleri son y\u0131llarda Afrika K\u0131ta Serbest Ticaret B\u00f6lgesi (AfCFTA) anla\u015fmas\u0131 konusunda ciddi ad\u0131mlar att\u0131. T\u00fcm bu ekonomik dezavantajlara ra\u011fmen, Afrika \u00fclkeleri ticareti te\u015fvik etmek ve refah\u0131 geli\u015ftirmek i\u00e7in ciddi ad\u0131mlar at\u0131yorlar. Mart 2018&#8217;de 54 Afrika \u00fclkesinden 44&#8217;\u00fc Ruanda&#8217;daki Kigali&#8217;de Afrika K\u0131ta Serbest Ticaret Anla\u015fmas\u0131&#8217;n\u0131 (AfCFTA) imzalad\u0131. Anla\u015fma, mallar\u0131n% 90&#8217;\u0131ndaki tarifelerin kald\u0131r\u0131lmas\u0131n\u0131 ve Afrika \u00fclkelerindeki mallara ve hizmetlere \u00fccretsiz eri\u015fime izin verdi\u011fini \u00f6zetliyor. Afrika K\u0131tasal Serbest Ticaret Anla\u015fmas\u0131 y\u00fcr\u00fcrl\u00fc\u011fe girerse, Afrika \u0130\u00e7i ticaret Asya-i\u00e7i veya Avrupa-i\u00e7i ticaret seviyesine yak\u0131nla\u015fabilir.<\/p><p>Coronavirus salg\u0131n\u0131, AfCFTA s\u00fcrecini riske atabilir. Ulusal s\u0131n\u0131rlar vir\u00fcs\u00fcn yay\u0131lmas\u0131na kar\u015f\u0131 sava\u015fmak i\u00e7in kapat\u0131l\u0131yor. Bu, ortak bir pazar hedefleyen k\u0131talar aras\u0131 bir anla\u015fma i\u00e7in dezavantajl\u0131 bir ortamd\u0131r. Salg\u0131n s\u0131ras\u0131nda AfCFTA&#8217;n\u0131n bir sonraki ad\u0131mlar\u0131na ili\u015fkin resmi bir a\u00e7\u0131klama olmamas\u0131na ra\u011fmen, ortak pazar\u0131n tamamen uygulanmas\u0131nda bir yava\u015flama bekliyoruz.<\/p>\t\t\t\t\t\t\t\t<\/div>\n\t\t\t\t<\/div>\n\t\t\t\t\t<\/div>\n\t\t<\/div>\n\t\t\t\t\t<\/div>\n\t\t<\/section>\n\t\t\t\t<section class=\"elementor-section elementor-top-section elementor-element elementor-element-3458409 elementor-section-boxed elementor-section-height-default elementor-section-height-default\" data-id=\"3458409\" data-element_type=\"section\">\n\t\t\t\t\t\t<div class=\"elementor-container elementor-column-gap-default\">\n\t\t\t\t\t<div class=\"elementor-column elementor-col-100 elementor-top-column elementor-element elementor-element-551df71\" data-id=\"551df71\" data-element_type=\"column\">\n\t\t\t<div class=\"elementor-widget-wrap elementor-element-populated\">\n\t\t\t\t\t\t<div class=\"elementor-element elementor-element-4b77505 elementor-widget elementor-widget-image\" data-id=\"4b77505\" data-element_type=\"widget\" data-widget_type=\"image.default\">\n\t\t\t\t<div class=\"elementor-widget-container\">\n\t\t\t\t\t\t\t\t\t\t\t\t\t\t\t<img decoding=\"async\" width=\"1024\" height=\"478\" src=\"https:\/\/www.istanbulafrica.com\/wp-content\/uploads\/2020\/03\/Afcfta-meeting-Rwanda-1024x478.jpg\" class=\"attachment-large size-large wp-image-2933\" alt=\"\" srcset=\"https:\/\/www.istanbulafrica.com\/wp-content\/uploads\/2020\/03\/Afcfta-meeting-Rwanda-1024x478.jpg 1024w, https:\/\/www.istanbulafrica.com\/wp-content\/uploads\/2020\/03\/Afcfta-meeting-Rwanda-300x140.jpg 300w, https:\/\/www.istanbulafrica.com\/wp-content\/uploads\/2020\/03\/Afcfta-meeting-Rwanda-768x359.jpg 768w, https:\/\/www.istanbulafrica.com\/wp-content\/uploads\/2020\/03\/Afcfta-meeting-Rwanda-720x336.jpg 720w, https:\/\/www.istanbulafrica.com\/wp-content\/uploads\/2020\/03\/Afcfta-meeting-Rwanda.jpg 1205w\" sizes=\"(max-width: 1024px) 100vw, 1024px\" \/>\t\t\t\t\t\t\t\t\t\t\t\t\t\t\t<\/div>\n\t\t\t\t<\/div>\n\t\t\t\t\t<\/div>\n\t\t<\/div>\n\t\t\t\t\t<\/div>\n\t\t<\/section>\n\t\t\t\t<section class=\"elementor-section elementor-top-section elementor-element elementor-element-7b7a586 elementor-section-boxed elementor-section-height-default elementor-section-height-default\" data-id=\"7b7a586\" data-element_type=\"section\">\n\t\t\t\t\t\t<div class=\"elementor-container elementor-column-gap-default\">\n\t\t\t\t\t<div class=\"elementor-column elementor-col-100 elementor-top-column elementor-element elementor-element-635f70d\" data-id=\"635f70d\" data-element_type=\"column\">\n\t\t\t<div class=\"elementor-widget-wrap elementor-element-populated\">\n\t\t\t\t\t\t<div class=\"elementor-element elementor-element-6ec4d0e elementor-widget elementor-widget-heading\" data-id=\"6ec4d0e\" data-element_type=\"widget\" data-widget_type=\"heading.default\">\n\t\t\t\t<div class=\"elementor-widget-container\">\n\t\t\t\t\t<h2 class=\"elementor-heading-title elementor-size-default\">Havayolu ve turizm \u015firketleri zor durumda kal\u0131rken, paketlenmi\u015f g\u0131da ve sa\u011fl\u0131k \u015firketleri salg\u0131n s\u0131ras\u0131nda daha y\u00fcksek gelir a\u00e7\u0131klayabilir<\/h2>\t\t\t\t<\/div>\n\t\t\t\t<\/div>\n\t\t\t\t\t<\/div>\n\t\t<\/div>\n\t\t\t\t\t<\/div>\n\t\t<\/section>\n\t\t\t\t<section class=\"elementor-section elementor-top-section elementor-element elementor-element-521fc48 elementor-section-boxed elementor-section-height-default elementor-section-height-default\" data-id=\"521fc48\" data-element_type=\"section\">\n\t\t\t\t\t\t<div class=\"elementor-container elementor-column-gap-default\">\n\t\t\t\t\t<div class=\"elementor-column elementor-col-100 elementor-top-column elementor-element elementor-element-161bc56\" data-id=\"161bc56\" data-element_type=\"column\">\n\t\t\t<div class=\"elementor-widget-wrap elementor-element-populated\">\n\t\t\t\t\t\t<div class=\"elementor-element elementor-element-d69f032 elementor-widget elementor-widget-text-editor\" data-id=\"d69f032\" data-element_type=\"widget\" data-widget_type=\"text-editor.default\">\n\t\t\t\t<div class=\"elementor-widget-container\">\n\t\t\t\t\t\t\t\t\t<p>Koronavir\u00fcs salg\u0131n\u0131n\u0131n piyasalar\u0131 derinden etkiledi\u011fi ve oyun alan\u0131n\u0131 de\u011fi\u015ftirdi\u011fi tart\u0131\u015f\u0131lmaz bir ger\u00e7ektir. Bir\u00e7ok havayolu \u015firketi koronavir\u00fcs salg\u0131n\u0131 ve s\u0131n\u0131rlar\u0131n kapanmas\u0131 nedeniyle sert bir \u015fekilde etkilendi. Avrupa ve Amerikan havayolu \u015firketlerinin hisse fiyatlar\u0131 k\u00fcresel piyasa de\u011ferlerinden daha h\u0131zl\u0131 d\u00fc\u015ft\u00fc. Uluslararas\u0131 Hava Ta\u015f\u0131mac\u0131l\u0131\u011f\u0131 Birli\u011fi (IATA), d\u00fcnya \u00e7ap\u0131nda gelirlere 113 milyar dolara kadar olas\u0131 bir darbe \u00f6ng\u00f6rd\u00fc.<\/p><p>Otel end\u00fcstrisinin durumu da farkl\u0131 de\u011fil. Bir\u00e7ok b\u00fcy\u00fck \u015fehirde otel doluluk oran\u0131 %20&#8217;nin alt\u0131na d\u00fc\u015ft\u00fc. Amerikan Otel ve Konaklama Birli\u011fi, \u00f6n\u00fcm\u00fczdeki birka\u00e7 hafta i\u00e7inde t\u00fcm otel i\u015flerinin %45&#8217;inin elimine edilece\u011fini belirtmektedir. Bu durum borsalara da yans\u0131yor: Marriott International (NASDAQ: MAR) hissesi son iki hafta i\u00e7inde %20 d\u00fc\u015ft\u00fc.<\/p><p>Koronavir\u00fcs salg\u0131n\u0131ndan yararlanabilecek iki end\u00fcstri belirledik. Vir\u00fcs\u00fcn enfeksiyon \u00f6zellikleri nedeniyle, bir\u00e7ok insan geleneksel yiyeceklere alternatif olarak paketlenmi\u015f yiyecekleri tercih edebilir. Ayr\u0131ca, salg\u0131n daha \u015fiddetli hale gelirse geleneksel g\u0131da tedarik zinciri negatif \u015fekilde etkilenebilir. Soka\u011fa \u00e7\u0131kma yasa\u011f\u0131 durumunda, bir\u00e7ok ki\u015fiye paketlenmi\u015f yiyecek sa\u011flanmal\u0131d\u0131r. Bu sekt\u00f6rdeki \u015firketler, talep artt\u0131k\u00e7a sat\u0131\u015flar\u0131n\u0131 art\u0131rabilir.<\/p><p>\u0130kincisi, ila\u00e7 ve sa\u011fl\u0131k \u015firketleri, t\u0131bbi malzeme ve ila\u00e7lara olan y\u00fcksek ihtiya\u00e7 nedeniyle gelirlerini art\u0131rabilir. Son aylarda bir\u00e7ok ila\u00e7 \u015firketinin hisse de\u011feri artt\u0131. Hindistan&#8217;da, on sa\u011fl\u0131k \u015firketinden sadece bir tanesi negatif hisse senedi getirisi a\u00e7\u0131klad\u0131. Di\u011fer dokuz \u015firketin hisse fiyat\u0131 daha y\u00fcksek i\u015flem g\u00f6r\u00fcyor.<\/p>\t\t\t\t\t\t\t\t<\/div>\n\t\t\t\t<\/div>\n\t\t\t\t\t<\/div>\n\t\t<\/div>\n\t\t\t\t\t<\/div>\n\t\t<\/section>\n\t\t\t\t<section class=\"elementor-section elementor-top-section elementor-element elementor-element-83a1ac7 elementor-section-boxed elementor-section-height-default elementor-section-height-default\" data-id=\"83a1ac7\" data-element_type=\"section\">\n\t\t\t\t\t\t<div class=\"elementor-container elementor-column-gap-default\">\n\t\t\t\t\t<div class=\"elementor-column elementor-col-100 elementor-top-column elementor-element elementor-element-d9687cc\" data-id=\"d9687cc\" data-element_type=\"column\">\n\t\t\t<div class=\"elementor-widget-wrap elementor-element-populated\">\n\t\t\t\t\t\t<div class=\"elementor-element elementor-element-0ba6aea elementor-widget elementor-widget-image\" data-id=\"0ba6aea\" data-element_type=\"widget\" data-widget_type=\"image.default\">\n\t\t\t\t<div class=\"elementor-widget-container\">\n\t\t\t\t\t\t\t\t\t\t\t\t\t\t\t<img decoding=\"async\" width=\"700\" height=\"394\" src=\"https:\/\/www.istanbulafrica.com\/wp-content\/uploads\/2020\/03\/Airline-corona-cleaning.jpg\" class=\"attachment-large size-large wp-image-2935\" alt=\"\" srcset=\"https:\/\/www.istanbulafrica.com\/wp-content\/uploads\/2020\/03\/Airline-corona-cleaning.jpg 700w, https:\/\/www.istanbulafrica.com\/wp-content\/uploads\/2020\/03\/Airline-corona-cleaning-300x169.jpg 300w\" sizes=\"(max-width: 700px) 100vw, 700px\" \/>\t\t\t\t\t\t\t\t\t\t\t\t\t\t\t<\/div>\n\t\t\t\t<\/div>\n\t\t\t\t\t<\/div>\n\t\t<\/div>\n\t\t\t\t\t<\/div>\n\t\t<\/section>\n\t\t\t\t<section class=\"elementor-section elementor-top-section elementor-element elementor-element-4ec4ac5 elementor-section-boxed elementor-section-height-default elementor-section-height-default\" data-id=\"4ec4ac5\" data-element_type=\"section\">\n\t\t\t\t\t\t<div class=\"elementor-container elementor-column-gap-default\">\n\t\t\t\t\t<div class=\"elementor-column elementor-col-100 elementor-top-column elementor-element elementor-element-16343a6\" data-id=\"16343a6\" data-element_type=\"column\">\n\t\t\t<div class=\"elementor-widget-wrap elementor-element-populated\">\n\t\t\t\t\t\t<div class=\"elementor-element elementor-element-39225ac elementor-widget elementor-widget-heading\" data-id=\"39225ac\" data-element_type=\"widget\" data-widget_type=\"heading.default\">\n\t\t\t\t<div class=\"elementor-widget-container\">\n\t\t\t\t\t<h2 class=\"elementor-heading-title elementor-size-default\">Afrika'daki yerel end\u00fcstriler bu krizi f\u0131rsata d\u00f6n\u00fc\u015ft\u00fcrebilir<\/h2>\t\t\t\t<\/div>\n\t\t\t\t<\/div>\n\t\t\t\t\t<\/div>\n\t\t<\/div>\n\t\t\t\t\t<\/div>\n\t\t<\/section>\n\t\t\t\t<section class=\"elementor-section elementor-top-section elementor-element elementor-element-3c1e0d5 elementor-section-boxed elementor-section-height-default elementor-section-height-default\" data-id=\"3c1e0d5\" data-element_type=\"section\">\n\t\t\t\t\t\t<div class=\"elementor-container elementor-column-gap-default\">\n\t\t\t\t\t<div class=\"elementor-column elementor-col-100 elementor-top-column elementor-element elementor-element-3ef4375\" data-id=\"3ef4375\" data-element_type=\"column\">\n\t\t\t<div class=\"elementor-widget-wrap elementor-element-populated\">\n\t\t\t\t\t\t<div class=\"elementor-element elementor-element-f95f8ff elementor-widget elementor-widget-text-editor\" data-id=\"f95f8ff\" data-element_type=\"widget\" data-widget_type=\"text-editor.default\">\n\t\t\t\t<div class=\"elementor-widget-container\">\n\t\t\t\t\t\t\t\t\t<p>\u00d6n\u00fcm\u00fczdeki aylarda koronavir\u00fcs salg\u0131n\u0131 ve s\u0131n\u0131r kapan\u0131\u015flar\u0131 sornas\u0131nda daha az ticaret faaliyeti bekliyoruz. Uluslararas\u0131 ticaret i\u00e7in elveri\u015fsiz bir ortamda, ithalata y\u00f6nelik \u00fclkelerin yerel sanayileri kendilerini daha iyi bir konuma getirebilirler. \u00d6zellikle \u00c7in&#8217;in ekonomik yava\u015flamas\u0131 bu yerel \u015firketleri daha rekabet\u00e7i ve k\u00e2rl\u0131 hale getirebilir.<\/p><p>Ancak, yerel \u015firketler tedarik zincirlerini yak\u0131ndan izlemelidir. Bu \u015firketlerin hammaddeleri ithalata ba\u011fl\u0131ysa, tedarik imkans\u0131zl\u0131\u011f\u0131 \u00fcretim hatt\u0131nda verimsizli\u011fe neden olabilir. Bu durumu \u00f6nlemek i\u00e7in stoklar yeterli d\u00fczeyde tutulmal\u0131 ve alternatif tedarik\u00e7iler aranmal\u0131d\u0131r.<\/p>\t\t\t\t\t\t\t\t<\/div>\n\t\t\t\t<\/div>\n\t\t\t\t\t<\/div>\n\t\t<\/div>\n\t\t\t\t\t<\/div>\n\t\t<\/section>\n\t\t\t\t<section class=\"elementor-section elementor-top-section elementor-element elementor-element-e6dca7a elementor-section-boxed elementor-section-height-default elementor-section-height-default\" data-id=\"e6dca7a\" data-element_type=\"section\">\n\t\t\t\t\t\t<div class=\"elementor-container elementor-column-gap-default\">\n\t\t\t\t\t<div class=\"elementor-column elementor-col-100 elementor-top-column elementor-element elementor-element-d60bd7b\" data-id=\"d60bd7b\" data-element_type=\"column\">\n\t\t\t<div class=\"elementor-widget-wrap elementor-element-populated\">\n\t\t\t\t\t\t<div class=\"elementor-element elementor-element-e6c143a elementor-widget elementor-widget-image\" data-id=\"e6c143a\" data-element_type=\"widget\" data-widget_type=\"image.default\">\n\t\t\t\t<div class=\"elementor-widget-container\">\n\t\t\t\t\t\t\t\t\t\t\t\t\t\t\t<img loading=\"lazy\" decoding=\"async\" width=\"595\" height=\"335\" src=\"https:\/\/www.istanbulafrica.com\/wp-content\/uploads\/2020\/03\/Zambeef-africa-local-industry.jpg\" class=\"attachment-large size-large wp-image-2937\" alt=\"\" srcset=\"https:\/\/www.istanbulafrica.com\/wp-content\/uploads\/2020\/03\/Zambeef-africa-local-industry.jpg 595w, https:\/\/www.istanbulafrica.com\/wp-content\/uploads\/2020\/03\/Zambeef-africa-local-industry-300x169.jpg 300w\" sizes=\"(max-width: 595px) 100vw, 595px\" \/>\t\t\t\t\t\t\t\t\t\t\t\t\t\t\t<\/div>\n\t\t\t\t<\/div>\n\t\t\t\t\t<\/div>\n\t\t<\/div>\n\t\t\t\t\t<\/div>\n\t\t<\/section>\n\t\t\t\t<section class=\"elementor-section elementor-top-section elementor-element elementor-element-18fc422 elementor-section-boxed elementor-section-height-default elementor-section-height-default\" data-id=\"18fc422\" data-element_type=\"section\">\n\t\t\t\t\t\t<div class=\"elementor-container elementor-column-gap-default\">\n\t\t\t\t\t<div class=\"elementor-column elementor-col-100 elementor-top-column elementor-element elementor-element-5437cf0\" data-id=\"5437cf0\" data-element_type=\"column\">\n\t\t\t<div class=\"elementor-widget-wrap elementor-element-populated\">\n\t\t\t\t\t\t<div class=\"elementor-element elementor-element-5c66122 elementor-widget elementor-widget-heading\" data-id=\"5c66122\" data-element_type=\"widget\" data-widget_type=\"heading.default\">\n\t\t\t\t<div class=\"elementor-widget-container\">\n\t\t\t\t\t<h2 class=\"elementor-heading-title elementor-size-default\">Ticaret hacminin \u00c7in'den d\u00fcnyadaki daha az enfekte b\u00f6lgelere kaymas\u0131 bekleniyor<\/h2>\t\t\t\t<\/div>\n\t\t\t\t<\/div>\n\t\t\t\t\t<\/div>\n\t\t<\/div>\n\t\t\t\t\t<\/div>\n\t\t<\/section>\n\t\t\t\t<section class=\"elementor-section elementor-top-section elementor-element elementor-element-5e3f310 elementor-section-boxed elementor-section-height-default elementor-section-height-default\" data-id=\"5e3f310\" data-element_type=\"section\">\n\t\t\t\t\t\t<div class=\"elementor-container elementor-column-gap-default\">\n\t\t\t\t\t<div class=\"elementor-column elementor-col-100 elementor-top-column elementor-element elementor-element-d9b0480\" data-id=\"d9b0480\" data-element_type=\"column\">\n\t\t\t<div class=\"elementor-widget-wrap elementor-element-populated\">\n\t\t\t\t\t\t<div class=\"elementor-element elementor-element-aeb6165 elementor-widget elementor-widget-text-editor\" data-id=\"aeb6165\" data-element_type=\"widget\" data-widget_type=\"text-editor.default\">\n\t\t\t\t<div class=\"elementor-widget-container\">\n\t\t\t\t\t\t\t\t\t<p>Ticaretteki olumsuz senaryo sadece \u00c7in ile s\u0131n\u0131rl\u0131 de\u011fil. Koronavir\u00fcs\u00fcn \u00e7ok etkiledi\u011fi \u00fclkelerden biri olan \u0130talya, fabrikalar\u0131nda d\u00fc\u015f\u00fc\u015f ya\u015f\u0131yor. Fiat Chrysler, baz\u0131 \u0130talyan fabrikalar\u0131ndaki operasyonlar\u0131n ge\u00e7ici olarak durduruldu\u011funu belirtti. Buna ek olarak, \u0130talyan lastik \u00fcreticisi Pirelli, \u0130talya&#8217;n\u0131n kuzeyindeki Torino fabrikas\u0131nda \u00fcretimin birka\u00e7 g\u00fcn boyunca kesildi\u011fini a\u00e7\u0131klad\u0131.<\/p><p>Koronavir\u00fcsten \u00e7ok etkilenen bu \u00fclkelerin sanayi ve tedarik zinciri problemleri oldu\u011fundan ticaretin d\u00fcnyada daha az etkilenen b\u00f6lgelere kaymas\u0131 beklenmektedir. Salg\u0131n\u0131n k\u00fcresel durumu hen\u00fcz belli de\u011fil, ancak T\u00fcrkiye bug\u00fcn itibariyle 100&#8217;den az teyit edilmi\u015f vakas\u0131 olan az enfekte \u00fclkelerden biri olarak \u00f6ne \u00e7\u0131k\u0131yor. Afrika \u00fclkeleri ile T\u00fcrkiye aras\u0131ndaki ticaret hacminde olumlu bir de\u011fi\u015fim bekliyoruz.<\/p>\t\t\t\t\t\t\t\t<\/div>\n\t\t\t\t<\/div>\n\t\t\t\t\t<\/div>\n\t\t<\/div>\n\t\t\t\t\t<\/div>\n\t\t<\/section>\n\t\t\t\t<section class=\"elementor-section elementor-top-section elementor-element elementor-element-f443933 elementor-section-boxed elementor-section-height-default elementor-section-height-default\" data-id=\"f443933\" data-element_type=\"section\">\n\t\t\t\t\t\t<div class=\"elementor-container elementor-column-gap-default\">\n\t\t\t\t\t<div class=\"elementor-column elementor-col-100 elementor-top-column elementor-element elementor-element-44c53fd\" data-id=\"44c53fd\" data-element_type=\"column\">\n\t\t\t<div class=\"elementor-widget-wrap elementor-element-populated\">\n\t\t\t\t\t\t<div class=\"elementor-element elementor-element-5c0ade8 elementor-widget elementor-widget-image\" data-id=\"5c0ade8\" data-element_type=\"widget\" data-widget_type=\"image.default\">\n\t\t\t\t<div class=\"elementor-widget-container\">\n\t\t\t\t\t\t\t\t\t\t\t\t\t\t\t<img loading=\"lazy\" decoding=\"async\" width=\"860\" height=\"392\" src=\"https:\/\/www.istanbulafrica.com\/wp-content\/uploads\/2020\/03\/mersin-port.jpg\" class=\"attachment-large size-large wp-image-2938\" alt=\"\" srcset=\"https:\/\/www.istanbulafrica.com\/wp-content\/uploads\/2020\/03\/mersin-port.jpg 860w, https:\/\/www.istanbulafrica.com\/wp-content\/uploads\/2020\/03\/mersin-port-300x137.jpg 300w, https:\/\/www.istanbulafrica.com\/wp-content\/uploads\/2020\/03\/mersin-port-768x350.jpg 768w, https:\/\/www.istanbulafrica.com\/wp-content\/uploads\/2020\/03\/mersin-port-720x328.jpg 720w\" sizes=\"(max-width: 860px) 100vw, 860px\" \/>\t\t\t\t\t\t\t\t\t\t\t\t\t\t\t<\/div>\n\t\t\t\t<\/div>\n\t\t\t\t\t<\/div>\n\t\t<\/div>\n\t\t\t\t\t<\/div>\n\t\t<\/section>\n\t\t\t\t<section class=\"elementor-section elementor-top-section elementor-element elementor-element-b2d55d8 elementor-section-boxed elementor-section-height-default elementor-section-height-default\" data-id=\"b2d55d8\" data-element_type=\"section\">\n\t\t\t\t\t\t<div class=\"elementor-container elementor-column-gap-default\">\n\t\t\t\t\t<div class=\"elementor-column elementor-col-100 elementor-top-column elementor-element elementor-element-6ff93be\" data-id=\"6ff93be\" data-element_type=\"column\">\n\t\t\t<div class=\"elementor-widget-wrap elementor-element-populated\">\n\t\t\t\t\t\t<div class=\"elementor-element elementor-element-46d1c73 elementor-widget elementor-widget-heading\" data-id=\"46d1c73\" data-element_type=\"widget\" data-widget_type=\"heading.default\">\n\t\t\t\t<div class=\"elementor-widget-container\">\n\t\t\t\t\t<h2 class=\"elementor-heading-title elementor-size-default\">Nihai Notlar<\/h2>\t\t\t\t<\/div>\n\t\t\t\t<\/div>\n\t\t\t\t\t<\/div>\n\t\t<\/div>\n\t\t\t\t\t<\/div>\n\t\t<\/section>\n\t\t\t\t<section class=\"elementor-section elementor-top-section elementor-element elementor-element-8272fbe elementor-section-boxed elementor-section-height-default elementor-section-height-default\" data-id=\"8272fbe\" data-element_type=\"section\">\n\t\t\t\t\t\t<div class=\"elementor-container elementor-column-gap-default\">\n\t\t\t\t\t<div class=\"elementor-column elementor-col-100 elementor-top-column elementor-element elementor-element-937ffe4\" data-id=\"937ffe4\" data-element_type=\"column\">\n\t\t\t<div class=\"elementor-widget-wrap elementor-element-populated\">\n\t\t\t\t\t\t<div class=\"elementor-element elementor-element-d1bbab8 elementor-widget elementor-widget-text-editor\" data-id=\"d1bbab8\" data-element_type=\"widget\" data-widget_type=\"text-editor.default\">\n\t\t\t\t<div class=\"elementor-widget-container\">\n\t\t\t\t\t\t\t\t\t<p>Koronavir\u00fcs salg\u0131n\u0131 k\u00fcresel pazar\u0131 ciddi bir \u015fekilde de\u011fi\u015ftirdi. S\u0131n\u0131r\u0131n kapat\u0131lmas\u0131 ve daha fazla k\u0131s\u0131tlama, end\u00fcstriyel \u00fcretimi ve uluslararas\u0131 ticareti olumsuz etkiledi. G\u00f6zlemimize g\u00f6re, salg\u0131n daha \u015fiddetlendik\u00e7e, ekonomi de daha olumsuz etkilenmektedir. \u00c7in, Asya&#8217;da en olumsuz sonucu ya\u015farken, \u0130talya Avrupa&#8217;daki en zor durumdaki \u00fclkedir. Buna ek olarak, havayolu ve otelcilik gibi baz\u0131 sekt\u00f6rler salg\u0131ndan \u00e7ok daha fazla etkilenmektedir.<\/p><p>Bu yeni oyun alan\u0131nda, baz\u0131 end\u00fcstriler ve \u00fclkeler en hafif \u015fekilde etkilenmeyi ba\u015farabilir. Salg\u0131n\u0131n yay\u0131lmas\u0131n\u0131 durdurabilen \u00fclkeler, sanayi \u00fcretimi ve yurt i\u00e7i sat\u0131\u015f rakamlar\u0131 a\u00e7\u0131s\u0131ndan daha az zarar g\u00f6recek. \u0130\u00e7 talebi kar\u015f\u0131layan yerel firmalar, ticaret k\u0131s\u0131tland\u0131\u011f\u0131ndan ve \u00c7inli rakiplerinin zor durumda olmas\u0131ndan dolay\u0131 rekabet avantajlar\u0131n\u0131 art\u0131rabilir. Son olarak, ambalajl\u0131 g\u0131da ve sa\u011fl\u0131k gibi baz\u0131 sekt\u00f6rler artan talep nedeniyle gelirlerini art\u0131rabilir.<\/p>\t\t\t\t\t\t\t\t<\/div>\n\t\t\t\t<\/div>\n\t\t\t\t\t<\/div>\n\t\t<\/div>\n\t\t\t\t\t<\/div>\n\t\t<\/section>\n\t\t\t\t<\/div>\n\t\t","protected":false},"excerpt":{"rendered":"<p>D\u00fcnya, Coronavirus hastal\u0131\u011f\u0131n\u0131n h\u0131zl\u0131 yay\u0131lmas\u0131yla sars\u0131ld\u0131. Bir\u00e7ok \u00fclke, salg\u0131n\u0131 yava\u015flatmak i\u00e7in insanlar\u0131n ve \u00fcr\u00fcnlerin hareketine ciddi k\u0131s\u0131tlamalar getiriyor. Afrika \u00fclkelerindeki [&hellip;]<\/p>\n","protected":false},"author":1,"featured_media":2949,"comment_status":"open","ping_status":"open","sticky":false,"template":"","format":"standard","meta":{"_monsterinsights_skip_tracking":false,"_monsterinsights_sitenote_active":false,"_monsterinsights_sitenote_note":"","_monsterinsights_sitenote_category":0,"footnotes":""},"categories":[2701],"tags":[],"class_list":["post-2947","post","type-post","status-publish","format-standard","has-post-thumbnail","hentry","category-rapor"],"yoast_head":"<!-- This site is optimized with the Yoast SEO Premium plugin v25.7.1 (Yoast SEO v25.8) - https:\/\/yoast.com\/wordpress\/plugins\/seo\/ -->\n<title>Coronavirus Salg\u0131n\u0131n\u0131n Afrika&#039;ya Etkisi - Istanbul Afrika Ticaret \u015eirketi<\/title>\n<meta name=\"description\" content=\"Koronavir\u00fcs (COVID-19) salg\u0131n\u0131n\u0131n Afrika ekonomisi ve i\u015f d\u00fcnyas\u0131 \u00fczerindeki etkisi. Corona vir\u00fcs\u00fc Wuhan&#039;da g\u00f6r\u00fcld\u00fc ve Afrika&#039;ya da yay\u0131ld\u0131.\" \/>\n<meta name=\"robots\" content=\"index, follow, max-snippet:-1, max-image-preview:large, max-video-preview:-1\" \/>\n<link rel=\"canonical\" href=\"https:\/\/www.istanbulafrica.com\/tr\/coronavirus-salgininin-afrikaya-etkisi\/\" \/>\n<meta property=\"og:locale\" content=\"en_US\" \/>\n<meta property=\"og:type\" content=\"article\" \/>\n<meta property=\"og:title\" content=\"Coronavirus Salg\u0131n\u0131n\u0131n Afrika&#039;ya Etkisi\" \/>\n<meta property=\"og:description\" content=\"Koronavir\u00fcs (COVID-19) salg\u0131n\u0131n\u0131n Afrika ekonomisi ve i\u015f d\u00fcnyas\u0131 \u00fczerindeki etkisi. Corona vir\u00fcs\u00fc Wuhan&#039;da g\u00f6r\u00fcld\u00fc ve Afrika&#039;ya da yay\u0131ld\u0131.\" \/>\n<meta property=\"og:url\" content=\"https:\/\/www.istanbulafrica.com\/tr\/coronavirus-salgininin-afrikaya-etkisi\/\" \/>\n<meta property=\"og:site_name\" content=\"Istanbul Africa Trade Company\" \/>\n<meta property=\"article:publisher\" content=\"http:\/\/www.facebook.com\/istanbulafrica\" \/>\n<meta property=\"article:published_time\" content=\"2020-03-18T09:50:59+00:00\" \/>\n<meta property=\"article:modified_time\" content=\"2020-04-05T09:55:55+00:00\" \/>\n<meta property=\"og:image\" content=\"https:\/\/www.istanbulafrica.com\/wp-content\/uploads\/2020\/03\/Afrika-Coronavirus-T\u00fcrk\u00e7e.jpg\" \/>\n\t<meta property=\"og:image:width\" content=\"2400\" \/>\n\t<meta property=\"og:image:height\" content=\"1800\" \/>\n\t<meta property=\"og:image:type\" content=\"image\/jpeg\" \/>\n<meta name=\"author\" content=\"admin\" \/>\n<meta name=\"twitter:card\" content=\"summary_large_image\" \/>\n<meta name=\"twitter:creator\" content=\"@istanbulafrica\" \/>\n<meta name=\"twitter:site\" content=\"@istanbulafrica\" \/>\n<meta name=\"twitter:label1\" content=\"Written by\" \/>\n\t<meta name=\"twitter:data1\" content=\"\" \/>\n\t<meta name=\"twitter:label2\" content=\"Est. reading time\" \/>\n\t<meta name=\"twitter:data2\" content=\"7 minutes\" \/>\n<script type=\"application\/ld+json\" class=\"yoast-schema-graph\">{\"@context\":\"https:\/\/schema.org\",\"@graph\":[{\"@type\":\"Article\",\"@id\":\"https:\/\/www.istanbulafrica.com\/tr\/coronavirus-salgininin-afrikaya-etkisi\/#article\",\"isPartOf\":{\"@id\":\"https:\/\/www.istanbulafrica.com\/tr\/coronavirus-salgininin-afrikaya-etkisi\/\"},\"author\":{\"name\":\"admin\",\"@id\":\"https:\/\/www.istanbulafrica.com\/#\/schema\/person\/e0f8b3b562d664e99942c2ca70031388\"},\"headline\":\"Coronavirus Salg\u0131n\u0131n\u0131n Afrika&#8217;ya Etkisi\",\"datePublished\":\"2020-03-18T09:50:59+00:00\",\"dateModified\":\"2020-04-05T09:55:55+00:00\",\"mainEntityOfPage\":{\"@id\":\"https:\/\/www.istanbulafrica.com\/tr\/coronavirus-salgininin-afrikaya-etkisi\/\"},\"wordCount\":1350,\"commentCount\":0,\"publisher\":{\"@id\":\"https:\/\/www.istanbulafrica.com\/#organization\"},\"image\":{\"@id\":\"https:\/\/www.istanbulafrica.com\/tr\/coronavirus-salgininin-afrikaya-etkisi\/#primaryimage\"},\"thumbnailUrl\":\"https:\/\/www.istanbulafrica.com\/wp-content\/uploads\/2020\/03\/Afrika-Coronavirus-T\u00fcrk\u00e7e.jpg\",\"articleSection\":[\"Rapor\"],\"inLanguage\":\"en-US\",\"potentialAction\":[{\"@type\":\"CommentAction\",\"name\":\"Comment\",\"target\":[\"https:\/\/www.istanbulafrica.com\/tr\/coronavirus-salgininin-afrikaya-etkisi\/#respond\"]}]},{\"@type\":\"WebPage\",\"@id\":\"https:\/\/www.istanbulafrica.com\/tr\/coronavirus-salgininin-afrikaya-etkisi\/\",\"url\":\"https:\/\/www.istanbulafrica.com\/tr\/coronavirus-salgininin-afrikaya-etkisi\/\",\"name\":\"Coronavirus Salg\u0131n\u0131n\u0131n Afrika'ya Etkisi - Istanbul Afrika Ticaret \u015eirketi\",\"isPartOf\":{\"@id\":\"https:\/\/www.istanbulafrica.com\/#website\"},\"primaryImageOfPage\":{\"@id\":\"https:\/\/www.istanbulafrica.com\/tr\/coronavirus-salgininin-afrikaya-etkisi\/#primaryimage\"},\"image\":{\"@id\":\"https:\/\/www.istanbulafrica.com\/tr\/coronavirus-salgininin-afrikaya-etkisi\/#primaryimage\"},\"thumbnailUrl\":\"https:\/\/www.istanbulafrica.com\/wp-content\/uploads\/2020\/03\/Afrika-Coronavirus-T\u00fcrk\u00e7e.jpg\",\"datePublished\":\"2020-03-18T09:50:59+00:00\",\"dateModified\":\"2020-04-05T09:55:55+00:00\",\"description\":\"Koronavir\u00fcs (COVID-19) salg\u0131n\u0131n\u0131n Afrika ekonomisi ve i\u015f d\u00fcnyas\u0131 \u00fczerindeki etkisi. Corona vir\u00fcs\u00fc Wuhan'da g\u00f6r\u00fcld\u00fc ve Afrika'ya da yay\u0131ld\u0131.\",\"breadcrumb\":{\"@id\":\"https:\/\/www.istanbulafrica.com\/tr\/coronavirus-salgininin-afrikaya-etkisi\/#breadcrumb\"},\"inLanguage\":\"en-US\",\"potentialAction\":[{\"@type\":\"ReadAction\",\"target\":[\"https:\/\/www.istanbulafrica.com\/tr\/coronavirus-salgininin-afrikaya-etkisi\/\"]}]},{\"@type\":\"ImageObject\",\"inLanguage\":\"en-US\",\"@id\":\"https:\/\/www.istanbulafrica.com\/tr\/coronavirus-salgininin-afrikaya-etkisi\/#primaryimage\",\"url\":\"https:\/\/www.istanbulafrica.com\/wp-content\/uploads\/2020\/03\/Afrika-Coronavirus-T\u00fcrk\u00e7e.jpg\",\"contentUrl\":\"https:\/\/www.istanbulafrica.com\/wp-content\/uploads\/2020\/03\/Afrika-Coronavirus-T\u00fcrk\u00e7e.jpg\",\"width\":2400,\"height\":1800},{\"@type\":\"BreadcrumbList\",\"@id\":\"https:\/\/www.istanbulafrica.com\/tr\/coronavirus-salgininin-afrikaya-etkisi\/#breadcrumb\",\"itemListElement\":[{\"@type\":\"ListItem\",\"position\":1,\"name\":\"Home\",\"item\":\"https:\/\/www.istanbulafrica.com\/\"},{\"@type\":\"ListItem\",\"position\":2,\"name\":\"Coronavirus Salg\u0131n\u0131n\u0131n Afrika&#8217;ya Etkisi\"}]},{\"@type\":\"WebSite\",\"@id\":\"https:\/\/www.istanbulafrica.com\/#website\",\"url\":\"https:\/\/www.istanbulafrica.com\/\",\"name\":\"Istanbul Africa Trade Company\",\"description\":\"Import, Export and Investment\",\"publisher\":{\"@id\":\"https:\/\/www.istanbulafrica.com\/#organization\"},\"potentialAction\":[{\"@type\":\"SearchAction\",\"target\":{\"@type\":\"EntryPoint\",\"urlTemplate\":\"https:\/\/www.istanbulafrica.com\/?s={search_term_string}\"},\"query-input\":{\"@type\":\"PropertyValueSpecification\",\"valueRequired\":true,\"valueName\":\"search_term_string\"}}],\"inLanguage\":\"en-US\"},{\"@type\":\"Organization\",\"@id\":\"https:\/\/www.istanbulafrica.com\/#organization\",\"name\":\"Istanbul Africa Trade Company\",\"url\":\"https:\/\/www.istanbulafrica.com\/\",\"logo\":{\"@type\":\"ImageObject\",\"inLanguage\":\"en-US\",\"@id\":\"https:\/\/www.istanbulafrica.com\/#\/schema\/logo\/image\/\",\"url\":\"https:\/\/www.istanbulafrica.com\/wp-content\/uploads\/2018\/11\/Logo-5_Multicolor-1-e1543258165564.png\",\"contentUrl\":\"https:\/\/www.istanbulafrica.com\/wp-content\/uploads\/2018\/11\/Logo-5_Multicolor-1-e1543258165564.png\",\"width\":300,\"height\":82,\"caption\":\"Istanbul Africa Trade Company\"},\"image\":{\"@id\":\"https:\/\/www.istanbulafrica.com\/#\/schema\/logo\/image\/\"},\"sameAs\":[\"http:\/\/www.facebook.com\/istanbulafrica\",\"https:\/\/x.com\/istanbulafrica\",\"https:\/\/www.instagram.com\/istanbulafrica\",\"https:\/\/linkedin.com\/company\/istanbulafrica\"]},{\"@type\":\"Person\",\"@id\":\"https:\/\/www.istanbulafrica.com\/#\/schema\/person\/e0f8b3b562d664e99942c2ca70031388\",\"name\":\"admin\",\"image\":{\"@type\":\"ImageObject\",\"inLanguage\":\"en-US\",\"@id\":\"https:\/\/www.istanbulafrica.com\/#\/schema\/person\/image\/\",\"url\":\"https:\/\/www.istanbulafrica.com\/wp-content\/litespeed\/avatar\/063478b0608c9232a95d704ee9061d12.jpg?ver=1758542353\",\"contentUrl\":\"https:\/\/www.istanbulafrica.com\/wp-content\/litespeed\/avatar\/063478b0608c9232a95d704ee9061d12.jpg?ver=1758542353\",\"caption\":\"admin\"}}]}<\/script>\n<!-- \/ Yoast SEO Premium plugin. -->","yoast_head_json":{"title":"Coronavirus Salg\u0131n\u0131n\u0131n Afrika'ya Etkisi - Istanbul Afrika Ticaret \u015eirketi","description":"Koronavir\u00fcs (COVID-19) salg\u0131n\u0131n\u0131n Afrika ekonomisi ve i\u015f d\u00fcnyas\u0131 \u00fczerindeki etkisi. Corona vir\u00fcs\u00fc Wuhan'da g\u00f6r\u00fcld\u00fc ve Afrika'ya da yay\u0131ld\u0131.","robots":{"index":"index","follow":"follow","max-snippet":"max-snippet:-1","max-image-preview":"max-image-preview:large","max-video-preview":"max-video-preview:-1"},"canonical":"https:\/\/www.istanbulafrica.com\/tr\/coronavirus-salgininin-afrikaya-etkisi\/","og_locale":"en_US","og_type":"article","og_title":"Coronavirus Salg\u0131n\u0131n\u0131n Afrika'ya Etkisi","og_description":"Koronavir\u00fcs (COVID-19) salg\u0131n\u0131n\u0131n Afrika ekonomisi ve i\u015f d\u00fcnyas\u0131 \u00fczerindeki etkisi. Corona vir\u00fcs\u00fc Wuhan'da g\u00f6r\u00fcld\u00fc ve Afrika'ya da yay\u0131ld\u0131.","og_url":"https:\/\/www.istanbulafrica.com\/tr\/coronavirus-salgininin-afrikaya-etkisi\/","og_site_name":"Istanbul Africa Trade Company","article_publisher":"http:\/\/www.facebook.com\/istanbulafrica","article_published_time":"2020-03-18T09:50:59+00:00","article_modified_time":"2020-04-05T09:55:55+00:00","og_image":[{"width":2400,"height":1800,"url":"https:\/\/www.istanbulafrica.com\/wp-content\/uploads\/2020\/03\/Afrika-Coronavirus-T\u00fcrk\u00e7e.jpg","type":"image\/jpeg"}],"author":"admin","twitter_card":"summary_large_image","twitter_creator":"@istanbulafrica","twitter_site":"@istanbulafrica","twitter_misc":{"Written by":false,"Est. reading time":"7 minutes"},"schema":{"@context":"https:\/\/schema.org","@graph":[{"@type":"Article","@id":"https:\/\/www.istanbulafrica.com\/tr\/coronavirus-salgininin-afrikaya-etkisi\/#article","isPartOf":{"@id":"https:\/\/www.istanbulafrica.com\/tr\/coronavirus-salgininin-afrikaya-etkisi\/"},"author":{"name":"admin","@id":"https:\/\/www.istanbulafrica.com\/#\/schema\/person\/e0f8b3b562d664e99942c2ca70031388"},"headline":"Coronavirus Salg\u0131n\u0131n\u0131n Afrika&#8217;ya Etkisi","datePublished":"2020-03-18T09:50:59+00:00","dateModified":"2020-04-05T09:55:55+00:00","mainEntityOfPage":{"@id":"https:\/\/www.istanbulafrica.com\/tr\/coronavirus-salgininin-afrikaya-etkisi\/"},"wordCount":1350,"commentCount":0,"publisher":{"@id":"https:\/\/www.istanbulafrica.com\/#organization"},"image":{"@id":"https:\/\/www.istanbulafrica.com\/tr\/coronavirus-salgininin-afrikaya-etkisi\/#primaryimage"},"thumbnailUrl":"https:\/\/www.istanbulafrica.com\/wp-content\/uploads\/2020\/03\/Afrika-Coronavirus-T\u00fcrk\u00e7e.jpg","articleSection":["Rapor"],"inLanguage":"en-US","potentialAction":[{"@type":"CommentAction","name":"Comment","target":["https:\/\/www.istanbulafrica.com\/tr\/coronavirus-salgininin-afrikaya-etkisi\/#respond"]}]},{"@type":"WebPage","@id":"https:\/\/www.istanbulafrica.com\/tr\/coronavirus-salgininin-afrikaya-etkisi\/","url":"https:\/\/www.istanbulafrica.com\/tr\/coronavirus-salgininin-afrikaya-etkisi\/","name":"Coronavirus Salg\u0131n\u0131n\u0131n Afrika'ya Etkisi - Istanbul Afrika Ticaret \u015eirketi","isPartOf":{"@id":"https:\/\/www.istanbulafrica.com\/#website"},"primaryImageOfPage":{"@id":"https:\/\/www.istanbulafrica.com\/tr\/coronavirus-salgininin-afrikaya-etkisi\/#primaryimage"},"image":{"@id":"https:\/\/www.istanbulafrica.com\/tr\/coronavirus-salgininin-afrikaya-etkisi\/#primaryimage"},"thumbnailUrl":"https:\/\/www.istanbulafrica.com\/wp-content\/uploads\/2020\/03\/Afrika-Coronavirus-T\u00fcrk\u00e7e.jpg","datePublished":"2020-03-18T09:50:59+00:00","dateModified":"2020-04-05T09:55:55+00:00","description":"Koronavir\u00fcs (COVID-19) salg\u0131n\u0131n\u0131n Afrika ekonomisi ve i\u015f d\u00fcnyas\u0131 \u00fczerindeki etkisi. Corona vir\u00fcs\u00fc Wuhan'da g\u00f6r\u00fcld\u00fc ve Afrika'ya da yay\u0131ld\u0131.","breadcrumb":{"@id":"https:\/\/www.istanbulafrica.com\/tr\/coronavirus-salgininin-afrikaya-etkisi\/#breadcrumb"},"inLanguage":"en-US","potentialAction":[{"@type":"ReadAction","target":["https:\/\/www.istanbulafrica.com\/tr\/coronavirus-salgininin-afrikaya-etkisi\/"]}]},{"@type":"ImageObject","inLanguage":"en-US","@id":"https:\/\/www.istanbulafrica.com\/tr\/coronavirus-salgininin-afrikaya-etkisi\/#primaryimage","url":"https:\/\/www.istanbulafrica.com\/wp-content\/uploads\/2020\/03\/Afrika-Coronavirus-T\u00fcrk\u00e7e.jpg","contentUrl":"https:\/\/www.istanbulafrica.com\/wp-content\/uploads\/2020\/03\/Afrika-Coronavirus-T\u00fcrk\u00e7e.jpg","width":2400,"height":1800},{"@type":"BreadcrumbList","@id":"https:\/\/www.istanbulafrica.com\/tr\/coronavirus-salgininin-afrikaya-etkisi\/#breadcrumb","itemListElement":[{"@type":"ListItem","position":1,"name":"Home","item":"https:\/\/www.istanbulafrica.com\/"},{"@type":"ListItem","position":2,"name":"Coronavirus Salg\u0131n\u0131n\u0131n Afrika&#8217;ya Etkisi"}]},{"@type":"WebSite","@id":"https:\/\/www.istanbulafrica.com\/#website","url":"https:\/\/www.istanbulafrica.com\/","name":"Istanbul Africa Trade Company","description":"Import, Export and Investment","publisher":{"@id":"https:\/\/www.istanbulafrica.com\/#organization"},"potentialAction":[{"@type":"SearchAction","target":{"@type":"EntryPoint","urlTemplate":"https:\/\/www.istanbulafrica.com\/?s={search_term_string}"},"query-input":{"@type":"PropertyValueSpecification","valueRequired":true,"valueName":"search_term_string"}}],"inLanguage":"en-US"},{"@type":"Organization","@id":"https:\/\/www.istanbulafrica.com\/#organization","name":"Istanbul Africa Trade Company","url":"https:\/\/www.istanbulafrica.com\/","logo":{"@type":"ImageObject","inLanguage":"en-US","@id":"https:\/\/www.istanbulafrica.com\/#\/schema\/logo\/image\/","url":"https:\/\/www.istanbulafrica.com\/wp-content\/uploads\/2018\/11\/Logo-5_Multicolor-1-e1543258165564.png","contentUrl":"https:\/\/www.istanbulafrica.com\/wp-content\/uploads\/2018\/11\/Logo-5_Multicolor-1-e1543258165564.png","width":300,"height":82,"caption":"Istanbul Africa Trade Company"},"image":{"@id":"https:\/\/www.istanbulafrica.com\/#\/schema\/logo\/image\/"},"sameAs":["http:\/\/www.facebook.com\/istanbulafrica","https:\/\/x.com\/istanbulafrica","https:\/\/www.instagram.com\/istanbulafrica","https:\/\/linkedin.com\/company\/istanbulafrica"]},{"@type":"Person","@id":"https:\/\/www.istanbulafrica.com\/#\/schema\/person\/e0f8b3b562d664e99942c2ca70031388","name":"admin","image":{"@type":"ImageObject","inLanguage":"en-US","@id":"https:\/\/www.istanbulafrica.com\/#\/schema\/person\/image\/","url":"https:\/\/www.istanbulafrica.com\/wp-content\/litespeed\/avatar\/063478b0608c9232a95d704ee9061d12.jpg?ver=1758542353","contentUrl":"https:\/\/www.istanbulafrica.com\/wp-content\/litespeed\/avatar\/063478b0608c9232a95d704ee9061d12.jpg?ver=1758542353","caption":"admin"}}]}},"_links":{"self":[{"href":"https:\/\/www.istanbulafrica.com\/wp-json\/wp\/v2\/posts\/2947","targetHints":{"allow":["GET"]}}],"collection":[{"href":"https:\/\/www.istanbulafrica.com\/wp-json\/wp\/v2\/posts"}],"about":[{"href":"https:\/\/www.istanbulafrica.com\/wp-json\/wp\/v2\/types\/post"}],"author":[{"embeddable":true,"href":"https:\/\/www.istanbulafrica.com\/wp-json\/wp\/v2\/users\/1"}],"replies":[{"embeddable":true,"href":"https:\/\/www.istanbulafrica.com\/wp-json\/wp\/v2\/comments?post=2947"}],"version-history":[{"count":11,"href":"https:\/\/www.istanbulafrica.com\/wp-json\/wp\/v2\/posts\/2947\/revisions"}],"predecessor-version":[{"id":2964,"href":"https:\/\/www.istanbulafrica.com\/wp-json\/wp\/v2\/posts\/2947\/revisions\/2964"}],"wp:featuredmedia":[{"embeddable":true,"href":"https:\/\/www.istanbulafrica.com\/wp-json\/wp\/v2\/media\/2949"}],"wp:attachment":[{"href":"https:\/\/www.istanbulafrica.com\/wp-json\/wp\/v2\/media?parent=2947"}],"wp:term":[{"taxonomy":"category","embeddable":true,"href":"https:\/\/www.istanbulafrica.com\/wp-json\/wp\/v2\/categories?post=2947"},{"taxonomy":"post_tag","embeddable":true,"href":"https:\/\/www.istanbulafrica.com\/wp-json\/wp\/v2\/tags?post=2947"}],"curies":[{"name":"wp","href":"https:\/\/api.w.org\/{rel}","templated":true}]}}