{"id":3782,"date":"2020-06-28T14:15:23","date_gmt":"2020-06-28T14:15:23","guid":{"rendered":"https:\/\/www.istanbulafrica.com\/?p=3782"},"modified":"2020-08-06T12:05:28","modified_gmt":"2020-08-06T12:05:28","slug":"renforcer-les-relations-entre-la-turquie-et-lafrique-en-periode-de-coronavirus","status":"publish","type":"post","link":"https:\/\/www.istanbulafrica.com\/fr\/renforcer-les-relations-entre-la-turquie-et-lafrique-en-periode-de-coronavirus\/","title":{"rendered":"Renforcer les relations entre la Turquie et l&#8217;Afrique en p\u00e9riode de coronavirus"},"content":{"rendered":"\t\t<div data-elementor-type=\"wp-post\" data-elementor-id=\"3782\" class=\"elementor elementor-3782\">\n\t\t\t\t\t\t<section class=\"elementor-section elementor-top-section elementor-element elementor-element-f891ba1 elementor-section-boxed elementor-section-height-default elementor-section-height-default\" data-id=\"f891ba1\" data-element_type=\"section\">\n\t\t\t\t\t\t<div class=\"elementor-container elementor-column-gap-default\">\n\t\t\t\t\t<div class=\"elementor-column elementor-col-100 elementor-top-column elementor-element elementor-element-ca62e10\" data-id=\"ca62e10\" data-element_type=\"column\">\n\t\t\t<div class=\"elementor-widget-wrap elementor-element-populated\">\n\t\t\t\t\t\t<div class=\"elementor-element elementor-element-85ada96 elementor-widget elementor-widget-text-editor\" data-id=\"85ada96\" data-element_type=\"widget\" data-widget_type=\"text-editor.default\">\n\t\t\t\t<div class=\"elementor-widget-container\">\n\t\t\t\t\t\t\t\t\t<p>La Turquie a orient\u00e9 sa diplomatie vers l&#8217;Afrique afin de renforcer ses relations avec les pays africains sur la base des avantages mutuels et du respect mutuel. Au cours de la derni\u00e8re d\u00e9cennie, la Turquie a augment\u00e9 le nombre d&#8217;ambassades en Afrique de 12 \u00e0 42. En outre, le gouvernement turc pr\u00e9voit d&#8217;ouvrir 10 ambassades suppl\u00e9mentaires dans les ann\u00e9es \u00e0 venir. Afin d&#8217;\u00e9tablir un partenariat \u00e0 long terme, la Turquie offre plus de bourses aux \u00e9tudiants africains pour \u00e9tudier dans les universit\u00e9s turques. De plus, Turkish Airlines atteint de nouvelles destinations en Afrique.<\/p>\t\t\t\t\t\t\t\t<\/div>\n\t\t\t\t<\/div>\n\t\t\t\t<div class=\"elementor-element elementor-element-893ab82 elementor-widget elementor-widget-image\" data-id=\"893ab82\" data-element_type=\"widget\" data-widget_type=\"image.default\">\n\t\t\t\t<div class=\"elementor-widget-container\">\n\t\t\t\t\t\t\t\t\t\t\t\t<figure class=\"wp-caption\">\n\t\t\t\t\t\t\t\t\t\t<img fetchpriority=\"high\" decoding=\"async\" width=\"873\" height=\"663\" src=\"https:\/\/www.istanbulafrica.com\/wp-content\/uploads\/2020\/06\/Turkey-Medical-Aid-to-USA.jpg\" class=\"attachment-large size-large wp-image-3767\" alt=\"\" srcset=\"https:\/\/www.istanbulafrica.com\/wp-content\/uploads\/2020\/06\/Turkey-Medical-Aid-to-USA.jpg 873w, https:\/\/www.istanbulafrica.com\/wp-content\/uploads\/2020\/06\/Turkey-Medical-Aid-to-USA-300x228.jpg 300w, https:\/\/www.istanbulafrica.com\/wp-content\/uploads\/2020\/06\/Turkey-Medical-Aid-to-USA-768x583.jpg 768w, https:\/\/www.istanbulafrica.com\/wp-content\/uploads\/2020\/06\/Turkey-Medical-Aid-to-USA-720x547.jpg 720w\" sizes=\"(max-width: 873px) 100vw, 873px\" \/>\t\t\t\t\t\t\t\t\t\t\t<figcaption class=\"widget-image-caption wp-caption-text\">Le secr\u00e9taire d'\u00c9tat am\u00e9ricain Mike Pompeo a remerci\u00e9 la Turquie d'avoir envoy\u00e9 une aide m\u00e9dicale aux \u00c9tats-Unis.<\/figcaption>\n\t\t\t\t\t\t\t\t\t\t<\/figure>\n\t\t\t\t\t\t\t\t\t<\/div>\n\t\t\t\t<\/div>\n\t\t\t\t\t<\/div>\n\t\t<\/div>\n\t\t\t\t\t<\/div>\n\t\t<\/section>\n\t\t\t\t<section class=\"elementor-section elementor-top-section elementor-element elementor-element-0bb0506 elementor-section-boxed elementor-section-height-default elementor-section-height-default\" data-id=\"0bb0506\" data-element_type=\"section\">\n\t\t\t\t\t\t<div class=\"elementor-container elementor-column-gap-default\">\n\t\t\t\t\t<div class=\"elementor-column elementor-col-100 elementor-top-column elementor-element elementor-element-9479e9f\" data-id=\"9479e9f\" data-element_type=\"column\">\n\t\t\t<div class=\"elementor-widget-wrap elementor-element-populated\">\n\t\t\t\t\t\t<div class=\"elementor-element elementor-element-a8cbfaa elementor-widget elementor-widget-text-editor\" data-id=\"a8cbfaa\" data-element_type=\"widget\" data-widget_type=\"text-editor.default\">\n\t\t\t\t<div class=\"elementor-widget-container\">\n\t\t\t\t\t\t\t\t\t<p>La Turquie est d\u00e9termin\u00e9e \u00e0 renforcer ses relations avec les pays africains, dans les bons comme dans les mauvais moments. Lors de la pand\u00e9mie de coronavirus, la Turquie n&#8217;a pas h\u00e9sit\u00e9 \u00e0 aider les pays africains \u00e0 lutter contre le virus. Jusqu&#8217;\u00e0 pr\u00e9sent, la Turquie a fourni une aide \u00e0 plus de 80 pays \u00e0 travers le monde pour soutenir leurs efforts dans la lutte contre l&#8217;\u00e9pid\u00e9mie de coronavirus. Les pays auxquels la Turquie a envoy\u00e9 des fournitures m\u00e9dicales sont \u00e9galement les \u00c9tats-Unis d&#8217;Am\u00e9rique et le Royaume-Uni. En Afrique, la Turquie a envoy\u00e9 une aide m\u00e9dicale et humanitaire \u00e0 plus de 10 pays, dont l&#8217;Afrique du Sud, le Niger, le Tchad et le Burkina Faso.<\/p>\t\t\t\t\t\t\t\t<\/div>\n\t\t\t\t<\/div>\n\t\t\t\t<div class=\"elementor-element elementor-element-a57dbe4 elementor-widget elementor-widget-image\" data-id=\"a57dbe4\" data-element_type=\"widget\" data-widget_type=\"image.default\">\n\t\t\t\t<div class=\"elementor-widget-container\">\n\t\t\t\t\t\t\t\t\t\t\t\t<figure class=\"wp-caption\">\n\t\t\t\t\t\t\t\t\t\t<img decoding=\"async\" width=\"862\" height=\"486\" src=\"https:\/\/www.istanbulafrica.com\/wp-content\/uploads\/2020\/06\/Turkey-medical-supplies-aid-coronavirus-to-UK.jpg\" class=\"attachment-large size-large wp-image-3769\" alt=\"\" srcset=\"https:\/\/www.istanbulafrica.com\/wp-content\/uploads\/2020\/06\/Turkey-medical-supplies-aid-coronavirus-to-UK.jpg 862w, https:\/\/www.istanbulafrica.com\/wp-content\/uploads\/2020\/06\/Turkey-medical-supplies-aid-coronavirus-to-UK-300x169.jpg 300w, https:\/\/www.istanbulafrica.com\/wp-content\/uploads\/2020\/06\/Turkey-medical-supplies-aid-coronavirus-to-UK-768x433.jpg 768w, https:\/\/www.istanbulafrica.com\/wp-content\/uploads\/2020\/06\/Turkey-medical-supplies-aid-coronavirus-to-UK-720x406.jpg 720w\" sizes=\"(max-width: 862px) 100vw, 862px\" \/>\t\t\t\t\t\t\t\t\t\t\t<figcaption class=\"widget-image-caption wp-caption-text\">Un avion-cargo militaire turc est en cours de pr\u00e9paration pour livrer des fournitures m\u00e9dicales au Royaume-Uni.<\/figcaption>\n\t\t\t\t\t\t\t\t\t\t<\/figure>\n\t\t\t\t\t\t\t\t\t<\/div>\n\t\t\t\t<\/div>\n\t\t\t\t\t<\/div>\n\t\t<\/div>\n\t\t\t\t\t<\/div>\n\t\t<\/section>\n\t\t\t\t<section class=\"elementor-section elementor-top-section elementor-element elementor-element-581700e elementor-section-boxed elementor-section-height-default elementor-section-height-default\" data-id=\"581700e\" data-element_type=\"section\">\n\t\t\t\t\t\t<div class=\"elementor-container elementor-column-gap-default\">\n\t\t\t\t\t<div class=\"elementor-column elementor-col-100 elementor-top-column elementor-element elementor-element-203d4f2\" data-id=\"203d4f2\" data-element_type=\"column\">\n\t\t\t<div class=\"elementor-widget-wrap elementor-element-populated\">\n\t\t\t\t\t\t<div class=\"elementor-element elementor-element-40f7d67 elementor-widget elementor-widget-heading\" data-id=\"40f7d67\" data-element_type=\"widget\" data-widget_type=\"heading.default\">\n\t\t\t\t<div class=\"elementor-widget-container\">\n\t\t\t\t\t<h2 class=\"elementor-heading-title elementor-size-default\">La Turquie aide les pays africains \u00e0 lutter contre COVID-19<\/h2>\t\t\t\t<\/div>\n\t\t\t\t<\/div>\n\t\t\t\t\t<\/div>\n\t\t<\/div>\n\t\t\t\t\t<\/div>\n\t\t<\/section>\n\t\t\t\t<section class=\"elementor-section elementor-top-section elementor-element elementor-element-24a6fe8 elementor-section-boxed elementor-section-height-default elementor-section-height-default\" data-id=\"24a6fe8\" data-element_type=\"section\">\n\t\t\t\t\t\t<div class=\"elementor-container elementor-column-gap-default\">\n\t\t\t\t\t<div class=\"elementor-column elementor-col-100 elementor-top-column elementor-element elementor-element-fe9e013\" data-id=\"fe9e013\" data-element_type=\"column\">\n\t\t\t<div class=\"elementor-widget-wrap elementor-element-populated\">\n\t\t\t\t\t\t<div class=\"elementor-element elementor-element-76ceb95 elementor-widget elementor-widget-text-editor\" data-id=\"76ceb95\" data-element_type=\"widget\" data-widget_type=\"text-editor.default\">\n\t\t\t\t<div class=\"elementor-widget-container\">\n\t\t\t\t\t\t\t\t\t<p>La Turquie n&#8217;h\u00e9site jamais \u00e0 envoyer des fournitures m\u00e9dicales et une aide humanitaire dans les moments difficiles de nos partenaires. Jusqu&#8217;\u00e0 pr\u00e9sent, la Turquie a envoy\u00e9 de l&#8217;aide m\u00e9dicale en Afrique du Sud, \u00e0 Senegal, en Somalie, en Ouganda, au Lesotho, au Mozambique, au Tchad, au Niger, au Burkina Faso et \u00e0 Eswatini. Les trousses d&#8217;aide comprennent les articles n\u00e9cessaires \u00e0 la lutte contre la pand\u00e9mie de coronavirus: kits de test modernes, masques m\u00e9dicaux, combinaisons de protection, gants et d\u00e9sinfectants.<\/p>\t\t\t\t\t\t\t\t<\/div>\n\t\t\t\t<\/div>\n\t\t\t\t\t<\/div>\n\t\t<\/div>\n\t\t\t\t\t<\/div>\n\t\t<\/section>\n\t\t\t\t<section class=\"elementor-section elementor-top-section elementor-element elementor-element-09c16fc elementor-section-boxed elementor-section-height-default elementor-section-height-default\" data-id=\"09c16fc\" data-element_type=\"section\">\n\t\t\t\t\t\t<div class=\"elementor-container elementor-column-gap-default\">\n\t\t\t\t\t<div class=\"elementor-column elementor-col-100 elementor-top-column elementor-element elementor-element-78a0795\" data-id=\"78a0795\" data-element_type=\"column\">\n\t\t\t<div class=\"elementor-widget-wrap elementor-element-populated\">\n\t\t\t\t\t\t<div class=\"elementor-element elementor-element-6d8caa3 elementor-widget elementor-widget-image\" data-id=\"6d8caa3\" data-element_type=\"widget\" data-widget_type=\"image.default\">\n\t\t\t\t<div class=\"elementor-widget-container\">\n\t\t\t\t\t\t\t\t\t\t\t\t<figure class=\"wp-caption\">\n\t\t\t\t\t\t\t\t\t\t<img decoding=\"async\" width=\"863\" height=\"485\" src=\"https:\/\/www.istanbulafrica.com\/wp-content\/uploads\/2020\/06\/Turkey-South-Africa-Coronavirus-Medical-Aid.jpg\" class=\"attachment-large size-large wp-image-3776\" alt=\"\" srcset=\"https:\/\/www.istanbulafrica.com\/wp-content\/uploads\/2020\/06\/Turkey-South-Africa-Coronavirus-Medical-Aid.jpg 863w, https:\/\/www.istanbulafrica.com\/wp-content\/uploads\/2020\/06\/Turkey-South-Africa-Coronavirus-Medical-Aid-300x169.jpg 300w, https:\/\/www.istanbulafrica.com\/wp-content\/uploads\/2020\/06\/Turkey-South-Africa-Coronavirus-Medical-Aid-768x432.jpg 768w, https:\/\/www.istanbulafrica.com\/wp-content\/uploads\/2020\/06\/Turkey-South-Africa-Coronavirus-Medical-Aid-720x405.jpg 720w\" sizes=\"(max-width: 863px) 100vw, 863px\" \/>\t\t\t\t\t\t\t\t\t\t\t<figcaption class=\"widget-image-caption wp-caption-text\">La Turquie a fourni une aide m\u00e9dicale \u00e0 l'Afrique du Sud pour \u00eatre utilis\u00e9e dans les h\u00f4pitaux contre l'\u00e9pid\u00e9mie de coronavirus.<\/figcaption>\n\t\t\t\t\t\t\t\t\t\t<\/figure>\n\t\t\t\t\t\t\t\t\t<\/div>\n\t\t\t\t<\/div>\n\t\t\t\t\t<\/div>\n\t\t<\/div>\n\t\t\t\t\t<\/div>\n\t\t<\/section>\n\t\t\t\t<section class=\"elementor-section elementor-top-section elementor-element elementor-element-2b004c7 elementor-section-boxed elementor-section-height-default elementor-section-height-default\" data-id=\"2b004c7\" data-element_type=\"section\">\n\t\t\t\t\t\t<div class=\"elementor-container elementor-column-gap-default\">\n\t\t\t\t\t<div class=\"elementor-column elementor-col-100 elementor-top-column elementor-element elementor-element-e9711f5\" data-id=\"e9711f5\" data-element_type=\"column\">\n\t\t\t<div class=\"elementor-widget-wrap elementor-element-populated\">\n\t\t\t\t\t\t<div class=\"elementor-element elementor-element-ee5d965 elementor-widget elementor-widget-image\" data-id=\"ee5d965\" data-element_type=\"widget\" data-widget_type=\"image.default\">\n\t\t\t\t<div class=\"elementor-widget-container\">\n\t\t\t\t\t\t\t\t\t\t\t\t<figure class=\"wp-caption\">\n\t\t\t\t\t\t\t\t\t\t<img loading=\"lazy\" decoding=\"async\" width=\"863\" height=\"486\" src=\"https:\/\/www.istanbulafrica.com\/wp-content\/uploads\/2020\/06\/Turkey-Uganda-Coronavirus-Food-Aid.jpg\" class=\"attachment-large size-large wp-image-3777\" alt=\"\" srcset=\"https:\/\/www.istanbulafrica.com\/wp-content\/uploads\/2020\/06\/Turkey-Uganda-Coronavirus-Food-Aid.jpg 863w, https:\/\/www.istanbulafrica.com\/wp-content\/uploads\/2020\/06\/Turkey-Uganda-Coronavirus-Food-Aid-300x169.jpg 300w, https:\/\/www.istanbulafrica.com\/wp-content\/uploads\/2020\/06\/Turkey-Uganda-Coronavirus-Food-Aid-768x433.jpg 768w, https:\/\/www.istanbulafrica.com\/wp-content\/uploads\/2020\/06\/Turkey-Uganda-Coronavirus-Food-Aid-720x405.jpg 720w\" sizes=\"(max-width: 863px) 100vw, 863px\" \/>\t\t\t\t\t\t\t\t\t\t\t<figcaption class=\"widget-image-caption wp-caption-text\">La Turquie a envoy\u00e9 de l'aide alimentaire en Ouganda en pleine pand\u00e9mie.<\/figcaption>\n\t\t\t\t\t\t\t\t\t\t<\/figure>\n\t\t\t\t\t\t\t\t\t<\/div>\n\t\t\t\t<\/div>\n\t\t\t\t\t<\/div>\n\t\t<\/div>\n\t\t\t\t\t<\/div>\n\t\t<\/section>\n\t\t\t\t<section class=\"elementor-section elementor-top-section elementor-element elementor-element-6e7a2cd elementor-section-boxed elementor-section-height-default elementor-section-height-default\" data-id=\"6e7a2cd\" data-element_type=\"section\">\n\t\t\t\t\t\t<div class=\"elementor-container elementor-column-gap-default\">\n\t\t\t\t\t<div class=\"elementor-column elementor-col-100 elementor-top-column elementor-element elementor-element-5e4e9db\" data-id=\"5e4e9db\" data-element_type=\"column\">\n\t\t\t<div class=\"elementor-widget-wrap elementor-element-populated\">\n\t\t\t\t\t\t<div class=\"elementor-element elementor-element-8e7b237 elementor-widget elementor-widget-image\" data-id=\"8e7b237\" data-element_type=\"widget\" data-widget_type=\"image.default\">\n\t\t\t\t<div class=\"elementor-widget-container\">\n\t\t\t\t\t\t\t\t\t\t\t\t<figure class=\"wp-caption\">\n\t\t\t\t\t\t\t\t\t\t<img loading=\"lazy\" decoding=\"async\" width=\"864\" height=\"486\" src=\"https:\/\/www.istanbulafrica.com\/wp-content\/uploads\/2020\/06\/Turkey-Niger-Coronavirus-Medical-Aid.jpg\" class=\"attachment-large size-large wp-image-3775\" alt=\"\" srcset=\"https:\/\/www.istanbulafrica.com\/wp-content\/uploads\/2020\/06\/Turkey-Niger-Coronavirus-Medical-Aid.jpg 864w, https:\/\/www.istanbulafrica.com\/wp-content\/uploads\/2020\/06\/Turkey-Niger-Coronavirus-Medical-Aid-300x169.jpg 300w, https:\/\/www.istanbulafrica.com\/wp-content\/uploads\/2020\/06\/Turkey-Niger-Coronavirus-Medical-Aid-768x432.jpg 768w, https:\/\/www.istanbulafrica.com\/wp-content\/uploads\/2020\/06\/Turkey-Niger-Coronavirus-Medical-Aid-720x405.jpg 720w\" sizes=\"(max-width: 864px) 100vw, 864px\" \/>\t\t\t\t\t\t\t\t\t\t\t<figcaption class=\"widget-image-caption wp-caption-text\">L'aide m\u00e9dicale et humanitaire turque a atteint le Niger.<\/figcaption>\n\t\t\t\t\t\t\t\t\t\t<\/figure>\n\t\t\t\t\t\t\t\t\t<\/div>\n\t\t\t\t<\/div>\n\t\t\t\t\t<\/div>\n\t\t<\/div>\n\t\t\t\t\t<\/div>\n\t\t<\/section>\n\t\t\t\t<section class=\"elementor-section elementor-top-section elementor-element elementor-element-c8bdb5e elementor-section-boxed elementor-section-height-default elementor-section-height-default\" data-id=\"c8bdb5e\" data-element_type=\"section\">\n\t\t\t\t\t\t<div class=\"elementor-container elementor-column-gap-default\">\n\t\t\t\t\t<div class=\"elementor-column elementor-col-100 elementor-top-column elementor-element elementor-element-fc321db\" data-id=\"fc321db\" data-element_type=\"column\">\n\t\t\t<div class=\"elementor-widget-wrap elementor-element-populated\">\n\t\t\t\t\t\t<div class=\"elementor-element elementor-element-cbf403f elementor-widget elementor-widget-image\" data-id=\"cbf403f\" data-element_type=\"widget\" data-widget_type=\"image.default\">\n\t\t\t\t<div class=\"elementor-widget-container\">\n\t\t\t\t\t\t\t\t\t\t\t\t<figure class=\"wp-caption\">\n\t\t\t\t\t\t\t\t\t\t<img loading=\"lazy\" decoding=\"async\" width=\"864\" height=\"486\" src=\"https:\/\/www.istanbulafrica.com\/wp-content\/uploads\/2020\/06\/Turkey-Chad-Coronavirus-Medical-Aid.jpg\" class=\"attachment-large size-large wp-image-3774\" alt=\"\" srcset=\"https:\/\/www.istanbulafrica.com\/wp-content\/uploads\/2020\/06\/Turkey-Chad-Coronavirus-Medical-Aid.jpg 864w, https:\/\/www.istanbulafrica.com\/wp-content\/uploads\/2020\/06\/Turkey-Chad-Coronavirus-Medical-Aid-300x169.jpg 300w, https:\/\/www.istanbulafrica.com\/wp-content\/uploads\/2020\/06\/Turkey-Chad-Coronavirus-Medical-Aid-768x432.jpg 768w, https:\/\/www.istanbulafrica.com\/wp-content\/uploads\/2020\/06\/Turkey-Chad-Coronavirus-Medical-Aid-720x405.jpg 720w\" sizes=\"(max-width: 864px) 100vw, 864px\" \/>\t\t\t\t\t\t\t\t\t\t\t<figcaption class=\"widget-image-caption wp-caption-text\">Un avion-cargo militaire turc devrait arriver au Tchad avec des fournitures m\u00e9dicales.<\/figcaption>\n\t\t\t\t\t\t\t\t\t\t<\/figure>\n\t\t\t\t\t\t\t\t\t<\/div>\n\t\t\t\t<\/div>\n\t\t\t\t\t<\/div>\n\t\t<\/div>\n\t\t\t\t\t<\/div>\n\t\t<\/section>\n\t\t\t\t<\/div>\n\t\t","protected":false},"excerpt":{"rendered":"<p>La Turquie a orient\u00e9 sa diplomatie vers l&#8217;Afrique afin de renforcer ses relations avec les pays africains sur la base [&hellip;]<\/p>\n","protected":false},"author":1,"featured_media":3762,"comment_status":"open","ping_status":"open","sticky":false,"template":"","format":"standard","meta":{"_monsterinsights_skip_tracking":false,"_monsterinsights_sitenote_active":false,"_monsterinsights_sitenote_note":"","_monsterinsights_sitenote_category":0,"footnotes":""},"categories":[2839],"tags":[],"class_list":["post-3782","post","type-post","status-publish","format-standard","has-post-thumbnail","hentry","category-nouvelles"],"yoast_head":"<!-- This site is optimized with the Yoast SEO Premium plugin v25.7.1 (Yoast SEO v25.8) - https:\/\/yoast.com\/wordpress\/plugins\/seo\/ -->\n<title>Renforcer les relations entre la Turquie et l&#039;Afrique en p\u00e9riode de corona<\/title>\n<meta name=\"description\" content=\"La Turquie fournit une aide m\u00e9dicale et humanitaire aux pays africains en p\u00e9riode d&#039;\u00e9pid\u00e9mie de coronavirus. Les kits de test, des masques, des gants.\" \/>\n<meta name=\"robots\" content=\"index, follow, max-snippet:-1, max-image-preview:large, max-video-preview:-1\" \/>\n<link rel=\"canonical\" href=\"https:\/\/www.istanbulafrica.com\/fr\/renforcer-les-relations-entre-la-turquie-et-lafrique-en-periode-de-coronavirus\/\" \/>\n<meta property=\"og:locale\" content=\"en_US\" \/>\n<meta property=\"og:type\" content=\"article\" \/>\n<meta property=\"og:title\" content=\"Renforcer les relations entre la Turquie et l&#039;Afrique en p\u00e9riode de coronavirus\" \/>\n<meta property=\"og:description\" content=\"La Turquie fournit une aide m\u00e9dicale et humanitaire aux pays africains en p\u00e9riode d&#039;\u00e9pid\u00e9mie de coronavirus. Les kits de test, des masques, des gants.\" \/>\n<meta property=\"og:url\" content=\"https:\/\/www.istanbulafrica.com\/fr\/renforcer-les-relations-entre-la-turquie-et-lafrique-en-periode-de-coronavirus\/\" \/>\n<meta property=\"og:site_name\" content=\"Istanbul Africa Trade Company\" \/>\n<meta property=\"article:publisher\" content=\"http:\/\/www.facebook.com\/istanbulafrica\" \/>\n<meta property=\"article:published_time\" content=\"2020-06-28T14:15:23+00:00\" \/>\n<meta property=\"article:modified_time\" content=\"2020-08-06T12:05:28+00:00\" \/>\n<meta property=\"og:image\" content=\"https:\/\/www.istanbulafrica.com\/wp-content\/uploads\/2020\/06\/Turkey-Coronavirus-Aid-to-Africa.jpg\" \/>\n\t<meta property=\"og:image:width\" content=\"864\" \/>\n\t<meta property=\"og:image:height\" content=\"486\" \/>\n\t<meta property=\"og:image:type\" content=\"image\/jpeg\" \/>\n<meta name=\"author\" content=\"admin\" \/>\n<meta name=\"twitter:card\" content=\"summary_large_image\" \/>\n<meta name=\"twitter:creator\" content=\"@istanbulafrica\" \/>\n<meta name=\"twitter:site\" content=\"@istanbulafrica\" \/>\n<meta name=\"twitter:label1\" content=\"Written by\" \/>\n\t<meta name=\"twitter:data1\" content=\"\" \/>\n\t<meta name=\"twitter:label2\" content=\"Est. reading time\" \/>\n\t<meta name=\"twitter:data2\" content=\"2 minutes\" \/>\n<script type=\"application\/ld+json\" class=\"yoast-schema-graph\">{\"@context\":\"https:\/\/schema.org\",\"@graph\":[{\"@type\":\"Article\",\"@id\":\"https:\/\/www.istanbulafrica.com\/fr\/renforcer-les-relations-entre-la-turquie-et-lafrique-en-periode-de-coronavirus\/#article\",\"isPartOf\":{\"@id\":\"https:\/\/www.istanbulafrica.com\/fr\/renforcer-les-relations-entre-la-turquie-et-lafrique-en-periode-de-coronavirus\/\"},\"author\":{\"name\":\"admin\",\"@id\":\"https:\/\/www.istanbulafrica.com\/#\/schema\/person\/e0f8b3b562d664e99942c2ca70031388\"},\"headline\":\"Renforcer les relations entre la Turquie et l&#8217;Afrique en p\u00e9riode de coronavirus\",\"datePublished\":\"2020-06-28T14:15:23+00:00\",\"dateModified\":\"2020-08-06T12:05:28+00:00\",\"mainEntityOfPage\":{\"@id\":\"https:\/\/www.istanbulafrica.com\/fr\/renforcer-les-relations-entre-la-turquie-et-lafrique-en-periode-de-coronavirus\/\"},\"wordCount\":431,\"commentCount\":0,\"publisher\":{\"@id\":\"https:\/\/www.istanbulafrica.com\/#organization\"},\"image\":{\"@id\":\"https:\/\/www.istanbulafrica.com\/fr\/renforcer-les-relations-entre-la-turquie-et-lafrique-en-periode-de-coronavirus\/#primaryimage\"},\"thumbnailUrl\":\"https:\/\/www.istanbulafrica.com\/wp-content\/uploads\/2020\/06\/Turkey-Coronavirus-Aid-to-Africa.jpg\",\"articleSection\":[\"Nouvelles\"],\"inLanguage\":\"en-US\",\"potentialAction\":[{\"@type\":\"CommentAction\",\"name\":\"Comment\",\"target\":[\"https:\/\/www.istanbulafrica.com\/fr\/renforcer-les-relations-entre-la-turquie-et-lafrique-en-periode-de-coronavirus\/#respond\"]}]},{\"@type\":\"WebPage\",\"@id\":\"https:\/\/www.istanbulafrica.com\/fr\/renforcer-les-relations-entre-la-turquie-et-lafrique-en-periode-de-coronavirus\/\",\"url\":\"https:\/\/www.istanbulafrica.com\/fr\/renforcer-les-relations-entre-la-turquie-et-lafrique-en-periode-de-coronavirus\/\",\"name\":\"Renforcer les relations entre la Turquie et l'Afrique en p\u00e9riode de corona\",\"isPartOf\":{\"@id\":\"https:\/\/www.istanbulafrica.com\/#website\"},\"primaryImageOfPage\":{\"@id\":\"https:\/\/www.istanbulafrica.com\/fr\/renforcer-les-relations-entre-la-turquie-et-lafrique-en-periode-de-coronavirus\/#primaryimage\"},\"image\":{\"@id\":\"https:\/\/www.istanbulafrica.com\/fr\/renforcer-les-relations-entre-la-turquie-et-lafrique-en-periode-de-coronavirus\/#primaryimage\"},\"thumbnailUrl\":\"https:\/\/www.istanbulafrica.com\/wp-content\/uploads\/2020\/06\/Turkey-Coronavirus-Aid-to-Africa.jpg\",\"datePublished\":\"2020-06-28T14:15:23+00:00\",\"dateModified\":\"2020-08-06T12:05:28+00:00\",\"description\":\"La Turquie fournit une aide m\u00e9dicale et humanitaire aux pays africains en p\u00e9riode d'\u00e9pid\u00e9mie de coronavirus. Les kits de test, des masques, des gants.\",\"breadcrumb\":{\"@id\":\"https:\/\/www.istanbulafrica.com\/fr\/renforcer-les-relations-entre-la-turquie-et-lafrique-en-periode-de-coronavirus\/#breadcrumb\"},\"inLanguage\":\"en-US\",\"potentialAction\":[{\"@type\":\"ReadAction\",\"target\":[\"https:\/\/www.istanbulafrica.com\/fr\/renforcer-les-relations-entre-la-turquie-et-lafrique-en-periode-de-coronavirus\/\"]}]},{\"@type\":\"ImageObject\",\"inLanguage\":\"en-US\",\"@id\":\"https:\/\/www.istanbulafrica.com\/fr\/renforcer-les-relations-entre-la-turquie-et-lafrique-en-periode-de-coronavirus\/#primaryimage\",\"url\":\"https:\/\/www.istanbulafrica.com\/wp-content\/uploads\/2020\/06\/Turkey-Coronavirus-Aid-to-Africa.jpg\",\"contentUrl\":\"https:\/\/www.istanbulafrica.com\/wp-content\/uploads\/2020\/06\/Turkey-Coronavirus-Aid-to-Africa.jpg\",\"width\":864,\"height\":486},{\"@type\":\"BreadcrumbList\",\"@id\":\"https:\/\/www.istanbulafrica.com\/fr\/renforcer-les-relations-entre-la-turquie-et-lafrique-en-periode-de-coronavirus\/#breadcrumb\",\"itemListElement\":[{\"@type\":\"ListItem\",\"position\":1,\"name\":\"Home\",\"item\":\"https:\/\/www.istanbulafrica.com\/\"},{\"@type\":\"ListItem\",\"position\":2,\"name\":\"Renforcer les relations entre la Turquie et l&#8217;Afrique en p\u00e9riode de coronavirus\"}]},{\"@type\":\"WebSite\",\"@id\":\"https:\/\/www.istanbulafrica.com\/#website\",\"url\":\"https:\/\/www.istanbulafrica.com\/\",\"name\":\"Istanbul Africa Trade Company\",\"description\":\"Import, Export and Investment\",\"publisher\":{\"@id\":\"https:\/\/www.istanbulafrica.com\/#organization\"},\"potentialAction\":[{\"@type\":\"SearchAction\",\"target\":{\"@type\":\"EntryPoint\",\"urlTemplate\":\"https:\/\/www.istanbulafrica.com\/?s={search_term_string}\"},\"query-input\":{\"@type\":\"PropertyValueSpecification\",\"valueRequired\":true,\"valueName\":\"search_term_string\"}}],\"inLanguage\":\"en-US\"},{\"@type\":\"Organization\",\"@id\":\"https:\/\/www.istanbulafrica.com\/#organization\",\"name\":\"Istanbul Africa Trade Company\",\"url\":\"https:\/\/www.istanbulafrica.com\/\",\"logo\":{\"@type\":\"ImageObject\",\"inLanguage\":\"en-US\",\"@id\":\"https:\/\/www.istanbulafrica.com\/#\/schema\/logo\/image\/\",\"url\":\"https:\/\/www.istanbulafrica.com\/wp-content\/uploads\/2018\/11\/Logo-5_Multicolor-1-e1543258165564.png\",\"contentUrl\":\"https:\/\/www.istanbulafrica.com\/wp-content\/uploads\/2018\/11\/Logo-5_Multicolor-1-e1543258165564.png\",\"width\":300,\"height\":82,\"caption\":\"Istanbul Africa Trade Company\"},\"image\":{\"@id\":\"https:\/\/www.istanbulafrica.com\/#\/schema\/logo\/image\/\"},\"sameAs\":[\"http:\/\/www.facebook.com\/istanbulafrica\",\"https:\/\/x.com\/istanbulafrica\",\"https:\/\/www.instagram.com\/istanbulafrica\",\"https:\/\/linkedin.com\/company\/istanbulafrica\"]},{\"@type\":\"Person\",\"@id\":\"https:\/\/www.istanbulafrica.com\/#\/schema\/person\/e0f8b3b562d664e99942c2ca70031388\",\"name\":\"admin\",\"image\":{\"@type\":\"ImageObject\",\"inLanguage\":\"en-US\",\"@id\":\"https:\/\/www.istanbulafrica.com\/#\/schema\/person\/image\/\",\"url\":\"https:\/\/www.istanbulafrica.com\/wp-content\/litespeed\/avatar\/063478b0608c9232a95d704ee9061d12.jpg?ver=1758542353\",\"contentUrl\":\"https:\/\/www.istanbulafrica.com\/wp-content\/litespeed\/avatar\/063478b0608c9232a95d704ee9061d12.jpg?ver=1758542353\",\"caption\":\"admin\"}}]}<\/script>\n<!-- \/ Yoast SEO Premium plugin. -->","yoast_head_json":{"title":"Renforcer les relations entre la Turquie et l'Afrique en p\u00e9riode de corona","description":"La Turquie fournit une aide m\u00e9dicale et humanitaire aux pays africains en p\u00e9riode d'\u00e9pid\u00e9mie de coronavirus. Les kits de test, des masques, des gants.","robots":{"index":"index","follow":"follow","max-snippet":"max-snippet:-1","max-image-preview":"max-image-preview:large","max-video-preview":"max-video-preview:-1"},"canonical":"https:\/\/www.istanbulafrica.com\/fr\/renforcer-les-relations-entre-la-turquie-et-lafrique-en-periode-de-coronavirus\/","og_locale":"en_US","og_type":"article","og_title":"Renforcer les relations entre la Turquie et l'Afrique en p\u00e9riode de coronavirus","og_description":"La Turquie fournit une aide m\u00e9dicale et humanitaire aux pays africains en p\u00e9riode d'\u00e9pid\u00e9mie de coronavirus. Les kits de test, des masques, des gants.","og_url":"https:\/\/www.istanbulafrica.com\/fr\/renforcer-les-relations-entre-la-turquie-et-lafrique-en-periode-de-coronavirus\/","og_site_name":"Istanbul Africa Trade Company","article_publisher":"http:\/\/www.facebook.com\/istanbulafrica","article_published_time":"2020-06-28T14:15:23+00:00","article_modified_time":"2020-08-06T12:05:28+00:00","og_image":[{"width":864,"height":486,"url":"https:\/\/www.istanbulafrica.com\/wp-content\/uploads\/2020\/06\/Turkey-Coronavirus-Aid-to-Africa.jpg","type":"image\/jpeg"}],"author":"admin","twitter_card":"summary_large_image","twitter_creator":"@istanbulafrica","twitter_site":"@istanbulafrica","twitter_misc":{"Written by":false,"Est. reading time":"2 minutes"},"schema":{"@context":"https:\/\/schema.org","@graph":[{"@type":"Article","@id":"https:\/\/www.istanbulafrica.com\/fr\/renforcer-les-relations-entre-la-turquie-et-lafrique-en-periode-de-coronavirus\/#article","isPartOf":{"@id":"https:\/\/www.istanbulafrica.com\/fr\/renforcer-les-relations-entre-la-turquie-et-lafrique-en-periode-de-coronavirus\/"},"author":{"name":"admin","@id":"https:\/\/www.istanbulafrica.com\/#\/schema\/person\/e0f8b3b562d664e99942c2ca70031388"},"headline":"Renforcer les relations entre la Turquie et l&#8217;Afrique en p\u00e9riode de coronavirus","datePublished":"2020-06-28T14:15:23+00:00","dateModified":"2020-08-06T12:05:28+00:00","mainEntityOfPage":{"@id":"https:\/\/www.istanbulafrica.com\/fr\/renforcer-les-relations-entre-la-turquie-et-lafrique-en-periode-de-coronavirus\/"},"wordCount":431,"commentCount":0,"publisher":{"@id":"https:\/\/www.istanbulafrica.com\/#organization"},"image":{"@id":"https:\/\/www.istanbulafrica.com\/fr\/renforcer-les-relations-entre-la-turquie-et-lafrique-en-periode-de-coronavirus\/#primaryimage"},"thumbnailUrl":"https:\/\/www.istanbulafrica.com\/wp-content\/uploads\/2020\/06\/Turkey-Coronavirus-Aid-to-Africa.jpg","articleSection":["Nouvelles"],"inLanguage":"en-US","potentialAction":[{"@type":"CommentAction","name":"Comment","target":["https:\/\/www.istanbulafrica.com\/fr\/renforcer-les-relations-entre-la-turquie-et-lafrique-en-periode-de-coronavirus\/#respond"]}]},{"@type":"WebPage","@id":"https:\/\/www.istanbulafrica.com\/fr\/renforcer-les-relations-entre-la-turquie-et-lafrique-en-periode-de-coronavirus\/","url":"https:\/\/www.istanbulafrica.com\/fr\/renforcer-les-relations-entre-la-turquie-et-lafrique-en-periode-de-coronavirus\/","name":"Renforcer les relations entre la Turquie et l'Afrique en p\u00e9riode de corona","isPartOf":{"@id":"https:\/\/www.istanbulafrica.com\/#website"},"primaryImageOfPage":{"@id":"https:\/\/www.istanbulafrica.com\/fr\/renforcer-les-relations-entre-la-turquie-et-lafrique-en-periode-de-coronavirus\/#primaryimage"},"image":{"@id":"https:\/\/www.istanbulafrica.com\/fr\/renforcer-les-relations-entre-la-turquie-et-lafrique-en-periode-de-coronavirus\/#primaryimage"},"thumbnailUrl":"https:\/\/www.istanbulafrica.com\/wp-content\/uploads\/2020\/06\/Turkey-Coronavirus-Aid-to-Africa.jpg","datePublished":"2020-06-28T14:15:23+00:00","dateModified":"2020-08-06T12:05:28+00:00","description":"La Turquie fournit une aide m\u00e9dicale et humanitaire aux pays africains en p\u00e9riode d'\u00e9pid\u00e9mie de coronavirus. Les kits de test, des masques, des gants.","breadcrumb":{"@id":"https:\/\/www.istanbulafrica.com\/fr\/renforcer-les-relations-entre-la-turquie-et-lafrique-en-periode-de-coronavirus\/#breadcrumb"},"inLanguage":"en-US","potentialAction":[{"@type":"ReadAction","target":["https:\/\/www.istanbulafrica.com\/fr\/renforcer-les-relations-entre-la-turquie-et-lafrique-en-periode-de-coronavirus\/"]}]},{"@type":"ImageObject","inLanguage":"en-US","@id":"https:\/\/www.istanbulafrica.com\/fr\/renforcer-les-relations-entre-la-turquie-et-lafrique-en-periode-de-coronavirus\/#primaryimage","url":"https:\/\/www.istanbulafrica.com\/wp-content\/uploads\/2020\/06\/Turkey-Coronavirus-Aid-to-Africa.jpg","contentUrl":"https:\/\/www.istanbulafrica.com\/wp-content\/uploads\/2020\/06\/Turkey-Coronavirus-Aid-to-Africa.jpg","width":864,"height":486},{"@type":"BreadcrumbList","@id":"https:\/\/www.istanbulafrica.com\/fr\/renforcer-les-relations-entre-la-turquie-et-lafrique-en-periode-de-coronavirus\/#breadcrumb","itemListElement":[{"@type":"ListItem","position":1,"name":"Home","item":"https:\/\/www.istanbulafrica.com\/"},{"@type":"ListItem","position":2,"name":"Renforcer les relations entre la Turquie et l&#8217;Afrique en p\u00e9riode de coronavirus"}]},{"@type":"WebSite","@id":"https:\/\/www.istanbulafrica.com\/#website","url":"https:\/\/www.istanbulafrica.com\/","name":"Istanbul Africa Trade Company","description":"Import, Export and Investment","publisher":{"@id":"https:\/\/www.istanbulafrica.com\/#organization"},"potentialAction":[{"@type":"SearchAction","target":{"@type":"EntryPoint","urlTemplate":"https:\/\/www.istanbulafrica.com\/?s={search_term_string}"},"query-input":{"@type":"PropertyValueSpecification","valueRequired":true,"valueName":"search_term_string"}}],"inLanguage":"en-US"},{"@type":"Organization","@id":"https:\/\/www.istanbulafrica.com\/#organization","name":"Istanbul Africa Trade Company","url":"https:\/\/www.istanbulafrica.com\/","logo":{"@type":"ImageObject","inLanguage":"en-US","@id":"https:\/\/www.istanbulafrica.com\/#\/schema\/logo\/image\/","url":"https:\/\/www.istanbulafrica.com\/wp-content\/uploads\/2018\/11\/Logo-5_Multicolor-1-e1543258165564.png","contentUrl":"https:\/\/www.istanbulafrica.com\/wp-content\/uploads\/2018\/11\/Logo-5_Multicolor-1-e1543258165564.png","width":300,"height":82,"caption":"Istanbul Africa Trade Company"},"image":{"@id":"https:\/\/www.istanbulafrica.com\/#\/schema\/logo\/image\/"},"sameAs":["http:\/\/www.facebook.com\/istanbulafrica","https:\/\/x.com\/istanbulafrica","https:\/\/www.instagram.com\/istanbulafrica","https:\/\/linkedin.com\/company\/istanbulafrica"]},{"@type":"Person","@id":"https:\/\/www.istanbulafrica.com\/#\/schema\/person\/e0f8b3b562d664e99942c2ca70031388","name":"admin","image":{"@type":"ImageObject","inLanguage":"en-US","@id":"https:\/\/www.istanbulafrica.com\/#\/schema\/person\/image\/","url":"https:\/\/www.istanbulafrica.com\/wp-content\/litespeed\/avatar\/063478b0608c9232a95d704ee9061d12.jpg?ver=1758542353","contentUrl":"https:\/\/www.istanbulafrica.com\/wp-content\/litespeed\/avatar\/063478b0608c9232a95d704ee9061d12.jpg?ver=1758542353","caption":"admin"}}]}},"_links":{"self":[{"href":"https:\/\/www.istanbulafrica.com\/wp-json\/wp\/v2\/posts\/3782","targetHints":{"allow":["GET"]}}],"collection":[{"href":"https:\/\/www.istanbulafrica.com\/wp-json\/wp\/v2\/posts"}],"about":[{"href":"https:\/\/www.istanbulafrica.com\/wp-json\/wp\/v2\/types\/post"}],"author":[{"embeddable":true,"href":"https:\/\/www.istanbulafrica.com\/wp-json\/wp\/v2\/users\/1"}],"replies":[{"embeddable":true,"href":"https:\/\/www.istanbulafrica.com\/wp-json\/wp\/v2\/comments?post=3782"}],"version-history":[{"count":4,"href":"https:\/\/www.istanbulafrica.com\/wp-json\/wp\/v2\/posts\/3782\/revisions"}],"predecessor-version":[{"id":3794,"href":"https:\/\/www.istanbulafrica.com\/wp-json\/wp\/v2\/posts\/3782\/revisions\/3794"}],"wp:featuredmedia":[{"embeddable":true,"href":"https:\/\/www.istanbulafrica.com\/wp-json\/wp\/v2\/media\/3762"}],"wp:attachment":[{"href":"https:\/\/www.istanbulafrica.com\/wp-json\/wp\/v2\/media?parent=3782"}],"wp:term":[{"taxonomy":"category","embeddable":true,"href":"https:\/\/www.istanbulafrica.com\/wp-json\/wp\/v2\/categories?post=3782"},{"taxonomy":"post_tag","embeddable":true,"href":"https:\/\/www.istanbulafrica.com\/wp-json\/wp\/v2\/tags?post=3782"}],"curies":[{"name":"wp","href":"https:\/\/api.w.org\/{rel}","templated":true}]}}