{"id":3787,"date":"2020-06-28T14:23:22","date_gmt":"2020-06-28T14:23:22","guid":{"rendered":"https:\/\/www.istanbulafrica.com\/?p=3787"},"modified":"2020-08-06T12:05:37","modified_gmt":"2020-08-06T12:05:37","slug":"koronavirus-doneminde-turkiye-ile-afrika-arasindaki-iliskilerin-guclenmesi","status":"publish","type":"post","link":"https:\/\/www.istanbulafrica.com\/tr\/koronavirus-doneminde-turkiye-ile-afrika-arasindaki-iliskilerin-guclenmesi\/","title":{"rendered":"Koronavir\u00fcs d\u00f6neminde T\u00fcrkiye ile Afrika aras\u0131ndaki ili\u015fkilerin g\u00fc\u00e7lenmesi"},"content":{"rendered":"\t\t<div data-elementor-type=\"wp-post\" data-elementor-id=\"3787\" class=\"elementor elementor-3787\">\n\t\t\t\t\t\t<section class=\"elementor-section elementor-top-section elementor-element elementor-element-f891ba1 elementor-section-boxed elementor-section-height-default elementor-section-height-default\" data-id=\"f891ba1\" data-element_type=\"section\">\n\t\t\t\t\t\t<div class=\"elementor-container elementor-column-gap-default\">\n\t\t\t\t\t<div class=\"elementor-column elementor-col-100 elementor-top-column elementor-element elementor-element-ca62e10\" data-id=\"ca62e10\" data-element_type=\"column\">\n\t\t\t<div class=\"elementor-widget-wrap elementor-element-populated\">\n\t\t\t\t\t\t<div class=\"elementor-element elementor-element-85ada96 elementor-widget elementor-widget-text-editor\" data-id=\"85ada96\" data-element_type=\"widget\" data-widget_type=\"text-editor.default\">\n\t\t\t\t<div class=\"elementor-widget-container\">\n\t\t\t\t\t\t\t\t\t<p>T\u00fcrkiye, Afrika \u00fclkeleriyle ili\u015fkilerini kar\u015f\u0131l\u0131kl\u0131 yarar ve kar\u015f\u0131l\u0131kl\u0131 sayg\u0131 temelinde g\u00fc\u00e7lendirmek i\u00e7in diplomasisini Afrika&#8217;ya y\u00f6neltti. Son on y\u0131lda T\u00fcrkiye, Afrika&#8217;daki b\u00fcy\u00fckel\u00e7ilik say\u0131s\u0131n\u0131 12&#8217;den 42&#8217;ye \u00e7\u0131kard\u0131. Buna ek olarak, T\u00fcrk H\u00fck\u00fcmeti \u00f6n\u00fcm\u00fczdeki y\u0131llarda 10 b\u00fcy\u00fckel\u00e7ilik daha a\u00e7may\u0131 planl\u0131yor. T\u00fcrkiye uzun vadeli bir ortakl\u0131k kurmak i\u00e7in Afrikal\u0131 \u00f6\u011frencilerin T\u00fcrk \u00fcniversitelerinde \u00f6\u011frenim g\u00f6rmeleri i\u00e7in daha fazla burs sa\u011flamaktad\u0131r. Ayr\u0131ca T\u00fcrk Hava Yollar\u0131 Afrika&#8217;n\u0131n \u00e7o\u011fu b\u00f6lgelerine u\u00e7u\u015f yap\u0131yor.<\/p>\t\t\t\t\t\t\t\t<\/div>\n\t\t\t\t<\/div>\n\t\t\t\t<div class=\"elementor-element elementor-element-893ab82 elementor-widget elementor-widget-image\" data-id=\"893ab82\" data-element_type=\"widget\" data-widget_type=\"image.default\">\n\t\t\t\t<div class=\"elementor-widget-container\">\n\t\t\t\t\t\t\t\t\t\t\t\t<figure class=\"wp-caption\">\n\t\t\t\t\t\t\t\t\t\t<img fetchpriority=\"high\" decoding=\"async\" width=\"873\" height=\"663\" src=\"https:\/\/www.istanbulafrica.com\/wp-content\/uploads\/2020\/06\/Turkey-Medical-Aid-to-USA.jpg\" class=\"attachment-large size-large wp-image-3767\" alt=\"\" srcset=\"https:\/\/www.istanbulafrica.com\/wp-content\/uploads\/2020\/06\/Turkey-Medical-Aid-to-USA.jpg 873w, https:\/\/www.istanbulafrica.com\/wp-content\/uploads\/2020\/06\/Turkey-Medical-Aid-to-USA-300x228.jpg 300w, https:\/\/www.istanbulafrica.com\/wp-content\/uploads\/2020\/06\/Turkey-Medical-Aid-to-USA-768x583.jpg 768w, https:\/\/www.istanbulafrica.com\/wp-content\/uploads\/2020\/06\/Turkey-Medical-Aid-to-USA-720x547.jpg 720w\" sizes=\"(max-width: 873px) 100vw, 873px\" \/>\t\t\t\t\t\t\t\t\t\t\t<figcaption class=\"widget-image-caption wp-caption-text\">ABD D\u0131\u015fi\u015fleri Bakan\u0131 Mike Pompeo ABD'ye t\u0131bbi yard\u0131m g\u00f6nderdi\u011finden dolay\u0131 T\u00fcrkiye'ye te\u015fekk\u00fcr etti.<\/figcaption>\n\t\t\t\t\t\t\t\t\t\t<\/figure>\n\t\t\t\t\t\t\t\t\t<\/div>\n\t\t\t\t<\/div>\n\t\t\t\t\t<\/div>\n\t\t<\/div>\n\t\t\t\t\t<\/div>\n\t\t<\/section>\n\t\t\t\t<section class=\"elementor-section elementor-top-section elementor-element elementor-element-0bb0506 elementor-section-boxed elementor-section-height-default elementor-section-height-default\" data-id=\"0bb0506\" data-element_type=\"section\">\n\t\t\t\t\t\t<div class=\"elementor-container elementor-column-gap-default\">\n\t\t\t\t\t<div class=\"elementor-column elementor-col-100 elementor-top-column elementor-element elementor-element-9479e9f\" data-id=\"9479e9f\" data-element_type=\"column\">\n\t\t\t<div class=\"elementor-widget-wrap elementor-element-populated\">\n\t\t\t\t\t\t<div class=\"elementor-element elementor-element-a8cbfaa elementor-widget elementor-widget-text-editor\" data-id=\"a8cbfaa\" data-element_type=\"widget\" data-widget_type=\"text-editor.default\">\n\t\t\t\t<div class=\"elementor-widget-container\">\n\t\t\t\t\t\t\t\t\t<p>T\u00fcrkiye, Afrika \u00fclkeleriyle ili\u015fkilerini iyi zamanlarda ve k\u00f6t\u00fc zamanlarda g\u00fc\u00e7lendirmeye kararl\u0131d\u0131r. Koronavir\u00fcs pandemisi s\u0131ras\u0131nda T\u00fcrkiye, Afrika \u00fclkelerine vir\u00fcse kar\u015f\u0131 m\u00fccadelede yard\u0131mc\u0131 olmaktan \u00e7ekinmedi. T\u00fcrkiye, koronavir\u00fcs salg\u0131n\u0131 ile m\u00fccadele \u00e7abalar\u0131na yard\u0131mc\u0131 olmak i\u00e7in d\u00fcnya \u00e7ap\u0131nda 80&#8217;den fazla \u00fclkeye yard\u0131m sa\u011flam\u0131\u015ft\u0131r. T\u00fcrkiye&#8217;nin t\u0131bbi malzeme g\u00f6nderdi\u011fi \u00fclkeler aras\u0131nda Amerika Birle\u015fik Devletleri ve \u0130ngiltere de bulunmaktad\u0131r. Afrika&#8217;da T\u00fcrkiye, G\u00fcney Afrika, Nijer, \u00c7ad ve Burkina Faso gibi 10&#8217;dan fazla \u00fclkeye t\u0131bbi ve insani yard\u0131m g\u00f6nderdi.<\/p>\t\t\t\t\t\t\t\t<\/div>\n\t\t\t\t<\/div>\n\t\t\t\t<div class=\"elementor-element elementor-element-a57dbe4 elementor-widget elementor-widget-image\" data-id=\"a57dbe4\" data-element_type=\"widget\" data-widget_type=\"image.default\">\n\t\t\t\t<div class=\"elementor-widget-container\">\n\t\t\t\t\t\t\t\t\t\t\t\t<figure class=\"wp-caption\">\n\t\t\t\t\t\t\t\t\t\t<img decoding=\"async\" width=\"862\" height=\"486\" src=\"https:\/\/www.istanbulafrica.com\/wp-content\/uploads\/2020\/06\/Turkey-medical-supplies-aid-coronavirus-to-UK.jpg\" class=\"attachment-large size-large wp-image-3769\" alt=\"\" srcset=\"https:\/\/www.istanbulafrica.com\/wp-content\/uploads\/2020\/06\/Turkey-medical-supplies-aid-coronavirus-to-UK.jpg 862w, https:\/\/www.istanbulafrica.com\/wp-content\/uploads\/2020\/06\/Turkey-medical-supplies-aid-coronavirus-to-UK-300x169.jpg 300w, https:\/\/www.istanbulafrica.com\/wp-content\/uploads\/2020\/06\/Turkey-medical-supplies-aid-coronavirus-to-UK-768x433.jpg 768w, https:\/\/www.istanbulafrica.com\/wp-content\/uploads\/2020\/06\/Turkey-medical-supplies-aid-coronavirus-to-UK-720x406.jpg 720w\" sizes=\"(max-width: 862px) 100vw, 862px\" \/>\t\t\t\t\t\t\t\t\t\t\t<figcaption class=\"widget-image-caption wp-caption-text\">\u0130ngiltere'ye t\u0131bbi malzeme ula\u015ft\u0131rmak i\u00e7in bir T\u00fcrk askeri kargo u\u00e7a\u011f\u0131 haz\u0131rlan\u0131yor.<\/figcaption>\n\t\t\t\t\t\t\t\t\t\t<\/figure>\n\t\t\t\t\t\t\t\t\t<\/div>\n\t\t\t\t<\/div>\n\t\t\t\t\t<\/div>\n\t\t<\/div>\n\t\t\t\t\t<\/div>\n\t\t<\/section>\n\t\t\t\t<section class=\"elementor-section elementor-top-section elementor-element elementor-element-581700e elementor-section-boxed elementor-section-height-default elementor-section-height-default\" data-id=\"581700e\" data-element_type=\"section\">\n\t\t\t\t\t\t<div class=\"elementor-container elementor-column-gap-default\">\n\t\t\t\t\t<div class=\"elementor-column elementor-col-100 elementor-top-column elementor-element elementor-element-203d4f2\" data-id=\"203d4f2\" data-element_type=\"column\">\n\t\t\t<div class=\"elementor-widget-wrap elementor-element-populated\">\n\t\t\t\t\t\t<div class=\"elementor-element elementor-element-40f7d67 elementor-widget elementor-widget-heading\" data-id=\"40f7d67\" data-element_type=\"widget\" data-widget_type=\"heading.default\">\n\t\t\t\t<div class=\"elementor-widget-container\">\n\t\t\t\t\t<h2 class=\"elementor-heading-title elementor-size-default\">T\u00fcrkiye, Afrika \u00fclkelerinin COVID-19 ile sava\u015fmas\u0131na yard\u0131m ediyor<\/h2>\t\t\t\t<\/div>\n\t\t\t\t<\/div>\n\t\t\t\t\t<\/div>\n\t\t<\/div>\n\t\t\t\t\t<\/div>\n\t\t<\/section>\n\t\t\t\t<section class=\"elementor-section elementor-top-section elementor-element elementor-element-24a6fe8 elementor-section-boxed elementor-section-height-default elementor-section-height-default\" data-id=\"24a6fe8\" data-element_type=\"section\">\n\t\t\t\t\t\t<div class=\"elementor-container elementor-column-gap-default\">\n\t\t\t\t\t<div class=\"elementor-column elementor-col-100 elementor-top-column elementor-element elementor-element-fe9e013\" data-id=\"fe9e013\" data-element_type=\"column\">\n\t\t\t<div class=\"elementor-widget-wrap elementor-element-populated\">\n\t\t\t\t\t\t<div class=\"elementor-element elementor-element-76ceb95 elementor-widget elementor-widget-text-editor\" data-id=\"76ceb95\" data-element_type=\"widget\" data-widget_type=\"text-editor.default\">\n\t\t\t\t<div class=\"elementor-widget-container\">\n\t\t\t\t\t\t\t\t\t<p>T\u00fcrkiye, ortaklar\u0131n\u0131n k\u00f6t\u00fc zamanlar\u0131nda t\u0131bbi malzeme ve insani yard\u0131m g\u00f6ndermekten asla teredd\u00fct etmez. T\u00fcrkiye \u015fu ana kadar G\u00fcney Afrika, Senegal, Somali, Uganda, Lesoto, Mozambik, \u00c7ad, Nijer, Burkina Faso ve Eswatini&#8217;ye t\u0131bbi yard\u0131m g\u00f6nderdi. Yard\u0131m paketleri, koronavir\u00fcs salg\u0131n\u0131yla m\u00fccadelede gerekli maddeleri i\u00e7erir: modern test kitleri, t\u0131bbi maskeler, koruyucu tulumlar, eldivenler ve dezenfektanlar.<\/p>\t\t\t\t\t\t\t\t<\/div>\n\t\t\t\t<\/div>\n\t\t\t\t\t<\/div>\n\t\t<\/div>\n\t\t\t\t\t<\/div>\n\t\t<\/section>\n\t\t\t\t<section class=\"elementor-section elementor-top-section elementor-element elementor-element-09c16fc elementor-section-boxed elementor-section-height-default elementor-section-height-default\" data-id=\"09c16fc\" data-element_type=\"section\">\n\t\t\t\t\t\t<div class=\"elementor-container elementor-column-gap-default\">\n\t\t\t\t\t<div class=\"elementor-column elementor-col-100 elementor-top-column elementor-element elementor-element-78a0795\" data-id=\"78a0795\" data-element_type=\"column\">\n\t\t\t<div class=\"elementor-widget-wrap elementor-element-populated\">\n\t\t\t\t\t\t<div class=\"elementor-element elementor-element-6d8caa3 elementor-widget elementor-widget-image\" data-id=\"6d8caa3\" data-element_type=\"widget\" data-widget_type=\"image.default\">\n\t\t\t\t<div class=\"elementor-widget-container\">\n\t\t\t\t\t\t\t\t\t\t\t\t<figure class=\"wp-caption\">\n\t\t\t\t\t\t\t\t\t\t<img decoding=\"async\" width=\"863\" height=\"485\" src=\"https:\/\/www.istanbulafrica.com\/wp-content\/uploads\/2020\/06\/Turkey-South-Africa-Coronavirus-Medical-Aid.jpg\" class=\"attachment-large size-large wp-image-3776\" alt=\"\" srcset=\"https:\/\/www.istanbulafrica.com\/wp-content\/uploads\/2020\/06\/Turkey-South-Africa-Coronavirus-Medical-Aid.jpg 863w, https:\/\/www.istanbulafrica.com\/wp-content\/uploads\/2020\/06\/Turkey-South-Africa-Coronavirus-Medical-Aid-300x169.jpg 300w, https:\/\/www.istanbulafrica.com\/wp-content\/uploads\/2020\/06\/Turkey-South-Africa-Coronavirus-Medical-Aid-768x432.jpg 768w, https:\/\/www.istanbulafrica.com\/wp-content\/uploads\/2020\/06\/Turkey-South-Africa-Coronavirus-Medical-Aid-720x405.jpg 720w\" sizes=\"(max-width: 863px) 100vw, 863px\" \/>\t\t\t\t\t\t\t\t\t\t\t<figcaption class=\"widget-image-caption wp-caption-text\">T\u00fcrkiye, koronavir\u00fcs salg\u0131n\u0131na kar\u015f\u0131 hastanelerde kullan\u0131lmak \u00fczere G\u00fcney Afrika'ya t\u0131bbi yard\u0131m sa\u011flam\u0131\u015ft\u0131r.<\/figcaption>\n\t\t\t\t\t\t\t\t\t\t<\/figure>\n\t\t\t\t\t\t\t\t\t<\/div>\n\t\t\t\t<\/div>\n\t\t\t\t\t<\/div>\n\t\t<\/div>\n\t\t\t\t\t<\/div>\n\t\t<\/section>\n\t\t\t\t<section class=\"elementor-section elementor-top-section elementor-element elementor-element-2b004c7 elementor-section-boxed elementor-section-height-default elementor-section-height-default\" data-id=\"2b004c7\" data-element_type=\"section\">\n\t\t\t\t\t\t<div class=\"elementor-container elementor-column-gap-default\">\n\t\t\t\t\t<div class=\"elementor-column elementor-col-100 elementor-top-column elementor-element elementor-element-e9711f5\" data-id=\"e9711f5\" data-element_type=\"column\">\n\t\t\t<div class=\"elementor-widget-wrap elementor-element-populated\">\n\t\t\t\t\t\t<div class=\"elementor-element elementor-element-ee5d965 elementor-widget elementor-widget-image\" data-id=\"ee5d965\" data-element_type=\"widget\" data-widget_type=\"image.default\">\n\t\t\t\t<div class=\"elementor-widget-container\">\n\t\t\t\t\t\t\t\t\t\t\t\t<figure class=\"wp-caption\">\n\t\t\t\t\t\t\t\t\t\t<img loading=\"lazy\" decoding=\"async\" width=\"863\" height=\"486\" src=\"https:\/\/www.istanbulafrica.com\/wp-content\/uploads\/2020\/06\/Turkey-Uganda-Coronavirus-Food-Aid.jpg\" class=\"attachment-large size-large wp-image-3777\" alt=\"\" srcset=\"https:\/\/www.istanbulafrica.com\/wp-content\/uploads\/2020\/06\/Turkey-Uganda-Coronavirus-Food-Aid.jpg 863w, https:\/\/www.istanbulafrica.com\/wp-content\/uploads\/2020\/06\/Turkey-Uganda-Coronavirus-Food-Aid-300x169.jpg 300w, https:\/\/www.istanbulafrica.com\/wp-content\/uploads\/2020\/06\/Turkey-Uganda-Coronavirus-Food-Aid-768x433.jpg 768w, https:\/\/www.istanbulafrica.com\/wp-content\/uploads\/2020\/06\/Turkey-Uganda-Coronavirus-Food-Aid-720x405.jpg 720w\" sizes=\"(max-width: 863px) 100vw, 863px\" \/>\t\t\t\t\t\t\t\t\t\t\t<figcaption class=\"widget-image-caption wp-caption-text\">T\u00fcrkiye, salg\u0131n s\u00fcrecinde Uganda'ya g\u0131da yard\u0131m\u0131 g\u00f6nderdi.<\/figcaption>\n\t\t\t\t\t\t\t\t\t\t<\/figure>\n\t\t\t\t\t\t\t\t\t<\/div>\n\t\t\t\t<\/div>\n\t\t\t\t\t<\/div>\n\t\t<\/div>\n\t\t\t\t\t<\/div>\n\t\t<\/section>\n\t\t\t\t<section class=\"elementor-section elementor-top-section elementor-element elementor-element-6e7a2cd elementor-section-boxed elementor-section-height-default elementor-section-height-default\" data-id=\"6e7a2cd\" data-element_type=\"section\">\n\t\t\t\t\t\t<div class=\"elementor-container elementor-column-gap-default\">\n\t\t\t\t\t<div class=\"elementor-column elementor-col-100 elementor-top-column elementor-element elementor-element-5e4e9db\" data-id=\"5e4e9db\" data-element_type=\"column\">\n\t\t\t<div class=\"elementor-widget-wrap elementor-element-populated\">\n\t\t\t\t\t\t<div class=\"elementor-element elementor-element-8e7b237 elementor-widget elementor-widget-image\" data-id=\"8e7b237\" data-element_type=\"widget\" data-widget_type=\"image.default\">\n\t\t\t\t<div class=\"elementor-widget-container\">\n\t\t\t\t\t\t\t\t\t\t\t\t<figure class=\"wp-caption\">\n\t\t\t\t\t\t\t\t\t\t<img loading=\"lazy\" decoding=\"async\" width=\"864\" height=\"486\" src=\"https:\/\/www.istanbulafrica.com\/wp-content\/uploads\/2020\/06\/Turkey-Niger-Coronavirus-Medical-Aid.jpg\" class=\"attachment-large size-large wp-image-3775\" alt=\"\" srcset=\"https:\/\/www.istanbulafrica.com\/wp-content\/uploads\/2020\/06\/Turkey-Niger-Coronavirus-Medical-Aid.jpg 864w, https:\/\/www.istanbulafrica.com\/wp-content\/uploads\/2020\/06\/Turkey-Niger-Coronavirus-Medical-Aid-300x169.jpg 300w, https:\/\/www.istanbulafrica.com\/wp-content\/uploads\/2020\/06\/Turkey-Niger-Coronavirus-Medical-Aid-768x432.jpg 768w, https:\/\/www.istanbulafrica.com\/wp-content\/uploads\/2020\/06\/Turkey-Niger-Coronavirus-Medical-Aid-720x405.jpg 720w\" sizes=\"(max-width: 864px) 100vw, 864px\" \/>\t\t\t\t\t\t\t\t\t\t\t<figcaption class=\"widget-image-caption wp-caption-text\">T\u00fcrk t\u0131bbi ve insani yard\u0131m\u0131 Nijer'e ula\u015ft\u0131.<\/figcaption>\n\t\t\t\t\t\t\t\t\t\t<\/figure>\n\t\t\t\t\t\t\t\t\t<\/div>\n\t\t\t\t<\/div>\n\t\t\t\t\t<\/div>\n\t\t<\/div>\n\t\t\t\t\t<\/div>\n\t\t<\/section>\n\t\t\t\t<section class=\"elementor-section elementor-top-section elementor-element elementor-element-c8bdb5e elementor-section-boxed elementor-section-height-default elementor-section-height-default\" data-id=\"c8bdb5e\" data-element_type=\"section\">\n\t\t\t\t\t\t<div class=\"elementor-container elementor-column-gap-default\">\n\t\t\t\t\t<div class=\"elementor-column elementor-col-100 elementor-top-column elementor-element elementor-element-fc321db\" data-id=\"fc321db\" data-element_type=\"column\">\n\t\t\t<div class=\"elementor-widget-wrap elementor-element-populated\">\n\t\t\t\t\t\t<div class=\"elementor-element elementor-element-cbf403f elementor-widget elementor-widget-image\" data-id=\"cbf403f\" data-element_type=\"widget\" data-widget_type=\"image.default\">\n\t\t\t\t<div class=\"elementor-widget-container\">\n\t\t\t\t\t\t\t\t\t\t\t\t<figure class=\"wp-caption\">\n\t\t\t\t\t\t\t\t\t\t<img loading=\"lazy\" decoding=\"async\" width=\"864\" height=\"486\" src=\"https:\/\/www.istanbulafrica.com\/wp-content\/uploads\/2020\/06\/Turkey-Chad-Coronavirus-Medical-Aid.jpg\" class=\"attachment-large size-large wp-image-3774\" alt=\"\" srcset=\"https:\/\/www.istanbulafrica.com\/wp-content\/uploads\/2020\/06\/Turkey-Chad-Coronavirus-Medical-Aid.jpg 864w, https:\/\/www.istanbulafrica.com\/wp-content\/uploads\/2020\/06\/Turkey-Chad-Coronavirus-Medical-Aid-300x169.jpg 300w, https:\/\/www.istanbulafrica.com\/wp-content\/uploads\/2020\/06\/Turkey-Chad-Coronavirus-Medical-Aid-768x432.jpg 768w, https:\/\/www.istanbulafrica.com\/wp-content\/uploads\/2020\/06\/Turkey-Chad-Coronavirus-Medical-Aid-720x405.jpg 720w\" sizes=\"(max-width: 864px) 100vw, 864px\" \/>\t\t\t\t\t\t\t\t\t\t\t<figcaption class=\"widget-image-caption wp-caption-text\">T\u00fcrk askeri kargo u\u00e7a\u011f\u0131n\u0131n \u00c7ad'a t\u0131bbi malzeme ile gelmesi planlan\u0131yor.<\/figcaption>\n\t\t\t\t\t\t\t\t\t\t<\/figure>\n\t\t\t\t\t\t\t\t\t<\/div>\n\t\t\t\t<\/div>\n\t\t\t\t\t<\/div>\n\t\t<\/div>\n\t\t\t\t\t<\/div>\n\t\t<\/section>\n\t\t\t\t<\/div>\n\t\t","protected":false},"excerpt":{"rendered":"<p>T\u00fcrkiye, Afrika \u00fclkeleriyle ili\u015fkilerini kar\u015f\u0131l\u0131kl\u0131 yarar ve kar\u015f\u0131l\u0131kl\u0131 sayg\u0131 temelinde g\u00fc\u00e7lendirmek i\u00e7in diplomasisini Afrika&#8217;ya y\u00f6neltti. Son on y\u0131lda T\u00fcrkiye, Afrika&#8217;daki [&hellip;]<\/p>\n","protected":false},"author":1,"featured_media":3762,"comment_status":"open","ping_status":"open","sticky":false,"template":"","format":"standard","meta":{"_monsterinsights_skip_tracking":false,"_monsterinsights_sitenote_active":false,"_monsterinsights_sitenote_note":"","_monsterinsights_sitenote_category":0,"footnotes":""},"categories":[2841],"tags":[],"class_list":["post-3787","post","type-post","status-publish","format-standard","has-post-thumbnail","hentry","category-haberler"],"yoast_head":"<!-- This site is optimized with the Yoast SEO Premium plugin v25.7.1 (Yoast SEO v25.8) - https:\/\/yoast.com\/wordpress\/plugins\/seo\/ -->\n<title>Koronavir\u00fcs d\u00f6neminde T\u00fcrkiye ile Afrika aras\u0131ndaki ili\u015fkilerin g\u00fc\u00e7lenmesi<\/title>\n<meta name=\"description\" content=\"Turkey provides medical and humanitarian aid to African countries in times of coronavirus outbreak. Package includes testing kits, masks, gloves.\" \/>\n<meta name=\"robots\" content=\"index, follow, max-snippet:-1, max-image-preview:large, max-video-preview:-1\" \/>\n<link rel=\"canonical\" href=\"https:\/\/www.istanbulafrica.com\/tr\/koronavirus-doneminde-turkiye-ile-afrika-arasindaki-iliskilerin-guclenmesi\/\" \/>\n<meta property=\"og:locale\" content=\"en_US\" \/>\n<meta property=\"og:type\" content=\"article\" \/>\n<meta property=\"og:title\" content=\"Koronavir\u00fcs d\u00f6neminde T\u00fcrkiye ile Afrika aras\u0131ndaki ili\u015fkilerin g\u00fc\u00e7lenmesi\" \/>\n<meta property=\"og:description\" content=\"Turkey provides medical and humanitarian aid to African countries in times of coronavirus outbreak. Package includes testing kits, masks, gloves.\" \/>\n<meta property=\"og:url\" content=\"https:\/\/www.istanbulafrica.com\/tr\/koronavirus-doneminde-turkiye-ile-afrika-arasindaki-iliskilerin-guclenmesi\/\" \/>\n<meta property=\"og:site_name\" content=\"Istanbul Africa Trade Company\" \/>\n<meta property=\"article:publisher\" content=\"http:\/\/www.facebook.com\/istanbulafrica\" \/>\n<meta property=\"article:published_time\" content=\"2020-06-28T14:23:22+00:00\" \/>\n<meta property=\"article:modified_time\" content=\"2020-08-06T12:05:37+00:00\" \/>\n<meta property=\"og:image\" content=\"https:\/\/www.istanbulafrica.com\/wp-content\/uploads\/2020\/06\/Turkey-Coronavirus-Aid-to-Africa.jpg\" \/>\n\t<meta property=\"og:image:width\" content=\"864\" \/>\n\t<meta property=\"og:image:height\" content=\"486\" \/>\n\t<meta property=\"og:image:type\" content=\"image\/jpeg\" \/>\n<meta name=\"author\" content=\"admin\" \/>\n<meta name=\"twitter:card\" content=\"summary_large_image\" \/>\n<meta name=\"twitter:creator\" content=\"@istanbulafrica\" \/>\n<meta name=\"twitter:site\" content=\"@istanbulafrica\" \/>\n<meta name=\"twitter:label1\" content=\"Written by\" \/>\n\t<meta name=\"twitter:data1\" content=\"\" \/>\n\t<meta name=\"twitter:label2\" content=\"Est. reading time\" \/>\n\t<meta name=\"twitter:data2\" content=\"2 minutes\" \/>\n<script type=\"application\/ld+json\" class=\"yoast-schema-graph\">{\"@context\":\"https:\/\/schema.org\",\"@graph\":[{\"@type\":\"Article\",\"@id\":\"https:\/\/www.istanbulafrica.com\/tr\/koronavirus-doneminde-turkiye-ile-afrika-arasindaki-iliskilerin-guclenmesi\/#article\",\"isPartOf\":{\"@id\":\"https:\/\/www.istanbulafrica.com\/tr\/koronavirus-doneminde-turkiye-ile-afrika-arasindaki-iliskilerin-guclenmesi\/\"},\"author\":{\"name\":\"admin\",\"@id\":\"https:\/\/www.istanbulafrica.com\/#\/schema\/person\/e0f8b3b562d664e99942c2ca70031388\"},\"headline\":\"Koronavir\u00fcs d\u00f6neminde T\u00fcrkiye ile Afrika aras\u0131ndaki ili\u015fkilerin g\u00fc\u00e7lenmesi\",\"datePublished\":\"2020-06-28T14:23:22+00:00\",\"dateModified\":\"2020-08-06T12:05:37+00:00\",\"mainEntityOfPage\":{\"@id\":\"https:\/\/www.istanbulafrica.com\/tr\/koronavirus-doneminde-turkiye-ile-afrika-arasindaki-iliskilerin-guclenmesi\/\"},\"wordCount\":428,\"commentCount\":0,\"publisher\":{\"@id\":\"https:\/\/www.istanbulafrica.com\/#organization\"},\"image\":{\"@id\":\"https:\/\/www.istanbulafrica.com\/tr\/koronavirus-doneminde-turkiye-ile-afrika-arasindaki-iliskilerin-guclenmesi\/#primaryimage\"},\"thumbnailUrl\":\"https:\/\/www.istanbulafrica.com\/wp-content\/uploads\/2020\/06\/Turkey-Coronavirus-Aid-to-Africa.jpg\",\"articleSection\":[\"Haberler\"],\"inLanguage\":\"en-US\",\"potentialAction\":[{\"@type\":\"CommentAction\",\"name\":\"Comment\",\"target\":[\"https:\/\/www.istanbulafrica.com\/tr\/koronavirus-doneminde-turkiye-ile-afrika-arasindaki-iliskilerin-guclenmesi\/#respond\"]}]},{\"@type\":\"WebPage\",\"@id\":\"https:\/\/www.istanbulafrica.com\/tr\/koronavirus-doneminde-turkiye-ile-afrika-arasindaki-iliskilerin-guclenmesi\/\",\"url\":\"https:\/\/www.istanbulafrica.com\/tr\/koronavirus-doneminde-turkiye-ile-afrika-arasindaki-iliskilerin-guclenmesi\/\",\"name\":\"Koronavir\u00fcs d\u00f6neminde T\u00fcrkiye ile Afrika aras\u0131ndaki ili\u015fkilerin g\u00fc\u00e7lenmesi\",\"isPartOf\":{\"@id\":\"https:\/\/www.istanbulafrica.com\/#website\"},\"primaryImageOfPage\":{\"@id\":\"https:\/\/www.istanbulafrica.com\/tr\/koronavirus-doneminde-turkiye-ile-afrika-arasindaki-iliskilerin-guclenmesi\/#primaryimage\"},\"image\":{\"@id\":\"https:\/\/www.istanbulafrica.com\/tr\/koronavirus-doneminde-turkiye-ile-afrika-arasindaki-iliskilerin-guclenmesi\/#primaryimage\"},\"thumbnailUrl\":\"https:\/\/www.istanbulafrica.com\/wp-content\/uploads\/2020\/06\/Turkey-Coronavirus-Aid-to-Africa.jpg\",\"datePublished\":\"2020-06-28T14:23:22+00:00\",\"dateModified\":\"2020-08-06T12:05:37+00:00\",\"description\":\"Turkey provides medical and humanitarian aid to African countries in times of coronavirus outbreak. Package includes testing kits, masks, gloves.\",\"breadcrumb\":{\"@id\":\"https:\/\/www.istanbulafrica.com\/tr\/koronavirus-doneminde-turkiye-ile-afrika-arasindaki-iliskilerin-guclenmesi\/#breadcrumb\"},\"inLanguage\":\"en-US\",\"potentialAction\":[{\"@type\":\"ReadAction\",\"target\":[\"https:\/\/www.istanbulafrica.com\/tr\/koronavirus-doneminde-turkiye-ile-afrika-arasindaki-iliskilerin-guclenmesi\/\"]}]},{\"@type\":\"ImageObject\",\"inLanguage\":\"en-US\",\"@id\":\"https:\/\/www.istanbulafrica.com\/tr\/koronavirus-doneminde-turkiye-ile-afrika-arasindaki-iliskilerin-guclenmesi\/#primaryimage\",\"url\":\"https:\/\/www.istanbulafrica.com\/wp-content\/uploads\/2020\/06\/Turkey-Coronavirus-Aid-to-Africa.jpg\",\"contentUrl\":\"https:\/\/www.istanbulafrica.com\/wp-content\/uploads\/2020\/06\/Turkey-Coronavirus-Aid-to-Africa.jpg\",\"width\":864,\"height\":486},{\"@type\":\"BreadcrumbList\",\"@id\":\"https:\/\/www.istanbulafrica.com\/tr\/koronavirus-doneminde-turkiye-ile-afrika-arasindaki-iliskilerin-guclenmesi\/#breadcrumb\",\"itemListElement\":[{\"@type\":\"ListItem\",\"position\":1,\"name\":\"Home\",\"item\":\"https:\/\/www.istanbulafrica.com\/\"},{\"@type\":\"ListItem\",\"position\":2,\"name\":\"Koronavir\u00fcs d\u00f6neminde T\u00fcrkiye ile Afrika aras\u0131ndaki ili\u015fkilerin g\u00fc\u00e7lenmesi\"}]},{\"@type\":\"WebSite\",\"@id\":\"https:\/\/www.istanbulafrica.com\/#website\",\"url\":\"https:\/\/www.istanbulafrica.com\/\",\"name\":\"Istanbul Africa Trade Company\",\"description\":\"Import, Export and Investment\",\"publisher\":{\"@id\":\"https:\/\/www.istanbulafrica.com\/#organization\"},\"potentialAction\":[{\"@type\":\"SearchAction\",\"target\":{\"@type\":\"EntryPoint\",\"urlTemplate\":\"https:\/\/www.istanbulafrica.com\/?s={search_term_string}\"},\"query-input\":{\"@type\":\"PropertyValueSpecification\",\"valueRequired\":true,\"valueName\":\"search_term_string\"}}],\"inLanguage\":\"en-US\"},{\"@type\":\"Organization\",\"@id\":\"https:\/\/www.istanbulafrica.com\/#organization\",\"name\":\"Istanbul Africa Trade Company\",\"url\":\"https:\/\/www.istanbulafrica.com\/\",\"logo\":{\"@type\":\"ImageObject\",\"inLanguage\":\"en-US\",\"@id\":\"https:\/\/www.istanbulafrica.com\/#\/schema\/logo\/image\/\",\"url\":\"https:\/\/www.istanbulafrica.com\/wp-content\/uploads\/2018\/11\/Logo-5_Multicolor-1-e1543258165564.png\",\"contentUrl\":\"https:\/\/www.istanbulafrica.com\/wp-content\/uploads\/2018\/11\/Logo-5_Multicolor-1-e1543258165564.png\",\"width\":300,\"height\":82,\"caption\":\"Istanbul Africa Trade Company\"},\"image\":{\"@id\":\"https:\/\/www.istanbulafrica.com\/#\/schema\/logo\/image\/\"},\"sameAs\":[\"http:\/\/www.facebook.com\/istanbulafrica\",\"https:\/\/x.com\/istanbulafrica\",\"https:\/\/www.instagram.com\/istanbulafrica\",\"https:\/\/linkedin.com\/company\/istanbulafrica\"]},{\"@type\":\"Person\",\"@id\":\"https:\/\/www.istanbulafrica.com\/#\/schema\/person\/e0f8b3b562d664e99942c2ca70031388\",\"name\":\"admin\",\"image\":{\"@type\":\"ImageObject\",\"inLanguage\":\"en-US\",\"@id\":\"https:\/\/www.istanbulafrica.com\/#\/schema\/person\/image\/\",\"url\":\"https:\/\/www.istanbulafrica.com\/wp-content\/litespeed\/avatar\/063478b0608c9232a95d704ee9061d12.jpg?ver=1758542353\",\"contentUrl\":\"https:\/\/www.istanbulafrica.com\/wp-content\/litespeed\/avatar\/063478b0608c9232a95d704ee9061d12.jpg?ver=1758542353\",\"caption\":\"admin\"}}]}<\/script>\n<!-- \/ Yoast SEO Premium plugin. -->","yoast_head_json":{"title":"Koronavir\u00fcs d\u00f6neminde T\u00fcrkiye ile Afrika aras\u0131ndaki ili\u015fkilerin g\u00fc\u00e7lenmesi","description":"Turkey provides medical and humanitarian aid to African countries in times of coronavirus outbreak. Package includes testing kits, masks, gloves.","robots":{"index":"index","follow":"follow","max-snippet":"max-snippet:-1","max-image-preview":"max-image-preview:large","max-video-preview":"max-video-preview:-1"},"canonical":"https:\/\/www.istanbulafrica.com\/tr\/koronavirus-doneminde-turkiye-ile-afrika-arasindaki-iliskilerin-guclenmesi\/","og_locale":"en_US","og_type":"article","og_title":"Koronavir\u00fcs d\u00f6neminde T\u00fcrkiye ile Afrika aras\u0131ndaki ili\u015fkilerin g\u00fc\u00e7lenmesi","og_description":"Turkey provides medical and humanitarian aid to African countries in times of coronavirus outbreak. Package includes testing kits, masks, gloves.","og_url":"https:\/\/www.istanbulafrica.com\/tr\/koronavirus-doneminde-turkiye-ile-afrika-arasindaki-iliskilerin-guclenmesi\/","og_site_name":"Istanbul Africa Trade Company","article_publisher":"http:\/\/www.facebook.com\/istanbulafrica","article_published_time":"2020-06-28T14:23:22+00:00","article_modified_time":"2020-08-06T12:05:37+00:00","og_image":[{"width":864,"height":486,"url":"https:\/\/www.istanbulafrica.com\/wp-content\/uploads\/2020\/06\/Turkey-Coronavirus-Aid-to-Africa.jpg","type":"image\/jpeg"}],"author":"admin","twitter_card":"summary_large_image","twitter_creator":"@istanbulafrica","twitter_site":"@istanbulafrica","twitter_misc":{"Written by":false,"Est. reading time":"2 minutes"},"schema":{"@context":"https:\/\/schema.org","@graph":[{"@type":"Article","@id":"https:\/\/www.istanbulafrica.com\/tr\/koronavirus-doneminde-turkiye-ile-afrika-arasindaki-iliskilerin-guclenmesi\/#article","isPartOf":{"@id":"https:\/\/www.istanbulafrica.com\/tr\/koronavirus-doneminde-turkiye-ile-afrika-arasindaki-iliskilerin-guclenmesi\/"},"author":{"name":"admin","@id":"https:\/\/www.istanbulafrica.com\/#\/schema\/person\/e0f8b3b562d664e99942c2ca70031388"},"headline":"Koronavir\u00fcs d\u00f6neminde T\u00fcrkiye ile Afrika aras\u0131ndaki ili\u015fkilerin g\u00fc\u00e7lenmesi","datePublished":"2020-06-28T14:23:22+00:00","dateModified":"2020-08-06T12:05:37+00:00","mainEntityOfPage":{"@id":"https:\/\/www.istanbulafrica.com\/tr\/koronavirus-doneminde-turkiye-ile-afrika-arasindaki-iliskilerin-guclenmesi\/"},"wordCount":428,"commentCount":0,"publisher":{"@id":"https:\/\/www.istanbulafrica.com\/#organization"},"image":{"@id":"https:\/\/www.istanbulafrica.com\/tr\/koronavirus-doneminde-turkiye-ile-afrika-arasindaki-iliskilerin-guclenmesi\/#primaryimage"},"thumbnailUrl":"https:\/\/www.istanbulafrica.com\/wp-content\/uploads\/2020\/06\/Turkey-Coronavirus-Aid-to-Africa.jpg","articleSection":["Haberler"],"inLanguage":"en-US","potentialAction":[{"@type":"CommentAction","name":"Comment","target":["https:\/\/www.istanbulafrica.com\/tr\/koronavirus-doneminde-turkiye-ile-afrika-arasindaki-iliskilerin-guclenmesi\/#respond"]}]},{"@type":"WebPage","@id":"https:\/\/www.istanbulafrica.com\/tr\/koronavirus-doneminde-turkiye-ile-afrika-arasindaki-iliskilerin-guclenmesi\/","url":"https:\/\/www.istanbulafrica.com\/tr\/koronavirus-doneminde-turkiye-ile-afrika-arasindaki-iliskilerin-guclenmesi\/","name":"Koronavir\u00fcs d\u00f6neminde T\u00fcrkiye ile Afrika aras\u0131ndaki ili\u015fkilerin g\u00fc\u00e7lenmesi","isPartOf":{"@id":"https:\/\/www.istanbulafrica.com\/#website"},"primaryImageOfPage":{"@id":"https:\/\/www.istanbulafrica.com\/tr\/koronavirus-doneminde-turkiye-ile-afrika-arasindaki-iliskilerin-guclenmesi\/#primaryimage"},"image":{"@id":"https:\/\/www.istanbulafrica.com\/tr\/koronavirus-doneminde-turkiye-ile-afrika-arasindaki-iliskilerin-guclenmesi\/#primaryimage"},"thumbnailUrl":"https:\/\/www.istanbulafrica.com\/wp-content\/uploads\/2020\/06\/Turkey-Coronavirus-Aid-to-Africa.jpg","datePublished":"2020-06-28T14:23:22+00:00","dateModified":"2020-08-06T12:05:37+00:00","description":"Turkey provides medical and humanitarian aid to African countries in times of coronavirus outbreak. Package includes testing kits, masks, gloves.","breadcrumb":{"@id":"https:\/\/www.istanbulafrica.com\/tr\/koronavirus-doneminde-turkiye-ile-afrika-arasindaki-iliskilerin-guclenmesi\/#breadcrumb"},"inLanguage":"en-US","potentialAction":[{"@type":"ReadAction","target":["https:\/\/www.istanbulafrica.com\/tr\/koronavirus-doneminde-turkiye-ile-afrika-arasindaki-iliskilerin-guclenmesi\/"]}]},{"@type":"ImageObject","inLanguage":"en-US","@id":"https:\/\/www.istanbulafrica.com\/tr\/koronavirus-doneminde-turkiye-ile-afrika-arasindaki-iliskilerin-guclenmesi\/#primaryimage","url":"https:\/\/www.istanbulafrica.com\/wp-content\/uploads\/2020\/06\/Turkey-Coronavirus-Aid-to-Africa.jpg","contentUrl":"https:\/\/www.istanbulafrica.com\/wp-content\/uploads\/2020\/06\/Turkey-Coronavirus-Aid-to-Africa.jpg","width":864,"height":486},{"@type":"BreadcrumbList","@id":"https:\/\/www.istanbulafrica.com\/tr\/koronavirus-doneminde-turkiye-ile-afrika-arasindaki-iliskilerin-guclenmesi\/#breadcrumb","itemListElement":[{"@type":"ListItem","position":1,"name":"Home","item":"https:\/\/www.istanbulafrica.com\/"},{"@type":"ListItem","position":2,"name":"Koronavir\u00fcs d\u00f6neminde T\u00fcrkiye ile Afrika aras\u0131ndaki ili\u015fkilerin g\u00fc\u00e7lenmesi"}]},{"@type":"WebSite","@id":"https:\/\/www.istanbulafrica.com\/#website","url":"https:\/\/www.istanbulafrica.com\/","name":"Istanbul Africa Trade Company","description":"Import, Export and Investment","publisher":{"@id":"https:\/\/www.istanbulafrica.com\/#organization"},"potentialAction":[{"@type":"SearchAction","target":{"@type":"EntryPoint","urlTemplate":"https:\/\/www.istanbulafrica.com\/?s={search_term_string}"},"query-input":{"@type":"PropertyValueSpecification","valueRequired":true,"valueName":"search_term_string"}}],"inLanguage":"en-US"},{"@type":"Organization","@id":"https:\/\/www.istanbulafrica.com\/#organization","name":"Istanbul Africa Trade Company","url":"https:\/\/www.istanbulafrica.com\/","logo":{"@type":"ImageObject","inLanguage":"en-US","@id":"https:\/\/www.istanbulafrica.com\/#\/schema\/logo\/image\/","url":"https:\/\/www.istanbulafrica.com\/wp-content\/uploads\/2018\/11\/Logo-5_Multicolor-1-e1543258165564.png","contentUrl":"https:\/\/www.istanbulafrica.com\/wp-content\/uploads\/2018\/11\/Logo-5_Multicolor-1-e1543258165564.png","width":300,"height":82,"caption":"Istanbul Africa Trade Company"},"image":{"@id":"https:\/\/www.istanbulafrica.com\/#\/schema\/logo\/image\/"},"sameAs":["http:\/\/www.facebook.com\/istanbulafrica","https:\/\/x.com\/istanbulafrica","https:\/\/www.instagram.com\/istanbulafrica","https:\/\/linkedin.com\/company\/istanbulafrica"]},{"@type":"Person","@id":"https:\/\/www.istanbulafrica.com\/#\/schema\/person\/e0f8b3b562d664e99942c2ca70031388","name":"admin","image":{"@type":"ImageObject","inLanguage":"en-US","@id":"https:\/\/www.istanbulafrica.com\/#\/schema\/person\/image\/","url":"https:\/\/www.istanbulafrica.com\/wp-content\/litespeed\/avatar\/063478b0608c9232a95d704ee9061d12.jpg?ver=1758542353","contentUrl":"https:\/\/www.istanbulafrica.com\/wp-content\/litespeed\/avatar\/063478b0608c9232a95d704ee9061d12.jpg?ver=1758542353","caption":"admin"}}]}},"_links":{"self":[{"href":"https:\/\/www.istanbulafrica.com\/wp-json\/wp\/v2\/posts\/3787","targetHints":{"allow":["GET"]}}],"collection":[{"href":"https:\/\/www.istanbulafrica.com\/wp-json\/wp\/v2\/posts"}],"about":[{"href":"https:\/\/www.istanbulafrica.com\/wp-json\/wp\/v2\/types\/post"}],"author":[{"embeddable":true,"href":"https:\/\/www.istanbulafrica.com\/wp-json\/wp\/v2\/users\/1"}],"replies":[{"embeddable":true,"href":"https:\/\/www.istanbulafrica.com\/wp-json\/wp\/v2\/comments?post=3787"}],"version-history":[{"count":5,"href":"https:\/\/www.istanbulafrica.com\/wp-json\/wp\/v2\/posts\/3787\/revisions"}],"predecessor-version":[{"id":3792,"href":"https:\/\/www.istanbulafrica.com\/wp-json\/wp\/v2\/posts\/3787\/revisions\/3792"}],"wp:featuredmedia":[{"embeddable":true,"href":"https:\/\/www.istanbulafrica.com\/wp-json\/wp\/v2\/media\/3762"}],"wp:attachment":[{"href":"https:\/\/www.istanbulafrica.com\/wp-json\/wp\/v2\/media?parent=3787"}],"wp:term":[{"taxonomy":"category","embeddable":true,"href":"https:\/\/www.istanbulafrica.com\/wp-json\/wp\/v2\/categories?post=3787"},{"taxonomy":"post_tag","embeddable":true,"href":"https:\/\/www.istanbulafrica.com\/wp-json\/wp\/v2\/tags?post=3787"}],"curies":[{"name":"wp","href":"https:\/\/api.w.org\/{rel}","templated":true}]}}