{"id":3858,"date":"2020-07-07T10:45:59","date_gmt":"2020-07-07T10:45:59","guid":{"rendered":"https:\/\/www.istanbulafrica.com\/?p=3858"},"modified":"2020-08-06T12:06:01","modified_gmt":"2020-08-06T12:06:01","slug":"blocs-commerciaux-et-zones-de-libre-echange-en-afrique","status":"publish","type":"post","link":"https:\/\/www.istanbulafrica.com\/fr\/blocs-commerciaux-et-zones-de-libre-echange-en-afrique\/","title":{"rendered":"Blocs Commerciaux et Zones de Libre-\u00c9change en Afrique"},"content":{"rendered":"\t\t<div data-elementor-type=\"wp-post\" data-elementor-id=\"3858\" class=\"elementor elementor-3858\">\n\t\t\t\t\t\t<section class=\"elementor-section elementor-top-section elementor-element elementor-element-b8e32ba elementor-section-boxed elementor-section-height-default elementor-section-height-default\" data-id=\"b8e32ba\" data-element_type=\"section\">\n\t\t\t\t\t\t<div class=\"elementor-container elementor-column-gap-default\">\n\t\t\t\t\t<div class=\"elementor-column elementor-col-100 elementor-top-column elementor-element elementor-element-3621a06\" data-id=\"3621a06\" data-element_type=\"column\">\n\t\t\t<div class=\"elementor-widget-wrap elementor-element-populated\">\n\t\t\t\t\t\t<div class=\"elementor-element elementor-element-95bba2d elementor-position-top elementor-widget elementor-widget-image-box\" data-id=\"95bba2d\" data-element_type=\"widget\" data-widget_type=\"image-box.default\">\n\t\t\t\t<div class=\"elementor-widget-container\">\n\t\t\t\t\t<div class=\"elementor-image-box-wrapper\"><figure class=\"elementor-image-box-img\"><img fetchpriority=\"high\" decoding=\"async\" width=\"1500\" height=\"1500\" src=\"https:\/\/www.istanbulafrica.com\/wp-content\/uploads\/2020\/07\/afcfta-logo.jpg\" class=\"attachment-full size-full wp-image-3827\" alt=\"\" srcset=\"https:\/\/www.istanbulafrica.com\/wp-content\/uploads\/2020\/07\/afcfta-logo.jpg 1500w, https:\/\/www.istanbulafrica.com\/wp-content\/uploads\/2020\/07\/afcfta-logo-300x300.jpg 300w, https:\/\/www.istanbulafrica.com\/wp-content\/uploads\/2020\/07\/afcfta-logo-1024x1024.jpg 1024w, https:\/\/www.istanbulafrica.com\/wp-content\/uploads\/2020\/07\/afcfta-logo-150x150.jpg 150w, https:\/\/www.istanbulafrica.com\/wp-content\/uploads\/2020\/07\/afcfta-logo-768x768.jpg 768w, https:\/\/www.istanbulafrica.com\/wp-content\/uploads\/2020\/07\/afcfta-logo-720x720.jpg 720w, https:\/\/www.istanbulafrica.com\/wp-content\/uploads\/2020\/07\/afcfta-logo-360x360.jpg 360w\" sizes=\"(max-width: 1500px) 100vw, 1500px\" \/><\/figure><div class=\"elementor-image-box-content\"><h3 class=\"elementor-image-box-title\">Zone de libre-\u00e9change continentale africaine (ZLECAf)<\/h3><\/div><\/div>\t\t\t\t<\/div>\n\t\t\t\t<\/div>\n\t\t\t\t<div class=\"elementor-element elementor-element-1274916 elementor-widget elementor-widget-text-editor\" data-id=\"1274916\" data-element_type=\"widget\" data-widget_type=\"text-editor.default\">\n\t\t\t\t<div class=\"elementor-widget-container\">\n\t\t\t\t\t\t\t\t\t<p>La Zone de libre-\u00e9change continentale africaine (ZLECA) est une zone de libre-\u00e9change. \u00c0 ce jour, 54 des 55 pays de l&#8217;Union africaine ont sign\u00e9 l&#8217;Accord de libre-\u00e9change continental africain. Apr\u00e8s le processus de d\u00e9p\u00f4t de ratification par 24 de ces pays, l&#8217;Accord de libre-\u00e9change continental africain est entr\u00e9 en vigueur en 2019 pour les 24 pays.<\/p><p>L&#8217;accord oblige les membres \u00e0 supprimer les droits de douane sur 90% des biens et \u00e0 permettre le libre acc\u00e8s aux produits de base, aux biens et aux services \u00e0 travers le continent. On estime que la suppression des tarifs stimulera le commerce intra-africain.<\/p><p>Les objectifs de l&#8217;AfCFTA sont:<\/p><p>Cr\u00e9er un march\u00e9 unique<\/p><ul><li>Faciliter l&#8217;investissement gr\u00e2ce \u00e0 la circulation des capitaux et des personnes<\/li><li>Vers une union douani\u00e8re continentale<\/li><li>Promouvoir le d\u00e9veloppement industriel des \u00c9tats membres<\/li><\/ul>\t\t\t\t\t\t\t\t<\/div>\n\t\t\t\t<\/div>\n\t\t\t\t<div class=\"elementor-element elementor-element-f31cf4b elementor-widget elementor-widget-image\" data-id=\"f31cf4b\" data-element_type=\"widget\" data-widget_type=\"image.default\">\n\t\t\t\t<div class=\"elementor-widget-container\">\n\t\t\t\t\t\t\t\t\t\t\t\t<figure class=\"wp-caption\">\n\t\t\t\t\t\t\t\t\t\t<img decoding=\"async\" width=\"1024\" height=\"602\" src=\"https:\/\/www.istanbulafrica.com\/wp-content\/uploads\/2020\/07\/Africa-Union-Headquarters-e1594111537117-1024x602.jpg\" class=\"attachment-large size-large wp-image-3830\" alt=\"\" srcset=\"https:\/\/www.istanbulafrica.com\/wp-content\/uploads\/2020\/07\/Africa-Union-Headquarters-e1594111537117-1024x602.jpg 1024w, https:\/\/www.istanbulafrica.com\/wp-content\/uploads\/2020\/07\/Africa-Union-Headquarters-e1594111537117-300x176.jpg 300w, https:\/\/www.istanbulafrica.com\/wp-content\/uploads\/2020\/07\/Africa-Union-Headquarters-e1594111537117-768x451.jpg 768w, https:\/\/www.istanbulafrica.com\/wp-content\/uploads\/2020\/07\/Africa-Union-Headquarters-e1594111537117-1536x902.jpg 1536w, https:\/\/www.istanbulafrica.com\/wp-content\/uploads\/2020\/07\/Africa-Union-Headquarters-e1594111537117-720x423.jpg 720w\" sizes=\"(max-width: 1024px) 100vw, 1024px\" \/>\t\t\t\t\t\t\t\t\t\t\t<figcaption class=\"widget-image-caption wp-caption-text\">Si\u00e8ge de l'Union Africaine \u00e0 Addis-Abeba, \u00c9thiopie<\/figcaption>\n\t\t\t\t\t\t\t\t\t\t<\/figure>\n\t\t\t\t\t\t\t\t\t<\/div>\n\t\t\t\t<\/div>\n\t\t\t\t<div class=\"elementor-element elementor-element-e73752c elementor-widget elementor-widget-spacer\" data-id=\"e73752c\" data-element_type=\"widget\" data-widget_type=\"spacer.default\">\n\t\t\t\t<div class=\"elementor-widget-container\">\n\t\t\t\t\t\t\t<div class=\"elementor-spacer\">\n\t\t\t<div class=\"elementor-spacer-inner\"><\/div>\n\t\t<\/div>\n\t\t\t\t\t\t<\/div>\n\t\t\t\t<\/div>\n\t\t\t\t\t<\/div>\n\t\t<\/div>\n\t\t\t\t\t<\/div>\n\t\t<\/section>\n\t\t\t\t<section class=\"elementor-section elementor-top-section elementor-element elementor-element-8dffed1 elementor-section-boxed elementor-section-height-default elementor-section-height-default\" data-id=\"8dffed1\" data-element_type=\"section\">\n\t\t\t\t\t\t<div class=\"elementor-container elementor-column-gap-default\">\n\t\t\t\t\t<div class=\"elementor-column elementor-col-100 elementor-top-column elementor-element elementor-element-abde2fc\" data-id=\"abde2fc\" data-element_type=\"column\">\n\t\t\t<div class=\"elementor-widget-wrap elementor-element-populated\">\n\t\t\t\t\t\t<div class=\"elementor-element elementor-element-c36e09c elementor-position-top elementor-widget elementor-widget-image-box\" data-id=\"c36e09c\" data-element_type=\"widget\" data-widget_type=\"image-box.default\">\n\t\t\t\t<div class=\"elementor-widget-container\">\n\t\t\t\t\t<div class=\"elementor-image-box-wrapper\"><figure class=\"elementor-image-box-img\"><img decoding=\"async\" width=\"1200\" height=\"1200\" src=\"https:\/\/www.istanbulafrica.com\/wp-content\/uploads\/2020\/07\/SADC-Logo.png\" class=\"attachment-full size-full wp-image-3846\" alt=\"\" srcset=\"https:\/\/www.istanbulafrica.com\/wp-content\/uploads\/2020\/07\/SADC-Logo.png 1200w, https:\/\/www.istanbulafrica.com\/wp-content\/uploads\/2020\/07\/SADC-Logo-300x300.png 300w, https:\/\/www.istanbulafrica.com\/wp-content\/uploads\/2020\/07\/SADC-Logo-1024x1024.png 1024w, https:\/\/www.istanbulafrica.com\/wp-content\/uploads\/2020\/07\/SADC-Logo-150x150.png 150w, https:\/\/www.istanbulafrica.com\/wp-content\/uploads\/2020\/07\/SADC-Logo-768x768.png 768w, https:\/\/www.istanbulafrica.com\/wp-content\/uploads\/2020\/07\/SADC-Logo-720x720.png 720w, https:\/\/www.istanbulafrica.com\/wp-content\/uploads\/2020\/07\/SADC-Logo-360x360.png 360w\" sizes=\"(max-width: 1200px) 100vw, 1200px\" \/><\/figure><div class=\"elementor-image-box-content\"><h3 class=\"elementor-image-box-title\">La Communaut\u00e9 de d\u00e9veloppement de l'Afrique australe (SADC)<\/h3><\/div><\/div>\t\t\t\t<\/div>\n\t\t\t\t<\/div>\n\t\t\t\t<div class=\"elementor-element elementor-element-6537621 elementor-widget elementor-widget-text-editor\" data-id=\"6537621\" data-element_type=\"widget\" data-widget_type=\"text-editor.default\">\n\t\t\t\t<div class=\"elementor-widget-container\">\n\t\t\t\t\t\t\t\t\t<p>La Communaut\u00e9 de d\u00e9veloppement de l&#8217;Afrique australe (SADC) a \u00e9t\u00e9 cr\u00e9\u00e9e en 1980 et vise \u00e0 soutenir la croissance \u00e9conomique et \u00e0 d\u00e9velopper le statut socio-\u00e9conomique des pays membres. La SADC compte actuellement 16 \u00c9tats membres: Afrique du Sud, Angola, Botswana, Comores, R\u00e9publique d\u00e9mocratique du Congo (RDC), Lesotho, Madagascar, Malawi, Maurice, Mozambique, Namibie, Seychelles, Swaziland, R\u00e9publique-Unie de Tanzanie, Zambie et Zimbabwe.<\/p><p>La r\u00e9gion de la SADC compte 350 millions d&#8217;habitants et un PIB de 721 milliards de dollars. Les importations et les exportations totales sont respectivement de 185 milliards de dollars et 191 milliards de dollars. La SADC a son si\u00e8ge \u00e0 Gaborone, au Botswana.<\/p><p>La Zone de libre-\u00e9change de la SADC (ALE SADC) a \u00e9t\u00e9 cr\u00e9\u00e9e en 2008 pour promouvoir le commerce international entre les pays membres. Tous les \u00c9tats membres, \u00e0 l&#8217;exception de l&#8217;Angola et de la RDC, ont particip\u00e9 \u00e0 la zone de libre-\u00e9change. La SADC (Communaut\u00e9 de d\u00e9veloppement de l&#8217;Afrique australe), le COMESA (March\u00e9 commun de l&#8217;Afrique orientale et australe) et la CAE (Communaut\u00e9 de l&#8217;Afrique de l&#8217;Est) ont form\u00e9 la Zone de libre-\u00e9change de l&#8217;Afrique (AFTZ) en 2008. L&#8217;AFTZ comprend 26 pays.<\/p>\t\t\t\t\t\t\t\t<\/div>\n\t\t\t\t<\/div>\n\t\t\t\t<div class=\"elementor-element elementor-element-55f905e elementor-widget elementor-widget-image\" data-id=\"55f905e\" data-element_type=\"widget\" data-widget_type=\"image.default\">\n\t\t\t\t<div class=\"elementor-widget-container\">\n\t\t\t\t\t\t\t\t\t\t\t\t<figure class=\"wp-caption\">\n\t\t\t\t\t\t\t\t\t\t<img loading=\"lazy\" decoding=\"async\" width=\"1024\" height=\"512\" src=\"https:\/\/www.istanbulafrica.com\/wp-content\/uploads\/2020\/07\/SADC-Headquarters-1024x512.jpg\" class=\"attachment-large size-large wp-image-3845\" alt=\"\" srcset=\"https:\/\/www.istanbulafrica.com\/wp-content\/uploads\/2020\/07\/SADC-Headquarters-1024x512.jpg 1024w, https:\/\/www.istanbulafrica.com\/wp-content\/uploads\/2020\/07\/SADC-Headquarters-300x150.jpg 300w, https:\/\/www.istanbulafrica.com\/wp-content\/uploads\/2020\/07\/SADC-Headquarters-768x384.jpg 768w, https:\/\/www.istanbulafrica.com\/wp-content\/uploads\/2020\/07\/SADC-Headquarters-720x360.jpg 720w, https:\/\/www.istanbulafrica.com\/wp-content\/uploads\/2020\/07\/SADC-Headquarters-969x485.jpg 969w, https:\/\/www.istanbulafrica.com\/wp-content\/uploads\/2020\/07\/SADC-Headquarters.jpg 1480w\" sizes=\"(max-width: 1024px) 100vw, 1024px\" \/>\t\t\t\t\t\t\t\t\t\t\t<figcaption class=\"widget-image-caption wp-caption-text\">Si\u00e8ge de la SADC \u00e0 Gaborone, Botswana<\/figcaption>\n\t\t\t\t\t\t\t\t\t\t<\/figure>\n\t\t\t\t\t\t\t\t\t<\/div>\n\t\t\t\t<\/div>\n\t\t\t\t<div class=\"elementor-element elementor-element-3952d0e elementor-widget elementor-widget-spacer\" data-id=\"3952d0e\" data-element_type=\"widget\" data-widget_type=\"spacer.default\">\n\t\t\t\t<div class=\"elementor-widget-container\">\n\t\t\t\t\t\t\t<div class=\"elementor-spacer\">\n\t\t\t<div class=\"elementor-spacer-inner\"><\/div>\n\t\t<\/div>\n\t\t\t\t\t\t<\/div>\n\t\t\t\t<\/div>\n\t\t\t\t\t<\/div>\n\t\t<\/div>\n\t\t\t\t\t<\/div>\n\t\t<\/section>\n\t\t\t\t<section class=\"elementor-section elementor-top-section elementor-element elementor-element-8415a5d elementor-section-boxed elementor-section-height-default elementor-section-height-default\" data-id=\"8415a5d\" data-element_type=\"section\">\n\t\t\t\t\t\t<div class=\"elementor-container elementor-column-gap-default\">\n\t\t\t\t\t<div class=\"elementor-column elementor-col-100 elementor-top-column elementor-element elementor-element-d2d1460\" data-id=\"d2d1460\" data-element_type=\"column\">\n\t\t\t<div class=\"elementor-widget-wrap elementor-element-populated\">\n\t\t\t\t\t\t<div class=\"elementor-element elementor-element-72af084 elementor-position-top elementor-widget elementor-widget-image-box\" data-id=\"72af084\" data-element_type=\"widget\" data-widget_type=\"image-box.default\">\n\t\t\t\t<div class=\"elementor-widget-container\">\n\t\t\t\t\t<div class=\"elementor-image-box-wrapper\"><figure class=\"elementor-image-box-img\"><img loading=\"lazy\" decoding=\"async\" width=\"512\" height=\"512\" src=\"https:\/\/www.istanbulafrica.com\/wp-content\/uploads\/2020\/07\/Comesa-Logo.jpg\" class=\"attachment-full size-full wp-image-3836\" alt=\"\" srcset=\"https:\/\/www.istanbulafrica.com\/wp-content\/uploads\/2020\/07\/Comesa-Logo.jpg 512w, https:\/\/www.istanbulafrica.com\/wp-content\/uploads\/2020\/07\/Comesa-Logo-300x300.jpg 300w, https:\/\/www.istanbulafrica.com\/wp-content\/uploads\/2020\/07\/Comesa-Logo-150x150.jpg 150w, https:\/\/www.istanbulafrica.com\/wp-content\/uploads\/2020\/07\/Comesa-Logo-360x360.jpg 360w\" sizes=\"(max-width: 512px) 100vw, 512px\" \/><\/figure><div class=\"elementor-image-box-content\"><h3 class=\"elementor-image-box-title\">Le March\u00e9 commun de l'Afrique orientale et australe (COMESA)<\/h3><\/div><\/div>\t\t\t\t<\/div>\n\t\t\t\t<\/div>\n\t\t\t\t<div class=\"elementor-element elementor-element-7eb6f9b elementor-widget elementor-widget-text-editor\" data-id=\"7eb6f9b\" data-element_type=\"widget\" data-widget_type=\"text-editor.default\">\n\t\t\t\t<div class=\"elementor-widget-container\">\n\t\t\t\t\t\t\t\t\t<p>Le March\u00e9 commun de l&#8217;Afrique orientale et australe (COMESA) est une zone de libre-\u00e9change. Actuellement, 21 pays font partie de l&#8217;accord du COMESA. Ces pays sont: le Burundi, les Comores, D.R. Congo, Djibouti, \u00c9gypte, Eswatini, \u00c9rythr\u00e9e, \u00c9thiopie, Kenya, Libye, Madagascar, Malawi, Maurice, Rwanda, Seychelles, Somalie, Soudan, Tunisie, Ouganda, Zambie, Zimbabwe. Les anciens membres du COMESA sont l&#8217;Angola, le Lesotho, le Mozambique, la Namibie et la Tanzanie.<\/p><p>Actuellement, le March\u00e9 commun de l&#8217;Afrique orientale et australe couvre une population de 560 millions d&#8217;habitants et un PIB de 768 milliards de dollars. Son si\u00e8ge social est situ\u00e9 \u00e0 Lusaka, en Zambie.<\/p>\t\t\t\t\t\t\t\t<\/div>\n\t\t\t\t<\/div>\n\t\t\t\t<div class=\"elementor-element elementor-element-2f6cf64 elementor-widget elementor-widget-image\" data-id=\"2f6cf64\" data-element_type=\"widget\" data-widget_type=\"image.default\">\n\t\t\t\t<div class=\"elementor-widget-container\">\n\t\t\t\t\t\t\t\t\t\t\t\t<figure class=\"wp-caption\">\n\t\t\t\t\t\t\t\t\t\t<img loading=\"lazy\" decoding=\"async\" width=\"1024\" height=\"768\" src=\"https:\/\/www.istanbulafrica.com\/wp-content\/uploads\/2020\/07\/Comesa-Headquarters-Lusaka-Zambia-1024x768.jpg\" class=\"attachment-large size-large wp-image-3835\" alt=\"\" srcset=\"https:\/\/www.istanbulafrica.com\/wp-content\/uploads\/2020\/07\/Comesa-Headquarters-Lusaka-Zambia-1024x768.jpg 1024w, https:\/\/www.istanbulafrica.com\/wp-content\/uploads\/2020\/07\/Comesa-Headquarters-Lusaka-Zambia-300x225.jpg 300w, https:\/\/www.istanbulafrica.com\/wp-content\/uploads\/2020\/07\/Comesa-Headquarters-Lusaka-Zambia-768x576.jpg 768w, https:\/\/www.istanbulafrica.com\/wp-content\/uploads\/2020\/07\/Comesa-Headquarters-Lusaka-Zambia-720x540.jpg 720w, https:\/\/www.istanbulafrica.com\/wp-content\/uploads\/2020\/07\/Comesa-Headquarters-Lusaka-Zambia.jpg 1200w\" sizes=\"(max-width: 1024px) 100vw, 1024px\" \/>\t\t\t\t\t\t\t\t\t\t\t<figcaption class=\"widget-image-caption wp-caption-text\">Si\u00e8ge du COMESA \u00e0 Lusaka, Zambie<\/figcaption>\n\t\t\t\t\t\t\t\t\t\t<\/figure>\n\t\t\t\t\t\t\t\t\t<\/div>\n\t\t\t\t<\/div>\n\t\t\t\t<div class=\"elementor-element elementor-element-305b98c elementor-widget elementor-widget-spacer\" data-id=\"305b98c\" data-element_type=\"widget\" data-widget_type=\"spacer.default\">\n\t\t\t\t<div class=\"elementor-widget-container\">\n\t\t\t\t\t\t\t<div class=\"elementor-spacer\">\n\t\t\t<div class=\"elementor-spacer-inner\"><\/div>\n\t\t<\/div>\n\t\t\t\t\t\t<\/div>\n\t\t\t\t<\/div>\n\t\t\t\t\t<\/div>\n\t\t<\/div>\n\t\t\t\t\t<\/div>\n\t\t<\/section>\n\t\t\t\t<section class=\"elementor-section elementor-top-section elementor-element elementor-element-ebb151e elementor-section-boxed elementor-section-height-default elementor-section-height-default\" data-id=\"ebb151e\" data-element_type=\"section\">\n\t\t\t\t\t\t<div class=\"elementor-container elementor-column-gap-default\">\n\t\t\t\t\t<div class=\"elementor-column elementor-col-100 elementor-top-column elementor-element elementor-element-fea94e3\" data-id=\"fea94e3\" data-element_type=\"column\">\n\t\t\t<div class=\"elementor-widget-wrap elementor-element-populated\">\n\t\t\t\t\t\t<div class=\"elementor-element elementor-element-98fe7b1 elementor-position-top elementor-widget elementor-widget-image-box\" data-id=\"98fe7b1\" data-element_type=\"widget\" data-widget_type=\"image-box.default\">\n\t\t\t\t<div class=\"elementor-widget-container\">\n\t\t\t\t\t<div class=\"elementor-image-box-wrapper\"><figure class=\"elementor-image-box-img\"><img loading=\"lazy\" decoding=\"async\" width=\"1164\" height=\"1179\" src=\"https:\/\/www.istanbulafrica.com\/wp-content\/uploads\/2020\/07\/Ecowas-Logo.jpg\" class=\"attachment-full size-full wp-image-3842\" alt=\"\" srcset=\"https:\/\/www.istanbulafrica.com\/wp-content\/uploads\/2020\/07\/Ecowas-Logo.jpg 1164w, https:\/\/www.istanbulafrica.com\/wp-content\/uploads\/2020\/07\/Ecowas-Logo-296x300.jpg 296w, https:\/\/www.istanbulafrica.com\/wp-content\/uploads\/2020\/07\/Ecowas-Logo-1011x1024.jpg 1011w, https:\/\/www.istanbulafrica.com\/wp-content\/uploads\/2020\/07\/Ecowas-Logo-768x778.jpg 768w, https:\/\/www.istanbulafrica.com\/wp-content\/uploads\/2020\/07\/Ecowas-Logo-720x729.jpg 720w\" sizes=\"(max-width: 1164px) 100vw, 1164px\" \/><\/figure><div class=\"elementor-image-box-content\"><h3 class=\"elementor-image-box-title\">La Communaut\u00e9 \u00e9conomique des \u00c9tats de l'Afrique de l'Ouest (CEDEAO)<\/h3><\/div><\/div>\t\t\t\t<\/div>\n\t\t\t\t<\/div>\n\t\t\t\t<div class=\"elementor-element elementor-element-58afa27 elementor-widget elementor-widget-text-editor\" data-id=\"58afa27\" data-element_type=\"widget\" data-widget_type=\"text-editor.default\">\n\t\t\t\t<div class=\"elementor-widget-container\">\n\t\t\t\t\t\t\t\t\t<p>La Communaut\u00e9 \u00e9conomique des \u00c9tats de l&#8217;Afrique de l&#8217;Ouest (CEDEAO) a \u00e9t\u00e9 fond\u00e9e en 1975 afin de promouvoir la coop\u00e9ration \u00e9conomique et d&#8217;augmenter le niveau de vie dans les pays membres. La CEDEAO poss\u00e8de sa propre zone de libre-\u00e9change depuis 1990. Les \u00c9tats membres adoptent un tarif d&#8217;importation commun. La CEDEAO compte actuellement 15 pays membres: B\u00e9nin, Burkina Faso, Cabo Verde, C\u00f4te d\u2019Ivoire, Gambie, Ghana, Guin\u00e9e, Guin\u00e9e-Bissau, Lib\u00e9ria, Mali, Niger, Nig\u00e9ria, S\u00e9n\u00e9gal, Sierra Leone et Togo. La zone de libre-\u00e9change de la CEDEAO comprend les pays membres et c&#8217;est la plus grande zone de libre-\u00e9change active en Afrique de l&#8217;Ouest. L&#8217;organisation a son si\u00e8ge \u00e0 Abuja, au Nig\u00e9ria.<\/p><p>La CEDEAO a \u00e9galement des politiques mon\u00e9taires pour ses pays membres. L&#8217;Union \u00e9conomique et mon\u00e9taire ouest-africaine (UEMOA) est une organisation commune des membres de la CEDEAO. Ces pays partagent le franc CFA comme monnaie commune. Ces pays sont le B\u00e9nin, le Burkina Faso, la C\u00f4te d&#8217;Ivoire, la Guin\u00e9e-Bissau, le Mali, le Niger, le S\u00e9n\u00e9gal et le Togo.<\/p><p>La deuxi\u00e8me organisation mon\u00e9taire fond\u00e9e par les \u00c9tats membres de la CEDEAO est la Zone mon\u00e9taire ouest-africaine (ZMAO). Les six membres fondateurs de la WAMZ pr\u00e9voient d&#8217;introduire une monnaie commune, appel\u00e9e Eco. Les membres sont la Gambie, le Ghana, la Guin\u00e9e, le Lib\u00e9ria, le Nig\u00e9ria et la Sierra Leone.<\/p>\t\t\t\t\t\t\t\t<\/div>\n\t\t\t\t<\/div>\n\t\t\t\t<div class=\"elementor-element elementor-element-420d110 elementor-widget elementor-widget-image\" data-id=\"420d110\" data-element_type=\"widget\" data-widget_type=\"image.default\">\n\t\t\t\t<div class=\"elementor-widget-container\">\n\t\t\t\t\t\t\t\t\t\t\t\t<figure class=\"wp-caption\">\n\t\t\t\t\t\t\t\t\t\t<img loading=\"lazy\" decoding=\"async\" width=\"1024\" height=\"609\" src=\"https:\/\/www.istanbulafrica.com\/wp-content\/uploads\/2020\/07\/ECOWAS-Headquarters-Abuja-Nigeria-1024x609.png\" class=\"attachment-large size-large wp-image-3841\" alt=\"\" srcset=\"https:\/\/www.istanbulafrica.com\/wp-content\/uploads\/2020\/07\/ECOWAS-Headquarters-Abuja-Nigeria-1024x609.png 1024w, https:\/\/www.istanbulafrica.com\/wp-content\/uploads\/2020\/07\/ECOWAS-Headquarters-Abuja-Nigeria-300x178.png 300w, https:\/\/www.istanbulafrica.com\/wp-content\/uploads\/2020\/07\/ECOWAS-Headquarters-Abuja-Nigeria-768x457.png 768w, https:\/\/www.istanbulafrica.com\/wp-content\/uploads\/2020\/07\/ECOWAS-Headquarters-Abuja-Nigeria-1536x914.png 1536w, https:\/\/www.istanbulafrica.com\/wp-content\/uploads\/2020\/07\/ECOWAS-Headquarters-Abuja-Nigeria-720x428.png 720w, https:\/\/www.istanbulafrica.com\/wp-content\/uploads\/2020\/07\/ECOWAS-Headquarters-Abuja-Nigeria.png 1900w\" sizes=\"(max-width: 1024px) 100vw, 1024px\" \/>\t\t\t\t\t\t\t\t\t\t\t<figcaption class=\"widget-image-caption wp-caption-text\">Si\u00e8ge de la CEDEAO \u00e0 Abuja, Nig\u00e9ria<\/figcaption>\n\t\t\t\t\t\t\t\t\t\t<\/figure>\n\t\t\t\t\t\t\t\t\t<\/div>\n\t\t\t\t<\/div>\n\t\t\t\t<div class=\"elementor-element elementor-element-06b81e3 elementor-widget elementor-widget-spacer\" data-id=\"06b81e3\" data-element_type=\"widget\" data-widget_type=\"spacer.default\">\n\t\t\t\t<div class=\"elementor-widget-container\">\n\t\t\t\t\t\t\t<div class=\"elementor-spacer\">\n\t\t\t<div class=\"elementor-spacer-inner\"><\/div>\n\t\t<\/div>\n\t\t\t\t\t\t<\/div>\n\t\t\t\t<\/div>\n\t\t\t\t\t<\/div>\n\t\t<\/div>\n\t\t\t\t\t<\/div>\n\t\t<\/section>\n\t\t\t\t<section class=\"elementor-section elementor-top-section elementor-element elementor-element-8bf2b3a elementor-section-boxed elementor-section-height-default elementor-section-height-default\" data-id=\"8bf2b3a\" data-element_type=\"section\">\n\t\t\t\t\t\t<div class=\"elementor-container elementor-column-gap-default\">\n\t\t\t\t\t<div class=\"elementor-column elementor-col-100 elementor-top-column elementor-element elementor-element-0d97f1a\" data-id=\"0d97f1a\" data-element_type=\"column\">\n\t\t\t<div class=\"elementor-widget-wrap elementor-element-populated\">\n\t\t\t\t\t\t<div class=\"elementor-element elementor-element-f737fae elementor-position-top elementor-widget elementor-widget-image-box\" data-id=\"f737fae\" data-element_type=\"widget\" data-widget_type=\"image-box.default\">\n\t\t\t\t<div class=\"elementor-widget-container\">\n\t\t\t\t\t<div class=\"elementor-image-box-wrapper\"><figure class=\"elementor-image-box-img\"><img loading=\"lazy\" decoding=\"async\" width=\"512\" height=\"341\" src=\"https:\/\/www.istanbulafrica.com\/wp-content\/uploads\/2020\/07\/Eccas-Logo.png\" class=\"attachment-full size-full wp-image-3840\" alt=\"\" srcset=\"https:\/\/www.istanbulafrica.com\/wp-content\/uploads\/2020\/07\/Eccas-Logo.png 512w, https:\/\/www.istanbulafrica.com\/wp-content\/uploads\/2020\/07\/Eccas-Logo-300x200.png 300w, https:\/\/www.istanbulafrica.com\/wp-content\/uploads\/2020\/07\/Eccas-Logo-272x182.png 272w\" sizes=\"(max-width: 512px) 100vw, 512px\" \/><\/figure><div class=\"elementor-image-box-content\"><h3 class=\"elementor-image-box-title\">La Communaut\u00e9 \u00e9conomique des \u00c9tats de l'Afrique centrale (CEEAC)<\/h3><\/div><\/div>\t\t\t\t<\/div>\n\t\t\t\t<\/div>\n\t\t\t\t<div class=\"elementor-element elementor-element-bdaf548 elementor-widget elementor-widget-text-editor\" data-id=\"bdaf548\" data-element_type=\"widget\" data-widget_type=\"text-editor.default\">\n\t\t\t\t<div class=\"elementor-widget-container\">\n\t\t\t\t\t\t\t\t\t<p>La Communaut\u00e9 \u00e9conomique des \u00c9tats de l&#8217;Afrique centrale (CEEAC) promeut l&#8217;\u00e9conomie r\u00e9gionale en Afrique centrale. La fondation de la CEEAC remonte \u00e0 l&#8217;Union douani\u00e8re et \u00e9conomique de l&#8217;Afrique centrale (UDEAC) qui a \u00e9t\u00e9 cr\u00e9\u00e9e en 1964. Les \u00c9tats membres sont l&#8217;Angola, le Burundi, le Cameroun, la R\u00e9publique centrafricaine, le Tchad, le Congo (Brazzaville), la R\u00e9publique d\u00e9mocratique du Congo, Guin\u00e9e \u00e9quatoriale, Gabon, Rwanda, Sao Tom\u00e9 et Principe. Le si\u00e8ge de la CEEAC est situ\u00e9 \u00e0 Libreville, au Gabon.<\/p><p>La Communaut\u00e9 \u00e9conomique et mon\u00e9taire de l&#8217;Afrique centrale est une organisation parall\u00e8le fond\u00e9e par 6 pays qui partagent la m\u00eame monnaie (le franc CFA). Il vise \u00e0 promouvoir la croissance \u00e9conomique et \u00e0 former une union mon\u00e9taire entre les \u00c9tats membres.<\/p>\t\t\t\t\t\t\t\t<\/div>\n\t\t\t\t<\/div>\n\t\t\t\t<div class=\"elementor-element elementor-element-c8aebb0 elementor-widget elementor-widget-image\" data-id=\"c8aebb0\" data-element_type=\"widget\" data-widget_type=\"image.default\">\n\t\t\t\t<div class=\"elementor-widget-container\">\n\t\t\t\t\t\t\t\t\t\t\t\t<figure class=\"wp-caption\">\n\t\t\t\t\t\t\t\t\t\t<img loading=\"lazy\" decoding=\"async\" width=\"1024\" height=\"593\" src=\"https:\/\/www.istanbulafrica.com\/wp-content\/uploads\/2020\/07\/Eccas-headquarters-libreville-gabon-1024x593.jpg\" class=\"attachment-large size-large wp-image-3839\" alt=\"\" srcset=\"https:\/\/www.istanbulafrica.com\/wp-content\/uploads\/2020\/07\/Eccas-headquarters-libreville-gabon-1024x593.jpg 1024w, https:\/\/www.istanbulafrica.com\/wp-content\/uploads\/2020\/07\/Eccas-headquarters-libreville-gabon-300x174.jpg 300w, https:\/\/www.istanbulafrica.com\/wp-content\/uploads\/2020\/07\/Eccas-headquarters-libreville-gabon-768x445.jpg 768w, https:\/\/www.istanbulafrica.com\/wp-content\/uploads\/2020\/07\/Eccas-headquarters-libreville-gabon-720x417.jpg 720w, https:\/\/www.istanbulafrica.com\/wp-content\/uploads\/2020\/07\/Eccas-headquarters-libreville-gabon.jpg 1200w\" sizes=\"(max-width: 1024px) 100vw, 1024px\" \/>\t\t\t\t\t\t\t\t\t\t\t<figcaption class=\"widget-image-caption wp-caption-text\">Si\u00e8ge de la CEEAC \u00e0 Libreville, Gabon<\/figcaption>\n\t\t\t\t\t\t\t\t\t\t<\/figure>\n\t\t\t\t\t\t\t\t\t<\/div>\n\t\t\t\t<\/div>\n\t\t\t\t<div class=\"elementor-element elementor-element-1d68ded elementor-widget elementor-widget-spacer\" data-id=\"1d68ded\" data-element_type=\"widget\" data-widget_type=\"spacer.default\">\n\t\t\t\t<div class=\"elementor-widget-container\">\n\t\t\t\t\t\t\t<div class=\"elementor-spacer\">\n\t\t\t<div class=\"elementor-spacer-inner\"><\/div>\n\t\t<\/div>\n\t\t\t\t\t\t<\/div>\n\t\t\t\t<\/div>\n\t\t\t\t\t<\/div>\n\t\t<\/div>\n\t\t\t\t\t<\/div>\n\t\t<\/section>\n\t\t\t\t<section class=\"elementor-section elementor-top-section elementor-element elementor-element-ada5f01 elementor-section-boxed elementor-section-height-default elementor-section-height-default\" data-id=\"ada5f01\" data-element_type=\"section\">\n\t\t\t\t\t\t<div class=\"elementor-container elementor-column-gap-default\">\n\t\t\t\t\t<div class=\"elementor-column elementor-col-100 elementor-top-column elementor-element elementor-element-eb8d74c\" data-id=\"eb8d74c\" data-element_type=\"column\">\n\t\t\t<div class=\"elementor-widget-wrap elementor-element-populated\">\n\t\t\t\t\t\t<div class=\"elementor-element elementor-element-87b831a elementor-position-top elementor-widget elementor-widget-image-box\" data-id=\"87b831a\" data-element_type=\"widget\" data-widget_type=\"image-box.default\">\n\t\t\t\t<div class=\"elementor-widget-container\">\n\t\t\t\t\t<div class=\"elementor-image-box-wrapper\"><figure class=\"elementor-image-box-img\"><img loading=\"lazy\" decoding=\"async\" width=\"1200\" height=\"1110\" src=\"https:\/\/www.istanbulafrica.com\/wp-content\/uploads\/2020\/07\/EAC-Logo.png\" class=\"attachment-full size-full wp-image-3837\" alt=\"\" srcset=\"https:\/\/www.istanbulafrica.com\/wp-content\/uploads\/2020\/07\/EAC-Logo.png 1200w, https:\/\/www.istanbulafrica.com\/wp-content\/uploads\/2020\/07\/EAC-Logo-300x278.png 300w, https:\/\/www.istanbulafrica.com\/wp-content\/uploads\/2020\/07\/EAC-Logo-1024x947.png 1024w, https:\/\/www.istanbulafrica.com\/wp-content\/uploads\/2020\/07\/EAC-Logo-768x710.png 768w, https:\/\/www.istanbulafrica.com\/wp-content\/uploads\/2020\/07\/EAC-Logo-720x666.png 720w\" sizes=\"(max-width: 1200px) 100vw, 1200px\" \/><\/figure><div class=\"elementor-image-box-content\"><h3 class=\"elementor-image-box-title\">La Communaut\u00e9 de l'Afrique de l'Est (CAE)<\/h3><\/div><\/div>\t\t\t\t<\/div>\n\t\t\t\t<\/div>\n\t\t\t\t<div class=\"elementor-element elementor-element-9ab10be elementor-widget elementor-widget-text-editor\" data-id=\"9ab10be\" data-element_type=\"widget\" data-widget_type=\"text-editor.default\">\n\t\t\t\t<div class=\"elementor-widget-container\">\n\t\t\t\t\t\t\t\t\t<p>La Communaut\u00e9 de l&#8217;Afrique de l&#8217;Est (CAE) est une organisation internationale fond\u00e9e en 2000 par 6 pays membres de la r\u00e9gion des Grands Lacs. Ses pays membres sont le Burundi, le Kenya, le Rwanda, le Soudan du Sud, la Tanzanie et l&#8217;Ouganda. Le centre administratif de l&#8217;organisation se trouve \u00e0 Arusha, en Tanzanie. La CAE promeut la zone de libre-\u00e9change et \u00e9largit la coop\u00e9ration \u00e9conomique entre les pays membres.<\/p><p>L&#8217;organisation a r\u00e9alis\u00e9 l&#8217;union douani\u00e8re de l&#8217;Afrique de l&#8217;Est et \u00e9tabli un march\u00e9 commun pour les marchandises. En 2008, la zone de libre-\u00e9change de la CAE est \u00e9tendue \u00e0 la r\u00e9gion de la SADC et \u00e0 la r\u00e9gion du COMESA. L&#8217;union mon\u00e9taire est l&#8217;un des nouveaux objectifs de la CAE.<\/p><p>Selon l&#8217;Union douani\u00e8re, un tarif ext\u00e9rieur commun est appliqu\u00e9 par les pays membres. De plus, le commerce entre les membres est en franchise de droits. Les taux de tarifs d\u00e9pendent du type de mati\u00e8re: mati\u00e8res premi\u00e8res (0%), produits interm\u00e9diaires (10%), produits finis (25%).<\/p>\t\t\t\t\t\t\t\t<\/div>\n\t\t\t\t<\/div>\n\t\t\t\t<div class=\"elementor-element elementor-element-55fba69 elementor-widget elementor-widget-image\" data-id=\"55fba69\" data-element_type=\"widget\" data-widget_type=\"image.default\">\n\t\t\t\t<div class=\"elementor-widget-container\">\n\t\t\t\t\t\t\t\t\t\t\t\t<figure class=\"wp-caption\">\n\t\t\t\t\t\t\t\t\t\t<img loading=\"lazy\" decoding=\"async\" width=\"1024\" height=\"616\" src=\"https:\/\/www.istanbulafrica.com\/wp-content\/uploads\/2020\/07\/East-Africa-Community-Arusha-Tanzania-Headquarters-1024x616.jpg\" class=\"attachment-large size-large wp-image-3838\" alt=\"\" srcset=\"https:\/\/www.istanbulafrica.com\/wp-content\/uploads\/2020\/07\/East-Africa-Community-Arusha-Tanzania-Headquarters-1024x616.jpg 1024w, https:\/\/www.istanbulafrica.com\/wp-content\/uploads\/2020\/07\/East-Africa-Community-Arusha-Tanzania-Headquarters-300x180.jpg 300w, https:\/\/www.istanbulafrica.com\/wp-content\/uploads\/2020\/07\/East-Africa-Community-Arusha-Tanzania-Headquarters-768x462.jpg 768w, https:\/\/www.istanbulafrica.com\/wp-content\/uploads\/2020\/07\/East-Africa-Community-Arusha-Tanzania-Headquarters-720x433.jpg 720w, https:\/\/www.istanbulafrica.com\/wp-content\/uploads\/2020\/07\/East-Africa-Community-Arusha-Tanzania-Headquarters.jpg 1280w\" sizes=\"(max-width: 1024px) 100vw, 1024px\" \/>\t\t\t\t\t\t\t\t\t\t\t<figcaption class=\"widget-image-caption wp-caption-text\">Si\u00e8ge de l'EAC \u00e0 Arusha, Tanzanie<\/figcaption>\n\t\t\t\t\t\t\t\t\t\t<\/figure>\n\t\t\t\t\t\t\t\t\t<\/div>\n\t\t\t\t<\/div>\n\t\t\t\t<div class=\"elementor-element elementor-element-3dd2e7e elementor-widget elementor-widget-spacer\" data-id=\"3dd2e7e\" data-element_type=\"widget\" data-widget_type=\"spacer.default\">\n\t\t\t\t<div class=\"elementor-widget-container\">\n\t\t\t\t\t\t\t<div class=\"elementor-spacer\">\n\t\t\t<div class=\"elementor-spacer-inner\"><\/div>\n\t\t<\/div>\n\t\t\t\t\t\t<\/div>\n\t\t\t\t<\/div>\n\t\t\t\t\t<\/div>\n\t\t<\/div>\n\t\t\t\t\t<\/div>\n\t\t<\/section>\n\t\t\t\t<section class=\"elementor-section elementor-top-section elementor-element elementor-element-8ce6df2 elementor-section-boxed elementor-section-height-default elementor-section-height-default\" data-id=\"8ce6df2\" data-element_type=\"section\">\n\t\t\t\t\t\t<div class=\"elementor-container elementor-column-gap-default\">\n\t\t\t\t\t<div class=\"elementor-column elementor-col-100 elementor-top-column elementor-element elementor-element-7f0f6f5\" data-id=\"7f0f6f5\" data-element_type=\"column\">\n\t\t\t<div class=\"elementor-widget-wrap elementor-element-populated\">\n\t\t\t\t\t\t<div class=\"elementor-element elementor-element-f72d6a0 elementor-position-top elementor-widget elementor-widget-image-box\" data-id=\"f72d6a0\" data-element_type=\"widget\" data-widget_type=\"image-box.default\">\n\t\t\t\t<div class=\"elementor-widget-container\">\n\t\t\t\t\t<div class=\"elementor-image-box-wrapper\"><figure class=\"elementor-image-box-img\"><img loading=\"lazy\" decoding=\"async\" width=\"509\" height=\"359\" src=\"https:\/\/www.istanbulafrica.com\/wp-content\/uploads\/2020\/07\/Cen-sad-Logo.jpg\" class=\"attachment-full size-full wp-image-3833\" alt=\"\" srcset=\"https:\/\/www.istanbulafrica.com\/wp-content\/uploads\/2020\/07\/Cen-sad-Logo.jpg 509w, https:\/\/www.istanbulafrica.com\/wp-content\/uploads\/2020\/07\/Cen-sad-Logo-300x212.jpg 300w\" sizes=\"(max-width: 509px) 100vw, 509px\" \/><\/figure><div class=\"elementor-image-box-content\"><h3 class=\"elementor-image-box-title\">La Communaut\u00e9 des \u00c9tats sah\u00e9lo-sahariens (CEN-SAD)<\/h3><\/div><\/div>\t\t\t\t<\/div>\n\t\t\t\t<\/div>\n\t\t\t\t<div class=\"elementor-element elementor-element-31d9d57 elementor-widget elementor-widget-text-editor\" data-id=\"31d9d57\" data-element_type=\"widget\" data-widget_type=\"text-editor.default\">\n\t\t\t\t<div class=\"elementor-widget-container\">\n\t\t\t\t\t\t\t\t\t<p>La Communaut\u00e9 des \u00c9tats sah\u00e9lo-sahariens (CEN-SAD) a \u00e9t\u00e9 cr\u00e9\u00e9e en 1998. La CEN-SAD a \u00e9t\u00e9 fond\u00e9e pour accro\u00eetre le bien-\u00eatre r\u00e9gional et am\u00e9liorer le volume des \u00e9changes entre les pays membres. Il a favoris\u00e9 la libre circulation des marchandises, des capitaux et des personnes. Les pays membres sont le B\u00e9nin, le Burkina Faso, la R\u00e9publique centrafricaine, le Tchad, les Comores, la C\u00f4te d&#8217;Ivoire, Djibouti, l&#8217;\u00c9gypte, l&#8217;\u00c9rythr\u00e9e, la Gambie, le Ghana, la Guin\u00e9e-Bissau, la Libye, le Mali, la Mauritanie, le Maroc, le Niger, le Nig\u00e9ria, le S\u00e9n\u00e9gal , La Sierra Leone, la Somalie, le Soudan, le Togo et la Tunisie. L&#8217;organisation a son si\u00e8ge \u00e0 Tripoli, en Libye.<\/p>\t\t\t\t\t\t\t\t<\/div>\n\t\t\t\t<\/div>\n\t\t\t\t<div class=\"elementor-element elementor-element-d478922 elementor-widget elementor-widget-image\" data-id=\"d478922\" data-element_type=\"widget\" data-widget_type=\"image.default\">\n\t\t\t\t<div class=\"elementor-widget-container\">\n\t\t\t\t\t\t\t\t\t\t\t\t<figure class=\"wp-caption\">\n\t\t\t\t\t\t\t\t\t\t<img loading=\"lazy\" decoding=\"async\" width=\"960\" height=\"550\" src=\"https:\/\/www.istanbulafrica.com\/wp-content\/uploads\/2020\/07\/Cen-Sad-Summit-2016-in-Egypt.jpg\" class=\"attachment-large size-large wp-image-3834\" alt=\"\" srcset=\"https:\/\/www.istanbulafrica.com\/wp-content\/uploads\/2020\/07\/Cen-Sad-Summit-2016-in-Egypt.jpg 960w, https:\/\/www.istanbulafrica.com\/wp-content\/uploads\/2020\/07\/Cen-Sad-Summit-2016-in-Egypt-300x172.jpg 300w, https:\/\/www.istanbulafrica.com\/wp-content\/uploads\/2020\/07\/Cen-Sad-Summit-2016-in-Egypt-768x440.jpg 768w, https:\/\/www.istanbulafrica.com\/wp-content\/uploads\/2020\/07\/Cen-Sad-Summit-2016-in-Egypt-720x413.jpg 720w\" sizes=\"(max-width: 960px) 100vw, 960px\" \/>\t\t\t\t\t\t\t\t\t\t\t<figcaption class=\"widget-image-caption wp-caption-text\">Sommet Cen-Sad 2016 en \u00c9gypte<\/figcaption>\n\t\t\t\t\t\t\t\t\t\t<\/figure>\n\t\t\t\t\t\t\t\t\t<\/div>\n\t\t\t\t<\/div>\n\t\t\t\t<div class=\"elementor-element elementor-element-66fe510 elementor-widget elementor-widget-spacer\" data-id=\"66fe510\" data-element_type=\"widget\" data-widget_type=\"spacer.default\">\n\t\t\t\t<div class=\"elementor-widget-container\">\n\t\t\t\t\t\t\t<div class=\"elementor-spacer\">\n\t\t\t<div class=\"elementor-spacer-inner\"><\/div>\n\t\t<\/div>\n\t\t\t\t\t\t<\/div>\n\t\t\t\t<\/div>\n\t\t\t\t\t<\/div>\n\t\t<\/div>\n\t\t\t\t\t<\/div>\n\t\t<\/section>\n\t\t\t\t<section class=\"elementor-section elementor-top-section elementor-element elementor-element-7c9d1f7 elementor-section-boxed elementor-section-height-default elementor-section-height-default\" data-id=\"7c9d1f7\" data-element_type=\"section\">\n\t\t\t\t\t\t<div class=\"elementor-container elementor-column-gap-default\">\n\t\t\t\t\t<div class=\"elementor-column elementor-col-100 elementor-top-column elementor-element elementor-element-13078c8\" data-id=\"13078c8\" data-element_type=\"column\">\n\t\t\t<div class=\"elementor-widget-wrap elementor-element-populated\">\n\t\t\t\t\t\t<div class=\"elementor-element elementor-element-1c8866e elementor-position-top elementor-widget elementor-widget-image-box\" data-id=\"1c8866e\" data-element_type=\"widget\" data-widget_type=\"image-box.default\">\n\t\t\t\t<div class=\"elementor-widget-container\">\n\t\t\t\t\t<div class=\"elementor-image-box-wrapper\"><figure class=\"elementor-image-box-img\"><img loading=\"lazy\" decoding=\"async\" width=\"400\" height=\"197\" src=\"https:\/\/www.istanbulafrica.com\/wp-content\/uploads\/2020\/07\/IGAD-Logo.png\" class=\"attachment-full size-full wp-image-3843\" alt=\"\" srcset=\"https:\/\/www.istanbulafrica.com\/wp-content\/uploads\/2020\/07\/IGAD-Logo.png 400w, https:\/\/www.istanbulafrica.com\/wp-content\/uploads\/2020\/07\/IGAD-Logo-300x148.png 300w\" sizes=\"(max-width: 400px) 100vw, 400px\" \/><\/figure><div class=\"elementor-image-box-content\"><h3 class=\"elementor-image-box-title\">L'Autorit\u00e9 intergouvernementale pour le d\u00e9veloppement (IGAD)<\/h3><\/div><\/div>\t\t\t\t<\/div>\n\t\t\t\t<\/div>\n\t\t\t\t<div class=\"elementor-element elementor-element-25a08c5 elementor-widget elementor-widget-text-editor\" data-id=\"25a08c5\" data-element_type=\"widget\" data-widget_type=\"text-editor.default\">\n\t\t\t\t<div class=\"elementor-widget-container\">\n\t\t\t\t\t\t\t\t\t<p>L&#8217;Autorit\u00e9 intergouvernementale pour le d\u00e9veloppement (IGAD) est une organisation intergouvernementale en Afrique de l&#8217;Est. Il a \u00e9t\u00e9 cr\u00e9\u00e9 en 1996. Son si\u00e8ge social est situ\u00e9 dans la ville de Djibouti. Les \u00c9tats membres sont Djibouti, l&#8217;\u00c9thiopie, l&#8217;\u00c9rythr\u00e9e, le Kenya, la Somalie, le Soudan, le Soudan du Sud et l&#8217;Ouganda. Le but de l&#8217;organisation est d&#8217;am\u00e9liorer le commerce, l&#8217;investissement et les ant\u00e9c\u00e9dents financiers des \u00c9tats membres.<\/p>\t\t\t\t\t\t\t\t<\/div>\n\t\t\t\t<\/div>\n\t\t\t\t<div class=\"elementor-element elementor-element-96848f5 elementor-widget elementor-widget-image\" data-id=\"96848f5\" data-element_type=\"widget\" data-widget_type=\"image.default\">\n\t\t\t\t<div class=\"elementor-widget-container\">\n\t\t\t\t\t\t\t\t\t\t\t\t<figure class=\"wp-caption\">\n\t\t\t\t\t\t\t\t\t\t<img loading=\"lazy\" decoding=\"async\" width=\"1024\" height=\"684\" src=\"https:\/\/www.istanbulafrica.com\/wp-content\/uploads\/2020\/07\/Igad-Headquarters-Djibouti-City-1024x684.jpg\" class=\"attachment-large size-large wp-image-3854\" alt=\"\" srcset=\"https:\/\/www.istanbulafrica.com\/wp-content\/uploads\/2020\/07\/Igad-Headquarters-Djibouti-City-1024x684.jpg 1024w, https:\/\/www.istanbulafrica.com\/wp-content\/uploads\/2020\/07\/Igad-Headquarters-Djibouti-City-300x200.jpg 300w, https:\/\/www.istanbulafrica.com\/wp-content\/uploads\/2020\/07\/Igad-Headquarters-Djibouti-City-768x513.jpg 768w, https:\/\/www.istanbulafrica.com\/wp-content\/uploads\/2020\/07\/Igad-Headquarters-Djibouti-City-1536x1025.jpg 1536w, https:\/\/www.istanbulafrica.com\/wp-content\/uploads\/2020\/07\/Igad-Headquarters-Djibouti-City-720x481.jpg 720w, https:\/\/www.istanbulafrica.com\/wp-content\/uploads\/2020\/07\/Igad-Headquarters-Djibouti-City-272x182.jpg 272w, https:\/\/www.istanbulafrica.com\/wp-content\/uploads\/2020\/07\/Igad-Headquarters-Djibouti-City.jpg 2048w\" sizes=\"(max-width: 1024px) 100vw, 1024px\" \/>\t\t\t\t\t\t\t\t\t\t\t<figcaption class=\"widget-image-caption wp-caption-text\">Si\u00e8ge de l'IGAD \u00e0 Djibouti<\/figcaption>\n\t\t\t\t\t\t\t\t\t\t<\/figure>\n\t\t\t\t\t\t\t\t\t<\/div>\n\t\t\t\t<\/div>\n\t\t\t\t<div class=\"elementor-element elementor-element-cf953cf elementor-widget elementor-widget-spacer\" data-id=\"cf953cf\" data-element_type=\"widget\" data-widget_type=\"spacer.default\">\n\t\t\t\t<div class=\"elementor-widget-container\">\n\t\t\t\t\t\t\t<div class=\"elementor-spacer\">\n\t\t\t<div class=\"elementor-spacer-inner\"><\/div>\n\t\t<\/div>\n\t\t\t\t\t\t<\/div>\n\t\t\t\t<\/div>\n\t\t\t\t\t<\/div>\n\t\t<\/div>\n\t\t\t\t\t<\/div>\n\t\t<\/section>\n\t\t\t\t<section class=\"elementor-section elementor-top-section elementor-element elementor-element-a1641e5 elementor-section-boxed elementor-section-height-default elementor-section-height-default\" data-id=\"a1641e5\" data-element_type=\"section\">\n\t\t\t\t\t\t<div class=\"elementor-container elementor-column-gap-default\">\n\t\t\t\t\t<div class=\"elementor-column elementor-col-100 elementor-top-column elementor-element elementor-element-147057e\" data-id=\"147057e\" data-element_type=\"column\">\n\t\t\t<div class=\"elementor-widget-wrap elementor-element-populated\">\n\t\t\t\t\t\t<div class=\"elementor-element elementor-element-02b79f6 elementor-position-top elementor-widget elementor-widget-image-box\" data-id=\"02b79f6\" data-element_type=\"widget\" data-widget_type=\"image-box.default\">\n\t\t\t\t<div class=\"elementor-widget-container\">\n\t\t\t\t\t<div class=\"elementor-image-box-wrapper\"><figure class=\"elementor-image-box-img\"><img loading=\"lazy\" decoding=\"async\" width=\"947\" height=\"960\" src=\"https:\/\/www.istanbulafrica.com\/wp-content\/uploads\/2020\/07\/Arab-Maghreb-Union-Logo.jpg\" class=\"attachment-full size-full wp-image-3831\" alt=\"\" srcset=\"https:\/\/www.istanbulafrica.com\/wp-content\/uploads\/2020\/07\/Arab-Maghreb-Union-Logo.jpg 947w, https:\/\/www.istanbulafrica.com\/wp-content\/uploads\/2020\/07\/Arab-Maghreb-Union-Logo-296x300.jpg 296w, https:\/\/www.istanbulafrica.com\/wp-content\/uploads\/2020\/07\/Arab-Maghreb-Union-Logo-768x779.jpg 768w, https:\/\/www.istanbulafrica.com\/wp-content\/uploads\/2020\/07\/Arab-Maghreb-Union-Logo-720x730.jpg 720w\" sizes=\"(max-width: 947px) 100vw, 947px\" \/><\/figure><div class=\"elementor-image-box-content\"><h3 class=\"elementor-image-box-title\">L'Union du Maghreb arabe (UMA)<\/h3><\/div><\/div>\t\t\t\t<\/div>\n\t\t\t\t<\/div>\n\t\t\t\t<div class=\"elementor-element elementor-element-068d402 elementor-widget elementor-widget-text-editor\" data-id=\"068d402\" data-element_type=\"widget\" data-widget_type=\"text-editor.default\">\n\t\t\t\t<div class=\"elementor-widget-container\">\n\t\t\t\t\t\t\t\t\t<p>L&#8217;Union du Maghreb arabe (UMA) a \u00e9t\u00e9 cr\u00e9\u00e9e en 1989. Les pays membres sont l&#8217;Alg\u00e9rie, la Libye, la Mauritanie, le Maroc et la Tunisie. Les objectifs de l&#8217;organisation comprennent la cr\u00e9ation d&#8217;une zone de libre-\u00e9change, d&#8217;une union douani\u00e8re et d&#8217;un march\u00e9 commun. Cependant, l&#8217;organisation a \u00e9t\u00e9 dormante en raison de l&#8217;opposition entre le Maroc et l&#8217;Alg\u00e9rie. L&#8217;organisation est g\u00e9r\u00e9e depuis Rabat, au Maroc.<\/p>\t\t\t\t\t\t\t\t<\/div>\n\t\t\t\t<\/div>\n\t\t\t\t<div class=\"elementor-element elementor-element-059d6e0 elementor-widget elementor-widget-image\" data-id=\"059d6e0\" data-element_type=\"widget\" data-widget_type=\"image.default\">\n\t\t\t\t<div class=\"elementor-widget-container\">\n\t\t\t\t\t\t\t\t\t\t\t\t<figure class=\"wp-caption\">\n\t\t\t\t\t\t\t\t\t\t<img loading=\"lazy\" decoding=\"async\" width=\"780\" height=\"498\" src=\"https:\/\/www.istanbulafrica.com\/wp-content\/uploads\/2020\/07\/arab_maghreb_union-Foreign-Ministers.jpg\" class=\"attachment-large size-large wp-image-3832\" alt=\"\" srcset=\"https:\/\/www.istanbulafrica.com\/wp-content\/uploads\/2020\/07\/arab_maghreb_union-Foreign-Ministers.jpg 780w, https:\/\/www.istanbulafrica.com\/wp-content\/uploads\/2020\/07\/arab_maghreb_union-Foreign-Ministers-300x192.jpg 300w, https:\/\/www.istanbulafrica.com\/wp-content\/uploads\/2020\/07\/arab_maghreb_union-Foreign-Ministers-768x490.jpg 768w, https:\/\/www.istanbulafrica.com\/wp-content\/uploads\/2020\/07\/arab_maghreb_union-Foreign-Ministers-720x460.jpg 720w\" sizes=\"(max-width: 780px) 100vw, 780px\" \/>\t\t\t\t\t\t\t\t\t\t\t<figcaption class=\"widget-image-caption wp-caption-text\">Ministres des Affaires \u00e9trang\u00e8res des pays membres de l'UMA<\/figcaption>\n\t\t\t\t\t\t\t\t\t\t<\/figure>\n\t\t\t\t\t\t\t\t\t<\/div>\n\t\t\t\t<\/div>\n\t\t\t\t<div class=\"elementor-element elementor-element-2e3e985 elementor-widget elementor-widget-spacer\" data-id=\"2e3e985\" data-element_type=\"widget\" data-widget_type=\"spacer.default\">\n\t\t\t\t<div class=\"elementor-widget-container\">\n\t\t\t\t\t\t\t<div class=\"elementor-spacer\">\n\t\t\t<div class=\"elementor-spacer-inner\"><\/div>\n\t\t<\/div>\n\t\t\t\t\t\t<\/div>\n\t\t\t\t<\/div>\n\t\t\t\t\t<\/div>\n\t\t<\/div>\n\t\t\t\t\t<\/div>\n\t\t<\/section>\n\t\t\t\t<section class=\"elementor-section elementor-top-section elementor-element elementor-element-dfc4b2e elementor-section-boxed elementor-section-height-default elementor-section-height-default\" data-id=\"dfc4b2e\" data-element_type=\"section\">\n\t\t\t\t\t\t<div class=\"elementor-container elementor-column-gap-default\">\n\t\t\t\t\t<div class=\"elementor-column elementor-col-100 elementor-top-column elementor-element elementor-element-3255dd2\" data-id=\"3255dd2\" data-element_type=\"column\">\n\t\t\t<div class=\"elementor-widget-wrap elementor-element-populated\">\n\t\t\t\t\t\t<div class=\"elementor-element elementor-element-a34b029 elementor-widget elementor-widget-image-box\" data-id=\"a34b029\" data-element_type=\"widget\" data-widget_type=\"image-box.default\">\n\t\t\t\t<div class=\"elementor-widget-container\">\n\t\t\t\t\t<div class=\"elementor-image-box-wrapper\"><div class=\"elementor-image-box-content\"><h3 class=\"elementor-image-box-title\">Zone de libre-\u00e9change de l'Afrique (AFTZ)<\/h3><\/div><\/div>\t\t\t\t<\/div>\n\t\t\t\t<\/div>\n\t\t\t\t<div class=\"elementor-element elementor-element-2f1e6d7 elementor-widget elementor-widget-text-editor\" data-id=\"2f1e6d7\" data-element_type=\"widget\" data-widget_type=\"text-editor.default\">\n\t\t\t\t<div class=\"elementor-widget-container\">\n\t\t\t\t\t\t\t\t\t<p>La Zone de libre-\u00e9change de l&#8217;Afrique (AFTZ) a \u00e9t\u00e9 cr\u00e9\u00e9e lors du sommet COMESA-SADC-EAC en 2008. Les blocs commerciaux SADC, COMESA et EAC composent l&#8217;AFTZ. Les pays membres sont l&#8217;\u00c9gypte, la Libye, le Soudan, l&#8217;Angola, le Botswana, le Burundi, les Comores, Djibouti, la R\u00e9publique dominicaine, l&#8217;\u00c9rythr\u00e9e, l&#8217;\u00c9thiopie, le Kenya, le Lesotho, Madagascar, le Malawi, Maurice, le Mozambique, la Namibie, le Rwanda, les Seychelles, le Swaziland, l&#8217;Afrique du Sud, Tanzanie, R\u00e9publique Unie de, Ouganda, Zambie et Zimbabwe.<\/p>\t\t\t\t\t\t\t\t<\/div>\n\t\t\t\t<\/div>\n\t\t\t\t<div class=\"elementor-element elementor-element-80fa05e elementor-widget elementor-widget-spacer\" data-id=\"80fa05e\" data-element_type=\"widget\" data-widget_type=\"spacer.default\">\n\t\t\t\t<div class=\"elementor-widget-container\">\n\t\t\t\t\t\t\t<div class=\"elementor-spacer\">\n\t\t\t<div class=\"elementor-spacer-inner\"><\/div>\n\t\t<\/div>\n\t\t\t\t\t\t<\/div>\n\t\t\t\t<\/div>\n\t\t\t\t\t<\/div>\n\t\t<\/div>\n\t\t\t\t\t<\/div>\n\t\t<\/section>\n\t\t\t\t<\/div>\n\t\t","protected":false},"excerpt":{"rendered":"<p>Zone de libre-\u00e9change continentale africaine (ZLECAf) La Zone de libre-\u00e9change continentale africaine (ZLECA) est une zone de libre-\u00e9change. \u00c0 ce [&hellip;]<\/p>\n","protected":false},"author":1,"featured_media":3863,"comment_status":"open","ping_status":"open","sticky":false,"template":"","format":"standard","meta":{"_monsterinsights_skip_tracking":false,"_monsterinsights_sitenote_active":false,"_monsterinsights_sitenote_note":"","_monsterinsights_sitenote_category":0,"footnotes":""},"categories":[2703],"tags":[],"class_list":["post-3858","post","type-post","status-publish","format-standard","has-post-thumbnail","hentry","category-rapport"],"yoast_head":"<!-- This site is optimized with the Yoast SEO Premium plugin v25.7.1 (Yoast SEO v25.8) - https:\/\/yoast.com\/wordpress\/plugins\/seo\/ -->\n<title>Blocs Commerciaux et Zones de Libre-\u00c9change en Afrique - Export, Import<\/title>\n<meta name=\"description\" content=\"Accords sur les syndicats, les blocs et les zones de libre-\u00e9change sur l&#039;afrique. EAC, COMESA, SADC, Union Africaine, ZLECAf, AFTZ, CEDEAO,\" \/>\n<meta name=\"robots\" content=\"index, follow, max-snippet:-1, max-image-preview:large, max-video-preview:-1\" \/>\n<link rel=\"canonical\" href=\"https:\/\/www.istanbulafrica.com\/fr\/blocs-commerciaux-et-zones-de-libre-echange-en-afrique\/\" \/>\n<meta property=\"og:locale\" content=\"en_US\" \/>\n<meta property=\"og:type\" content=\"article\" \/>\n<meta property=\"og:title\" content=\"Blocs Commerciaux et Zones de Libre-\u00c9change en Afrique\" \/>\n<meta property=\"og:description\" content=\"Accords sur les syndicats, les blocs et les zones de libre-\u00e9change sur l&#039;afrique. EAC, COMESA, SADC, Union Africaine, ZLECAf, AFTZ, CEDEAO,\" \/>\n<meta property=\"og:url\" content=\"https:\/\/www.istanbulafrica.com\/fr\/blocs-commerciaux-et-zones-de-libre-echange-en-afrique\/\" \/>\n<meta property=\"og:site_name\" content=\"Istanbul Africa Trade Company\" \/>\n<meta property=\"article:publisher\" content=\"http:\/\/www.facebook.com\/istanbulafrica\" \/>\n<meta property=\"article:published_time\" content=\"2020-07-07T10:45:59+00:00\" \/>\n<meta property=\"article:modified_time\" content=\"2020-08-06T12:06:01+00:00\" \/>\n<meta property=\"og:image\" content=\"https:\/\/www.istanbulafrica.com\/wp-content\/uploads\/2020\/07\/Africa-Free-Trade-Areas-FR.jpg\" \/>\n\t<meta property=\"og:image:width\" content=\"1500\" \/>\n\t<meta property=\"og:image:height\" content=\"1200\" \/>\n\t<meta property=\"og:image:type\" content=\"image\/jpeg\" \/>\n<meta name=\"author\" content=\"admin\" \/>\n<meta name=\"twitter:card\" content=\"summary_large_image\" \/>\n<meta name=\"twitter:creator\" content=\"@istanbulafrica\" \/>\n<meta name=\"twitter:site\" content=\"@istanbulafrica\" \/>\n<meta name=\"twitter:label1\" content=\"Written by\" \/>\n\t<meta name=\"twitter:data1\" content=\"\" \/>\n\t<meta name=\"twitter:label2\" content=\"Est. reading time\" \/>\n\t<meta name=\"twitter:data2\" content=\"7 minutes\" \/>\n<script type=\"application\/ld+json\" class=\"yoast-schema-graph\">{\"@context\":\"https:\/\/schema.org\",\"@graph\":[{\"@type\":\"Article\",\"@id\":\"https:\/\/www.istanbulafrica.com\/fr\/blocs-commerciaux-et-zones-de-libre-echange-en-afrique\/#article\",\"isPartOf\":{\"@id\":\"https:\/\/www.istanbulafrica.com\/fr\/blocs-commerciaux-et-zones-de-libre-echange-en-afrique\/\"},\"author\":{\"name\":\"admin\",\"@id\":\"https:\/\/www.istanbulafrica.com\/#\/schema\/person\/e0f8b3b562d664e99942c2ca70031388\"},\"headline\":\"Blocs Commerciaux et Zones de Libre-\u00c9change en Afrique\",\"datePublished\":\"2020-07-07T10:45:59+00:00\",\"dateModified\":\"2020-08-06T12:06:01+00:00\",\"mainEntityOfPage\":{\"@id\":\"https:\/\/www.istanbulafrica.com\/fr\/blocs-commerciaux-et-zones-de-libre-echange-en-afrique\/\"},\"wordCount\":1534,\"commentCount\":0,\"publisher\":{\"@id\":\"https:\/\/www.istanbulafrica.com\/#organization\"},\"image\":{\"@id\":\"https:\/\/www.istanbulafrica.com\/fr\/blocs-commerciaux-et-zones-de-libre-echange-en-afrique\/#primaryimage\"},\"thumbnailUrl\":\"https:\/\/www.istanbulafrica.com\/wp-content\/uploads\/2020\/07\/Africa-Free-Trade-Areas-FR.jpg\",\"articleSection\":[\"Rapport\"],\"inLanguage\":\"en-US\",\"potentialAction\":[{\"@type\":\"CommentAction\",\"name\":\"Comment\",\"target\":[\"https:\/\/www.istanbulafrica.com\/fr\/blocs-commerciaux-et-zones-de-libre-echange-en-afrique\/#respond\"]}]},{\"@type\":\"WebPage\",\"@id\":\"https:\/\/www.istanbulafrica.com\/fr\/blocs-commerciaux-et-zones-de-libre-echange-en-afrique\/\",\"url\":\"https:\/\/www.istanbulafrica.com\/fr\/blocs-commerciaux-et-zones-de-libre-echange-en-afrique\/\",\"name\":\"Blocs Commerciaux et Zones de Libre-\u00c9change en Afrique - Export, Import\",\"isPartOf\":{\"@id\":\"https:\/\/www.istanbulafrica.com\/#website\"},\"primaryImageOfPage\":{\"@id\":\"https:\/\/www.istanbulafrica.com\/fr\/blocs-commerciaux-et-zones-de-libre-echange-en-afrique\/#primaryimage\"},\"image\":{\"@id\":\"https:\/\/www.istanbulafrica.com\/fr\/blocs-commerciaux-et-zones-de-libre-echange-en-afrique\/#primaryimage\"},\"thumbnailUrl\":\"https:\/\/www.istanbulafrica.com\/wp-content\/uploads\/2020\/07\/Africa-Free-Trade-Areas-FR.jpg\",\"datePublished\":\"2020-07-07T10:45:59+00:00\",\"dateModified\":\"2020-08-06T12:06:01+00:00\",\"description\":\"Accords sur les syndicats, les blocs et les zones de libre-\u00e9change sur l'afrique. EAC, COMESA, SADC, Union Africaine, ZLECAf, AFTZ, CEDEAO,\",\"breadcrumb\":{\"@id\":\"https:\/\/www.istanbulafrica.com\/fr\/blocs-commerciaux-et-zones-de-libre-echange-en-afrique\/#breadcrumb\"},\"inLanguage\":\"en-US\",\"potentialAction\":[{\"@type\":\"ReadAction\",\"target\":[\"https:\/\/www.istanbulafrica.com\/fr\/blocs-commerciaux-et-zones-de-libre-echange-en-afrique\/\"]}]},{\"@type\":\"ImageObject\",\"inLanguage\":\"en-US\",\"@id\":\"https:\/\/www.istanbulafrica.com\/fr\/blocs-commerciaux-et-zones-de-libre-echange-en-afrique\/#primaryimage\",\"url\":\"https:\/\/www.istanbulafrica.com\/wp-content\/uploads\/2020\/07\/Africa-Free-Trade-Areas-FR.jpg\",\"contentUrl\":\"https:\/\/www.istanbulafrica.com\/wp-content\/uploads\/2020\/07\/Africa-Free-Trade-Areas-FR.jpg\",\"width\":1500,\"height\":1200},{\"@type\":\"BreadcrumbList\",\"@id\":\"https:\/\/www.istanbulafrica.com\/fr\/blocs-commerciaux-et-zones-de-libre-echange-en-afrique\/#breadcrumb\",\"itemListElement\":[{\"@type\":\"ListItem\",\"position\":1,\"name\":\"Home\",\"item\":\"https:\/\/www.istanbulafrica.com\/\"},{\"@type\":\"ListItem\",\"position\":2,\"name\":\"Blocs Commerciaux et Zones de Libre-\u00c9change en Afrique\"}]},{\"@type\":\"WebSite\",\"@id\":\"https:\/\/www.istanbulafrica.com\/#website\",\"url\":\"https:\/\/www.istanbulafrica.com\/\",\"name\":\"Istanbul Africa Trade Company\",\"description\":\"Import, Export and Investment\",\"publisher\":{\"@id\":\"https:\/\/www.istanbulafrica.com\/#organization\"},\"potentialAction\":[{\"@type\":\"SearchAction\",\"target\":{\"@type\":\"EntryPoint\",\"urlTemplate\":\"https:\/\/www.istanbulafrica.com\/?s={search_term_string}\"},\"query-input\":{\"@type\":\"PropertyValueSpecification\",\"valueRequired\":true,\"valueName\":\"search_term_string\"}}],\"inLanguage\":\"en-US\"},{\"@type\":\"Organization\",\"@id\":\"https:\/\/www.istanbulafrica.com\/#organization\",\"name\":\"Istanbul Africa Trade Company\",\"url\":\"https:\/\/www.istanbulafrica.com\/\",\"logo\":{\"@type\":\"ImageObject\",\"inLanguage\":\"en-US\",\"@id\":\"https:\/\/www.istanbulafrica.com\/#\/schema\/logo\/image\/\",\"url\":\"https:\/\/www.istanbulafrica.com\/wp-content\/uploads\/2018\/11\/Logo-5_Multicolor-1-e1543258165564.png\",\"contentUrl\":\"https:\/\/www.istanbulafrica.com\/wp-content\/uploads\/2018\/11\/Logo-5_Multicolor-1-e1543258165564.png\",\"width\":300,\"height\":82,\"caption\":\"Istanbul Africa Trade Company\"},\"image\":{\"@id\":\"https:\/\/www.istanbulafrica.com\/#\/schema\/logo\/image\/\"},\"sameAs\":[\"http:\/\/www.facebook.com\/istanbulafrica\",\"https:\/\/x.com\/istanbulafrica\",\"https:\/\/www.instagram.com\/istanbulafrica\",\"https:\/\/linkedin.com\/company\/istanbulafrica\"]},{\"@type\":\"Person\",\"@id\":\"https:\/\/www.istanbulafrica.com\/#\/schema\/person\/e0f8b3b562d664e99942c2ca70031388\",\"name\":\"admin\",\"image\":{\"@type\":\"ImageObject\",\"inLanguage\":\"en-US\",\"@id\":\"https:\/\/www.istanbulafrica.com\/#\/schema\/person\/image\/\",\"url\":\"https:\/\/www.istanbulafrica.com\/wp-content\/litespeed\/avatar\/063478b0608c9232a95d704ee9061d12.jpg?ver=1758542353\",\"contentUrl\":\"https:\/\/www.istanbulafrica.com\/wp-content\/litespeed\/avatar\/063478b0608c9232a95d704ee9061d12.jpg?ver=1758542353\",\"caption\":\"admin\"}}]}<\/script>\n<!-- \/ Yoast SEO Premium plugin. -->","yoast_head_json":{"title":"Blocs Commerciaux et Zones de Libre-\u00c9change en Afrique - Export, Import","description":"Accords sur les syndicats, les blocs et les zones de libre-\u00e9change sur l'afrique. EAC, COMESA, SADC, Union Africaine, ZLECAf, AFTZ, CEDEAO,","robots":{"index":"index","follow":"follow","max-snippet":"max-snippet:-1","max-image-preview":"max-image-preview:large","max-video-preview":"max-video-preview:-1"},"canonical":"https:\/\/www.istanbulafrica.com\/fr\/blocs-commerciaux-et-zones-de-libre-echange-en-afrique\/","og_locale":"en_US","og_type":"article","og_title":"Blocs Commerciaux et Zones de Libre-\u00c9change en Afrique","og_description":"Accords sur les syndicats, les blocs et les zones de libre-\u00e9change sur l'afrique. EAC, COMESA, SADC, Union Africaine, ZLECAf, AFTZ, CEDEAO,","og_url":"https:\/\/www.istanbulafrica.com\/fr\/blocs-commerciaux-et-zones-de-libre-echange-en-afrique\/","og_site_name":"Istanbul Africa Trade Company","article_publisher":"http:\/\/www.facebook.com\/istanbulafrica","article_published_time":"2020-07-07T10:45:59+00:00","article_modified_time":"2020-08-06T12:06:01+00:00","og_image":[{"width":1500,"height":1200,"url":"https:\/\/www.istanbulafrica.com\/wp-content\/uploads\/2020\/07\/Africa-Free-Trade-Areas-FR.jpg","type":"image\/jpeg"}],"author":"admin","twitter_card":"summary_large_image","twitter_creator":"@istanbulafrica","twitter_site":"@istanbulafrica","twitter_misc":{"Written by":false,"Est. reading time":"7 minutes"},"schema":{"@context":"https:\/\/schema.org","@graph":[{"@type":"Article","@id":"https:\/\/www.istanbulafrica.com\/fr\/blocs-commerciaux-et-zones-de-libre-echange-en-afrique\/#article","isPartOf":{"@id":"https:\/\/www.istanbulafrica.com\/fr\/blocs-commerciaux-et-zones-de-libre-echange-en-afrique\/"},"author":{"name":"admin","@id":"https:\/\/www.istanbulafrica.com\/#\/schema\/person\/e0f8b3b562d664e99942c2ca70031388"},"headline":"Blocs Commerciaux et Zones de Libre-\u00c9change en Afrique","datePublished":"2020-07-07T10:45:59+00:00","dateModified":"2020-08-06T12:06:01+00:00","mainEntityOfPage":{"@id":"https:\/\/www.istanbulafrica.com\/fr\/blocs-commerciaux-et-zones-de-libre-echange-en-afrique\/"},"wordCount":1534,"commentCount":0,"publisher":{"@id":"https:\/\/www.istanbulafrica.com\/#organization"},"image":{"@id":"https:\/\/www.istanbulafrica.com\/fr\/blocs-commerciaux-et-zones-de-libre-echange-en-afrique\/#primaryimage"},"thumbnailUrl":"https:\/\/www.istanbulafrica.com\/wp-content\/uploads\/2020\/07\/Africa-Free-Trade-Areas-FR.jpg","articleSection":["Rapport"],"inLanguage":"en-US","potentialAction":[{"@type":"CommentAction","name":"Comment","target":["https:\/\/www.istanbulafrica.com\/fr\/blocs-commerciaux-et-zones-de-libre-echange-en-afrique\/#respond"]}]},{"@type":"WebPage","@id":"https:\/\/www.istanbulafrica.com\/fr\/blocs-commerciaux-et-zones-de-libre-echange-en-afrique\/","url":"https:\/\/www.istanbulafrica.com\/fr\/blocs-commerciaux-et-zones-de-libre-echange-en-afrique\/","name":"Blocs Commerciaux et Zones de Libre-\u00c9change en Afrique - Export, Import","isPartOf":{"@id":"https:\/\/www.istanbulafrica.com\/#website"},"primaryImageOfPage":{"@id":"https:\/\/www.istanbulafrica.com\/fr\/blocs-commerciaux-et-zones-de-libre-echange-en-afrique\/#primaryimage"},"image":{"@id":"https:\/\/www.istanbulafrica.com\/fr\/blocs-commerciaux-et-zones-de-libre-echange-en-afrique\/#primaryimage"},"thumbnailUrl":"https:\/\/www.istanbulafrica.com\/wp-content\/uploads\/2020\/07\/Africa-Free-Trade-Areas-FR.jpg","datePublished":"2020-07-07T10:45:59+00:00","dateModified":"2020-08-06T12:06:01+00:00","description":"Accords sur les syndicats, les blocs et les zones de libre-\u00e9change sur l'afrique. EAC, COMESA, SADC, Union Africaine, ZLECAf, AFTZ, CEDEAO,","breadcrumb":{"@id":"https:\/\/www.istanbulafrica.com\/fr\/blocs-commerciaux-et-zones-de-libre-echange-en-afrique\/#breadcrumb"},"inLanguage":"en-US","potentialAction":[{"@type":"ReadAction","target":["https:\/\/www.istanbulafrica.com\/fr\/blocs-commerciaux-et-zones-de-libre-echange-en-afrique\/"]}]},{"@type":"ImageObject","inLanguage":"en-US","@id":"https:\/\/www.istanbulafrica.com\/fr\/blocs-commerciaux-et-zones-de-libre-echange-en-afrique\/#primaryimage","url":"https:\/\/www.istanbulafrica.com\/wp-content\/uploads\/2020\/07\/Africa-Free-Trade-Areas-FR.jpg","contentUrl":"https:\/\/www.istanbulafrica.com\/wp-content\/uploads\/2020\/07\/Africa-Free-Trade-Areas-FR.jpg","width":1500,"height":1200},{"@type":"BreadcrumbList","@id":"https:\/\/www.istanbulafrica.com\/fr\/blocs-commerciaux-et-zones-de-libre-echange-en-afrique\/#breadcrumb","itemListElement":[{"@type":"ListItem","position":1,"name":"Home","item":"https:\/\/www.istanbulafrica.com\/"},{"@type":"ListItem","position":2,"name":"Blocs Commerciaux et Zones de Libre-\u00c9change en Afrique"}]},{"@type":"WebSite","@id":"https:\/\/www.istanbulafrica.com\/#website","url":"https:\/\/www.istanbulafrica.com\/","name":"Istanbul Africa Trade Company","description":"Import, Export and Investment","publisher":{"@id":"https:\/\/www.istanbulafrica.com\/#organization"},"potentialAction":[{"@type":"SearchAction","target":{"@type":"EntryPoint","urlTemplate":"https:\/\/www.istanbulafrica.com\/?s={search_term_string}"},"query-input":{"@type":"PropertyValueSpecification","valueRequired":true,"valueName":"search_term_string"}}],"inLanguage":"en-US"},{"@type":"Organization","@id":"https:\/\/www.istanbulafrica.com\/#organization","name":"Istanbul Africa Trade Company","url":"https:\/\/www.istanbulafrica.com\/","logo":{"@type":"ImageObject","inLanguage":"en-US","@id":"https:\/\/www.istanbulafrica.com\/#\/schema\/logo\/image\/","url":"https:\/\/www.istanbulafrica.com\/wp-content\/uploads\/2018\/11\/Logo-5_Multicolor-1-e1543258165564.png","contentUrl":"https:\/\/www.istanbulafrica.com\/wp-content\/uploads\/2018\/11\/Logo-5_Multicolor-1-e1543258165564.png","width":300,"height":82,"caption":"Istanbul Africa Trade Company"},"image":{"@id":"https:\/\/www.istanbulafrica.com\/#\/schema\/logo\/image\/"},"sameAs":["http:\/\/www.facebook.com\/istanbulafrica","https:\/\/x.com\/istanbulafrica","https:\/\/www.instagram.com\/istanbulafrica","https:\/\/linkedin.com\/company\/istanbulafrica"]},{"@type":"Person","@id":"https:\/\/www.istanbulafrica.com\/#\/schema\/person\/e0f8b3b562d664e99942c2ca70031388","name":"admin","image":{"@type":"ImageObject","inLanguage":"en-US","@id":"https:\/\/www.istanbulafrica.com\/#\/schema\/person\/image\/","url":"https:\/\/www.istanbulafrica.com\/wp-content\/litespeed\/avatar\/063478b0608c9232a95d704ee9061d12.jpg?ver=1758542353","contentUrl":"https:\/\/www.istanbulafrica.com\/wp-content\/litespeed\/avatar\/063478b0608c9232a95d704ee9061d12.jpg?ver=1758542353","caption":"admin"}}]}},"_links":{"self":[{"href":"https:\/\/www.istanbulafrica.com\/wp-json\/wp\/v2\/posts\/3858","targetHints":{"allow":["GET"]}}],"collection":[{"href":"https:\/\/www.istanbulafrica.com\/wp-json\/wp\/v2\/posts"}],"about":[{"href":"https:\/\/www.istanbulafrica.com\/wp-json\/wp\/v2\/types\/post"}],"author":[{"embeddable":true,"href":"https:\/\/www.istanbulafrica.com\/wp-json\/wp\/v2\/users\/1"}],"replies":[{"embeddable":true,"href":"https:\/\/www.istanbulafrica.com\/wp-json\/wp\/v2\/comments?post=3858"}],"version-history":[{"count":5,"href":"https:\/\/www.istanbulafrica.com\/wp-json\/wp\/v2\/posts\/3858\/revisions"}],"predecessor-version":[{"id":3864,"href":"https:\/\/www.istanbulafrica.com\/wp-json\/wp\/v2\/posts\/3858\/revisions\/3864"}],"wp:featuredmedia":[{"embeddable":true,"href":"https:\/\/www.istanbulafrica.com\/wp-json\/wp\/v2\/media\/3863"}],"wp:attachment":[{"href":"https:\/\/www.istanbulafrica.com\/wp-json\/wp\/v2\/media?parent=3858"}],"wp:term":[{"taxonomy":"category","embeddable":true,"href":"https:\/\/www.istanbulafrica.com\/wp-json\/wp\/v2\/categories?post=3858"},{"taxonomy":"post_tag","embeddable":true,"href":"https:\/\/www.istanbulafrica.com\/wp-json\/wp\/v2\/tags?post=3858"}],"curies":[{"name":"wp","href":"https:\/\/api.w.org\/{rel}","templated":true}]}}