{"id":3865,"date":"2020-07-07T11:03:32","date_gmt":"2020-07-07T11:03:32","guid":{"rendered":"https:\/\/www.istanbulafrica.com\/?p=3865"},"modified":"2020-08-06T12:05:53","modified_gmt":"2020-08-06T12:05:53","slug":"afrikadaki-ticaret-bloklari-ve-serbest-ticaret-alanlari","status":"publish","type":"post","link":"https:\/\/www.istanbulafrica.com\/tr\/afrikadaki-ticaret-bloklari-ve-serbest-ticaret-alanlari\/","title":{"rendered":"Afrika&#8217;daki Ticaret Bloklar\u0131 ve Serbest Ticaret Alanlar\u0131"},"content":{"rendered":"\t\t<div data-elementor-type=\"wp-post\" data-elementor-id=\"3865\" class=\"elementor elementor-3865\">\n\t\t\t\t\t\t<section class=\"elementor-section elementor-top-section elementor-element elementor-element-b8e32ba elementor-section-boxed elementor-section-height-default elementor-section-height-default\" data-id=\"b8e32ba\" data-element_type=\"section\">\n\t\t\t\t\t\t<div class=\"elementor-container elementor-column-gap-default\">\n\t\t\t\t\t<div class=\"elementor-column elementor-col-100 elementor-top-column elementor-element elementor-element-3621a06\" data-id=\"3621a06\" data-element_type=\"column\">\n\t\t\t<div class=\"elementor-widget-wrap elementor-element-populated\">\n\t\t\t\t\t\t<div class=\"elementor-element elementor-element-95bba2d elementor-position-top elementor-widget elementor-widget-image-box\" data-id=\"95bba2d\" data-element_type=\"widget\" data-widget_type=\"image-box.default\">\n\t\t\t\t<div class=\"elementor-widget-container\">\n\t\t\t\t\t<div class=\"elementor-image-box-wrapper\"><figure class=\"elementor-image-box-img\"><img fetchpriority=\"high\" decoding=\"async\" width=\"1500\" height=\"1500\" src=\"https:\/\/www.istanbulafrica.com\/wp-content\/uploads\/2020\/07\/afcfta-logo.jpg\" class=\"attachment-full size-full wp-image-3827\" alt=\"\" srcset=\"https:\/\/www.istanbulafrica.com\/wp-content\/uploads\/2020\/07\/afcfta-logo.jpg 1500w, https:\/\/www.istanbulafrica.com\/wp-content\/uploads\/2020\/07\/afcfta-logo-300x300.jpg 300w, https:\/\/www.istanbulafrica.com\/wp-content\/uploads\/2020\/07\/afcfta-logo-1024x1024.jpg 1024w, https:\/\/www.istanbulafrica.com\/wp-content\/uploads\/2020\/07\/afcfta-logo-150x150.jpg 150w, https:\/\/www.istanbulafrica.com\/wp-content\/uploads\/2020\/07\/afcfta-logo-768x768.jpg 768w, https:\/\/www.istanbulafrica.com\/wp-content\/uploads\/2020\/07\/afcfta-logo-720x720.jpg 720w, https:\/\/www.istanbulafrica.com\/wp-content\/uploads\/2020\/07\/afcfta-logo-360x360.jpg 360w\" sizes=\"(max-width: 1500px) 100vw, 1500px\" \/><\/figure><div class=\"elementor-image-box-content\"><h3 class=\"elementor-image-box-title\">Afrika K\u0131tasal Serbest Ticaret B\u00f6lgesi (AfCFTA)<\/h3><\/div><\/div>\t\t\t\t<\/div>\n\t\t\t\t<\/div>\n\t\t\t\t<div class=\"elementor-element elementor-element-1274916 elementor-widget elementor-widget-text-editor\" data-id=\"1274916\" data-element_type=\"widget\" data-widget_type=\"text-editor.default\">\n\t\t\t\t<div class=\"elementor-widget-container\">\n\t\t\t\t\t\t\t\t\t<p>Afrika K\u0131tasal Serbest Ticaret B\u00f6lgesi (AfCFTA) bir serbest ticaret b\u00f6lgesidir. \u015eu an itibariyle, 55 Afrika Birli\u011fi \u00fclkesinden 54&#8217;\u00fc Afrika K\u0131ta Serbest Ticaret Anla\u015fmas\u0131n\u0131 imzalad\u0131. Bu \u00fclkelerin 24&#8217;\u00fcn\u00fcn onay mevduat i\u015fleminden sonra, Afrika K\u0131ta Serbest Ticaret Anla\u015fmas\u0131 2019 y\u0131l\u0131nda 24 \u00fclke i\u00e7in y\u00fcr\u00fcrl\u00fc\u011fe girmi\u015ftir.<\/p><p>Anla\u015fma, \u00fcyelerin mallar\u0131n% 90&#8217;\u0131ndaki tarifeleri kald\u0131rmas\u0131n\u0131 ve k\u0131tadaki mallara, mallara ve hizmetlere \u00fccretsiz eri\u015fime izin vermesini gerektiriyor. Tarifelerin kald\u0131r\u0131lmas\u0131n\u0131n Afrika i\u00e7i ticareti art\u0131raca\u011f\u0131 tahmin edilmektedir.<\/p><p>AfCFTA&#8217;n\u0131n hedefleri:<\/p><ul><li>Tek bir pazar yaratmak<\/li><li>Sermayenin ve insanlar\u0131n dola\u015f\u0131m\u0131 yoluyla yat\u0131r\u0131m\u0131n kolayla\u015ft\u0131r\u0131lmas\u0131<\/li><li>K\u0131ta G\u00fcmr\u00fck Birli\u011fi&#8217;ne ge\u00e7i\u015f<\/li><li>\u00dcye \u00fclkelerin end\u00fcstriyel kalk\u0131nmas\u0131n\u0131n te\u015fvik edilmesi<\/li><\/ul>\t\t\t\t\t\t\t\t<\/div>\n\t\t\t\t<\/div>\n\t\t\t\t<div class=\"elementor-element elementor-element-f31cf4b elementor-widget elementor-widget-image\" data-id=\"f31cf4b\" data-element_type=\"widget\" data-widget_type=\"image.default\">\n\t\t\t\t<div class=\"elementor-widget-container\">\n\t\t\t\t\t\t\t\t\t\t\t\t<figure class=\"wp-caption\">\n\t\t\t\t\t\t\t\t\t\t<img decoding=\"async\" width=\"1024\" height=\"602\" src=\"https:\/\/www.istanbulafrica.com\/wp-content\/uploads\/2020\/07\/Africa-Union-Headquarters-e1594111537117-1024x602.jpg\" class=\"attachment-large size-large wp-image-3830\" alt=\"\" srcset=\"https:\/\/www.istanbulafrica.com\/wp-content\/uploads\/2020\/07\/Africa-Union-Headquarters-e1594111537117-1024x602.jpg 1024w, https:\/\/www.istanbulafrica.com\/wp-content\/uploads\/2020\/07\/Africa-Union-Headquarters-e1594111537117-300x176.jpg 300w, https:\/\/www.istanbulafrica.com\/wp-content\/uploads\/2020\/07\/Africa-Union-Headquarters-e1594111537117-768x451.jpg 768w, https:\/\/www.istanbulafrica.com\/wp-content\/uploads\/2020\/07\/Africa-Union-Headquarters-e1594111537117-1536x902.jpg 1536w, https:\/\/www.istanbulafrica.com\/wp-content\/uploads\/2020\/07\/Africa-Union-Headquarters-e1594111537117-720x423.jpg 720w\" sizes=\"(max-width: 1024px) 100vw, 1024px\" \/>\t\t\t\t\t\t\t\t\t\t\t<figcaption class=\"widget-image-caption wp-caption-text\">Etiyopya, Addis Ababa'daki Afrika Birli\u011fi Merkezi<\/figcaption>\n\t\t\t\t\t\t\t\t\t\t<\/figure>\n\t\t\t\t\t\t\t\t\t<\/div>\n\t\t\t\t<\/div>\n\t\t\t\t<div class=\"elementor-element elementor-element-e73752c elementor-widget elementor-widget-spacer\" data-id=\"e73752c\" data-element_type=\"widget\" data-widget_type=\"spacer.default\">\n\t\t\t\t<div class=\"elementor-widget-container\">\n\t\t\t\t\t\t\t<div class=\"elementor-spacer\">\n\t\t\t<div class=\"elementor-spacer-inner\"><\/div>\n\t\t<\/div>\n\t\t\t\t\t\t<\/div>\n\t\t\t\t<\/div>\n\t\t\t\t\t<\/div>\n\t\t<\/div>\n\t\t\t\t\t<\/div>\n\t\t<\/section>\n\t\t\t\t<section class=\"elementor-section elementor-top-section elementor-element elementor-element-8dffed1 elementor-section-boxed elementor-section-height-default elementor-section-height-default\" data-id=\"8dffed1\" data-element_type=\"section\">\n\t\t\t\t\t\t<div class=\"elementor-container elementor-column-gap-default\">\n\t\t\t\t\t<div class=\"elementor-column elementor-col-100 elementor-top-column elementor-element elementor-element-abde2fc\" data-id=\"abde2fc\" data-element_type=\"column\">\n\t\t\t<div class=\"elementor-widget-wrap elementor-element-populated\">\n\t\t\t\t\t\t<div class=\"elementor-element elementor-element-c36e09c elementor-position-top elementor-widget elementor-widget-image-box\" data-id=\"c36e09c\" data-element_type=\"widget\" data-widget_type=\"image-box.default\">\n\t\t\t\t<div class=\"elementor-widget-container\">\n\t\t\t\t\t<div class=\"elementor-image-box-wrapper\"><figure class=\"elementor-image-box-img\"><img decoding=\"async\" width=\"1200\" height=\"1200\" src=\"https:\/\/www.istanbulafrica.com\/wp-content\/uploads\/2020\/07\/SADC-Logo.png\" class=\"attachment-full size-full wp-image-3846\" alt=\"\" srcset=\"https:\/\/www.istanbulafrica.com\/wp-content\/uploads\/2020\/07\/SADC-Logo.png 1200w, https:\/\/www.istanbulafrica.com\/wp-content\/uploads\/2020\/07\/SADC-Logo-300x300.png 300w, https:\/\/www.istanbulafrica.com\/wp-content\/uploads\/2020\/07\/SADC-Logo-1024x1024.png 1024w, https:\/\/www.istanbulafrica.com\/wp-content\/uploads\/2020\/07\/SADC-Logo-150x150.png 150w, https:\/\/www.istanbulafrica.com\/wp-content\/uploads\/2020\/07\/SADC-Logo-768x768.png 768w, https:\/\/www.istanbulafrica.com\/wp-content\/uploads\/2020\/07\/SADC-Logo-720x720.png 720w, https:\/\/www.istanbulafrica.com\/wp-content\/uploads\/2020\/07\/SADC-Logo-360x360.png 360w\" sizes=\"(max-width: 1200px) 100vw, 1200px\" \/><\/figure><div class=\"elementor-image-box-content\"><h3 class=\"elementor-image-box-title\">G\u00fcney Afrika Kalk\u0131nma Toplulu\u011fu (SADC)<\/h3><\/div><\/div>\t\t\t\t<\/div>\n\t\t\t\t<\/div>\n\t\t\t\t<div class=\"elementor-element elementor-element-6537621 elementor-widget elementor-widget-text-editor\" data-id=\"6537621\" data-element_type=\"widget\" data-widget_type=\"text-editor.default\">\n\t\t\t\t<div class=\"elementor-widget-container\">\n\t\t\t\t\t\t\t\t\t<p>G\u00fcney Afrika Kalk\u0131nma Toplulu\u011fu (SADC) 1980 y\u0131l\u0131nda kurulmu\u015ftur ve \u00fcye \u00fclkelerin ekonomik b\u00fcy\u00fcmesini desteklemeyi ve sosyo-ekonomik durumunu geli\u015ftirmeyi ama\u00e7lamaktad\u0131r. SADC&#8217;nin \u015fu anda 16 \u00fcye \u00fclkesi bulunmaktad\u0131r: Angola, Botsvana, Komor Adalar\u0131, Demokratik Kongo Cumhuriyeti (DRC), Lesoto, Madagaskar, Malawi, Mauritius, Mozambik, Namibya, Sey\u015fel Adalar\u0131, G\u00fcney Afrika, Svaziland, Tanzanya Birle\u015fik Cumhuriyeti, Zambiya ve Zimbabve.<\/p><p>SADC b\u00f6lgesinin n\u00fcfusu 350 milyon ve GSY\u0130H 721 milyar dolar. Toplam ithalat ve ihracat rakamlar\u0131 s\u0131ras\u0131yla 185 Milyar $ ve 191 Milyar $ d\u0131r. SADC&#8217;nin merkezi Gaborone, Botsvana&#8217;dad\u0131r.<\/p><p>SADC Serbest Ticaret B\u00f6lgesi (SADC FTA), \u00fcye \u00fclkeler aras\u0131nda uluslararas\u0131 ticareti te\u015fvik etmek amac\u0131yla 2008 y\u0131l\u0131nda kurulmu\u015ftur. Angola ve DRC d\u0131\u015f\u0131ndaki t\u00fcm \u00fcye \u00fclkeler Serbest Ticaret B\u00f6lgesi&#8217;ne kat\u0131ld\u0131. SADC (G\u00fcney Afrika Kalk\u0131nma Toplulu\u011fu), COMESA (Do\u011fu ve G\u00fcney Afrika Ortak Pazar\u0131) ve EAC (Do\u011fu Afrika Toplulu\u011fu) 2008 y\u0131l\u0131nda Afrika Serbest Ticaret B\u00f6lgesi&#8217;ni (AFTZ) kurdu. AFTZ 26 \u00fclkeden olu\u015fuyor.<\/p>\t\t\t\t\t\t\t\t<\/div>\n\t\t\t\t<\/div>\n\t\t\t\t<div class=\"elementor-element elementor-element-55f905e elementor-widget elementor-widget-image\" data-id=\"55f905e\" data-element_type=\"widget\" data-widget_type=\"image.default\">\n\t\t\t\t<div class=\"elementor-widget-container\">\n\t\t\t\t\t\t\t\t\t\t\t\t<figure class=\"wp-caption\">\n\t\t\t\t\t\t\t\t\t\t<img loading=\"lazy\" decoding=\"async\" width=\"1024\" height=\"512\" src=\"https:\/\/www.istanbulafrica.com\/wp-content\/uploads\/2020\/07\/SADC-Headquarters-1024x512.jpg\" class=\"attachment-large size-large wp-image-3845\" alt=\"\" srcset=\"https:\/\/www.istanbulafrica.com\/wp-content\/uploads\/2020\/07\/SADC-Headquarters-1024x512.jpg 1024w, https:\/\/www.istanbulafrica.com\/wp-content\/uploads\/2020\/07\/SADC-Headquarters-300x150.jpg 300w, https:\/\/www.istanbulafrica.com\/wp-content\/uploads\/2020\/07\/SADC-Headquarters-768x384.jpg 768w, https:\/\/www.istanbulafrica.com\/wp-content\/uploads\/2020\/07\/SADC-Headquarters-720x360.jpg 720w, https:\/\/www.istanbulafrica.com\/wp-content\/uploads\/2020\/07\/SADC-Headquarters-969x485.jpg 969w, https:\/\/www.istanbulafrica.com\/wp-content\/uploads\/2020\/07\/SADC-Headquarters.jpg 1480w\" sizes=\"(max-width: 1024px) 100vw, 1024px\" \/>\t\t\t\t\t\t\t\t\t\t\t<figcaption class=\"widget-image-caption wp-caption-text\">SADC'nin Gaborone, Botsvana'daki genel merkezi<\/figcaption>\n\t\t\t\t\t\t\t\t\t\t<\/figure>\n\t\t\t\t\t\t\t\t\t<\/div>\n\t\t\t\t<\/div>\n\t\t\t\t<div class=\"elementor-element elementor-element-3952d0e elementor-widget elementor-widget-spacer\" data-id=\"3952d0e\" data-element_type=\"widget\" data-widget_type=\"spacer.default\">\n\t\t\t\t<div class=\"elementor-widget-container\">\n\t\t\t\t\t\t\t<div class=\"elementor-spacer\">\n\t\t\t<div class=\"elementor-spacer-inner\"><\/div>\n\t\t<\/div>\n\t\t\t\t\t\t<\/div>\n\t\t\t\t<\/div>\n\t\t\t\t\t<\/div>\n\t\t<\/div>\n\t\t\t\t\t<\/div>\n\t\t<\/section>\n\t\t\t\t<section class=\"elementor-section elementor-top-section elementor-element elementor-element-8415a5d elementor-section-boxed elementor-section-height-default elementor-section-height-default\" data-id=\"8415a5d\" data-element_type=\"section\">\n\t\t\t\t\t\t<div class=\"elementor-container elementor-column-gap-default\">\n\t\t\t\t\t<div class=\"elementor-column elementor-col-100 elementor-top-column elementor-element elementor-element-d2d1460\" data-id=\"d2d1460\" data-element_type=\"column\">\n\t\t\t<div class=\"elementor-widget-wrap elementor-element-populated\">\n\t\t\t\t\t\t<div class=\"elementor-element elementor-element-72af084 elementor-position-top elementor-widget elementor-widget-image-box\" data-id=\"72af084\" data-element_type=\"widget\" data-widget_type=\"image-box.default\">\n\t\t\t\t<div class=\"elementor-widget-container\">\n\t\t\t\t\t<div class=\"elementor-image-box-wrapper\"><figure class=\"elementor-image-box-img\"><img loading=\"lazy\" decoding=\"async\" width=\"512\" height=\"512\" src=\"https:\/\/www.istanbulafrica.com\/wp-content\/uploads\/2020\/07\/Comesa-Logo.jpg\" class=\"attachment-full size-full wp-image-3836\" alt=\"\" srcset=\"https:\/\/www.istanbulafrica.com\/wp-content\/uploads\/2020\/07\/Comesa-Logo.jpg 512w, https:\/\/www.istanbulafrica.com\/wp-content\/uploads\/2020\/07\/Comesa-Logo-300x300.jpg 300w, https:\/\/www.istanbulafrica.com\/wp-content\/uploads\/2020\/07\/Comesa-Logo-150x150.jpg 150w, https:\/\/www.istanbulafrica.com\/wp-content\/uploads\/2020\/07\/Comesa-Logo-360x360.jpg 360w\" sizes=\"(max-width: 512px) 100vw, 512px\" \/><\/figure><div class=\"elementor-image-box-content\"><h3 class=\"elementor-image-box-title\">Do\u011fu ve G\u00fcney Afrika Ortak Pazar\u0131 (COMESA)<\/h3><\/div><\/div>\t\t\t\t<\/div>\n\t\t\t\t<\/div>\n\t\t\t\t<div class=\"elementor-element elementor-element-7eb6f9b elementor-widget elementor-widget-text-editor\" data-id=\"7eb6f9b\" data-element_type=\"widget\" data-widget_type=\"text-editor.default\">\n\t\t\t\t<div class=\"elementor-widget-container\">\n\t\t\t\t\t\t\t\t\t<p>Do\u011fu ve G\u00fcney Afrika Ortak Pazar\u0131 (COMESA) bir serbest ticaret b\u00f6lgesidir. \u015eu anda, COMESA anla\u015fmas\u0131n\u0131n bir par\u00e7as\u0131 olan 21 \u00fclke var. Bu \u00fclkeler: Burundi, Komorlar, D.R. Kongo, Cibuti, M\u0131s\u0131r, Eswatini, Eritre, Etiyopya, Kenya, Libya, Madagaskar, Malavi, Mauritius, Ruanda, Sey\u015fel Adalar\u0131, Somali, Sudan, Tunus, Uganda, Zambiya, Zimbabve. COMESA&#8217;n\u0131n eski \u00fcyeleri Angola, Lesoto, Mozambik, Namibya ve Tanzanya&#8217;d\u0131r.<\/p><p>\u015eu anda Do\u011fu ve G\u00fcney Afrika Ortak Pazar\u0131 560 milyon n\u00fcfusu ve 768 Milyar $ GSY\u0130H&#8217;yi kapsamaktad\u0131r. Merkezi Lusaka, Zambiya&#8217;dad\u0131r.<\/p>\t\t\t\t\t\t\t\t<\/div>\n\t\t\t\t<\/div>\n\t\t\t\t<div class=\"elementor-element elementor-element-2f6cf64 elementor-widget elementor-widget-image\" data-id=\"2f6cf64\" data-element_type=\"widget\" data-widget_type=\"image.default\">\n\t\t\t\t<div class=\"elementor-widget-container\">\n\t\t\t\t\t\t\t\t\t\t\t\t<figure class=\"wp-caption\">\n\t\t\t\t\t\t\t\t\t\t<img loading=\"lazy\" decoding=\"async\" width=\"1024\" height=\"768\" src=\"https:\/\/www.istanbulafrica.com\/wp-content\/uploads\/2020\/07\/Comesa-Headquarters-Lusaka-Zambia-1024x768.jpg\" class=\"attachment-large size-large wp-image-3835\" alt=\"\" srcset=\"https:\/\/www.istanbulafrica.com\/wp-content\/uploads\/2020\/07\/Comesa-Headquarters-Lusaka-Zambia-1024x768.jpg 1024w, https:\/\/www.istanbulafrica.com\/wp-content\/uploads\/2020\/07\/Comesa-Headquarters-Lusaka-Zambia-300x225.jpg 300w, https:\/\/www.istanbulafrica.com\/wp-content\/uploads\/2020\/07\/Comesa-Headquarters-Lusaka-Zambia-768x576.jpg 768w, https:\/\/www.istanbulafrica.com\/wp-content\/uploads\/2020\/07\/Comesa-Headquarters-Lusaka-Zambia-720x540.jpg 720w, https:\/\/www.istanbulafrica.com\/wp-content\/uploads\/2020\/07\/Comesa-Headquarters-Lusaka-Zambia.jpg 1200w\" sizes=\"(max-width: 1024px) 100vw, 1024px\" \/>\t\t\t\t\t\t\t\t\t\t\t<figcaption class=\"widget-image-caption wp-caption-text\">Lusaka, Zambiya COMESA'n\u0131n Genel Merkezi<\/figcaption>\n\t\t\t\t\t\t\t\t\t\t<\/figure>\n\t\t\t\t\t\t\t\t\t<\/div>\n\t\t\t\t<\/div>\n\t\t\t\t<div class=\"elementor-element elementor-element-305b98c elementor-widget elementor-widget-spacer\" data-id=\"305b98c\" data-element_type=\"widget\" data-widget_type=\"spacer.default\">\n\t\t\t\t<div class=\"elementor-widget-container\">\n\t\t\t\t\t\t\t<div class=\"elementor-spacer\">\n\t\t\t<div class=\"elementor-spacer-inner\"><\/div>\n\t\t<\/div>\n\t\t\t\t\t\t<\/div>\n\t\t\t\t<\/div>\n\t\t\t\t\t<\/div>\n\t\t<\/div>\n\t\t\t\t\t<\/div>\n\t\t<\/section>\n\t\t\t\t<section class=\"elementor-section elementor-top-section elementor-element elementor-element-ebb151e elementor-section-boxed elementor-section-height-default elementor-section-height-default\" data-id=\"ebb151e\" data-element_type=\"section\">\n\t\t\t\t\t\t<div class=\"elementor-container elementor-column-gap-default\">\n\t\t\t\t\t<div class=\"elementor-column elementor-col-100 elementor-top-column elementor-element elementor-element-fea94e3\" data-id=\"fea94e3\" data-element_type=\"column\">\n\t\t\t<div class=\"elementor-widget-wrap elementor-element-populated\">\n\t\t\t\t\t\t<div class=\"elementor-element elementor-element-98fe7b1 elementor-position-top elementor-widget elementor-widget-image-box\" data-id=\"98fe7b1\" data-element_type=\"widget\" data-widget_type=\"image-box.default\">\n\t\t\t\t<div class=\"elementor-widget-container\">\n\t\t\t\t\t<div class=\"elementor-image-box-wrapper\"><figure class=\"elementor-image-box-img\"><img loading=\"lazy\" decoding=\"async\" width=\"1164\" height=\"1179\" src=\"https:\/\/www.istanbulafrica.com\/wp-content\/uploads\/2020\/07\/Ecowas-Logo.jpg\" class=\"attachment-full size-full wp-image-3842\" alt=\"\" srcset=\"https:\/\/www.istanbulafrica.com\/wp-content\/uploads\/2020\/07\/Ecowas-Logo.jpg 1164w, https:\/\/www.istanbulafrica.com\/wp-content\/uploads\/2020\/07\/Ecowas-Logo-296x300.jpg 296w, https:\/\/www.istanbulafrica.com\/wp-content\/uploads\/2020\/07\/Ecowas-Logo-1011x1024.jpg 1011w, https:\/\/www.istanbulafrica.com\/wp-content\/uploads\/2020\/07\/Ecowas-Logo-768x778.jpg 768w, https:\/\/www.istanbulafrica.com\/wp-content\/uploads\/2020\/07\/Ecowas-Logo-720x729.jpg 720w\" sizes=\"(max-width: 1164px) 100vw, 1164px\" \/><\/figure><div class=\"elementor-image-box-content\"><h3 class=\"elementor-image-box-title\">Bat\u0131 Afrika Devletleri Ekonomi Toplulu\u011fu (ECOWAS)<\/h3><\/div><\/div>\t\t\t\t<\/div>\n\t\t\t\t<\/div>\n\t\t\t\t<div class=\"elementor-element elementor-element-58afa27 elementor-widget elementor-widget-text-editor\" data-id=\"58afa27\" data-element_type=\"widget\" data-widget_type=\"text-editor.default\">\n\t\t\t\t<div class=\"elementor-widget-container\">\n\t\t\t\t\t\t\t\t\t<p>Bat\u0131 Afrika Devletleri Ekonomik Toplulu\u011fu (ECOWAS), ekonomik i\u015fbirli\u011fini geli\u015ftirmek ve \u00fcye \u00fclkelerdeki ya\u015fam standartlar\u0131n\u0131 y\u00fckseltmek amac\u0131yla 1975 y\u0131l\u0131nda kuruldu. ECOWAS 1990 y\u0131l\u0131ndan beri kendi serbest ticaret alan\u0131na sahiptir. \u00dcye \u00fclkeler ortak bir ithalat tarifesi kabul etmektedir. ECOWAS&#8217;\u0131n \u015fu anda 15 \u00fcye \u00fclkesi bulunmaktad\u0131r: Benin, Burkina Faso, Cabo Verde, Fildi\u015fi Sahili, Gambiya, Gana, Gine, Gine-Bissau, Liberya, Mali, Nijer, Nijerya, Senegal, Sierra Leone ve Togo. ECOWAS Serbest Ticaret B\u00f6lgesi \u00fcye \u00fclkelerden olu\u015fmaktad\u0131r ve Bat\u0131 Afrika&#8217;daki en b\u00fcy\u00fck aktif serbest ticaret b\u00f6lgesidir. Organizasyonun merkezi Abuja, Nijerya&#8217;dad\u0131r.<\/p><p>ECOWAS&#8217;\u0131n \u00fcye \u00fclkeleri i\u00e7in de para politikalar\u0131 vard\u0131r. Bat\u0131 Afrika Ekonomik ve Parasal Birli\u011fi (UEMOA) ECOWAS \u00fcyeleri i\u00e7in ortak bir kurulu\u015ftur. Bu \u00fclkeler ortak para birimi olarak CFA frang\u0131 payla\u015fmaktad\u0131r. Bu \u00fclkeler Benin, Burkina Faso, Fildi\u015fi Sahili, Gine-Bissau, Mali, Nijer, Senegal ve Togo.<\/p><p>ECOWAS \u00fcye devletleri taraf\u0131ndan kurulan ikinci parasal organizasyon Bat\u0131 Afrika Para B\u00f6lgesi&#8217;dir (WAMZ). WAMZ&#8217;\u0131n kurucu alt\u0131 \u00fcyesi Eco ad\u0131 verilen ortak bir para birimi olu\u015fturmay\u0131 planl\u0131yor. \u00dcyeler Gambiya, Gana, Gine, Liberya, Nijerya ve Sierra Leone&#8217;dir.<\/p>\t\t\t\t\t\t\t\t<\/div>\n\t\t\t\t<\/div>\n\t\t\t\t<div class=\"elementor-element elementor-element-420d110 elementor-widget elementor-widget-image\" data-id=\"420d110\" data-element_type=\"widget\" data-widget_type=\"image.default\">\n\t\t\t\t<div class=\"elementor-widget-container\">\n\t\t\t\t\t\t\t\t\t\t\t\t<figure class=\"wp-caption\">\n\t\t\t\t\t\t\t\t\t\t<img loading=\"lazy\" decoding=\"async\" width=\"1024\" height=\"609\" src=\"https:\/\/www.istanbulafrica.com\/wp-content\/uploads\/2020\/07\/ECOWAS-Headquarters-Abuja-Nigeria-1024x609.png\" class=\"attachment-large size-large wp-image-3841\" alt=\"\" srcset=\"https:\/\/www.istanbulafrica.com\/wp-content\/uploads\/2020\/07\/ECOWAS-Headquarters-Abuja-Nigeria-1024x609.png 1024w, https:\/\/www.istanbulafrica.com\/wp-content\/uploads\/2020\/07\/ECOWAS-Headquarters-Abuja-Nigeria-300x178.png 300w, https:\/\/www.istanbulafrica.com\/wp-content\/uploads\/2020\/07\/ECOWAS-Headquarters-Abuja-Nigeria-768x457.png 768w, https:\/\/www.istanbulafrica.com\/wp-content\/uploads\/2020\/07\/ECOWAS-Headquarters-Abuja-Nigeria-1536x914.png 1536w, https:\/\/www.istanbulafrica.com\/wp-content\/uploads\/2020\/07\/ECOWAS-Headquarters-Abuja-Nigeria-720x428.png 720w, https:\/\/www.istanbulafrica.com\/wp-content\/uploads\/2020\/07\/ECOWAS-Headquarters-Abuja-Nigeria.png 1900w\" sizes=\"(max-width: 1024px) 100vw, 1024px\" \/>\t\t\t\t\t\t\t\t\t\t\t<figcaption class=\"widget-image-caption wp-caption-text\">ECOWAS'\u0131n merkezi Abuja, Nijerya'da<\/figcaption>\n\t\t\t\t\t\t\t\t\t\t<\/figure>\n\t\t\t\t\t\t\t\t\t<\/div>\n\t\t\t\t<\/div>\n\t\t\t\t<div class=\"elementor-element elementor-element-06b81e3 elementor-widget elementor-widget-spacer\" data-id=\"06b81e3\" data-element_type=\"widget\" data-widget_type=\"spacer.default\">\n\t\t\t\t<div class=\"elementor-widget-container\">\n\t\t\t\t\t\t\t<div class=\"elementor-spacer\">\n\t\t\t<div class=\"elementor-spacer-inner\"><\/div>\n\t\t<\/div>\n\t\t\t\t\t\t<\/div>\n\t\t\t\t<\/div>\n\t\t\t\t\t<\/div>\n\t\t<\/div>\n\t\t\t\t\t<\/div>\n\t\t<\/section>\n\t\t\t\t<section class=\"elementor-section elementor-top-section elementor-element elementor-element-8bf2b3a elementor-section-boxed elementor-section-height-default elementor-section-height-default\" data-id=\"8bf2b3a\" data-element_type=\"section\">\n\t\t\t\t\t\t<div class=\"elementor-container elementor-column-gap-default\">\n\t\t\t\t\t<div class=\"elementor-column elementor-col-100 elementor-top-column elementor-element elementor-element-0d97f1a\" data-id=\"0d97f1a\" data-element_type=\"column\">\n\t\t\t<div class=\"elementor-widget-wrap elementor-element-populated\">\n\t\t\t\t\t\t<div class=\"elementor-element elementor-element-f737fae elementor-position-top elementor-widget elementor-widget-image-box\" data-id=\"f737fae\" data-element_type=\"widget\" data-widget_type=\"image-box.default\">\n\t\t\t\t<div class=\"elementor-widget-container\">\n\t\t\t\t\t<div class=\"elementor-image-box-wrapper\"><figure class=\"elementor-image-box-img\"><img loading=\"lazy\" decoding=\"async\" width=\"512\" height=\"341\" src=\"https:\/\/www.istanbulafrica.com\/wp-content\/uploads\/2020\/07\/Eccas-Logo.png\" class=\"attachment-full size-full wp-image-3840\" alt=\"\" srcset=\"https:\/\/www.istanbulafrica.com\/wp-content\/uploads\/2020\/07\/Eccas-Logo.png 512w, https:\/\/www.istanbulafrica.com\/wp-content\/uploads\/2020\/07\/Eccas-Logo-300x200.png 300w, https:\/\/www.istanbulafrica.com\/wp-content\/uploads\/2020\/07\/Eccas-Logo-272x182.png 272w\" sizes=\"(max-width: 512px) 100vw, 512px\" \/><\/figure><div class=\"elementor-image-box-content\"><h3 class=\"elementor-image-box-title\">Orta Afrika Devletleri Ekonomi Toplulu\u011fu (ECCAS)<\/h3><\/div><\/div>\t\t\t\t<\/div>\n\t\t\t\t<\/div>\n\t\t\t\t<div class=\"elementor-element elementor-element-bdaf548 elementor-widget elementor-widget-text-editor\" data-id=\"bdaf548\" data-element_type=\"widget\" data-widget_type=\"text-editor.default\">\n\t\t\t\t<div class=\"elementor-widget-container\">\n\t\t\t\t\t\t\t\t\t<p>Orta Afrika Devletleri Ekonomi Toplulu\u011fu (ECCAS), Orta Afrika&#8217;da b\u00f6lgesel ekonomiyi te\u015fvik etmektedir. ECCAS&#8217;\u0131n kurulu\u015fu 1964 y\u0131l\u0131nda kurulan Orta Afrika G\u00fcmr\u00fck ve Ekonomik Birli\u011fi&#8217;ne (UDEAC) dayanmaktad\u0131r. \u00dcye devletler Angola, Burundi, Kamerun, Orta Afrika Cumhuriyeti, \u00c7ad, Kongo (Brazzaville), Demokratik Kongo Cumhuriyeti, Ekvator Ginesi, Gabon, Ruanda, Sao Tome ve Principe. ECCAS&#8217;\u0131n merkezi Libreville, Gabon&#8217;da bulunmaktad\u0131r.<\/p><p>Orta Afrika Ekonomik ve Parasal Toplulu\u011fu, ayn\u0131 para birimini (CFA frang\u0131) payla\u015fan 6 \u00fclke taraf\u0131ndan kurulan bir yan kurulu\u015ftur. Ekonomik b\u00fcy\u00fcmeyi te\u015fvik etmeyi ve \u00fcye devletler aras\u0131nda para birli\u011fi olu\u015fturmay\u0131 ama\u00e7l\u0131yor.<\/p>\t\t\t\t\t\t\t\t<\/div>\n\t\t\t\t<\/div>\n\t\t\t\t<div class=\"elementor-element elementor-element-c8aebb0 elementor-widget elementor-widget-image\" data-id=\"c8aebb0\" data-element_type=\"widget\" data-widget_type=\"image.default\">\n\t\t\t\t<div class=\"elementor-widget-container\">\n\t\t\t\t\t\t\t\t\t\t\t\t<figure class=\"wp-caption\">\n\t\t\t\t\t\t\t\t\t\t<img loading=\"lazy\" decoding=\"async\" width=\"1024\" height=\"593\" src=\"https:\/\/www.istanbulafrica.com\/wp-content\/uploads\/2020\/07\/Eccas-headquarters-libreville-gabon-1024x593.jpg\" class=\"attachment-large size-large wp-image-3839\" alt=\"\" srcset=\"https:\/\/www.istanbulafrica.com\/wp-content\/uploads\/2020\/07\/Eccas-headquarters-libreville-gabon-1024x593.jpg 1024w, https:\/\/www.istanbulafrica.com\/wp-content\/uploads\/2020\/07\/Eccas-headquarters-libreville-gabon-300x174.jpg 300w, https:\/\/www.istanbulafrica.com\/wp-content\/uploads\/2020\/07\/Eccas-headquarters-libreville-gabon-768x445.jpg 768w, https:\/\/www.istanbulafrica.com\/wp-content\/uploads\/2020\/07\/Eccas-headquarters-libreville-gabon-720x417.jpg 720w, https:\/\/www.istanbulafrica.com\/wp-content\/uploads\/2020\/07\/Eccas-headquarters-libreville-gabon.jpg 1200w\" sizes=\"(max-width: 1024px) 100vw, 1024px\" \/>\t\t\t\t\t\t\t\t\t\t\t<figcaption class=\"widget-image-caption wp-caption-text\">ECCAS'\u0131n Libreville, Gabon'daki genel merkezi<\/figcaption>\n\t\t\t\t\t\t\t\t\t\t<\/figure>\n\t\t\t\t\t\t\t\t\t<\/div>\n\t\t\t\t<\/div>\n\t\t\t\t<div class=\"elementor-element elementor-element-1d68ded elementor-widget elementor-widget-spacer\" data-id=\"1d68ded\" data-element_type=\"widget\" data-widget_type=\"spacer.default\">\n\t\t\t\t<div class=\"elementor-widget-container\">\n\t\t\t\t\t\t\t<div class=\"elementor-spacer\">\n\t\t\t<div class=\"elementor-spacer-inner\"><\/div>\n\t\t<\/div>\n\t\t\t\t\t\t<\/div>\n\t\t\t\t<\/div>\n\t\t\t\t\t<\/div>\n\t\t<\/div>\n\t\t\t\t\t<\/div>\n\t\t<\/section>\n\t\t\t\t<section class=\"elementor-section elementor-top-section elementor-element elementor-element-ada5f01 elementor-section-boxed elementor-section-height-default elementor-section-height-default\" data-id=\"ada5f01\" data-element_type=\"section\">\n\t\t\t\t\t\t<div class=\"elementor-container elementor-column-gap-default\">\n\t\t\t\t\t<div class=\"elementor-column elementor-col-100 elementor-top-column elementor-element elementor-element-eb8d74c\" data-id=\"eb8d74c\" data-element_type=\"column\">\n\t\t\t<div class=\"elementor-widget-wrap elementor-element-populated\">\n\t\t\t\t\t\t<div class=\"elementor-element elementor-element-87b831a elementor-position-top elementor-widget elementor-widget-image-box\" data-id=\"87b831a\" data-element_type=\"widget\" data-widget_type=\"image-box.default\">\n\t\t\t\t<div class=\"elementor-widget-container\">\n\t\t\t\t\t<div class=\"elementor-image-box-wrapper\"><figure class=\"elementor-image-box-img\"><img loading=\"lazy\" decoding=\"async\" width=\"1200\" height=\"1110\" src=\"https:\/\/www.istanbulafrica.com\/wp-content\/uploads\/2020\/07\/EAC-Logo.png\" class=\"attachment-full size-full wp-image-3837\" alt=\"\" srcset=\"https:\/\/www.istanbulafrica.com\/wp-content\/uploads\/2020\/07\/EAC-Logo.png 1200w, https:\/\/www.istanbulafrica.com\/wp-content\/uploads\/2020\/07\/EAC-Logo-300x278.png 300w, https:\/\/www.istanbulafrica.com\/wp-content\/uploads\/2020\/07\/EAC-Logo-1024x947.png 1024w, https:\/\/www.istanbulafrica.com\/wp-content\/uploads\/2020\/07\/EAC-Logo-768x710.png 768w, https:\/\/www.istanbulafrica.com\/wp-content\/uploads\/2020\/07\/EAC-Logo-720x666.png 720w\" sizes=\"(max-width: 1200px) 100vw, 1200px\" \/><\/figure><div class=\"elementor-image-box-content\"><h3 class=\"elementor-image-box-title\">Do\u011fu Afrika Toplulu\u011fu (EAC)<\/h3><\/div><\/div>\t\t\t\t<\/div>\n\t\t\t\t<\/div>\n\t\t\t\t<div class=\"elementor-element elementor-element-9ab10be elementor-widget elementor-widget-text-editor\" data-id=\"9ab10be\" data-element_type=\"widget\" data-widget_type=\"text-editor.default\">\n\t\t\t\t<div class=\"elementor-widget-container\">\n\t\t\t\t\t\t\t\t\t<p>Do\u011fu Afrika Toplulu\u011fu (EAC) 2000 y\u0131l\u0131nda Great Lakes B\u00f6lgesi&#8217;ndeki 6 \u00fcye \u00fclke taraf\u0131ndan kurulan uluslararas\u0131 bir organizasyondur. \u00dcye \u00fclkeleri Burundi, Kenya, Ruanda, G\u00fcney Sudan, Tanzanya ve Uganda&#8217;d\u0131r. Organizasyonun y\u00f6netim merkezi Tanzanya&#8217;n\u0131n Arusha kentindedir. EAC, serbest ticaret alan\u0131n\u0131 te\u015fvik eder ve \u00fcye \u00fclkeler aras\u0131nda ekonomik i\u015fbirli\u011fini geni\u015fletir.<\/p><p>\u00d6rg\u00fct Do\u011fu Afrika G\u00fcmr\u00fck Birli\u011fi&#8217;ne ula\u015ft\u0131 ve mallar i\u00e7in ortak bir pazar kurdu. 2008 y\u0131l\u0131nda, EAC&#8217;nin serbest ticaret b\u00f6lgesi SADC b\u00f6lgesine ve COMESA b\u00f6lgesine geni\u015fletildi. Para birli\u011fi EAC&#8217;nin yeni ama\u00e7lar\u0131ndan biridir.<\/p><p>G\u00fcmr\u00fck Birli\u011fi&#8217;ne g\u00f6re, \u00fcye \u00fclkeler taraf\u0131ndan ortak bir d\u0131\u015f tarife uygulanmaktad\u0131r. Ayr\u0131ca, \u00fcyeler aras\u0131ndaki ticaret g\u00fcmr\u00fcks\u00fczd\u00fcr. Tarife oranlar\u0131 malzeme t\u00fcr\u00fcne ba\u011fl\u0131d\u0131r: Hammaddeler (% 0), ara \u00fcr\u00fcnler (% 10), mamuller (% 25).<\/p>\t\t\t\t\t\t\t\t<\/div>\n\t\t\t\t<\/div>\n\t\t\t\t<div class=\"elementor-element elementor-element-55fba69 elementor-widget elementor-widget-image\" data-id=\"55fba69\" data-element_type=\"widget\" data-widget_type=\"image.default\">\n\t\t\t\t<div class=\"elementor-widget-container\">\n\t\t\t\t\t\t\t\t\t\t\t\t<figure class=\"wp-caption\">\n\t\t\t\t\t\t\t\t\t\t<img loading=\"lazy\" decoding=\"async\" width=\"1024\" height=\"616\" src=\"https:\/\/www.istanbulafrica.com\/wp-content\/uploads\/2020\/07\/East-Africa-Community-Arusha-Tanzania-Headquarters-1024x616.jpg\" class=\"attachment-large size-large wp-image-3838\" alt=\"\" srcset=\"https:\/\/www.istanbulafrica.com\/wp-content\/uploads\/2020\/07\/East-Africa-Community-Arusha-Tanzania-Headquarters-1024x616.jpg 1024w, https:\/\/www.istanbulafrica.com\/wp-content\/uploads\/2020\/07\/East-Africa-Community-Arusha-Tanzania-Headquarters-300x180.jpg 300w, https:\/\/www.istanbulafrica.com\/wp-content\/uploads\/2020\/07\/East-Africa-Community-Arusha-Tanzania-Headquarters-768x462.jpg 768w, https:\/\/www.istanbulafrica.com\/wp-content\/uploads\/2020\/07\/East-Africa-Community-Arusha-Tanzania-Headquarters-720x433.jpg 720w, https:\/\/www.istanbulafrica.com\/wp-content\/uploads\/2020\/07\/East-Africa-Community-Arusha-Tanzania-Headquarters.jpg 1280w\" sizes=\"(max-width: 1024px) 100vw, 1024px\" \/>\t\t\t\t\t\t\t\t\t\t\t<figcaption class=\"widget-image-caption wp-caption-text\">EAC'nin Arusha, Tanzanya'daki genel merkezi<\/figcaption>\n\t\t\t\t\t\t\t\t\t\t<\/figure>\n\t\t\t\t\t\t\t\t\t<\/div>\n\t\t\t\t<\/div>\n\t\t\t\t<div class=\"elementor-element elementor-element-3dd2e7e elementor-widget elementor-widget-spacer\" data-id=\"3dd2e7e\" data-element_type=\"widget\" data-widget_type=\"spacer.default\">\n\t\t\t\t<div class=\"elementor-widget-container\">\n\t\t\t\t\t\t\t<div class=\"elementor-spacer\">\n\t\t\t<div class=\"elementor-spacer-inner\"><\/div>\n\t\t<\/div>\n\t\t\t\t\t\t<\/div>\n\t\t\t\t<\/div>\n\t\t\t\t\t<\/div>\n\t\t<\/div>\n\t\t\t\t\t<\/div>\n\t\t<\/section>\n\t\t\t\t<section class=\"elementor-section elementor-top-section elementor-element elementor-element-8ce6df2 elementor-section-boxed elementor-section-height-default elementor-section-height-default\" data-id=\"8ce6df2\" data-element_type=\"section\">\n\t\t\t\t\t\t<div class=\"elementor-container elementor-column-gap-default\">\n\t\t\t\t\t<div class=\"elementor-column elementor-col-100 elementor-top-column elementor-element elementor-element-7f0f6f5\" data-id=\"7f0f6f5\" data-element_type=\"column\">\n\t\t\t<div class=\"elementor-widget-wrap elementor-element-populated\">\n\t\t\t\t\t\t<div class=\"elementor-element elementor-element-f72d6a0 elementor-position-top elementor-widget elementor-widget-image-box\" data-id=\"f72d6a0\" data-element_type=\"widget\" data-widget_type=\"image-box.default\">\n\t\t\t\t<div class=\"elementor-widget-container\">\n\t\t\t\t\t<div class=\"elementor-image-box-wrapper\"><figure class=\"elementor-image-box-img\"><img loading=\"lazy\" decoding=\"async\" width=\"509\" height=\"359\" src=\"https:\/\/www.istanbulafrica.com\/wp-content\/uploads\/2020\/07\/Cen-sad-Logo.jpg\" class=\"attachment-full size-full wp-image-3833\" alt=\"\" srcset=\"https:\/\/www.istanbulafrica.com\/wp-content\/uploads\/2020\/07\/Cen-sad-Logo.jpg 509w, https:\/\/www.istanbulafrica.com\/wp-content\/uploads\/2020\/07\/Cen-sad-Logo-300x212.jpg 300w\" sizes=\"(max-width: 509px) 100vw, 509px\" \/><\/figure><div class=\"elementor-image-box-content\"><h3 class=\"elementor-image-box-title\">Sahel-Sahra Devletleri Toplulu\u011fu (CEN-SAD)<\/h3><\/div><\/div>\t\t\t\t<\/div>\n\t\t\t\t<\/div>\n\t\t\t\t<div class=\"elementor-element elementor-element-31d9d57 elementor-widget elementor-widget-text-editor\" data-id=\"31d9d57\" data-element_type=\"widget\" data-widget_type=\"text-editor.default\">\n\t\t\t\t<div class=\"elementor-widget-container\">\n\t\t\t\t\t\t\t\t\t<p>Sahel-Sahra Devletleri Toplulu\u011fu (CEN-SAD) 1998 y\u0131l\u0131nda kuruldu. \u00dcye \u00fclkeler aras\u0131nda b\u00f6lgesel refah\u0131 art\u0131rmak ve ticaret hacmini art\u0131rmak i\u00e7in CEN-SAD kuruldu. Mallar\u0131n, sermayenin ve insanlar\u0131n serbest dola\u015f\u0131m\u0131n\u0131 te\u015fvik etti. \u00dcye \u00fclkeler: Benin, Burkina Faso, Orta Afrika Cumhuriyeti, \u00c7ad, Komor Adalar\u0131, Fildi\u015fi Sahili, Cibuti, M\u0131s\u0131r, Eritre, Gambiya, Gana, Gine-Bissau, Libya, Mali, Moritanya, Fas, Nijer, Nijerya, Senegal , Sierra Leone, Somali, Sudan, Togo ve Tunus. Organizasyonun merkezi Libya&#8217;n\u0131n Trablus kentindedir.<\/p>\t\t\t\t\t\t\t\t<\/div>\n\t\t\t\t<\/div>\n\t\t\t\t<div class=\"elementor-element elementor-element-d478922 elementor-widget elementor-widget-image\" data-id=\"d478922\" data-element_type=\"widget\" data-widget_type=\"image.default\">\n\t\t\t\t<div class=\"elementor-widget-container\">\n\t\t\t\t\t\t\t\t\t\t\t\t<figure class=\"wp-caption\">\n\t\t\t\t\t\t\t\t\t\t<img loading=\"lazy\" decoding=\"async\" width=\"960\" height=\"550\" src=\"https:\/\/www.istanbulafrica.com\/wp-content\/uploads\/2020\/07\/Cen-Sad-Summit-2016-in-Egypt.jpg\" class=\"attachment-large size-large wp-image-3834\" alt=\"\" srcset=\"https:\/\/www.istanbulafrica.com\/wp-content\/uploads\/2020\/07\/Cen-Sad-Summit-2016-in-Egypt.jpg 960w, https:\/\/www.istanbulafrica.com\/wp-content\/uploads\/2020\/07\/Cen-Sad-Summit-2016-in-Egypt-300x172.jpg 300w, https:\/\/www.istanbulafrica.com\/wp-content\/uploads\/2020\/07\/Cen-Sad-Summit-2016-in-Egypt-768x440.jpg 768w, https:\/\/www.istanbulafrica.com\/wp-content\/uploads\/2020\/07\/Cen-Sad-Summit-2016-in-Egypt-720x413.jpg 720w\" sizes=\"(max-width: 960px) 100vw, 960px\" \/>\t\t\t\t\t\t\t\t\t\t\t<figcaption class=\"widget-image-caption wp-caption-text\">2016 M\u0131s\u0131r'da Cen-Sad Zirvesi<\/figcaption>\n\t\t\t\t\t\t\t\t\t\t<\/figure>\n\t\t\t\t\t\t\t\t\t<\/div>\n\t\t\t\t<\/div>\n\t\t\t\t<div class=\"elementor-element elementor-element-66fe510 elementor-widget elementor-widget-spacer\" data-id=\"66fe510\" data-element_type=\"widget\" data-widget_type=\"spacer.default\">\n\t\t\t\t<div class=\"elementor-widget-container\">\n\t\t\t\t\t\t\t<div class=\"elementor-spacer\">\n\t\t\t<div class=\"elementor-spacer-inner\"><\/div>\n\t\t<\/div>\n\t\t\t\t\t\t<\/div>\n\t\t\t\t<\/div>\n\t\t\t\t\t<\/div>\n\t\t<\/div>\n\t\t\t\t\t<\/div>\n\t\t<\/section>\n\t\t\t\t<section class=\"elementor-section elementor-top-section elementor-element elementor-element-7c9d1f7 elementor-section-boxed elementor-section-height-default elementor-section-height-default\" data-id=\"7c9d1f7\" data-element_type=\"section\">\n\t\t\t\t\t\t<div class=\"elementor-container elementor-column-gap-default\">\n\t\t\t\t\t<div class=\"elementor-column elementor-col-100 elementor-top-column elementor-element elementor-element-13078c8\" data-id=\"13078c8\" data-element_type=\"column\">\n\t\t\t<div class=\"elementor-widget-wrap elementor-element-populated\">\n\t\t\t\t\t\t<div class=\"elementor-element elementor-element-1c8866e elementor-position-top elementor-widget elementor-widget-image-box\" data-id=\"1c8866e\" data-element_type=\"widget\" data-widget_type=\"image-box.default\">\n\t\t\t\t<div class=\"elementor-widget-container\">\n\t\t\t\t\t<div class=\"elementor-image-box-wrapper\"><figure class=\"elementor-image-box-img\"><img loading=\"lazy\" decoding=\"async\" width=\"400\" height=\"197\" src=\"https:\/\/www.istanbulafrica.com\/wp-content\/uploads\/2020\/07\/IGAD-Logo.png\" class=\"attachment-full size-full wp-image-3843\" alt=\"\" srcset=\"https:\/\/www.istanbulafrica.com\/wp-content\/uploads\/2020\/07\/IGAD-Logo.png 400w, https:\/\/www.istanbulafrica.com\/wp-content\/uploads\/2020\/07\/IGAD-Logo-300x148.png 300w\" sizes=\"(max-width: 400px) 100vw, 400px\" \/><\/figure><div class=\"elementor-image-box-content\"><h3 class=\"elementor-image-box-title\">H\u00fck\u00fcmetleraras\u0131 Kalk\u0131nma Otoritesi (IGAD)<\/h3><\/div><\/div>\t\t\t\t<\/div>\n\t\t\t\t<\/div>\n\t\t\t\t<div class=\"elementor-element elementor-element-25a08c5 elementor-widget elementor-widget-text-editor\" data-id=\"25a08c5\" data-element_type=\"widget\" data-widget_type=\"text-editor.default\">\n\t\t\t\t<div class=\"elementor-widget-container\">\n\t\t\t\t\t\t\t\t\t<p>H\u00fck\u00fcmetler Aras\u0131 Kalk\u0131nma Otoritesi (IGAD) Do\u011fu Afrika&#8217;da h\u00fck\u00fcmetler aras\u0131 bir kurulu\u015ftur. 1996 y\u0131l\u0131nda kuruldu. Genel merkezi Cibuti \u015fehrinde bulunmaktad\u0131r. \u00dcye devletler Cibuti, Etiyopya, Eritre, Kenya, Somali, Sudan, G\u00fcney Sudan ve Uganda&#8217;d\u0131r. Organizasyonun amac\u0131 \u00fcye \u00fclkelerin ticaret, yat\u0131r\u0131m ve finansal ge\u00e7mi\u015flerini iyile\u015ftirmektir.<\/p>\t\t\t\t\t\t\t\t<\/div>\n\t\t\t\t<\/div>\n\t\t\t\t<div class=\"elementor-element elementor-element-96848f5 elementor-widget elementor-widget-image\" data-id=\"96848f5\" data-element_type=\"widget\" data-widget_type=\"image.default\">\n\t\t\t\t<div class=\"elementor-widget-container\">\n\t\t\t\t\t\t\t\t\t\t\t\t<figure class=\"wp-caption\">\n\t\t\t\t\t\t\t\t\t\t<img loading=\"lazy\" decoding=\"async\" width=\"1024\" height=\"684\" src=\"https:\/\/www.istanbulafrica.com\/wp-content\/uploads\/2020\/07\/Igad-Headquarters-Djibouti-City-1024x684.jpg\" class=\"attachment-large size-large wp-image-3854\" alt=\"\" srcset=\"https:\/\/www.istanbulafrica.com\/wp-content\/uploads\/2020\/07\/Igad-Headquarters-Djibouti-City-1024x684.jpg 1024w, https:\/\/www.istanbulafrica.com\/wp-content\/uploads\/2020\/07\/Igad-Headquarters-Djibouti-City-300x200.jpg 300w, https:\/\/www.istanbulafrica.com\/wp-content\/uploads\/2020\/07\/Igad-Headquarters-Djibouti-City-768x513.jpg 768w, https:\/\/www.istanbulafrica.com\/wp-content\/uploads\/2020\/07\/Igad-Headquarters-Djibouti-City-1536x1025.jpg 1536w, https:\/\/www.istanbulafrica.com\/wp-content\/uploads\/2020\/07\/Igad-Headquarters-Djibouti-City-720x481.jpg 720w, https:\/\/www.istanbulafrica.com\/wp-content\/uploads\/2020\/07\/Igad-Headquarters-Djibouti-City-272x182.jpg 272w, https:\/\/www.istanbulafrica.com\/wp-content\/uploads\/2020\/07\/Igad-Headquarters-Djibouti-City.jpg 2048w\" sizes=\"(max-width: 1024px) 100vw, 1024px\" \/>\t\t\t\t\t\t\t\t\t\t\t<figcaption class=\"widget-image-caption wp-caption-text\">Cibuti'deki IGAD Genel Merkezi<\/figcaption>\n\t\t\t\t\t\t\t\t\t\t<\/figure>\n\t\t\t\t\t\t\t\t\t<\/div>\n\t\t\t\t<\/div>\n\t\t\t\t<div class=\"elementor-element elementor-element-cf953cf elementor-widget elementor-widget-spacer\" data-id=\"cf953cf\" data-element_type=\"widget\" data-widget_type=\"spacer.default\">\n\t\t\t\t<div class=\"elementor-widget-container\">\n\t\t\t\t\t\t\t<div class=\"elementor-spacer\">\n\t\t\t<div class=\"elementor-spacer-inner\"><\/div>\n\t\t<\/div>\n\t\t\t\t\t\t<\/div>\n\t\t\t\t<\/div>\n\t\t\t\t\t<\/div>\n\t\t<\/div>\n\t\t\t\t\t<\/div>\n\t\t<\/section>\n\t\t\t\t<section class=\"elementor-section elementor-top-section elementor-element elementor-element-a1641e5 elementor-section-boxed elementor-section-height-default elementor-section-height-default\" data-id=\"a1641e5\" data-element_type=\"section\">\n\t\t\t\t\t\t<div class=\"elementor-container elementor-column-gap-default\">\n\t\t\t\t\t<div class=\"elementor-column elementor-col-100 elementor-top-column elementor-element elementor-element-147057e\" data-id=\"147057e\" data-element_type=\"column\">\n\t\t\t<div class=\"elementor-widget-wrap elementor-element-populated\">\n\t\t\t\t\t\t<div class=\"elementor-element elementor-element-02b79f6 elementor-position-top elementor-widget elementor-widget-image-box\" data-id=\"02b79f6\" data-element_type=\"widget\" data-widget_type=\"image-box.default\">\n\t\t\t\t<div class=\"elementor-widget-container\">\n\t\t\t\t\t<div class=\"elementor-image-box-wrapper\"><figure class=\"elementor-image-box-img\"><img loading=\"lazy\" decoding=\"async\" width=\"947\" height=\"960\" src=\"https:\/\/www.istanbulafrica.com\/wp-content\/uploads\/2020\/07\/Arab-Maghreb-Union-Logo.jpg\" class=\"attachment-full size-full wp-image-3831\" alt=\"\" srcset=\"https:\/\/www.istanbulafrica.com\/wp-content\/uploads\/2020\/07\/Arab-Maghreb-Union-Logo.jpg 947w, https:\/\/www.istanbulafrica.com\/wp-content\/uploads\/2020\/07\/Arab-Maghreb-Union-Logo-296x300.jpg 296w, https:\/\/www.istanbulafrica.com\/wp-content\/uploads\/2020\/07\/Arab-Maghreb-Union-Logo-768x779.jpg 768w, https:\/\/www.istanbulafrica.com\/wp-content\/uploads\/2020\/07\/Arab-Maghreb-Union-Logo-720x730.jpg 720w\" sizes=\"(max-width: 947px) 100vw, 947px\" \/><\/figure><div class=\"elementor-image-box-content\"><h3 class=\"elementor-image-box-title\">Arap Ma\u011frip Birli\u011fi (AMU)<\/h3><\/div><\/div>\t\t\t\t<\/div>\n\t\t\t\t<\/div>\n\t\t\t\t<div class=\"elementor-element elementor-element-068d402 elementor-widget elementor-widget-text-editor\" data-id=\"068d402\" data-element_type=\"widget\" data-widget_type=\"text-editor.default\">\n\t\t\t\t<div class=\"elementor-widget-container\">\n\t\t\t\t\t\t\t\t\t<p>Arap Maghreb Birli\u011fi (AMU) 1989 y\u0131l\u0131nda kurulmu\u015ftur. \u00dcye \u00fclkeler Cezayir, Libya, Moritanya, Fas ve Tunus&#8217;tur. Organizasyonun ama\u00e7lar\u0131 aras\u0131nda serbest ticaret b\u00f6lgesi, g\u00fcmr\u00fck birli\u011fi ve ortak pazar kurulmas\u0131 yer al\u0131yor. Ancak \u00f6rg\u00fct, Fas ve Cezayir aras\u0131ndaki muhalefet nedeniyle uykudayd\u0131. Organizasyon, Rabat, Fas&#8217;tan y\u00f6netiliyor.<\/p>\t\t\t\t\t\t\t\t<\/div>\n\t\t\t\t<\/div>\n\t\t\t\t<div class=\"elementor-element elementor-element-059d6e0 elementor-widget elementor-widget-image\" data-id=\"059d6e0\" data-element_type=\"widget\" data-widget_type=\"image.default\">\n\t\t\t\t<div class=\"elementor-widget-container\">\n\t\t\t\t\t\t\t\t\t\t\t\t<figure class=\"wp-caption\">\n\t\t\t\t\t\t\t\t\t\t<img loading=\"lazy\" decoding=\"async\" width=\"780\" height=\"498\" src=\"https:\/\/www.istanbulafrica.com\/wp-content\/uploads\/2020\/07\/arab_maghreb_union-Foreign-Ministers.jpg\" class=\"attachment-large size-large wp-image-3832\" alt=\"\" srcset=\"https:\/\/www.istanbulafrica.com\/wp-content\/uploads\/2020\/07\/arab_maghreb_union-Foreign-Ministers.jpg 780w, https:\/\/www.istanbulafrica.com\/wp-content\/uploads\/2020\/07\/arab_maghreb_union-Foreign-Ministers-300x192.jpg 300w, https:\/\/www.istanbulafrica.com\/wp-content\/uploads\/2020\/07\/arab_maghreb_union-Foreign-Ministers-768x490.jpg 768w, https:\/\/www.istanbulafrica.com\/wp-content\/uploads\/2020\/07\/arab_maghreb_union-Foreign-Ministers-720x460.jpg 720w\" sizes=\"(max-width: 780px) 100vw, 780px\" \/>\t\t\t\t\t\t\t\t\t\t\t<figcaption class=\"widget-image-caption wp-caption-text\">AMU \u00dcye \u00dclkelerinin D\u0131\u015fi\u015fleri Bakanlar\u0131<\/figcaption>\n\t\t\t\t\t\t\t\t\t\t<\/figure>\n\t\t\t\t\t\t\t\t\t<\/div>\n\t\t\t\t<\/div>\n\t\t\t\t<div class=\"elementor-element elementor-element-2e3e985 elementor-widget elementor-widget-spacer\" data-id=\"2e3e985\" data-element_type=\"widget\" data-widget_type=\"spacer.default\">\n\t\t\t\t<div class=\"elementor-widget-container\">\n\t\t\t\t\t\t\t<div class=\"elementor-spacer\">\n\t\t\t<div class=\"elementor-spacer-inner\"><\/div>\n\t\t<\/div>\n\t\t\t\t\t\t<\/div>\n\t\t\t\t<\/div>\n\t\t\t\t\t<\/div>\n\t\t<\/div>\n\t\t\t\t\t<\/div>\n\t\t<\/section>\n\t\t\t\t<section class=\"elementor-section elementor-top-section elementor-element elementor-element-dfc4b2e elementor-section-boxed elementor-section-height-default elementor-section-height-default\" data-id=\"dfc4b2e\" data-element_type=\"section\">\n\t\t\t\t\t\t<div class=\"elementor-container elementor-column-gap-default\">\n\t\t\t\t\t<div class=\"elementor-column elementor-col-100 elementor-top-column elementor-element elementor-element-3255dd2\" data-id=\"3255dd2\" data-element_type=\"column\">\n\t\t\t<div class=\"elementor-widget-wrap elementor-element-populated\">\n\t\t\t\t\t\t<div class=\"elementor-element elementor-element-a34b029 elementor-widget elementor-widget-image-box\" data-id=\"a34b029\" data-element_type=\"widget\" data-widget_type=\"image-box.default\">\n\t\t\t\t<div class=\"elementor-widget-container\">\n\t\t\t\t\t<div class=\"elementor-image-box-wrapper\"><div class=\"elementor-image-box-content\"><h3 class=\"elementor-image-box-title\">Afrika Serbest Ticaret B\u00f6lgesi (AFTZ)<\/h3><\/div><\/div>\t\t\t\t<\/div>\n\t\t\t\t<\/div>\n\t\t\t\t<div class=\"elementor-element elementor-element-2f1e6d7 elementor-widget elementor-widget-text-editor\" data-id=\"2f1e6d7\" data-element_type=\"widget\" data-widget_type=\"text-editor.default\">\n\t\t\t\t<div class=\"elementor-widget-container\">\n\t\t\t\t\t\t\t\t\t<p>Afrika Serbest Ticaret B\u00f6lgesi (AFTZ) 2008 y\u0131l\u0131nda COMESA-SADC-EAC zirvesinde kuruldu. SADC, COMESA ve EAC ticaret bloklar\u0131 AFTZ&#8217;yi olu\u015fturuyor. \u00dcye \u00fclkeler M\u0131s\u0131r, Libya, Sudan, Angola, Botsvana, Burundi, Komorlar, Cibuti, Dominik Cumhuriyeti, Eritre, Etiyopya, Kenya, Lesoto, Madagaskar, Malavi, Mauritius, Mozambik, Namibya, Ruanda, Sey\u015fel Adalar\u0131, Svaziland, G\u00fcney Afrika, Tanzanya, Birle\u015fik Cumhuriyeti, Uganda, Zambiya ve Zimbabve.<\/p>\t\t\t\t\t\t\t\t<\/div>\n\t\t\t\t<\/div>\n\t\t\t\t<div class=\"elementor-element elementor-element-80fa05e elementor-widget elementor-widget-spacer\" data-id=\"80fa05e\" data-element_type=\"widget\" data-widget_type=\"spacer.default\">\n\t\t\t\t<div class=\"elementor-widget-container\">\n\t\t\t\t\t\t\t<div class=\"elementor-spacer\">\n\t\t\t<div class=\"elementor-spacer-inner\"><\/div>\n\t\t<\/div>\n\t\t\t\t\t\t<\/div>\n\t\t\t\t<\/div>\n\t\t\t\t\t<\/div>\n\t\t<\/div>\n\t\t\t\t\t<\/div>\n\t\t<\/section>\n\t\t\t\t<\/div>\n\t\t","protected":false},"excerpt":{"rendered":"<p>Afrika K\u0131tasal Serbest Ticaret B\u00f6lgesi (AfCFTA) Afrika K\u0131tasal Serbest Ticaret B\u00f6lgesi (AfCFTA) bir serbest ticaret b\u00f6lgesidir. \u015eu an itibariyle, 55 [&hellip;]<\/p>\n","protected":false},"author":1,"featured_media":3871,"comment_status":"open","ping_status":"open","sticky":false,"template":"","format":"standard","meta":{"_monsterinsights_skip_tracking":false,"_monsterinsights_sitenote_active":false,"_monsterinsights_sitenote_note":"","_monsterinsights_sitenote_category":0,"footnotes":""},"categories":[2701],"tags":[],"class_list":["post-3865","post","type-post","status-publish","format-standard","has-post-thumbnail","hentry","category-rapor"],"yoast_head":"<!-- This site is optimized with the Yoast SEO Premium plugin v25.7.1 (Yoast SEO v25.8) - https:\/\/yoast.com\/wordpress\/plugins\/seo\/ -->\n<title>Afrika&#039;daki Ticaret Bloklar\u0131 ve Serbest Ticaret Alanlar\u0131 - \u0130hracat ve \u0130thalat<\/title>\n<meta name=\"description\" content=\"Afrika K\u0131tas\u0131nda ticaret bloklar\u0131 ve serbest ticaret alanlar\u0131 anla\u015fmalar\u0131. EAC, COMESA, SADC, Afrika Birli\u011fi, AfCFTA, AFTZ, IGAD, CEN-SAD ECOWAS, ECCAS.\" \/>\n<meta name=\"robots\" content=\"index, follow, max-snippet:-1, max-image-preview:large, max-video-preview:-1\" \/>\n<link rel=\"canonical\" href=\"https:\/\/www.istanbulafrica.com\/tr\/afrikadaki-ticaret-bloklari-ve-serbest-ticaret-alanlari\/\" \/>\n<meta property=\"og:locale\" content=\"en_US\" \/>\n<meta property=\"og:type\" content=\"article\" \/>\n<meta property=\"og:title\" content=\"Afrika&#039;daki Ticaret Bloklar\u0131 ve Serbest Ticaret Alanlar\u0131\" \/>\n<meta property=\"og:description\" content=\"Afrika K\u0131tas\u0131nda ticaret bloklar\u0131 ve serbest ticaret alanlar\u0131 anla\u015fmalar\u0131. EAC, COMESA, SADC, Afrika Birli\u011fi, AfCFTA, AFTZ, IGAD, CEN-SAD ECOWAS, ECCAS.\" \/>\n<meta property=\"og:url\" content=\"https:\/\/www.istanbulafrica.com\/tr\/afrikadaki-ticaret-bloklari-ve-serbest-ticaret-alanlari\/\" \/>\n<meta property=\"og:site_name\" content=\"Istanbul Africa Trade Company\" \/>\n<meta property=\"article:publisher\" content=\"http:\/\/www.facebook.com\/istanbulafrica\" \/>\n<meta property=\"article:published_time\" content=\"2020-07-07T11:03:32+00:00\" \/>\n<meta property=\"article:modified_time\" content=\"2020-08-06T12:05:53+00:00\" \/>\n<meta property=\"og:image\" content=\"https:\/\/www.istanbulafrica.com\/wp-content\/uploads\/2020\/07\/Africa-Free-Trade-Areas-TR.jpg\" \/>\n\t<meta property=\"og:image:width\" content=\"1500\" \/>\n\t<meta property=\"og:image:height\" content=\"1200\" \/>\n\t<meta property=\"og:image:type\" content=\"image\/jpeg\" \/>\n<meta name=\"author\" content=\"admin\" \/>\n<meta name=\"twitter:card\" content=\"summary_large_image\" \/>\n<meta name=\"twitter:creator\" content=\"@istanbulafrica\" \/>\n<meta name=\"twitter:site\" content=\"@istanbulafrica\" \/>\n<meta name=\"twitter:label1\" content=\"Written by\" \/>\n\t<meta name=\"twitter:data1\" content=\"\" \/>\n\t<meta name=\"twitter:label2\" content=\"Est. reading time\" \/>\n\t<meta name=\"twitter:data2\" content=\"6 minutes\" \/>\n<script type=\"application\/ld+json\" class=\"yoast-schema-graph\">{\"@context\":\"https:\/\/schema.org\",\"@graph\":[{\"@type\":\"Article\",\"@id\":\"https:\/\/www.istanbulafrica.com\/tr\/afrikadaki-ticaret-bloklari-ve-serbest-ticaret-alanlari\/#article\",\"isPartOf\":{\"@id\":\"https:\/\/www.istanbulafrica.com\/tr\/afrikadaki-ticaret-bloklari-ve-serbest-ticaret-alanlari\/\"},\"author\":{\"name\":\"admin\",\"@id\":\"https:\/\/www.istanbulafrica.com\/#\/schema\/person\/e0f8b3b562d664e99942c2ca70031388\"},\"headline\":\"Afrika&#8217;daki Ticaret Bloklar\u0131 ve Serbest Ticaret Alanlar\u0131\",\"datePublished\":\"2020-07-07T11:03:32+00:00\",\"dateModified\":\"2020-08-06T12:05:53+00:00\",\"mainEntityOfPage\":{\"@id\":\"https:\/\/www.istanbulafrica.com\/tr\/afrikadaki-ticaret-bloklari-ve-serbest-ticaret-alanlari\/\"},\"wordCount\":1267,\"commentCount\":0,\"publisher\":{\"@id\":\"https:\/\/www.istanbulafrica.com\/#organization\"},\"image\":{\"@id\":\"https:\/\/www.istanbulafrica.com\/tr\/afrikadaki-ticaret-bloklari-ve-serbest-ticaret-alanlari\/#primaryimage\"},\"thumbnailUrl\":\"https:\/\/www.istanbulafrica.com\/wp-content\/uploads\/2020\/07\/Africa-Free-Trade-Areas-TR.jpg\",\"articleSection\":[\"Rapor\"],\"inLanguage\":\"en-US\",\"potentialAction\":[{\"@type\":\"CommentAction\",\"name\":\"Comment\",\"target\":[\"https:\/\/www.istanbulafrica.com\/tr\/afrikadaki-ticaret-bloklari-ve-serbest-ticaret-alanlari\/#respond\"]}]},{\"@type\":\"WebPage\",\"@id\":\"https:\/\/www.istanbulafrica.com\/tr\/afrikadaki-ticaret-bloklari-ve-serbest-ticaret-alanlari\/\",\"url\":\"https:\/\/www.istanbulafrica.com\/tr\/afrikadaki-ticaret-bloklari-ve-serbest-ticaret-alanlari\/\",\"name\":\"Afrika'daki Ticaret Bloklar\u0131 ve Serbest Ticaret Alanlar\u0131 - \u0130hracat ve \u0130thalat\",\"isPartOf\":{\"@id\":\"https:\/\/www.istanbulafrica.com\/#website\"},\"primaryImageOfPage\":{\"@id\":\"https:\/\/www.istanbulafrica.com\/tr\/afrikadaki-ticaret-bloklari-ve-serbest-ticaret-alanlari\/#primaryimage\"},\"image\":{\"@id\":\"https:\/\/www.istanbulafrica.com\/tr\/afrikadaki-ticaret-bloklari-ve-serbest-ticaret-alanlari\/#primaryimage\"},\"thumbnailUrl\":\"https:\/\/www.istanbulafrica.com\/wp-content\/uploads\/2020\/07\/Africa-Free-Trade-Areas-TR.jpg\",\"datePublished\":\"2020-07-07T11:03:32+00:00\",\"dateModified\":\"2020-08-06T12:05:53+00:00\",\"description\":\"Afrika K\u0131tas\u0131nda ticaret bloklar\u0131 ve serbest ticaret alanlar\u0131 anla\u015fmalar\u0131. EAC, COMESA, SADC, Afrika Birli\u011fi, AfCFTA, AFTZ, IGAD, CEN-SAD ECOWAS, ECCAS.\",\"breadcrumb\":{\"@id\":\"https:\/\/www.istanbulafrica.com\/tr\/afrikadaki-ticaret-bloklari-ve-serbest-ticaret-alanlari\/#breadcrumb\"},\"inLanguage\":\"en-US\",\"potentialAction\":[{\"@type\":\"ReadAction\",\"target\":[\"https:\/\/www.istanbulafrica.com\/tr\/afrikadaki-ticaret-bloklari-ve-serbest-ticaret-alanlari\/\"]}]},{\"@type\":\"ImageObject\",\"inLanguage\":\"en-US\",\"@id\":\"https:\/\/www.istanbulafrica.com\/tr\/afrikadaki-ticaret-bloklari-ve-serbest-ticaret-alanlari\/#primaryimage\",\"url\":\"https:\/\/www.istanbulafrica.com\/wp-content\/uploads\/2020\/07\/Africa-Free-Trade-Areas-TR.jpg\",\"contentUrl\":\"https:\/\/www.istanbulafrica.com\/wp-content\/uploads\/2020\/07\/Africa-Free-Trade-Areas-TR.jpg\",\"width\":1500,\"height\":1200},{\"@type\":\"BreadcrumbList\",\"@id\":\"https:\/\/www.istanbulafrica.com\/tr\/afrikadaki-ticaret-bloklari-ve-serbest-ticaret-alanlari\/#breadcrumb\",\"itemListElement\":[{\"@type\":\"ListItem\",\"position\":1,\"name\":\"Home\",\"item\":\"https:\/\/www.istanbulafrica.com\/\"},{\"@type\":\"ListItem\",\"position\":2,\"name\":\"Afrika&#8217;daki Ticaret Bloklar\u0131 ve Serbest Ticaret Alanlar\u0131\"}]},{\"@type\":\"WebSite\",\"@id\":\"https:\/\/www.istanbulafrica.com\/#website\",\"url\":\"https:\/\/www.istanbulafrica.com\/\",\"name\":\"Istanbul Africa Trade Company\",\"description\":\"Import, Export and Investment\",\"publisher\":{\"@id\":\"https:\/\/www.istanbulafrica.com\/#organization\"},\"potentialAction\":[{\"@type\":\"SearchAction\",\"target\":{\"@type\":\"EntryPoint\",\"urlTemplate\":\"https:\/\/www.istanbulafrica.com\/?s={search_term_string}\"},\"query-input\":{\"@type\":\"PropertyValueSpecification\",\"valueRequired\":true,\"valueName\":\"search_term_string\"}}],\"inLanguage\":\"en-US\"},{\"@type\":\"Organization\",\"@id\":\"https:\/\/www.istanbulafrica.com\/#organization\",\"name\":\"Istanbul Africa Trade Company\",\"url\":\"https:\/\/www.istanbulafrica.com\/\",\"logo\":{\"@type\":\"ImageObject\",\"inLanguage\":\"en-US\",\"@id\":\"https:\/\/www.istanbulafrica.com\/#\/schema\/logo\/image\/\",\"url\":\"https:\/\/www.istanbulafrica.com\/wp-content\/uploads\/2018\/11\/Logo-5_Multicolor-1-e1543258165564.png\",\"contentUrl\":\"https:\/\/www.istanbulafrica.com\/wp-content\/uploads\/2018\/11\/Logo-5_Multicolor-1-e1543258165564.png\",\"width\":300,\"height\":82,\"caption\":\"Istanbul Africa Trade Company\"},\"image\":{\"@id\":\"https:\/\/www.istanbulafrica.com\/#\/schema\/logo\/image\/\"},\"sameAs\":[\"http:\/\/www.facebook.com\/istanbulafrica\",\"https:\/\/x.com\/istanbulafrica\",\"https:\/\/www.instagram.com\/istanbulafrica\",\"https:\/\/linkedin.com\/company\/istanbulafrica\"]},{\"@type\":\"Person\",\"@id\":\"https:\/\/www.istanbulafrica.com\/#\/schema\/person\/e0f8b3b562d664e99942c2ca70031388\",\"name\":\"admin\",\"image\":{\"@type\":\"ImageObject\",\"inLanguage\":\"en-US\",\"@id\":\"https:\/\/www.istanbulafrica.com\/#\/schema\/person\/image\/\",\"url\":\"https:\/\/www.istanbulafrica.com\/wp-content\/litespeed\/avatar\/063478b0608c9232a95d704ee9061d12.jpg?ver=1758542353\",\"contentUrl\":\"https:\/\/www.istanbulafrica.com\/wp-content\/litespeed\/avatar\/063478b0608c9232a95d704ee9061d12.jpg?ver=1758542353\",\"caption\":\"admin\"}}]}<\/script>\n<!-- \/ Yoast SEO Premium plugin. -->","yoast_head_json":{"title":"Afrika'daki Ticaret Bloklar\u0131 ve Serbest Ticaret Alanlar\u0131 - \u0130hracat ve \u0130thalat","description":"Afrika K\u0131tas\u0131nda ticaret bloklar\u0131 ve serbest ticaret alanlar\u0131 anla\u015fmalar\u0131. EAC, COMESA, SADC, Afrika Birli\u011fi, AfCFTA, AFTZ, IGAD, CEN-SAD ECOWAS, ECCAS.","robots":{"index":"index","follow":"follow","max-snippet":"max-snippet:-1","max-image-preview":"max-image-preview:large","max-video-preview":"max-video-preview:-1"},"canonical":"https:\/\/www.istanbulafrica.com\/tr\/afrikadaki-ticaret-bloklari-ve-serbest-ticaret-alanlari\/","og_locale":"en_US","og_type":"article","og_title":"Afrika'daki Ticaret Bloklar\u0131 ve Serbest Ticaret Alanlar\u0131","og_description":"Afrika K\u0131tas\u0131nda ticaret bloklar\u0131 ve serbest ticaret alanlar\u0131 anla\u015fmalar\u0131. EAC, COMESA, SADC, Afrika Birli\u011fi, AfCFTA, AFTZ, IGAD, CEN-SAD ECOWAS, ECCAS.","og_url":"https:\/\/www.istanbulafrica.com\/tr\/afrikadaki-ticaret-bloklari-ve-serbest-ticaret-alanlari\/","og_site_name":"Istanbul Africa Trade Company","article_publisher":"http:\/\/www.facebook.com\/istanbulafrica","article_published_time":"2020-07-07T11:03:32+00:00","article_modified_time":"2020-08-06T12:05:53+00:00","og_image":[{"width":1500,"height":1200,"url":"https:\/\/www.istanbulafrica.com\/wp-content\/uploads\/2020\/07\/Africa-Free-Trade-Areas-TR.jpg","type":"image\/jpeg"}],"author":"admin","twitter_card":"summary_large_image","twitter_creator":"@istanbulafrica","twitter_site":"@istanbulafrica","twitter_misc":{"Written by":false,"Est. reading time":"6 minutes"},"schema":{"@context":"https:\/\/schema.org","@graph":[{"@type":"Article","@id":"https:\/\/www.istanbulafrica.com\/tr\/afrikadaki-ticaret-bloklari-ve-serbest-ticaret-alanlari\/#article","isPartOf":{"@id":"https:\/\/www.istanbulafrica.com\/tr\/afrikadaki-ticaret-bloklari-ve-serbest-ticaret-alanlari\/"},"author":{"name":"admin","@id":"https:\/\/www.istanbulafrica.com\/#\/schema\/person\/e0f8b3b562d664e99942c2ca70031388"},"headline":"Afrika&#8217;daki Ticaret Bloklar\u0131 ve Serbest Ticaret Alanlar\u0131","datePublished":"2020-07-07T11:03:32+00:00","dateModified":"2020-08-06T12:05:53+00:00","mainEntityOfPage":{"@id":"https:\/\/www.istanbulafrica.com\/tr\/afrikadaki-ticaret-bloklari-ve-serbest-ticaret-alanlari\/"},"wordCount":1267,"commentCount":0,"publisher":{"@id":"https:\/\/www.istanbulafrica.com\/#organization"},"image":{"@id":"https:\/\/www.istanbulafrica.com\/tr\/afrikadaki-ticaret-bloklari-ve-serbest-ticaret-alanlari\/#primaryimage"},"thumbnailUrl":"https:\/\/www.istanbulafrica.com\/wp-content\/uploads\/2020\/07\/Africa-Free-Trade-Areas-TR.jpg","articleSection":["Rapor"],"inLanguage":"en-US","potentialAction":[{"@type":"CommentAction","name":"Comment","target":["https:\/\/www.istanbulafrica.com\/tr\/afrikadaki-ticaret-bloklari-ve-serbest-ticaret-alanlari\/#respond"]}]},{"@type":"WebPage","@id":"https:\/\/www.istanbulafrica.com\/tr\/afrikadaki-ticaret-bloklari-ve-serbest-ticaret-alanlari\/","url":"https:\/\/www.istanbulafrica.com\/tr\/afrikadaki-ticaret-bloklari-ve-serbest-ticaret-alanlari\/","name":"Afrika'daki Ticaret Bloklar\u0131 ve Serbest Ticaret Alanlar\u0131 - \u0130hracat ve \u0130thalat","isPartOf":{"@id":"https:\/\/www.istanbulafrica.com\/#website"},"primaryImageOfPage":{"@id":"https:\/\/www.istanbulafrica.com\/tr\/afrikadaki-ticaret-bloklari-ve-serbest-ticaret-alanlari\/#primaryimage"},"image":{"@id":"https:\/\/www.istanbulafrica.com\/tr\/afrikadaki-ticaret-bloklari-ve-serbest-ticaret-alanlari\/#primaryimage"},"thumbnailUrl":"https:\/\/www.istanbulafrica.com\/wp-content\/uploads\/2020\/07\/Africa-Free-Trade-Areas-TR.jpg","datePublished":"2020-07-07T11:03:32+00:00","dateModified":"2020-08-06T12:05:53+00:00","description":"Afrika K\u0131tas\u0131nda ticaret bloklar\u0131 ve serbest ticaret alanlar\u0131 anla\u015fmalar\u0131. EAC, COMESA, SADC, Afrika Birli\u011fi, AfCFTA, AFTZ, IGAD, CEN-SAD ECOWAS, ECCAS.","breadcrumb":{"@id":"https:\/\/www.istanbulafrica.com\/tr\/afrikadaki-ticaret-bloklari-ve-serbest-ticaret-alanlari\/#breadcrumb"},"inLanguage":"en-US","potentialAction":[{"@type":"ReadAction","target":["https:\/\/www.istanbulafrica.com\/tr\/afrikadaki-ticaret-bloklari-ve-serbest-ticaret-alanlari\/"]}]},{"@type":"ImageObject","inLanguage":"en-US","@id":"https:\/\/www.istanbulafrica.com\/tr\/afrikadaki-ticaret-bloklari-ve-serbest-ticaret-alanlari\/#primaryimage","url":"https:\/\/www.istanbulafrica.com\/wp-content\/uploads\/2020\/07\/Africa-Free-Trade-Areas-TR.jpg","contentUrl":"https:\/\/www.istanbulafrica.com\/wp-content\/uploads\/2020\/07\/Africa-Free-Trade-Areas-TR.jpg","width":1500,"height":1200},{"@type":"BreadcrumbList","@id":"https:\/\/www.istanbulafrica.com\/tr\/afrikadaki-ticaret-bloklari-ve-serbest-ticaret-alanlari\/#breadcrumb","itemListElement":[{"@type":"ListItem","position":1,"name":"Home","item":"https:\/\/www.istanbulafrica.com\/"},{"@type":"ListItem","position":2,"name":"Afrika&#8217;daki Ticaret Bloklar\u0131 ve Serbest Ticaret Alanlar\u0131"}]},{"@type":"WebSite","@id":"https:\/\/www.istanbulafrica.com\/#website","url":"https:\/\/www.istanbulafrica.com\/","name":"Istanbul Africa Trade Company","description":"Import, Export and Investment","publisher":{"@id":"https:\/\/www.istanbulafrica.com\/#organization"},"potentialAction":[{"@type":"SearchAction","target":{"@type":"EntryPoint","urlTemplate":"https:\/\/www.istanbulafrica.com\/?s={search_term_string}"},"query-input":{"@type":"PropertyValueSpecification","valueRequired":true,"valueName":"search_term_string"}}],"inLanguage":"en-US"},{"@type":"Organization","@id":"https:\/\/www.istanbulafrica.com\/#organization","name":"Istanbul Africa Trade Company","url":"https:\/\/www.istanbulafrica.com\/","logo":{"@type":"ImageObject","inLanguage":"en-US","@id":"https:\/\/www.istanbulafrica.com\/#\/schema\/logo\/image\/","url":"https:\/\/www.istanbulafrica.com\/wp-content\/uploads\/2018\/11\/Logo-5_Multicolor-1-e1543258165564.png","contentUrl":"https:\/\/www.istanbulafrica.com\/wp-content\/uploads\/2018\/11\/Logo-5_Multicolor-1-e1543258165564.png","width":300,"height":82,"caption":"Istanbul Africa Trade Company"},"image":{"@id":"https:\/\/www.istanbulafrica.com\/#\/schema\/logo\/image\/"},"sameAs":["http:\/\/www.facebook.com\/istanbulafrica","https:\/\/x.com\/istanbulafrica","https:\/\/www.instagram.com\/istanbulafrica","https:\/\/linkedin.com\/company\/istanbulafrica"]},{"@type":"Person","@id":"https:\/\/www.istanbulafrica.com\/#\/schema\/person\/e0f8b3b562d664e99942c2ca70031388","name":"admin","image":{"@type":"ImageObject","inLanguage":"en-US","@id":"https:\/\/www.istanbulafrica.com\/#\/schema\/person\/image\/","url":"https:\/\/www.istanbulafrica.com\/wp-content\/litespeed\/avatar\/063478b0608c9232a95d704ee9061d12.jpg?ver=1758542353","contentUrl":"https:\/\/www.istanbulafrica.com\/wp-content\/litespeed\/avatar\/063478b0608c9232a95d704ee9061d12.jpg?ver=1758542353","caption":"admin"}}]}},"_links":{"self":[{"href":"https:\/\/www.istanbulafrica.com\/wp-json\/wp\/v2\/posts\/3865","targetHints":{"allow":["GET"]}}],"collection":[{"href":"https:\/\/www.istanbulafrica.com\/wp-json\/wp\/v2\/posts"}],"about":[{"href":"https:\/\/www.istanbulafrica.com\/wp-json\/wp\/v2\/types\/post"}],"author":[{"embeddable":true,"href":"https:\/\/www.istanbulafrica.com\/wp-json\/wp\/v2\/users\/1"}],"replies":[{"embeddable":true,"href":"https:\/\/www.istanbulafrica.com\/wp-json\/wp\/v2\/comments?post=3865"}],"version-history":[{"count":6,"href":"https:\/\/www.istanbulafrica.com\/wp-json\/wp\/v2\/posts\/3865\/revisions"}],"predecessor-version":[{"id":3872,"href":"https:\/\/www.istanbulafrica.com\/wp-json\/wp\/v2\/posts\/3865\/revisions\/3872"}],"wp:featuredmedia":[{"embeddable":true,"href":"https:\/\/www.istanbulafrica.com\/wp-json\/wp\/v2\/media\/3871"}],"wp:attachment":[{"href":"https:\/\/www.istanbulafrica.com\/wp-json\/wp\/v2\/media?parent=3865"}],"wp:term":[{"taxonomy":"category","embeddable":true,"href":"https:\/\/www.istanbulafrica.com\/wp-json\/wp\/v2\/categories?post=3865"},{"taxonomy":"post_tag","embeddable":true,"href":"https:\/\/www.istanbulafrica.com\/wp-json\/wp\/v2\/tags?post=3865"}],"curies":[{"name":"wp","href":"https:\/\/api.w.org\/{rel}","templated":true}]}}