{"id":4151,"date":"2020-07-22T09:52:52","date_gmt":"2020-07-22T09:52:52","guid":{"rendered":"https:\/\/www.istanbulafrica.com\/?p=4151"},"modified":"2020-08-06T12:06:42","modified_gmt":"2020-08-06T12:06:42","slug":"afrikadaki-bebek-bezi-ve-hijyenik-ped-pazarinin-halk-hijyenik-ile-degerlendirilmesi","status":"publish","type":"post","link":"https:\/\/www.istanbulafrica.com\/tr\/afrikadaki-bebek-bezi-ve-hijyenik-ped-pazarinin-halk-hijyenik-ile-degerlendirilmesi\/","title":{"rendered":"Afrika&#8217;daki Bebek Bezi ve Hijyenik Ped Pazar\u0131n\u0131n Halk Hijyenik ile De\u011ferlendirilmesi"},"content":{"rendered":"\t\t<div data-elementor-type=\"wp-post\" data-elementor-id=\"4151\" class=\"elementor elementor-4151\">\n\t\t\t\t\t\t<section class=\"elementor-section elementor-top-section elementor-element elementor-element-badcb5c elementor-section-boxed elementor-section-height-default elementor-section-height-default\" data-id=\"badcb5c\" data-element_type=\"section\">\n\t\t\t\t\t\t<div class=\"elementor-container elementor-column-gap-default\">\n\t\t\t\t\t<div class=\"elementor-column elementor-col-100 elementor-top-column elementor-element elementor-element-9a1d436\" data-id=\"9a1d436\" data-element_type=\"column\">\n\t\t\t<div class=\"elementor-widget-wrap elementor-element-populated\">\n\t\t\t\t\t\t<div class=\"elementor-element elementor-element-7929f41 elementor-widget elementor-widget-image\" data-id=\"7929f41\" data-element_type=\"widget\" data-widget_type=\"image.default\">\n\t\t\t\t<div class=\"elementor-widget-container\">\n\t\t\t\t\t\t\t\t\t\t\t\t\t\t\t<img fetchpriority=\"high\" decoding=\"async\" width=\"1024\" height=\"258\" src=\"https:\/\/www.istanbulafrica.com\/wp-content\/uploads\/2020\/07\/Halk-Hijyenik-Fabrika-e1594820079247-1024x258.jpg\" class=\"attachment-large size-large wp-image-3909\" alt=\"\" srcset=\"https:\/\/www.istanbulafrica.com\/wp-content\/uploads\/2020\/07\/Halk-Hijyenik-Fabrika-e1594820079247-1024x258.jpg 1024w, https:\/\/www.istanbulafrica.com\/wp-content\/uploads\/2020\/07\/Halk-Hijyenik-Fabrika-e1594820079247-300x76.jpg 300w, https:\/\/www.istanbulafrica.com\/wp-content\/uploads\/2020\/07\/Halk-Hijyenik-Fabrika-e1594820079247-768x193.jpg 768w, https:\/\/www.istanbulafrica.com\/wp-content\/uploads\/2020\/07\/Halk-Hijyenik-Fabrika-e1594820079247-1536x387.jpg 1536w, https:\/\/www.istanbulafrica.com\/wp-content\/uploads\/2020\/07\/Halk-Hijyenik-Fabrika-e1594820079247-720x181.jpg 720w, https:\/\/www.istanbulafrica.com\/wp-content\/uploads\/2020\/07\/Halk-Hijyenik-Fabrika-e1594820079247.jpg 1588w\" sizes=\"(max-width: 1024px) 100vw, 1024px\" \/>\t\t\t\t\t\t\t\t\t\t\t\t\t\t\t<\/div>\n\t\t\t\t<\/div>\n\t\t\t\t<div class=\"elementor-element elementor-element-c1d8616 elementor-widget elementor-widget-heading\" data-id=\"c1d8616\" data-element_type=\"widget\" data-widget_type=\"heading.default\">\n\t\t\t\t<div class=\"elementor-widget-container\">\n\t\t\t\t\t<h1 class=\"elementor-heading-title elementor-size-default\">Afrika'daki Bebek Bezi ve Hijyenik Ped Pazar\u0131n\u0131n Halk Hijyenik \u00dcr\u00fcnler ve Deterjan Sanayi ile De\u011ferlendirilmesi<\/h1>\t\t\t\t<\/div>\n\t\t\t\t<\/div>\n\t\t\t\t<div class=\"elementor-element elementor-element-bc8fa13 elementor-widget elementor-widget-text-editor\" data-id=\"bc8fa13\" data-element_type=\"widget\" data-widget_type=\"text-editor.default\">\n\t\t\t\t<div class=\"elementor-widget-container\">\n\t\t\t\t\t\t\t\t\t<p>\u0130stanbul Afrika Ticaret \u015eirketi olarak, Afrika&#8217;daki m\u00fc\u015fterilerimize y\u00fcksek kaliteli bebek bezi, hijyenik ped, yeti\u015fkin bezi, \u0131slak mendil ve t\u0131bbi y\u00fcz maskesi tedarik etmek \u00fczere Halk Hijyenik \u00dcr\u00fcnler ve Deterjan Sanayi ile i\u015fbirli\u011fi yap\u0131yoruz.<\/p><p>Halk Hijyenik&#8217;in Bat\u0131 ve G\u00fcney Afrika B\u00f6lge Sat\u0131\u015f Direkt\u00f6r\u00fc Osman Ta\u015fkan ile yapt\u0131\u011f\u0131m\u0131z sekt\u00f6r r\u00f6portaj\u0131n\u0131 bulabilirsiniz. Osman Bey, Afrika \u00fclkelerinde bebek bezi ve hijyenik ped pazar\u0131 hakk\u0131ndaki g\u00f6r\u00fc\u015flerini payla\u015f\u0131yor. Ayr\u0131ca Halk Hijyenik&#8217;in yak\u0131n gelecekte uygulamay\u0131 planlad\u0131\u011f\u0131 stratejik kararlar\u0131n\u0131 payla\u015fmaktad\u0131r.<\/p>\t\t\t\t\t\t\t\t<\/div>\n\t\t\t\t<\/div>\n\t\t\t\t\t<\/div>\n\t\t<\/div>\n\t\t\t\t\t<\/div>\n\t\t<\/section>\n\t\t\t\t<section class=\"elementor-section elementor-top-section elementor-element elementor-element-ba30b53 elementor-section-boxed elementor-section-height-default elementor-section-height-default\" data-id=\"ba30b53\" data-element_type=\"section\">\n\t\t\t\t\t\t<div class=\"elementor-container elementor-column-gap-default\">\n\t\t\t\t\t<div class=\"elementor-column elementor-col-100 elementor-top-column elementor-element elementor-element-1b1d9e3\" data-id=\"1b1d9e3\" data-element_type=\"column\">\n\t\t\t<div class=\"elementor-widget-wrap elementor-element-populated\">\n\t\t\t\t\t\t<div class=\"elementor-element elementor-element-6038a18 elementor-widget elementor-widget-heading\" data-id=\"6038a18\" data-element_type=\"widget\" data-widget_type=\"heading.default\">\n\t\t\t\t<div class=\"elementor-widget-container\">\n\t\t\t\t\t<h2 class=\"elementor-heading-title elementor-size-default\">Halk Hijyenik Hakk\u0131nda<\/h2>\t\t\t\t<\/div>\n\t\t\t\t<\/div>\n\t\t\t\t\t<\/div>\n\t\t<\/div>\n\t\t\t\t\t<\/div>\n\t\t<\/section>\n\t\t\t\t<section class=\"elementor-section elementor-top-section elementor-element elementor-element-ab2089a elementor-section-boxed elementor-section-height-default elementor-section-height-default\" data-id=\"ab2089a\" data-element_type=\"section\">\n\t\t\t\t\t\t<div class=\"elementor-container elementor-column-gap-default\">\n\t\t\t\t\t<div class=\"elementor-column elementor-col-100 elementor-top-column elementor-element elementor-element-cb6aac0\" data-id=\"cb6aac0\" data-element_type=\"column\">\n\t\t\t<div class=\"elementor-widget-wrap elementor-element-populated\">\n\t\t\t\t\t\t<section class=\"elementor-section elementor-inner-section elementor-element elementor-element-49b372a elementor-section-boxed elementor-section-height-default elementor-section-height-default\" data-id=\"49b372a\" data-element_type=\"section\">\n\t\t\t\t\t\t<div class=\"elementor-container elementor-column-gap-default\">\n\t\t\t\t\t<div class=\"elementor-column elementor-col-50 elementor-inner-column elementor-element elementor-element-f4297e2\" data-id=\"f4297e2\" data-element_type=\"column\">\n\t\t\t<div class=\"elementor-widget-wrap elementor-element-populated\">\n\t\t\t\t\t\t<div class=\"elementor-element elementor-element-97ef07e elementor-widget elementor-widget-text-editor\" data-id=\"97ef07e\" data-element_type=\"widget\" data-widget_type=\"text-editor.default\">\n\t\t\t\t<div class=\"elementor-widget-container\">\n\t\t\t\t\t\t\t\t\t<p>Halk Hijyenik \u00dcr\u00fcnler ve Deterjan Sanayi Firmam\u0131z ISO 9001 kalite standartlar\u0131na uygun, en y\u00fcksek teknolojiye sahip h\u0131zl\u0131 \u00fcretim ve paketleme hatlar\u0131 ile\u00a0 hijyenik bir ortamda el de\u011fmeden \u00fcretim yapmaktad\u0131r.\u00a0 44.000 metrekarelik modern \u00fcretim hatt\u0131m\u0131zda y\u0131lda 1.38 milyar adet bebek bezi, 622 milyon adet hijyenik adet pedi ve 207 milyon yeti\u015fkin bezi \u00fcretim kapasitesine sahiptir ve Adana&#8217;da bulunmaktad\u0131r.<\/p><p>\u00dcr\u00fcnlerimizi 60&#8217;tan fazla \u00fclkeye ihra\u00e7 ediyoruz ve T\u00fcrkiye&#8217;nin \u00f6nde gelen FMCG \u015firketlerinden biriyiz. Bebek bezi markalar\u0131m\u0131z TAFFY, GIZMO ve AMIGOS&#8217;tur. Hijyenik pedlerimiz i\u00e7in NICELADY ve GIZLADY markalar\u0131n\u0131 kullan\u0131yoruz. Yeti\u015fkin bezi markam\u0131z Dr. Pedical ve \u0131slak mendil markalar\u0131m\u0131z Taffy ve Gizmo&#8217;dur. K\u00fclot bebek bezi \u00fcretimi i\u00e7in yeni bir \u00fcretim hatt\u0131 a\u00e7\u0131yoruz.<\/p><p>Politikam\u0131z, \u201cbelirlenen kalitede yenilik\u00e7i b\u00fcy\u00fcme ve verimli y\u00f6netim\u201d anlay\u0131\u015f\u0131n\u0131 s\u00fcrd\u00fcrmektir. Kaliteli \u00fcretim, yenilik\u00e7i b\u00fcy\u00fcme ve etkin y\u00f6netim anlay\u0131\u015f\u0131 ile d\u00fcnyada \u00f6nemli bir yere ula\u015fmak i\u00e7in bu sekt\u00f6rde \u00e7al\u0131\u015fmaya devam edece\u011fiz.<\/p>\t\t\t\t\t\t\t\t<\/div>\n\t\t\t\t<\/div>\n\t\t\t\t\t<\/div>\n\t\t<\/div>\n\t\t\t\t<div class=\"elementor-column elementor-col-50 elementor-inner-column elementor-element elementor-element-acdbffb\" data-id=\"acdbffb\" data-element_type=\"column\">\n\t\t\t<div class=\"elementor-widget-wrap elementor-element-populated\">\n\t\t\t\t\t\t<div class=\"elementor-element elementor-element-8747d4e elementor-widget elementor-widget-image\" data-id=\"8747d4e\" data-element_type=\"widget\" data-widget_type=\"image.default\">\n\t\t\t\t<div class=\"elementor-widget-container\">\n\t\t\t\t\t\t\t\t\t\t\t\t\t\t\t<img decoding=\"async\" width=\"768\" height=\"576\" src=\"https:\/\/www.istanbulafrica.com\/wp-content\/uploads\/2020\/07\/Taffy-Factory_1-768x576.jpg\" class=\"attachment-medium_large size-medium_large wp-image-3913\" alt=\"\" srcset=\"https:\/\/www.istanbulafrica.com\/wp-content\/uploads\/2020\/07\/Taffy-Factory_1-768x576.jpg 768w, https:\/\/www.istanbulafrica.com\/wp-content\/uploads\/2020\/07\/Taffy-Factory_1-300x225.jpg 300w, https:\/\/www.istanbulafrica.com\/wp-content\/uploads\/2020\/07\/Taffy-Factory_1-1024x768.jpg 1024w, https:\/\/www.istanbulafrica.com\/wp-content\/uploads\/2020\/07\/Taffy-Factory_1-1536x1152.jpg 1536w, https:\/\/www.istanbulafrica.com\/wp-content\/uploads\/2020\/07\/Taffy-Factory_1-720x540.jpg 720w, https:\/\/www.istanbulafrica.com\/wp-content\/uploads\/2020\/07\/Taffy-Factory_1.jpg 1600w\" sizes=\"(max-width: 768px) 100vw, 768px\" \/>\t\t\t\t\t\t\t\t\t\t\t\t\t\t\t<\/div>\n\t\t\t\t<\/div>\n\t\t\t\t\t<\/div>\n\t\t<\/div>\n\t\t\t\t\t<\/div>\n\t\t<\/section>\n\t\t\t\t\t<\/div>\n\t\t<\/div>\n\t\t\t\t\t<\/div>\n\t\t<\/section>\n\t\t\t\t<section class=\"elementor-section elementor-top-section elementor-element elementor-element-f0d4af5 elementor-section-boxed elementor-section-height-default elementor-section-height-default\" data-id=\"f0d4af5\" data-element_type=\"section\">\n\t\t\t\t\t\t<div class=\"elementor-container elementor-column-gap-default\">\n\t\t\t\t\t<div class=\"elementor-column elementor-col-100 elementor-top-column elementor-element elementor-element-c9beea2\" data-id=\"c9beea2\" data-element_type=\"column\">\n\t\t\t<div class=\"elementor-widget-wrap elementor-element-populated\">\n\t\t\t\t\t\t<div class=\"elementor-element elementor-element-f4356d9 elementor-widget elementor-widget-heading\" data-id=\"f4356d9\" data-element_type=\"widget\" data-widget_type=\"heading.default\">\n\t\t\t\t<div class=\"elementor-widget-container\">\n\t\t\t\t\t<h2 class=\"elementor-heading-title elementor-size-default\">Bat\u0131 ve G\u00fcney Afrika B\u00f6lge Sat\u0131\u015f Direkt\u00f6r\u00fc Osman Ta\u015fkan ile R\u00f6portaj<\/h2>\t\t\t\t<\/div>\n\t\t\t\t<\/div>\n\t\t\t\t\t<\/div>\n\t\t<\/div>\n\t\t\t\t\t<\/div>\n\t\t<\/section>\n\t\t\t\t<section class=\"elementor-section elementor-top-section elementor-element elementor-element-c13587f elementor-section-boxed elementor-section-height-default elementor-section-height-default\" data-id=\"c13587f\" data-element_type=\"section\">\n\t\t\t\t\t\t<div class=\"elementor-container elementor-column-gap-default\">\n\t\t\t\t\t<div class=\"elementor-column elementor-col-100 elementor-top-column elementor-element elementor-element-36601e0\" data-id=\"36601e0\" data-element_type=\"column\">\n\t\t\t<div class=\"elementor-widget-wrap elementor-element-populated\">\n\t\t\t\t\t\t<div class=\"elementor-element elementor-element-742775e elementor-widget elementor-widget-text-editor\" data-id=\"742775e\" data-element_type=\"widget\" data-widget_type=\"text-editor.default\">\n\t\t\t\t<div class=\"elementor-widget-container\">\n\t\t\t\t\t\t\t\t\t<p><img decoding=\"async\" class=\"alignleft wp-image-3932\" src=\"https:\/\/www.istanbulafrica.com\/wp-content\/uploads\/2020\/07\/Osman-Taskan-300x300.jpeg\" alt=\"\" width=\"400\" height=\"400\" srcset=\"https:\/\/www.istanbulafrica.com\/wp-content\/uploads\/2020\/07\/Osman-Taskan-300x300.jpeg 300w, https:\/\/www.istanbulafrica.com\/wp-content\/uploads\/2020\/07\/Osman-Taskan-150x150.jpeg 150w, https:\/\/www.istanbulafrica.com\/wp-content\/uploads\/2020\/07\/Osman-Taskan.jpeg 325w\" sizes=\"(max-width: 400px) 100vw, 400px\" \/><\/p>\n<p><strong>Halk grubunun a\u00e7\u0131lmak istedi\u011fi yeni bir pazar var mi? Varsa bu giri\u015fminizden s\u00f6z eder misiniz?<\/strong><\/p>\n<p>Bat\u0131 ve G\u00fcney Afrika b\u00f6lge y\u00f6neticisi olarak, 2020 y\u0131l\u0131na ba\u015flarken temel hedefimiz bir\u00e7ok Afrika \u00fclkesine \u00fcr\u00fcnlerimizi tan\u0131tmak, \u00f6nem derecesine g\u00f6re bu \u00fclkelere girip, kal\u0131c\u0131 olmakt\u0131. Bu y\u0131l\u0131n ikinci \u00e7eyre\u011fine bakt\u0131\u011f\u0131m\u0131zda hem \u00fcr\u00fcnlerimizin kalitesi hem de k\u0131tada T\u00fcrklere olan s\u0131cak yakla\u015f\u0131m sayesinde Moritanya, Gambia, Senegal, Gine, Gana, Fildi\u015fi, \u00c7ad, Togo, Nijerya ve G\u00fcney Afrika \u00fclkelerine \u00fcr\u00fcnlerimizi g\u00f6nderdik ve \u015fimdiden bir\u00e7ok firmadan talep almaya ba\u015flad\u0131k. Gabon, Kamerun, Nijer ve Mauritus\u2019ta giderek \u00fcnlerini art\u0131ran Taffy ve Gizmo markal\u0131 bebek bezlerimiz ve di\u011fer hijyenik \u00fcr\u00fcnlerimizle pazar pay\u0131m\u0131z\u0131 art\u0131r\u0131yoruz. \u00d6n\u00fcm\u00fczdeki g\u00fcnlerde Mali, Benin ve bir\u00e7ok Sahraalt\u0131 Afrika \u00fclkeleri ile \u00f6nemli anla\u015fmalara imza atmay\u0131 planl\u0131yoruz.<\/p>\n<p><strong>Yat\u0131r\u0131m\u0131n amac\u0131 nedir ve b\u00fct\u00e7esi ne kadar olacak? <\/strong><\/p>\n<p>\u201cAfrica is future\u201d slogan\u0131 ile \u00e7\u0131kt\u0131\u011f\u0131m\u0131z bu yolculu\u011fa hijyenik \u00fcr\u00fcnlerimizi geleneksel ve geli\u015fmi\u015f pazarlarda talep edilen ve kolay ula\u015f\u0131labilen bir konuma getirmek en b\u00fcy\u00fck hedeflerimiz aras\u0131ndad\u0131r. Bu \u00e7ercevede, m\u00fc\u015fterilerimize reklam deste\u011fi, promosyonlar ve avantajl\u0131 projeler sunmaktay\u0131z. Yat\u0131r\u0131mlar\u0131m\u0131z\u0131n b\u00fct\u00e7esini pazar\u0131n b\u00fcy\u00fckl\u00fc\u011f\u00fc, bakirli\u011fi, al\u0131m kapasitesi vb. dinamikler belirlemektedir.<\/p>\n<p><strong>Corona sebebiyle olu\u015fan zorlu s\u00fcre\u00e7 yat\u0131r\u0131m karar\u0131n\u0131z\u0131 nas\u0131l etkiledi? <\/strong><\/p>\n<p>\u00dcr\u00fcnlerimiz h\u0131zl\u0131 t\u00fcketim mallar\u0131 sekt\u00f6r\u00fcnde yer ald\u0131\u011f\u0131ndan, var olan talepte herhangi bir de\u011fi\u015fiklik olmam\u0131\u015f fakat \u00f6ng\u00f6r\u00fclemeyen piyasa ko\u015fullar\u0131ndan dolay\u0131 m\u00fc\u015fterilerimizin yapacaklar\u0131 yat\u0131r\u0131mlar yava\u015flam\u0131\u015ft\u0131r. Bununla birlikte, k\u0131taya en fazla ithal edilen bebek bezinde zirvede yer alan \u00c7in \u00fcr\u00fcnlerine olan olumsuz yakla\u015f\u0131m, talepleri pazarda ikinci s\u0131rada yer alan t\u00fcrk \u00fcr\u00fcnlerine \u00e7evirmi\u015ftir ve bebek bezlerinin yan\u0131s\u0131ra \u0131slak mendil \u00fcr\u00fcnlerine de olan talep artm\u0131\u015ft\u0131r. Bu geli\u015fmeler Halk Hijyenik ailesi olarak krizi f\u0131rsata \u00e7evirmemizi sa\u011flam\u0131\u015ft\u0131r. Yat\u0131r\u0131mlar\u0131m\u0131z\u0131 daha kararl\u0131 ve sa\u011flam ad\u0131mlarla atmam\u0131z\u0131 sa\u011flam\u0131\u015ft\u0131r.<\/p>\n<p><strong><img loading=\"lazy\" decoding=\"async\" class=\" wp-image-3934 alignright\" src=\"https:\/\/www.istanbulafrica.com\/wp-content\/uploads\/2020\/07\/Osman-Taskan-AFrica-300x225.jpeg\" alt=\"\" width=\"401\" height=\"300\" srcset=\"https:\/\/www.istanbulafrica.com\/wp-content\/uploads\/2020\/07\/Osman-Taskan-AFrica-300x225.jpeg 300w, https:\/\/www.istanbulafrica.com\/wp-content\/uploads\/2020\/07\/Osman-Taskan-AFrica-768x576.jpeg 768w, https:\/\/www.istanbulafrica.com\/wp-content\/uploads\/2020\/07\/Osman-Taskan-AFrica-720x540.jpeg 720w, https:\/\/www.istanbulafrica.com\/wp-content\/uploads\/2020\/07\/Osman-Taskan-AFrica.jpeg 996w\" sizes=\"(max-width: 401px) 100vw, 401px\" \/>Halk grubu olarak 2019 y\u0131l\u0131n\u0131 nas\u0131l kapatt\u0131n\u0131z?<br><\/strong><\/p>\n<p>Kuruldu\u011fu g\u00fcnden bu yana, profesyonel, deneyimli ve cesur y\u00f6netim kadrosu ile s\u00fcrekli b\u00fcy\u00fcyen ve yeni yat\u0131r\u0131m kararlar\u0131 ile sekt\u00f6r\u00fcnde \u00f6nc\u00fc bir yere gelen Halk Hijyenik ailesi olarak Ortado\u011fu, T\u00fcrki Cumhuriyetler, G\u00fcney Amerika, Avrupa ve Afrika k\u0131talar\u0131nda b\u00fcy\u00fcmeye devam ettik. De\u011ferli ihracat m\u00fcd\u00fcr\u00fcm\u00fcz Nevzat G\u00fczelce \u00f6nderli\u011finde alan\u0131nda deneyimli ve b\u00f6lge k\u00fclt\u00fcrlerine, dillerine hakim \u00e7al\u0131\u015fma arkada\u015flar\u0131m ile b\u00fcy\u00fcmemizin devam edece\u011fine inan\u0131yorum.<\/p>\n<p><strong>\u00c7o\u011fu \u015firket Covid-19 sebebiyle 2020\u2019de b\u00fcy\u00fck finansal kay\u0131plar ya\u015fad\u0131 ve i\u015f y\u00f6netiminde zorlu de\u011fi\u015fiklikler yapt\u0131. Halk olarak siz nas\u0131l aksiyonlar ald\u0131n\u0131z ve 2020 y\u0131l\u0131 sizin i\u00e7in nas\u0131l ba\u015flad\u0131?<\/strong><\/p>\n<p>Covid-19 uluslararas\u0131 u\u00e7u\u015flar\u0131n durdurulmas\u0131na, y\u00fczy\u00fcze g\u00f6r\u00fc\u015fmeler iptal edilmesine, imzalanacak s\u00f6zle\u015fmelerin ask\u0131ya al\u0131nmas\u0131na neden oldu. G\u00fcmr\u00fcklerin \u00e7al\u0131\u015fmalar\u0131 yava\u015flad\u0131, k\u00fcresel ekonomilerdeki belirsizlik dengelerin de\u011fi\u015fmesi ile finansmandaki s\u0131k\u0131nt\u0131 yat\u0131r\u0131mlar\u0131 yava\u015flatt\u0131. Bu fakt\u00f6rler sekt\u00f6r\u00fcm\u00fczdeki b\u00fcy\u00fcmeyi engelledi, buna kar\u015f\u0131l\u0131k olarak Hijyenik \u00fcr\u00fcnlerimize olan ihtiyactan dolay\u0131 \u00e7ok b\u00fcy\u00fckfinansal kay\u0131plar ya\u015fatmad\u0131.<\/p>\n<p><strong><img loading=\"lazy\" decoding=\"async\" class=\" wp-image-4092 alignleft\" src=\"https:\/\/www.istanbulafrica.com\/wp-content\/uploads\/2020\/07\/Gizmo-2-300x224.jpeg\" alt=\"\" width=\"400\" height=\"297\" srcset=\"https:\/\/www.istanbulafrica.com\/wp-content\/uploads\/2020\/07\/Gizmo-2-300x224.jpeg 300w, https:\/\/www.istanbulafrica.com\/wp-content\/uploads\/2020\/07\/Gizmo-2-768x573.jpeg 768w, https:\/\/www.istanbulafrica.com\/wp-content\/uploads\/2020\/07\/Gizmo-2-720x537.jpeg 720w, https:\/\/www.istanbulafrica.com\/wp-content\/uploads\/2020\/07\/Gizmo-2.jpeg 784w\" sizes=\"(max-width: 400px) 100vw, 400px\" \/> Grubun ihracat geliri nas\u0131l ve bunu nereye ta\u015f\u0131mak istiyorsunuz? Bu s\u00fcre\u00e7te hangi yeni pazarlar \u00fczerinde \u00e7al\u0131\u015f\u0131yorsunuz? <br><\/strong><\/p>\n<p>Hali haz\u0131rda kapasitemizin %95\u2019ini doldurmu\u015f durumday\u0131z. Bu kapasitenin yakla\u015f\u0131k %90\u2019\u0131n\u0131 yurtd\u0131\u015f\u0131na ihra\u00e7 etmekteyiz. \u0130ki yeni makine yat\u0131r\u0131m\u0131z\u0131n 2020 son \u00e7eyre\u011finde faaliyete ge\u00e7mi\u015f olacakt\u0131r. Pazar dinamiklerini de g\u00f6z \u00f6n\u00fcnde bulundurarak pazar pay\u0131m\u0131z\u0131 art\u0131rmaya y\u00f6nelik agresif hamleler yapmakla beraber ayn\u0131 zamanda karl\u0131 sat\u0131\u015f yaparak markaya ve \u00fcr\u00fcn kalitesine yat\u0131r\u0131m yapmaya \u00f6nemle dikkat etmekteyiz.<\/p>\n<p>T\u00fcrk \u00fcr\u00fcnlerine ve kalitesine g\u00fcven noktas\u0131nda \u00f6n planda oldu\u011fumuz Afrika k\u0131tas\u0131 ile beraber Do\u011fu Avrupa ve G\u00fcney Amerika k\u0131tas\u0131 \u00f6ncelikli hedefledi\u011fimiz yeni pazarlard\u0131r.<\/p>\n<p><strong>2018\u2019den g\u00fcn\u00fcm\u00fcze ya\u015fanan T\u00fcrk liras\u0131ndaki sert de\u011fi\u015fim Halk Hijyenik\u2019in sat\u0131\u015flar\u0131n\u0131 nas\u0131l etkiledi? Bu de\u011fi\u015fimler Halk sat\u0131\u015flar\u0131n\u0131 i\u00e7 pazardan d\u0131\u015f pazara do\u011fru kayd\u0131rd\u0131 m\u0131?<\/strong><\/p>\n<p>\u00dcr\u00fcnlerimizin %90\u2019\u0131 d\u0131\u015f pazara g\u00f6nderildi\u011finden \u00e7ok b\u00fcy\u00fck bir de\u011fi\u015fim ya\u015fanmad\u0131.<\/p>\n<p><strong><img loading=\"lazy\" decoding=\"async\" class=\"wp-image-4088 alignright\" src=\"https:\/\/www.istanbulafrica.com\/wp-content\/uploads\/2020\/07\/Nicelady-1-300x225.jpeg\" alt=\"\" width=\"399\" height=\"299\" srcset=\"https:\/\/www.istanbulafrica.com\/wp-content\/uploads\/2020\/07\/Nicelady-1-300x225.jpeg 300w, https:\/\/www.istanbulafrica.com\/wp-content\/uploads\/2020\/07\/Nicelady-1-768x576.jpeg 768w, https:\/\/www.istanbulafrica.com\/wp-content\/uploads\/2020\/07\/Nicelady-1-720x540.jpeg 720w, https:\/\/www.istanbulafrica.com\/wp-content\/uploads\/2020\/07\/Nicelady-1.jpeg 1024w\" sizes=\"(max-width: 399px) 100vw, 399px\" \/>\u0130hracat da\u011f\u0131l\u0131m\u0131n\u0131zdan bahseder misiniz? Hangi \u00fclkelerde varl\u0131\u011f\u0131n\u0131z bulunuyor ve bu \u00fclkelerdeki mevcut durumunuz nas\u0131l?<br><\/strong><\/p>\n<p>\u015eu anda d\u00fcnyada 60\u2019tan fazla \u00fclkesine ihracat\u0131m\u0131z bulunmakta olup, her ge\u00e7en y\u0131l farkl\u0131 pazarlara girmekteyiz. \u00d6rnek vermem gerekirse Taffy markal\u0131 bebek bezimiz Libya\u2019da ve Gabon\u2019da pazarlar\u0131nda ilk s\u0131radalar. Kamerun\u2019da Gizmo bebek bezimiz i\u00e7in ciddi bir projeye imza att\u0131k ve b\u00fcy\u00fck bir talep ile kar\u015f\u0131 kar\u015f\u0131yay\u0131z. Bunlara ek olarak Fildi\u015fi Sahili ve Gana&#8217;da sekt\u00f6rde g\u00fc\u00e7l\u00fc i\u015f ortaklar\u0131m\u0131z ile b\u00fcy\u00fck projeler \u00fczerinde \u00e7al\u0131\u015fmalar\u0131m\u0131z devam etmektedir. Ge\u00e7ti\u011fimiz aylarda Chad, Togo, Senegal, Nijerya, Moritanya, Gine ve G\u00fcney Afrika\u2019ya ilk kez \u00fcr\u00fcnlerimizi ihra\u00e7 ettik. Periyodik olarak Nijer, Maritus \u00fcr\u00fcn g\u00f6ndermekteyiz.<\/p>\n<p><strong>Farkl\u0131 \u00fcr\u00fcn gruplar\u0131 \u00fcretiyorsunuz (bebek bezi, ped, \u0131slak mendil vb.) \u0130hracatta bu \u00fcr\u00fcnlerin da\u011f\u0131l\u0131m\u0131 nas\u0131l? <\/strong><\/p>\n<p>\u0130hra\u00e7 etti\u011fimiz temel \u00fcr\u00fcn grubu bebek bezidir. Son teknoloji Japon ve \u0130talyan makinelerimiz ile dakikada 1000 adet bebek bezi \u00fcretebiliyoruz. Firmam\u0131z 3 adet bebek bezi markas\u0131na sahip:<\/p>\n<ul>\n<li>Maksimum koruma, elastik kulaklar, E vitaminli losyon, y\u00fcksek emi\u015f kapasiteli, 12 saat bebe\u011fin kuru kalabildi\u011fi \u00fcr\u00fcn\u00fcm\u00fcz <strong>TAFFY<\/strong>.<\/li>\n<li>Taffy ile ayn\u0131 \u00f6zellikleri i\u00e7eren ve kaliteden \u00f6d\u00fcn vermeyen, b\u00fctceye uygun, iyi derecede kuruluk sa\u011flayan bebek bezimiz <strong>GIZMO<\/strong>.<\/li>\n<li>\u00c7ok hesapl\u0131, b\u00fctcesine istenilen d\u00fczeyde konfor isteyen ebeveynler i\u00e7in <strong>AMIGOS<\/strong> bebek bezimiz.<\/li>\n<\/ul>\n<p>Hasta bezi, kad\u0131n pedi ve \u0131slak mendil \u00fcr\u00fcnlerini de modern tesisimizde \u00fcretiyoruz. Bu \u015fekilde al\u0131c\u0131 \u00fcr\u00fcn \u00e7e\u015fitlili\u011fi ile pazara daha rahat ve g\u00fc\u00e7l\u00fc giri\u015f yapabiliyor. Covid 19\u2019dan \u00f6t\u00fcr\u00fc \u00e7ok\u00e7a talep edilen 2 katl\u0131, anti alerjik, antivirus \u00f6zelli\u011fine sahip, y\u00fcksek kalitedeki t\u0131bbi maske sat\u0131\u015flar\u0131m\u0131za ba\u015flam\u0131\u015f bulunmaktay\u0131z.<\/p>\n<p>G\u00fcvenlik sto\u011fumuzun her zaman haz\u0131r halde tutulmas\u0131, h\u0131zl\u0131 teslimat se\u00e7eneklerimiz, an\u0131nda cevaplama sistemimiz, \u00fclkelerin k\u00fclt\u00fcr ve diline olan hakimiyetimiz sayesinde rakiplerimiz aras\u0131nda fark yarat\u0131yoruz. Mersin liman\u0131na olan yak\u0131nl\u0131\u011f\u0131m\u0131z bize her an ve uygun fiyatlarda ta\u015f\u0131ma yapma f\u0131rsat\u0131 sa\u011fl\u0131yor.<\/p>\n<p><strong><img loading=\"lazy\" decoding=\"async\" class=\" wp-image-4093 alignleft\" src=\"https:\/\/www.istanbulafrica.com\/wp-content\/uploads\/2020\/07\/Taffy-distribution-300x225.jpeg\" alt=\"\" width=\"396\" height=\"297\" srcset=\"https:\/\/www.istanbulafrica.com\/wp-content\/uploads\/2020\/07\/Taffy-distribution-300x225.jpeg 300w, https:\/\/www.istanbulafrica.com\/wp-content\/uploads\/2020\/07\/Taffy-distribution-1024x768.jpeg 1024w, https:\/\/www.istanbulafrica.com\/wp-content\/uploads\/2020\/07\/Taffy-distribution-768x576.jpeg 768w, https:\/\/www.istanbulafrica.com\/wp-content\/uploads\/2020\/07\/Taffy-distribution-1536x1152.jpeg 1536w, https:\/\/www.istanbulafrica.com\/wp-content\/uploads\/2020\/07\/Taffy-distribution-720x540.jpeg 720w, https:\/\/www.istanbulafrica.com\/wp-content\/uploads\/2020\/07\/Taffy-distribution.jpeg 1600w\" sizes=\"(max-width: 396px) 100vw, 396px\" \/>Son y\u0131llarda Afrika \u00fclkeleri h\u0131zl\u0131 bir ekonomik geli\u015fim g\u00f6sterdi. Halk olarak bu pazardaki pozisyonunuzu art\u0131rmaya y\u00f6nelik giri\u015fimleriniz nelerdir?<br><\/strong><\/p>\n<p>Afrika \u00fclkeleri ve bu \u00fclkelerdeki insanlar\u0131 kalite ile bulu\u015fturmak, ve bu kaliteyi do\u011fru fiyat politikas\u0131 ile destekleme \u00e7abas\u0131nday\u0131z. Afrika k\u0131tas\u0131ndaki potansiyelin fark\u0131nda oldu\u011fumuz i\u00e7in her \u00fclkede do\u011fru hamleleri ve pazarlama etkinliklerini yapmaya gayret ediyoruz. Bunun i\u00e7in d\u00fczenli \u015fekilde Afrika \u00fclkelerine seyahatler d\u00fczenleyip \u00fclke bayilerimiz ile beraber pazar\u0131 analiz etmekteyiz. 3 farkl\u0131 kategoride al\u0131m g\u00fcc\u00fc olan Afrika vatanda\u015flar\u0131 i\u00e7in alternatif yaratabilmek elimizi g\u00fc\u00e7lendirmektedir. Y\u00fcksek-orta ve d\u00fc\u015f\u00fck gelirli vatanda\u015flar i\u00e7in fiyat\/performans noktas\u0131nda iyi \u00fcr\u00fcnler sunarak Pazar penetrasyonumuzu her ge\u00e7en g\u00fcn art\u0131rmaktay\u0131z.<\/p>\n<p><strong>Afrika&#8217;daki ihracat rakamlar\u0131n\u0131z nas\u0131l? Kac \u00fclkede \u00fcr\u00fcnleriniz sat\u0131l\u0131yor ve sat\u0131\u015flarda hangi kanallar\u0131 kullan\u0131yorsunuz?<\/strong><\/p>\n<p>Afrika k\u0131tas\u0131ndaki bir\u00e7ok yeni \u00fclkeye giri\u015f yapt\u0131k. \u015eu an Afrika\u2019da 17&#8217;den fazla \u00fclkede \u00fcr\u00fcnlerimiz sat\u0131lmaktaktad\u0131r.Toplu al\u0131m yapan da\u011f\u0131t\u0131c\u0131lar ve ithalat\u00e7\u0131lar\u0131n al\u0131\u015f sat\u0131\u015f noktalar\u0131, B2B internet siteleri, online g\u00f6r\u00fc\u015fmeler, ithalat \u00fclkesinde var olan yerel \u00e7al\u0131\u015fanlar\u0131m\u0131z, fuarlar ve d\u0131\u015f ticaret firmalar\u0131 ile sat\u0131\u015flar\u0131m\u0131z\u0131 ger\u00e7ekle\u015ftiriyoruz.<\/p>\n<p><strong><img loading=\"lazy\" decoding=\"async\" class=\"wp-image-3937 alignright\" src=\"https:\/\/www.istanbulafrica.com\/wp-content\/uploads\/2020\/07\/Halk-Hijyenik-Diaper_1-1-300x200.jpg\" alt=\"\" width=\"402\" height=\"269\" srcset=\"https:\/\/www.istanbulafrica.com\/wp-content\/uploads\/2020\/07\/Halk-Hijyenik-Diaper_1-1-300x200.jpg 300w, https:\/\/www.istanbulafrica.com\/wp-content\/uploads\/2020\/07\/Halk-Hijyenik-Diaper_1-1-272x182.jpg 272w, https:\/\/www.istanbulafrica.com\/wp-content\/uploads\/2020\/07\/Halk-Hijyenik-Diaper_1-1.jpg 567w\" sizes=\"(max-width: 402px) 100vw, 402px\" \/>\u0130hracatta kar\u015f\u0131la\u015ft\u0131\u011f\u0131n\u0131z zorluklar nelerdir? <br><\/strong><\/p>\n<p>Bir \u00e7ok Sahraalt\u0131 \u00fclkesindeki genel tabloya bak\u0131ld\u0131\u011f\u0131nda kaliteden ziyade uygun fiyatl\u0131 \u00fcr\u00fcn talep edilmektedir. \u0130hracat\u0131m\u0131zdaki geli\u015fmeleri yava\u015flatan baz\u0131 fakt\u00f6rler vard\u0131r:<\/p>\n<ul>\n<li>\u00dcr\u00fcnlerimizin pazarda hakim olan \u00c7in \u00fcr\u00fcnleri ve daha kalitesiz \u00fcr\u00fcnlerle kar\u015f\u0131la\u015ft\u0131r\u0131lmas\u0131.<\/li>\n<li>G\u00fcmr\u00fck vergilerinin baz\u0131 \u00fclkelerde y\u00fcksek olmas\u0131.<\/li>\n<li>Afrika k\u0131tas\u0131n\u0131n al\u0131m g\u00fcc\u00fcn\u00fcn zay\u0131fl\u0131\u011f\u0131 ve kaliteden \u00e7ok ucuz \u00fcr\u00fcnlere olan talep.<\/li>\n<li>Korona vir\u00fcs\u00fcn g\u00fcnl\u00fck hayata verdi\u011fi olumsuz etkiler.<\/li>\n<\/ul>\t\t\t\t\t\t\t\t<\/div>\n\t\t\t\t<\/div>\n\t\t\t\t\t<\/div>\n\t\t<\/div>\n\t\t\t\t\t<\/div>\n\t\t<\/section>\n\t\t\t\t<section class=\"elementor-section elementor-top-section elementor-element elementor-element-7c38813 elementor-section-boxed elementor-section-height-default elementor-section-height-default\" data-id=\"7c38813\" data-element_type=\"section\">\n\t\t\t\t\t\t<div class=\"elementor-container elementor-column-gap-default\">\n\t\t\t\t\t<div class=\"elementor-column elementor-col-100 elementor-top-column elementor-element elementor-element-4757416\" data-id=\"4757416\" data-element_type=\"column\">\n\t\t\t<div class=\"elementor-widget-wrap elementor-element-populated\">\n\t\t\t\t\t\t<div class=\"elementor-element elementor-element-c44eaff elementor-widget elementor-widget-heading\" data-id=\"c44eaff\" data-element_type=\"widget\" data-widget_type=\"heading.default\">\n\t\t\t\t<div class=\"elementor-widget-container\">\n\t\t\t\t\t<h2 class=\"elementor-heading-title elementor-size-default\">Halk Hijyenik \u00dcr\u00fcnleri<\/h2>\t\t\t\t<\/div>\n\t\t\t\t<\/div>\n\t\t\t\t\t<\/div>\n\t\t<\/div>\n\t\t\t\t\t<\/div>\n\t\t<\/section>\n\t\t\t\t<section class=\"elementor-section elementor-top-section elementor-element elementor-element-77f20b2 elementor-section-boxed elementor-section-height-default elementor-section-height-default\" data-id=\"77f20b2\" data-element_type=\"section\">\n\t\t\t\t\t\t<div class=\"elementor-container elementor-column-gap-default\">\n\t\t\t\t\t<div class=\"elementor-column elementor-col-100 elementor-top-column elementor-element elementor-element-2c508fa\" data-id=\"2c508fa\" data-element_type=\"column\">\n\t\t\t<div class=\"elementor-widget-wrap elementor-element-populated\">\n\t\t\t\t\t\t<div class=\"elementor-element elementor-element-e67fc57 elementor-position-top elementor-widget elementor-widget-image-box\" data-id=\"e67fc57\" data-element_type=\"widget\" data-widget_type=\"image-box.default\">\n\t\t\t\t<div class=\"elementor-widget-container\">\n\t\t\t\t\t<div class=\"elementor-image-box-wrapper\"><figure class=\"elementor-image-box-img\"><img loading=\"lazy\" decoding=\"async\" width=\"300\" height=\"300\" src=\"https:\/\/www.istanbulafrica.com\/wp-content\/uploads\/2019\/08\/Taffy1-300x300.jpg\" class=\"attachment-medium size-medium wp-image-2447\" alt=\"\" srcset=\"https:\/\/www.istanbulafrica.com\/wp-content\/uploads\/2019\/08\/Taffy1-300x300.jpg 300w, https:\/\/www.istanbulafrica.com\/wp-content\/uploads\/2019\/08\/Taffy1-150x150.jpg 150w, https:\/\/www.istanbulafrica.com\/wp-content\/uploads\/2019\/08\/Taffy1-768x768.jpg 768w, https:\/\/www.istanbulafrica.com\/wp-content\/uploads\/2019\/08\/Taffy1-1024x1024.jpg 1024w, https:\/\/www.istanbulafrica.com\/wp-content\/uploads\/2019\/08\/Taffy1-720x720.jpg 720w, https:\/\/www.istanbulafrica.com\/wp-content\/uploads\/2019\/08\/Taffy1-360x360.jpg 360w, https:\/\/www.istanbulafrica.com\/wp-content\/uploads\/2019\/08\/Taffy1.jpg 1600w\" sizes=\"(max-width: 300px) 100vw, 300px\" \/><\/figure><div class=\"elementor-image-box-content\"><h3 class=\"elementor-image-box-title\">Taffy Bebek Bezi<\/h3><p class=\"elementor-image-box-description\">En y\u00fcksek kalitede bebek bezi.\nTekstil d\u0131\u015f y\u00fczeyi, v\u00fccuda oturan anatomik yap\u0131, emici ve da\u011f\u0131t\u0131c\u0131 tabaka, s\u00fcper emici par\u00e7ac\u0131klar, parf\u00fcm, losyon ve E vitamini, s\u00fcper elastik c\u0131rtl\u0131 yan bantlar, s\u0131zd\u0131rmaz bariyerler, pamuk yumu\u015fakl\u0131\u011f\u0131nda \u00fcst y\u00fczey.<\/p><\/div><\/div>\t\t\t\t<\/div>\n\t\t\t\t<\/div>\n\t\t\t\t<div class=\"elementor-element elementor-element-1a0d066 elementor-widget-divider--view-line elementor-widget elementor-widget-divider\" data-id=\"1a0d066\" data-element_type=\"widget\" data-widget_type=\"divider.default\">\n\t\t\t\t<div class=\"elementor-widget-container\">\n\t\t\t\t\t\t\t<div class=\"elementor-divider\">\n\t\t\t<span class=\"elementor-divider-separator\">\n\t\t\t\t\t\t<\/span>\n\t\t<\/div>\n\t\t\t\t\t\t<\/div>\n\t\t\t\t<\/div>\n\t\t\t\t\t<\/div>\n\t\t<\/div>\n\t\t\t\t\t<\/div>\n\t\t<\/section>\n\t\t\t\t<section class=\"elementor-section elementor-top-section elementor-element elementor-element-501eb0d elementor-section-boxed elementor-section-height-default elementor-section-height-default\" data-id=\"501eb0d\" data-element_type=\"section\">\n\t\t\t\t\t\t<div class=\"elementor-container elementor-column-gap-default\">\n\t\t\t\t\t<div class=\"elementor-column elementor-col-100 elementor-top-column elementor-element elementor-element-49fc209\" data-id=\"49fc209\" data-element_type=\"column\">\n\t\t\t<div class=\"elementor-widget-wrap elementor-element-populated\">\n\t\t\t\t\t\t<div class=\"elementor-element elementor-element-0112a44 elementor-position-top elementor-widget elementor-widget-image-box\" data-id=\"0112a44\" data-element_type=\"widget\" data-widget_type=\"image-box.default\">\n\t\t\t\t<div class=\"elementor-widget-container\">\n\t\t\t\t\t<div class=\"elementor-image-box-wrapper\"><figure class=\"elementor-image-box-img\"><img loading=\"lazy\" decoding=\"async\" width=\"300\" height=\"300\" src=\"https:\/\/www.istanbulafrica.com\/wp-content\/uploads\/2019\/08\/Gizmo1-300x300.jpg\" class=\"attachment-medium size-medium wp-image-2448\" alt=\"\" srcset=\"https:\/\/www.istanbulafrica.com\/wp-content\/uploads\/2019\/08\/Gizmo1-300x300.jpg 300w, https:\/\/www.istanbulafrica.com\/wp-content\/uploads\/2019\/08\/Gizmo1-150x150.jpg 150w, https:\/\/www.istanbulafrica.com\/wp-content\/uploads\/2019\/08\/Gizmo1-768x768.jpg 768w, https:\/\/www.istanbulafrica.com\/wp-content\/uploads\/2019\/08\/Gizmo1-1024x1024.jpg 1024w, https:\/\/www.istanbulafrica.com\/wp-content\/uploads\/2019\/08\/Gizmo1-720x720.jpg 720w, https:\/\/www.istanbulafrica.com\/wp-content\/uploads\/2019\/08\/Gizmo1-360x360.jpg 360w, https:\/\/www.istanbulafrica.com\/wp-content\/uploads\/2019\/08\/Gizmo1.jpg 1181w\" sizes=\"(max-width: 300px) 100vw, 300px\" \/><\/figure><div class=\"elementor-image-box-content\"><h3 class=\"elementor-image-box-title\">Gizmo Bebek Bezi<\/h3><p class=\"elementor-image-box-description\">Makul fiyat etiketi ile y\u00fcksek kaliteli bebek bezi.\nTekstil d\u0131\u015f y\u00fczeyi, v\u00fccuda oturan anatomik yap\u0131, emici ve da\u011f\u0131t\u0131c\u0131 tabaka, s\u00fcper emici par\u00e7ac\u0131klar, parf\u00fcm, losyon ve E vitamini, s\u00fcper elastik c\u0131rtl\u0131 yan bantlar, s\u0131zd\u0131rmaz bariyerler, pamuk yumu\u015fakl\u0131\u011f\u0131nda \u00fcst y\u00fczey.<\/p><\/div><\/div>\t\t\t\t<\/div>\n\t\t\t\t<\/div>\n\t\t\t\t<div class=\"elementor-element elementor-element-fbeab20 elementor-widget-divider--view-line elementor-widget elementor-widget-divider\" data-id=\"fbeab20\" data-element_type=\"widget\" data-widget_type=\"divider.default\">\n\t\t\t\t<div class=\"elementor-widget-container\">\n\t\t\t\t\t\t\t<div class=\"elementor-divider\">\n\t\t\t<span class=\"elementor-divider-separator\">\n\t\t\t\t\t\t<\/span>\n\t\t<\/div>\n\t\t\t\t\t\t<\/div>\n\t\t\t\t<\/div>\n\t\t\t\t\t<\/div>\n\t\t<\/div>\n\t\t\t\t\t<\/div>\n\t\t<\/section>\n\t\t\t\t<section class=\"elementor-section elementor-top-section elementor-element elementor-element-1aea799 elementor-section-boxed elementor-section-height-default elementor-section-height-default\" data-id=\"1aea799\" data-element_type=\"section\">\n\t\t\t\t\t\t<div class=\"elementor-container elementor-column-gap-default\">\n\t\t\t\t\t<div class=\"elementor-column elementor-col-100 elementor-top-column elementor-element elementor-element-9462a5a\" data-id=\"9462a5a\" data-element_type=\"column\">\n\t\t\t<div class=\"elementor-widget-wrap elementor-element-populated\">\n\t\t\t\t\t\t<div class=\"elementor-element elementor-element-df9d3ea elementor-position-top elementor-widget elementor-widget-image-box\" data-id=\"df9d3ea\" data-element_type=\"widget\" data-widget_type=\"image-box.default\">\n\t\t\t\t<div class=\"elementor-widget-container\">\n\t\t\t\t\t<div class=\"elementor-image-box-wrapper\"><figure class=\"elementor-image-box-img\"><img loading=\"lazy\" decoding=\"async\" width=\"300\" height=\"232\" src=\"https:\/\/www.istanbulafrica.com\/wp-content\/uploads\/2020\/07\/Amigos-Photo-300x232.jpeg\" class=\"attachment-medium size-medium wp-image-3936\" alt=\"\" srcset=\"https:\/\/www.istanbulafrica.com\/wp-content\/uploads\/2020\/07\/Amigos-Photo-300x232.jpeg 300w, https:\/\/www.istanbulafrica.com\/wp-content\/uploads\/2020\/07\/Amigos-Photo-1024x793.jpeg 1024w, https:\/\/www.istanbulafrica.com\/wp-content\/uploads\/2020\/07\/Amigos-Photo-768x595.jpeg 768w, https:\/\/www.istanbulafrica.com\/wp-content\/uploads\/2020\/07\/Amigos-Photo-1536x1189.jpeg 1536w, https:\/\/www.istanbulafrica.com\/wp-content\/uploads\/2020\/07\/Amigos-Photo-720x558.jpeg 720w, https:\/\/www.istanbulafrica.com\/wp-content\/uploads\/2020\/07\/Amigos-Photo.jpeg 1600w\" sizes=\"(max-width: 300px) 100vw, 300px\" \/><\/figure><div class=\"elementor-image-box-content\"><h3 class=\"elementor-image-box-title\">Amigos Bebek Bezi<\/h3><p class=\"elementor-image-box-description\">B\u00fct\u00e7esine dikkat eden m\u00fc\u015fteriler i\u00e7in uygun bebek bezi. \u00c7ocuklar\u0131n\u0131z i\u00e7in temel koruma sa\u011flar.<\/p><\/div><\/div>\t\t\t\t<\/div>\n\t\t\t\t<\/div>\n\t\t\t\t<div class=\"elementor-element elementor-element-7c4a906 elementor-widget-divider--view-line elementor-widget elementor-widget-divider\" data-id=\"7c4a906\" data-element_type=\"widget\" data-widget_type=\"divider.default\">\n\t\t\t\t<div class=\"elementor-widget-container\">\n\t\t\t\t\t\t\t<div class=\"elementor-divider\">\n\t\t\t<span class=\"elementor-divider-separator\">\n\t\t\t\t\t\t<\/span>\n\t\t<\/div>\n\t\t\t\t\t\t<\/div>\n\t\t\t\t<\/div>\n\t\t\t\t\t<\/div>\n\t\t<\/div>\n\t\t\t\t\t<\/div>\n\t\t<\/section>\n\t\t\t\t<section class=\"elementor-section elementor-top-section elementor-element elementor-element-7658117 elementor-section-boxed elementor-section-height-default elementor-section-height-default\" data-id=\"7658117\" data-element_type=\"section\">\n\t\t\t\t\t\t<div class=\"elementor-container elementor-column-gap-default\">\n\t\t\t\t\t<div class=\"elementor-column elementor-col-100 elementor-top-column elementor-element elementor-element-15fa175\" data-id=\"15fa175\" data-element_type=\"column\">\n\t\t\t<div class=\"elementor-widget-wrap elementor-element-populated\">\n\t\t\t\t\t\t<div class=\"elementor-element elementor-element-106982e elementor-position-top elementor-widget elementor-widget-image-box\" data-id=\"106982e\" data-element_type=\"widget\" data-widget_type=\"image-box.default\">\n\t\t\t\t<div class=\"elementor-widget-container\">\n\t\t\t\t\t<div class=\"elementor-image-box-wrapper\"><figure class=\"elementor-image-box-img\"><img loading=\"lazy\" decoding=\"async\" width=\"300\" height=\"154\" src=\"https:\/\/www.istanbulafrica.com\/wp-content\/uploads\/2019\/08\/Pad2-e1594821245425-300x154.jpg\" class=\"attachment-medium size-medium wp-image-2450\" alt=\"\" srcset=\"https:\/\/www.istanbulafrica.com\/wp-content\/uploads\/2019\/08\/Pad2-e1594821245425-300x154.jpg 300w, https:\/\/www.istanbulafrica.com\/wp-content\/uploads\/2019\/08\/Pad2-e1594821245425-768x393.jpg 768w, https:\/\/www.istanbulafrica.com\/wp-content\/uploads\/2019\/08\/Pad2-e1594821245425-1024x524.jpg 1024w, https:\/\/www.istanbulafrica.com\/wp-content\/uploads\/2019\/08\/Pad2-e1594821245425-720x368.jpg 720w, https:\/\/www.istanbulafrica.com\/wp-content\/uploads\/2019\/08\/Pad2-e1594821245425.jpg 1237w\" sizes=\"(max-width: 300px) 100vw, 300px\" \/><\/figure><div class=\"elementor-image-box-content\"><h3 class=\"elementor-image-box-title\">Gizlady Hijyenik Ped<\/h3><p class=\"elementor-image-box-description\">Bayanlar i\u00e7in rahat hijyenik ped. \u00d6zel s\u0131zd\u0131rmaz s\u0131v\u0131 kanallar\u0131; s\u0131v\u0131 d\u00f6k\u00fclmesini \u00f6nler, Cilt dostu p\u00fcr\u00fczs\u00fcz \u00fcst y\u00fczey; rahatl\u0131\u011f\u0131 hissetmenizi sa\u011flar, Geni\u015f yap\u0131\u015fkan kanatlar; hareket \u00f6zg\u00fcrl\u00fc\u011f\u00fc verir, g\u00fc\u00e7l\u00fc yap\u0131\u015fkan a\u015fa\u011f\u0131 y\u00fczey; pedin kaymas\u0131n\u0131 \u00f6nler, \u00d6zel s\u0131zd\u0131rmaz koruyucu alt y\u00fczey; s\u0131v\u0131 d\u00f6k\u00fclmesini \u00f6nler.<\/p><\/div><\/div>\t\t\t\t<\/div>\n\t\t\t\t<\/div>\n\t\t\t\t<div class=\"elementor-element elementor-element-1837fa8 elementor-widget-divider--view-line elementor-widget elementor-widget-divider\" data-id=\"1837fa8\" data-element_type=\"widget\" data-widget_type=\"divider.default\">\n\t\t\t\t<div class=\"elementor-widget-container\">\n\t\t\t\t\t\t\t<div class=\"elementor-divider\">\n\t\t\t<span class=\"elementor-divider-separator\">\n\t\t\t\t\t\t<\/span>\n\t\t<\/div>\n\t\t\t\t\t\t<\/div>\n\t\t\t\t<\/div>\n\t\t\t\t\t<\/div>\n\t\t<\/div>\n\t\t\t\t\t<\/div>\n\t\t<\/section>\n\t\t\t\t<section class=\"elementor-section elementor-top-section elementor-element elementor-element-3975513 elementor-section-boxed elementor-section-height-default elementor-section-height-default\" data-id=\"3975513\" data-element_type=\"section\">\n\t\t\t\t\t\t<div class=\"elementor-container elementor-column-gap-default\">\n\t\t\t\t\t<div class=\"elementor-column elementor-col-100 elementor-top-column elementor-element elementor-element-46c34f9\" data-id=\"46c34f9\" data-element_type=\"column\">\n\t\t\t<div class=\"elementor-widget-wrap elementor-element-populated\">\n\t\t\t\t\t\t<div class=\"elementor-element elementor-element-258608b elementor-position-top elementor-widget elementor-widget-image-box\" data-id=\"258608b\" data-element_type=\"widget\" data-widget_type=\"image-box.default\">\n\t\t\t\t<div class=\"elementor-widget-container\">\n\t\t\t\t\t<div class=\"elementor-image-box-wrapper\"><figure class=\"elementor-image-box-img\"><img loading=\"lazy\" decoding=\"async\" width=\"300\" height=\"177\" src=\"https:\/\/www.istanbulafrica.com\/wp-content\/uploads\/2019\/08\/Pad1-e1594821277983-300x177.jpg\" class=\"attachment-medium size-medium wp-image-2449\" alt=\"\" srcset=\"https:\/\/www.istanbulafrica.com\/wp-content\/uploads\/2019\/08\/Pad1-e1594821277983-300x177.jpg 300w, https:\/\/www.istanbulafrica.com\/wp-content\/uploads\/2019\/08\/Pad1-e1594821277983-768x452.jpg 768w, https:\/\/www.istanbulafrica.com\/wp-content\/uploads\/2019\/08\/Pad1-e1594821277983-1024x603.jpg 1024w, https:\/\/www.istanbulafrica.com\/wp-content\/uploads\/2019\/08\/Pad1-e1594821277983-720x424.jpg 720w, https:\/\/www.istanbulafrica.com\/wp-content\/uploads\/2019\/08\/Pad1-e1594821277983.jpg 1299w\" sizes=\"(max-width: 300px) 100vw, 300px\" \/><\/figure><div class=\"elementor-image-box-content\"><h3 class=\"elementor-image-box-title\">Nicelady Hijyenik Ped<\/h3><p class=\"elementor-image-box-description\">Bayanlar i\u00e7in g\u00fcnl\u00fck kullan\u0131ma uygun y\u00fcksek kaliteli hijyenik ped. Hareket rahatl\u0131\u011f\u0131 sa\u011flayan incelik, Rahatl\u0131k veren pamuk yumu\u015fak y\u00fczey, Nefes alan d\u0131\u015f y\u00fczey, Koku Kontrol Sistemi.<\/p><\/div><\/div>\t\t\t\t<\/div>\n\t\t\t\t<\/div>\n\t\t\t\t<div class=\"elementor-element elementor-element-a0f8c28 elementor-widget-divider--view-line elementor-widget elementor-widget-divider\" data-id=\"a0f8c28\" data-element_type=\"widget\" data-widget_type=\"divider.default\">\n\t\t\t\t<div class=\"elementor-widget-container\">\n\t\t\t\t\t\t\t<div class=\"elementor-divider\">\n\t\t\t<span class=\"elementor-divider-separator\">\n\t\t\t\t\t\t<\/span>\n\t\t<\/div>\n\t\t\t\t\t\t<\/div>\n\t\t\t\t<\/div>\n\t\t\t\t\t<\/div>\n\t\t<\/div>\n\t\t\t\t\t<\/div>\n\t\t<\/section>\n\t\t\t\t<section class=\"elementor-section elementor-top-section elementor-element elementor-element-1494ad3 elementor-section-boxed elementor-section-height-default elementor-section-height-default\" data-id=\"1494ad3\" data-element_type=\"section\">\n\t\t\t\t\t\t<div class=\"elementor-container elementor-column-gap-default\">\n\t\t\t\t\t<div class=\"elementor-column elementor-col-100 elementor-top-column elementor-element elementor-element-1961bb5\" data-id=\"1961bb5\" data-element_type=\"column\">\n\t\t\t<div class=\"elementor-widget-wrap elementor-element-populated\">\n\t\t\t\t\t\t<div class=\"elementor-element elementor-element-0847700 elementor-position-top elementor-widget elementor-widget-image-box\" data-id=\"0847700\" data-element_type=\"widget\" data-widget_type=\"image-box.default\">\n\t\t\t\t<div class=\"elementor-widget-container\">\n\t\t\t\t\t<div class=\"elementor-image-box-wrapper\"><figure class=\"elementor-image-box-img\"><img loading=\"lazy\" decoding=\"async\" width=\"300\" height=\"235\" src=\"https:\/\/www.istanbulafrica.com\/wp-content\/uploads\/2019\/08\/WetWipes1-e1594821328447-300x235.jpg\" class=\"attachment-medium size-medium wp-image-2451\" alt=\"\" srcset=\"https:\/\/www.istanbulafrica.com\/wp-content\/uploads\/2019\/08\/WetWipes1-e1594821328447-300x235.jpg 300w, https:\/\/www.istanbulafrica.com\/wp-content\/uploads\/2019\/08\/WetWipes1-e1594821328447-768x602.jpg 768w, https:\/\/www.istanbulafrica.com\/wp-content\/uploads\/2019\/08\/WetWipes1-e1594821328447-720x565.jpg 720w, https:\/\/www.istanbulafrica.com\/wp-content\/uploads\/2019\/08\/WetWipes1-e1594821328447.jpg 964w\" sizes=\"(max-width: 300px) 100vw, 300px\" \/><\/figure><div class=\"elementor-image-box-content\"><h3 class=\"elementor-image-box-title\">Taffy Islak Mendil<\/h3><p class=\"elementor-image-box-description\">Ultra hijyenik \u0131slak mendiller. Alkol ve paraben i\u00e7ermez, cildinizi temizler ve nemlendirir, ho\u015f bir koku ile ferahl\u0131k sa\u011flar.<\/p><\/div><\/div>\t\t\t\t<\/div>\n\t\t\t\t<\/div>\n\t\t\t\t<div class=\"elementor-element elementor-element-5a5223c elementor-widget-divider--view-line elementor-widget elementor-widget-divider\" data-id=\"5a5223c\" data-element_type=\"widget\" data-widget_type=\"divider.default\">\n\t\t\t\t<div class=\"elementor-widget-container\">\n\t\t\t\t\t\t\t<div class=\"elementor-divider\">\n\t\t\t<span class=\"elementor-divider-separator\">\n\t\t\t\t\t\t<\/span>\n\t\t<\/div>\n\t\t\t\t\t\t<\/div>\n\t\t\t\t<\/div>\n\t\t\t\t\t<\/div>\n\t\t<\/div>\n\t\t\t\t\t<\/div>\n\t\t<\/section>\n\t\t\t\t<\/div>\n\t\t","protected":false},"excerpt":{"rendered":"<p>Afrika&#8217;daki Bebek Bezi ve Hijyenik Ped Pazar\u0131n\u0131n Halk Hijyenik \u00dcr\u00fcnler ve Deterjan Sanayi ile De\u011ferlendirilmesi \u0130stanbul Afrika Ticaret \u015eirketi olarak, [&hellip;]<\/p>\n","protected":false},"author":1,"featured_media":4164,"comment_status":"open","ping_status":"open","sticky":false,"template":"elementor_header_footer","format":"standard","meta":{"_monsterinsights_skip_tracking":false,"_monsterinsights_sitenote_active":false,"_monsterinsights_sitenote_note":"","_monsterinsights_sitenote_category":0,"footnotes":""},"categories":[47],"tags":[],"class_list":["post-4151","post","type-post","status-publish","format-standard","has-post-thumbnail","hentry","category-ticari"],"yoast_head":"<!-- This site is optimized with the Yoast SEO Premium plugin v25.7.1 (Yoast SEO v25.8) - https:\/\/yoast.com\/wordpress\/plugins\/seo\/ -->\n<title>Afrika&#039;da Bebek Bezi ve Hijyenik Ped Pazar\u0131n\u0131n De\u011ferlendirilmesi - Halk<\/title>\n<meta name=\"description\" content=\"\u0130stanbul Afrika Ticaret \u015eirketi, Afrika&#039;ya y\u00fcksek kaliteli bebek bezleri, hijyenik pedler ve yeti\u015fkin bezleri sa\u011flamak i\u00e7in Halk Hijyenik ile \u00e7al\u0131\u015f\u0131yor.\" \/>\n<meta name=\"robots\" content=\"index, follow, max-snippet:-1, max-image-preview:large, max-video-preview:-1\" \/>\n<link rel=\"canonical\" href=\"https:\/\/www.istanbulafrica.com\/tr\/afrikadaki-bebek-bezi-ve-hijyenik-ped-pazarinin-halk-hijyenik-ile-degerlendirilmesi\/\" \/>\n<meta property=\"og:locale\" content=\"en_US\" \/>\n<meta property=\"og:type\" content=\"article\" \/>\n<meta property=\"og:title\" content=\"Afrika&#039;daki Bebek Bezi ve Hijyenik Ped Pazar\u0131n\u0131n Halk Hijyenik ile De\u011ferlendirilmesi\" \/>\n<meta property=\"og:description\" content=\"\u0130stanbul Afrika Ticaret \u015eirketi, Afrika&#039;ya y\u00fcksek kaliteli bebek bezleri, hijyenik pedler ve yeti\u015fkin bezleri sa\u011flamak i\u00e7in Halk Hijyenik ile \u00e7al\u0131\u015f\u0131yor.\" \/>\n<meta property=\"og:url\" content=\"https:\/\/www.istanbulafrica.com\/tr\/afrikadaki-bebek-bezi-ve-hijyenik-ped-pazarinin-halk-hijyenik-ile-degerlendirilmesi\/\" \/>\n<meta property=\"og:site_name\" content=\"Istanbul Africa Trade Company\" \/>\n<meta property=\"article:publisher\" content=\"http:\/\/www.facebook.com\/istanbulafrica\" \/>\n<meta property=\"article:published_time\" content=\"2020-07-22T09:52:52+00:00\" \/>\n<meta property=\"article:modified_time\" content=\"2020-08-06T12:06:42+00:00\" \/>\n<meta property=\"og:image\" content=\"https:\/\/www.istanbulafrica.com\/wp-content\/uploads\/2020\/07\/Osman-Taskan-Halk-Hijyenik-Afrika-TR.jpg\" \/>\n\t<meta property=\"og:image:width\" content=\"1100\" \/>\n\t<meta property=\"og:image:height\" content=\"631\" \/>\n\t<meta property=\"og:image:type\" content=\"image\/jpeg\" \/>\n<meta name=\"author\" content=\"admin\" \/>\n<meta name=\"twitter:card\" content=\"summary_large_image\" \/>\n<meta name=\"twitter:creator\" content=\"@istanbulafrica\" \/>\n<meta name=\"twitter:site\" content=\"@istanbulafrica\" \/>\n<meta name=\"twitter:label1\" content=\"Written by\" \/>\n\t<meta name=\"twitter:data1\" content=\"\" \/>\n\t<meta name=\"twitter:label2\" content=\"Est. reading time\" \/>\n\t<meta name=\"twitter:data2\" content=\"10 minutes\" \/>\n<script type=\"application\/ld+json\" class=\"yoast-schema-graph\">{\"@context\":\"https:\/\/schema.org\",\"@graph\":[{\"@type\":\"Article\",\"@id\":\"https:\/\/www.istanbulafrica.com\/tr\/afrikadaki-bebek-bezi-ve-hijyenik-ped-pazarinin-halk-hijyenik-ile-degerlendirilmesi\/#article\",\"isPartOf\":{\"@id\":\"https:\/\/www.istanbulafrica.com\/tr\/afrikadaki-bebek-bezi-ve-hijyenik-ped-pazarinin-halk-hijyenik-ile-degerlendirilmesi\/\"},\"author\":{\"name\":\"admin\",\"@id\":\"https:\/\/www.istanbulafrica.com\/#\/schema\/person\/e0f8b3b562d664e99942c2ca70031388\"},\"headline\":\"Afrika&#8217;daki Bebek Bezi ve Hijyenik Ped Pazar\u0131n\u0131n Halk Hijyenik ile De\u011ferlendirilmesi\",\"datePublished\":\"2020-07-22T09:52:52+00:00\",\"dateModified\":\"2020-08-06T12:06:42+00:00\",\"mainEntityOfPage\":{\"@id\":\"https:\/\/www.istanbulafrica.com\/tr\/afrikadaki-bebek-bezi-ve-hijyenik-ped-pazarinin-halk-hijyenik-ile-degerlendirilmesi\/\"},\"wordCount\":2085,\"commentCount\":0,\"publisher\":{\"@id\":\"https:\/\/www.istanbulafrica.com\/#organization\"},\"image\":{\"@id\":\"https:\/\/www.istanbulafrica.com\/tr\/afrikadaki-bebek-bezi-ve-hijyenik-ped-pazarinin-halk-hijyenik-ile-degerlendirilmesi\/#primaryimage\"},\"thumbnailUrl\":\"https:\/\/www.istanbulafrica.com\/wp-content\/uploads\/2020\/07\/Osman-Taskan-Halk-Hijyenik-Afrika-TR.jpg\",\"articleSection\":[\"Ticari\"],\"inLanguage\":\"en-US\",\"potentialAction\":[{\"@type\":\"CommentAction\",\"name\":\"Comment\",\"target\":[\"https:\/\/www.istanbulafrica.com\/tr\/afrikadaki-bebek-bezi-ve-hijyenik-ped-pazarinin-halk-hijyenik-ile-degerlendirilmesi\/#respond\"]}]},{\"@type\":\"WebPage\",\"@id\":\"https:\/\/www.istanbulafrica.com\/tr\/afrikadaki-bebek-bezi-ve-hijyenik-ped-pazarinin-halk-hijyenik-ile-degerlendirilmesi\/\",\"url\":\"https:\/\/www.istanbulafrica.com\/tr\/afrikadaki-bebek-bezi-ve-hijyenik-ped-pazarinin-halk-hijyenik-ile-degerlendirilmesi\/\",\"name\":\"Afrika'da Bebek Bezi ve Hijyenik Ped Pazar\u0131n\u0131n De\u011ferlendirilmesi - Halk\",\"isPartOf\":{\"@id\":\"https:\/\/www.istanbulafrica.com\/#website\"},\"primaryImageOfPage\":{\"@id\":\"https:\/\/www.istanbulafrica.com\/tr\/afrikadaki-bebek-bezi-ve-hijyenik-ped-pazarinin-halk-hijyenik-ile-degerlendirilmesi\/#primaryimage\"},\"image\":{\"@id\":\"https:\/\/www.istanbulafrica.com\/tr\/afrikadaki-bebek-bezi-ve-hijyenik-ped-pazarinin-halk-hijyenik-ile-degerlendirilmesi\/#primaryimage\"},\"thumbnailUrl\":\"https:\/\/www.istanbulafrica.com\/wp-content\/uploads\/2020\/07\/Osman-Taskan-Halk-Hijyenik-Afrika-TR.jpg\",\"datePublished\":\"2020-07-22T09:52:52+00:00\",\"dateModified\":\"2020-08-06T12:06:42+00:00\",\"description\":\"\u0130stanbul Afrika Ticaret \u015eirketi, Afrika'ya y\u00fcksek kaliteli bebek bezleri, hijyenik pedler ve yeti\u015fkin bezleri sa\u011flamak i\u00e7in Halk Hijyenik ile \u00e7al\u0131\u015f\u0131yor.\",\"breadcrumb\":{\"@id\":\"https:\/\/www.istanbulafrica.com\/tr\/afrikadaki-bebek-bezi-ve-hijyenik-ped-pazarinin-halk-hijyenik-ile-degerlendirilmesi\/#breadcrumb\"},\"inLanguage\":\"en-US\",\"potentialAction\":[{\"@type\":\"ReadAction\",\"target\":[\"https:\/\/www.istanbulafrica.com\/tr\/afrikadaki-bebek-bezi-ve-hijyenik-ped-pazarinin-halk-hijyenik-ile-degerlendirilmesi\/\"]}]},{\"@type\":\"ImageObject\",\"inLanguage\":\"en-US\",\"@id\":\"https:\/\/www.istanbulafrica.com\/tr\/afrikadaki-bebek-bezi-ve-hijyenik-ped-pazarinin-halk-hijyenik-ile-degerlendirilmesi\/#primaryimage\",\"url\":\"https:\/\/www.istanbulafrica.com\/wp-content\/uploads\/2020\/07\/Osman-Taskan-Halk-Hijyenik-Afrika-TR.jpg\",\"contentUrl\":\"https:\/\/www.istanbulafrica.com\/wp-content\/uploads\/2020\/07\/Osman-Taskan-Halk-Hijyenik-Afrika-TR.jpg\",\"width\":1100,\"height\":631},{\"@type\":\"BreadcrumbList\",\"@id\":\"https:\/\/www.istanbulafrica.com\/tr\/afrikadaki-bebek-bezi-ve-hijyenik-ped-pazarinin-halk-hijyenik-ile-degerlendirilmesi\/#breadcrumb\",\"itemListElement\":[{\"@type\":\"ListItem\",\"position\":1,\"name\":\"Home\",\"item\":\"https:\/\/www.istanbulafrica.com\/\"},{\"@type\":\"ListItem\",\"position\":2,\"name\":\"Afrika&#8217;daki Bebek Bezi ve Hijyenik Ped Pazar\u0131n\u0131n Halk Hijyenik ile De\u011ferlendirilmesi\"}]},{\"@type\":\"WebSite\",\"@id\":\"https:\/\/www.istanbulafrica.com\/#website\",\"url\":\"https:\/\/www.istanbulafrica.com\/\",\"name\":\"Istanbul Africa Trade Company\",\"description\":\"Import, Export and Investment\",\"publisher\":{\"@id\":\"https:\/\/www.istanbulafrica.com\/#organization\"},\"potentialAction\":[{\"@type\":\"SearchAction\",\"target\":{\"@type\":\"EntryPoint\",\"urlTemplate\":\"https:\/\/www.istanbulafrica.com\/?s={search_term_string}\"},\"query-input\":{\"@type\":\"PropertyValueSpecification\",\"valueRequired\":true,\"valueName\":\"search_term_string\"}}],\"inLanguage\":\"en-US\"},{\"@type\":\"Organization\",\"@id\":\"https:\/\/www.istanbulafrica.com\/#organization\",\"name\":\"Istanbul Africa Trade Company\",\"url\":\"https:\/\/www.istanbulafrica.com\/\",\"logo\":{\"@type\":\"ImageObject\",\"inLanguage\":\"en-US\",\"@id\":\"https:\/\/www.istanbulafrica.com\/#\/schema\/logo\/image\/\",\"url\":\"https:\/\/www.istanbulafrica.com\/wp-content\/uploads\/2018\/11\/Logo-5_Multicolor-1-e1543258165564.png\",\"contentUrl\":\"https:\/\/www.istanbulafrica.com\/wp-content\/uploads\/2018\/11\/Logo-5_Multicolor-1-e1543258165564.png\",\"width\":300,\"height\":82,\"caption\":\"Istanbul Africa Trade Company\"},\"image\":{\"@id\":\"https:\/\/www.istanbulafrica.com\/#\/schema\/logo\/image\/\"},\"sameAs\":[\"http:\/\/www.facebook.com\/istanbulafrica\",\"https:\/\/x.com\/istanbulafrica\",\"https:\/\/www.instagram.com\/istanbulafrica\",\"https:\/\/linkedin.com\/company\/istanbulafrica\"]},{\"@type\":\"Person\",\"@id\":\"https:\/\/www.istanbulafrica.com\/#\/schema\/person\/e0f8b3b562d664e99942c2ca70031388\",\"name\":\"admin\",\"image\":{\"@type\":\"ImageObject\",\"inLanguage\":\"en-US\",\"@id\":\"https:\/\/www.istanbulafrica.com\/#\/schema\/person\/image\/\",\"url\":\"https:\/\/www.istanbulafrica.com\/wp-content\/litespeed\/avatar\/063478b0608c9232a95d704ee9061d12.jpg?ver=1758542353\",\"contentUrl\":\"https:\/\/www.istanbulafrica.com\/wp-content\/litespeed\/avatar\/063478b0608c9232a95d704ee9061d12.jpg?ver=1758542353\",\"caption\":\"admin\"}}]}<\/script>\n<!-- \/ Yoast SEO Premium plugin. -->","yoast_head_json":{"title":"Afrika'da Bebek Bezi ve Hijyenik Ped Pazar\u0131n\u0131n De\u011ferlendirilmesi - Halk","description":"\u0130stanbul Afrika Ticaret \u015eirketi, Afrika'ya y\u00fcksek kaliteli bebek bezleri, hijyenik pedler ve yeti\u015fkin bezleri sa\u011flamak i\u00e7in Halk Hijyenik ile \u00e7al\u0131\u015f\u0131yor.","robots":{"index":"index","follow":"follow","max-snippet":"max-snippet:-1","max-image-preview":"max-image-preview:large","max-video-preview":"max-video-preview:-1"},"canonical":"https:\/\/www.istanbulafrica.com\/tr\/afrikadaki-bebek-bezi-ve-hijyenik-ped-pazarinin-halk-hijyenik-ile-degerlendirilmesi\/","og_locale":"en_US","og_type":"article","og_title":"Afrika'daki Bebek Bezi ve Hijyenik Ped Pazar\u0131n\u0131n Halk Hijyenik ile De\u011ferlendirilmesi","og_description":"\u0130stanbul Afrika Ticaret \u015eirketi, Afrika'ya y\u00fcksek kaliteli bebek bezleri, hijyenik pedler ve yeti\u015fkin bezleri sa\u011flamak i\u00e7in Halk Hijyenik ile \u00e7al\u0131\u015f\u0131yor.","og_url":"https:\/\/www.istanbulafrica.com\/tr\/afrikadaki-bebek-bezi-ve-hijyenik-ped-pazarinin-halk-hijyenik-ile-degerlendirilmesi\/","og_site_name":"Istanbul Africa Trade Company","article_publisher":"http:\/\/www.facebook.com\/istanbulafrica","article_published_time":"2020-07-22T09:52:52+00:00","article_modified_time":"2020-08-06T12:06:42+00:00","og_image":[{"width":1100,"height":631,"url":"https:\/\/www.istanbulafrica.com\/wp-content\/uploads\/2020\/07\/Osman-Taskan-Halk-Hijyenik-Afrika-TR.jpg","type":"image\/jpeg"}],"author":"admin","twitter_card":"summary_large_image","twitter_creator":"@istanbulafrica","twitter_site":"@istanbulafrica","twitter_misc":{"Written by":false,"Est. reading time":"10 minutes"},"schema":{"@context":"https:\/\/schema.org","@graph":[{"@type":"Article","@id":"https:\/\/www.istanbulafrica.com\/tr\/afrikadaki-bebek-bezi-ve-hijyenik-ped-pazarinin-halk-hijyenik-ile-degerlendirilmesi\/#article","isPartOf":{"@id":"https:\/\/www.istanbulafrica.com\/tr\/afrikadaki-bebek-bezi-ve-hijyenik-ped-pazarinin-halk-hijyenik-ile-degerlendirilmesi\/"},"author":{"name":"admin","@id":"https:\/\/www.istanbulafrica.com\/#\/schema\/person\/e0f8b3b562d664e99942c2ca70031388"},"headline":"Afrika&#8217;daki Bebek Bezi ve Hijyenik Ped Pazar\u0131n\u0131n Halk Hijyenik ile De\u011ferlendirilmesi","datePublished":"2020-07-22T09:52:52+00:00","dateModified":"2020-08-06T12:06:42+00:00","mainEntityOfPage":{"@id":"https:\/\/www.istanbulafrica.com\/tr\/afrikadaki-bebek-bezi-ve-hijyenik-ped-pazarinin-halk-hijyenik-ile-degerlendirilmesi\/"},"wordCount":2085,"commentCount":0,"publisher":{"@id":"https:\/\/www.istanbulafrica.com\/#organization"},"image":{"@id":"https:\/\/www.istanbulafrica.com\/tr\/afrikadaki-bebek-bezi-ve-hijyenik-ped-pazarinin-halk-hijyenik-ile-degerlendirilmesi\/#primaryimage"},"thumbnailUrl":"https:\/\/www.istanbulafrica.com\/wp-content\/uploads\/2020\/07\/Osman-Taskan-Halk-Hijyenik-Afrika-TR.jpg","articleSection":["Ticari"],"inLanguage":"en-US","potentialAction":[{"@type":"CommentAction","name":"Comment","target":["https:\/\/www.istanbulafrica.com\/tr\/afrikadaki-bebek-bezi-ve-hijyenik-ped-pazarinin-halk-hijyenik-ile-degerlendirilmesi\/#respond"]}]},{"@type":"WebPage","@id":"https:\/\/www.istanbulafrica.com\/tr\/afrikadaki-bebek-bezi-ve-hijyenik-ped-pazarinin-halk-hijyenik-ile-degerlendirilmesi\/","url":"https:\/\/www.istanbulafrica.com\/tr\/afrikadaki-bebek-bezi-ve-hijyenik-ped-pazarinin-halk-hijyenik-ile-degerlendirilmesi\/","name":"Afrika'da Bebek Bezi ve Hijyenik Ped Pazar\u0131n\u0131n De\u011ferlendirilmesi - Halk","isPartOf":{"@id":"https:\/\/www.istanbulafrica.com\/#website"},"primaryImageOfPage":{"@id":"https:\/\/www.istanbulafrica.com\/tr\/afrikadaki-bebek-bezi-ve-hijyenik-ped-pazarinin-halk-hijyenik-ile-degerlendirilmesi\/#primaryimage"},"image":{"@id":"https:\/\/www.istanbulafrica.com\/tr\/afrikadaki-bebek-bezi-ve-hijyenik-ped-pazarinin-halk-hijyenik-ile-degerlendirilmesi\/#primaryimage"},"thumbnailUrl":"https:\/\/www.istanbulafrica.com\/wp-content\/uploads\/2020\/07\/Osman-Taskan-Halk-Hijyenik-Afrika-TR.jpg","datePublished":"2020-07-22T09:52:52+00:00","dateModified":"2020-08-06T12:06:42+00:00","description":"\u0130stanbul Afrika Ticaret \u015eirketi, Afrika'ya y\u00fcksek kaliteli bebek bezleri, hijyenik pedler ve yeti\u015fkin bezleri sa\u011flamak i\u00e7in Halk Hijyenik ile \u00e7al\u0131\u015f\u0131yor.","breadcrumb":{"@id":"https:\/\/www.istanbulafrica.com\/tr\/afrikadaki-bebek-bezi-ve-hijyenik-ped-pazarinin-halk-hijyenik-ile-degerlendirilmesi\/#breadcrumb"},"inLanguage":"en-US","potentialAction":[{"@type":"ReadAction","target":["https:\/\/www.istanbulafrica.com\/tr\/afrikadaki-bebek-bezi-ve-hijyenik-ped-pazarinin-halk-hijyenik-ile-degerlendirilmesi\/"]}]},{"@type":"ImageObject","inLanguage":"en-US","@id":"https:\/\/www.istanbulafrica.com\/tr\/afrikadaki-bebek-bezi-ve-hijyenik-ped-pazarinin-halk-hijyenik-ile-degerlendirilmesi\/#primaryimage","url":"https:\/\/www.istanbulafrica.com\/wp-content\/uploads\/2020\/07\/Osman-Taskan-Halk-Hijyenik-Afrika-TR.jpg","contentUrl":"https:\/\/www.istanbulafrica.com\/wp-content\/uploads\/2020\/07\/Osman-Taskan-Halk-Hijyenik-Afrika-TR.jpg","width":1100,"height":631},{"@type":"BreadcrumbList","@id":"https:\/\/www.istanbulafrica.com\/tr\/afrikadaki-bebek-bezi-ve-hijyenik-ped-pazarinin-halk-hijyenik-ile-degerlendirilmesi\/#breadcrumb","itemListElement":[{"@type":"ListItem","position":1,"name":"Home","item":"https:\/\/www.istanbulafrica.com\/"},{"@type":"ListItem","position":2,"name":"Afrika&#8217;daki Bebek Bezi ve Hijyenik Ped Pazar\u0131n\u0131n Halk Hijyenik ile De\u011ferlendirilmesi"}]},{"@type":"WebSite","@id":"https:\/\/www.istanbulafrica.com\/#website","url":"https:\/\/www.istanbulafrica.com\/","name":"Istanbul Africa Trade Company","description":"Import, Export and Investment","publisher":{"@id":"https:\/\/www.istanbulafrica.com\/#organization"},"potentialAction":[{"@type":"SearchAction","target":{"@type":"EntryPoint","urlTemplate":"https:\/\/www.istanbulafrica.com\/?s={search_term_string}"},"query-input":{"@type":"PropertyValueSpecification","valueRequired":true,"valueName":"search_term_string"}}],"inLanguage":"en-US"},{"@type":"Organization","@id":"https:\/\/www.istanbulafrica.com\/#organization","name":"Istanbul Africa Trade Company","url":"https:\/\/www.istanbulafrica.com\/","logo":{"@type":"ImageObject","inLanguage":"en-US","@id":"https:\/\/www.istanbulafrica.com\/#\/schema\/logo\/image\/","url":"https:\/\/www.istanbulafrica.com\/wp-content\/uploads\/2018\/11\/Logo-5_Multicolor-1-e1543258165564.png","contentUrl":"https:\/\/www.istanbulafrica.com\/wp-content\/uploads\/2018\/11\/Logo-5_Multicolor-1-e1543258165564.png","width":300,"height":82,"caption":"Istanbul Africa Trade Company"},"image":{"@id":"https:\/\/www.istanbulafrica.com\/#\/schema\/logo\/image\/"},"sameAs":["http:\/\/www.facebook.com\/istanbulafrica","https:\/\/x.com\/istanbulafrica","https:\/\/www.instagram.com\/istanbulafrica","https:\/\/linkedin.com\/company\/istanbulafrica"]},{"@type":"Person","@id":"https:\/\/www.istanbulafrica.com\/#\/schema\/person\/e0f8b3b562d664e99942c2ca70031388","name":"admin","image":{"@type":"ImageObject","inLanguage":"en-US","@id":"https:\/\/www.istanbulafrica.com\/#\/schema\/person\/image\/","url":"https:\/\/www.istanbulafrica.com\/wp-content\/litespeed\/avatar\/063478b0608c9232a95d704ee9061d12.jpg?ver=1758542353","contentUrl":"https:\/\/www.istanbulafrica.com\/wp-content\/litespeed\/avatar\/063478b0608c9232a95d704ee9061d12.jpg?ver=1758542353","caption":"admin"}}]}},"_links":{"self":[{"href":"https:\/\/www.istanbulafrica.com\/wp-json\/wp\/v2\/posts\/4151","targetHints":{"allow":["GET"]}}],"collection":[{"href":"https:\/\/www.istanbulafrica.com\/wp-json\/wp\/v2\/posts"}],"about":[{"href":"https:\/\/www.istanbulafrica.com\/wp-json\/wp\/v2\/types\/post"}],"author":[{"embeddable":true,"href":"https:\/\/www.istanbulafrica.com\/wp-json\/wp\/v2\/users\/1"}],"replies":[{"embeddable":true,"href":"https:\/\/www.istanbulafrica.com\/wp-json\/wp\/v2\/comments?post=4151"}],"version-history":[{"count":16,"href":"https:\/\/www.istanbulafrica.com\/wp-json\/wp\/v2\/posts\/4151\/revisions"}],"predecessor-version":[{"id":4175,"href":"https:\/\/www.istanbulafrica.com\/wp-json\/wp\/v2\/posts\/4151\/revisions\/4175"}],"wp:featuredmedia":[{"embeddable":true,"href":"https:\/\/www.istanbulafrica.com\/wp-json\/wp\/v2\/media\/4164"}],"wp:attachment":[{"href":"https:\/\/www.istanbulafrica.com\/wp-json\/wp\/v2\/media?parent=4151"}],"wp:term":[{"taxonomy":"category","embeddable":true,"href":"https:\/\/www.istanbulafrica.com\/wp-json\/wp\/v2\/categories?post=4151"},{"taxonomy":"post_tag","embeddable":true,"href":"https:\/\/www.istanbulafrica.com\/wp-json\/wp\/v2\/tags?post=4151"}],"curies":[{"name":"wp","href":"https:\/\/api.w.org\/{rel}","templated":true}]}}