{"id":4849,"date":"2020-11-05T12:47:09","date_gmt":"2020-11-05T12:47:09","guid":{"rendered":"https:\/\/www.istanbulafrica.com\/?p=4849"},"modified":"2020-11-05T13:08:32","modified_gmt":"2020-11-05T13:08:32","slug":"partenariat-officiel-en-republique-democratique-du-congo","status":"publish","type":"post","link":"https:\/\/www.istanbulafrica.com\/fr\/partenariat-officiel-en-republique-democratique-du-congo\/","title":{"rendered":"Partenariat officiel en R\u00e9publique d\u00e9mocratique du Congo"},"content":{"rendered":"\t\t<div data-elementor-type=\"wp-post\" data-elementor-id=\"4849\" class=\"elementor elementor-4849\">\n\t\t\t\t\t\t<section class=\"elementor-section elementor-top-section elementor-element elementor-element-2aa29b0 elementor-section-boxed elementor-section-height-default elementor-section-height-default\" data-id=\"2aa29b0\" data-element_type=\"section\">\n\t\t\t\t\t\t<div class=\"elementor-container elementor-column-gap-default\">\n\t\t\t\t\t<div class=\"elementor-column elementor-col-100 elementor-top-column elementor-element elementor-element-fdfdab9\" data-id=\"fdfdab9\" data-element_type=\"column\">\n\t\t\t<div class=\"elementor-widget-wrap elementor-element-populated\">\n\t\t\t\t\t\t<div class=\"elementor-element elementor-element-f57d63f elementor-widget elementor-widget-text-editor\" data-id=\"f57d63f\" data-element_type=\"widget\" data-widget_type=\"text-editor.default\">\n\t\t\t\t<div class=\"elementor-widget-container\">\n\t\t\t\t\t\t\t\t\t<p>Istanbul Africa Trade Company et M. Adrien Mizuma sont officiellement partenaires sur le march\u00e9 congolais (RDC). M. Adrien est le directeur ex\u00e9cutif de la Chambre de commerce congolaise en Grande-Bretagne. Il sera notre leader du march\u00e9 en R\u00e9publique d\u00e9mocratique du Congo. Nos clients peuvent joindre M. Adrien pour leurs demandes commerciales.<\/p><p><span style=\"text-decoration: underline;\"><strong>Contact d&#8217;Adrien Mizuma:<\/strong><\/span><br \/><strong>Adresse:<\/strong> 27 Old Gloucester St, Londres WC1N 3AX, Royaume-Uni<br \/><strong>T\u00e9l\u00e9phone:<\/strong> +44 79 7266 5927<br \/><strong>Courriel:<\/strong> adrien.mizuma@cccgb.uk<\/p>\t\t\t\t\t\t\t\t<\/div>\n\t\t\t\t<\/div>\n\t\t\t\t<div class=\"elementor-element elementor-element-dc6874c elementor-widget elementor-widget-spacer\" data-id=\"dc6874c\" data-element_type=\"widget\" data-widget_type=\"spacer.default\">\n\t\t\t\t<div class=\"elementor-widget-container\">\n\t\t\t\t\t\t\t<div class=\"elementor-spacer\">\n\t\t\t<div class=\"elementor-spacer-inner\"><\/div>\n\t\t<\/div>\n\t\t\t\t\t\t<\/div>\n\t\t\t\t<\/div>\n\t\t\t\t\t<\/div>\n\t\t<\/div>\n\t\t\t\t\t<\/div>\n\t\t<\/section>\n\t\t\t\t<section class=\"elementor-section elementor-top-section elementor-element elementor-element-aa05ea6 elementor-section-boxed elementor-section-height-default elementor-section-height-default\" data-id=\"aa05ea6\" data-element_type=\"section\">\n\t\t\t\t\t\t<div class=\"elementor-container elementor-column-gap-default\">\n\t\t\t\t\t<div class=\"elementor-column elementor-col-100 elementor-top-column elementor-element elementor-element-f65ca50\" data-id=\"f65ca50\" data-element_type=\"column\">\n\t\t\t<div class=\"elementor-widget-wrap elementor-element-populated\">\n\t\t\t\t\t\t<div class=\"elementor-element elementor-element-99928d8 elementor-widget elementor-widget-heading\" data-id=\"99928d8\" data-element_type=\"widget\" data-widget_type=\"heading.default\">\n\t\t\t\t<div class=\"elementor-widget-container\">\n\t\t\t\t\t<h2 class=\"elementor-heading-title elementor-size-default\">A propos d'Adrien Mizuma<\/h2>\t\t\t\t<\/div>\n\t\t\t\t<\/div>\n\t\t\t\t\t<\/div>\n\t\t<\/div>\n\t\t\t\t\t<\/div>\n\t\t<\/section>\n\t\t\t\t<section class=\"elementor-section elementor-top-section elementor-element elementor-element-6347f01 elementor-section-boxed elementor-section-height-default elementor-section-height-default\" data-id=\"6347f01\" data-element_type=\"section\">\n\t\t\t\t\t\t<div class=\"elementor-container elementor-column-gap-default\">\n\t\t\t\t\t<div class=\"elementor-column elementor-col-100 elementor-top-column elementor-element elementor-element-431d857\" data-id=\"431d857\" data-element_type=\"column\">\n\t\t\t<div class=\"elementor-widget-wrap elementor-element-populated\">\n\t\t\t\t\t\t<div class=\"elementor-element elementor-element-525feae elementor-widget elementor-widget-text-editor\" data-id=\"525feae\" data-element_type=\"widget\" data-widget_type=\"text-editor.default\">\n\t\t\t\t<div class=\"elementor-widget-container\">\n\t\t\t\t\t\t\t\t\t<p>Adrien a plus de 10 ans d\u2019exp\u00e9rience en entrepreneuriat, d\u00e9veloppement communautaire et cr\u00e9ation d\u2019entreprises sociales. Il a travaill\u00e9 au niveau de la gestion pour diff\u00e9rents contextes, notamment One Africa Partnership et NCISE (New Communities in Social Enterprises), fournissant un leadership et un soutien \u00e0 la sensibilisation aux nouvelles et \u00e9mergentes organisations d&#8217;entreprises sociales communautaires \u00e0 Nottingham, Derby et Leicester au Royaume-Uni.<\/p><p>Adrien est actuellement consultant en affaires d&#8217;assurance chez Precise Protect et directeur ex\u00e9cutif et directeur du d\u00e9veloppement des affaires de la Chambre de commerce congolaise en Grande-Bretagne. Il est en charge des relations publiques, des investissements et de l&#8217;entr\u00e9e sur le march\u00e9.<\/p><p>Adrien est titulaire d&#8217;un BA (Hons) Degree de l&#8217;Universit\u00e9 De Montfort (Leicester) en 2007 et a obtenu avec succ\u00e8s un dipl\u00f4me de pratique avanc\u00e9e en gestion du logement et du bien-\u00eatre au London Trans-Atlantic College.<\/p>\t\t\t\t\t\t\t\t<\/div>\n\t\t\t\t<\/div>\n\t\t\t\t<div class=\"elementor-element elementor-element-0114645 elementor-widget elementor-widget-spacer\" data-id=\"0114645\" data-element_type=\"widget\" data-widget_type=\"spacer.default\">\n\t\t\t\t<div class=\"elementor-widget-container\">\n\t\t\t\t\t\t\t<div class=\"elementor-spacer\">\n\t\t\t<div class=\"elementor-spacer-inner\"><\/div>\n\t\t<\/div>\n\t\t\t\t\t\t<\/div>\n\t\t\t\t<\/div>\n\t\t\t\t\t<\/div>\n\t\t<\/div>\n\t\t\t\t\t<\/div>\n\t\t<\/section>\n\t\t\t\t<section class=\"elementor-section elementor-top-section elementor-element elementor-element-26fe7028 elementor-section-boxed elementor-section-height-default elementor-section-height-default\" data-id=\"26fe7028\" data-element_type=\"section\">\n\t\t\t\t\t\t<div class=\"elementor-container elementor-column-gap-default\">\n\t\t\t\t\t<div class=\"elementor-column elementor-col-100 elementor-top-column elementor-element elementor-element-79277758\" data-id=\"79277758\" data-element_type=\"column\">\n\t\t\t<div class=\"elementor-widget-wrap elementor-element-populated\">\n\t\t\t\t\t\t<div class=\"elementor-element elementor-element-ed0e7b2 elementor-widget elementor-widget-heading\" data-id=\"ed0e7b2\" data-element_type=\"widget\" data-widget_type=\"heading.default\">\n\t\t\t\t<div class=\"elementor-widget-container\">\n\t\t\t\t\t<h2 class=\"elementor-heading-title elementor-size-default\">Istanbul Africa Trade Company<\/h2>\t\t\t\t<\/div>\n\t\t\t\t<\/div>\n\t\t\t\t<div class=\"elementor-element elementor-element-28d5fe9a elementor-widget elementor-widget-image\" data-id=\"28d5fe9a\" data-element_type=\"widget\" data-widget_type=\"image.default\">\n\t\t\t\t<div class=\"elementor-widget-container\">\n\t\t\t\t\t\t\t\t\t\t\t\t\t\t\t<img decoding=\"async\" src=\"https:\/\/www.istanbulafrica.com\/wp-content\/uploads\/elementor\/thumbs\/Istanbul-Africa-Trade-Istanbul-Panaromic_Fotor-1-ooaft4hjuj15xzs9lv4pxrhrafsd4u6zw50c3gvs28.jpg\" title=\"Istanbul Africa Trade Istanbul Panaromic_Fotor\" alt=\"Istanbul Africa Trade Istanbul Panaromic_Fotor\" loading=\"lazy\" \/>\t\t\t\t\t\t\t\t\t\t\t\t\t\t\t<\/div>\n\t\t\t\t<\/div>\n\t\t\t\t<div class=\"elementor-element elementor-element-729ccb9c elementor-widget elementor-widget-text-editor\" data-id=\"729ccb9c\" data-element_type=\"widget\" data-widget_type=\"text-editor.default\">\n\t\t\t\t<div class=\"elementor-widget-container\">\n\t\t\t\t\t\t\t\t\t<p>Istanbul Africa Trade Company est le distributeur de 16 soci\u00e9t\u00e9s turques, ayant collectivement plus de 150 000 m\u00b2 de surface de production, plus de 1 500 employ\u00e9s et 120 millions de dollars de revenus annuels. Nous op\u00e9rons dans les secteurs des biens de consommation, des mat\u00e9riaux de construction et des machines. Notre gamme de produits comprend des couches pour b\u00e9b\u00e9s, des aliments emball\u00e9s, des machines de construction, des mat\u00e9riaux de construction, des produits chimiques, des machines mini\u00e8res et 120 autres types de produits.<\/p><p>Notre si\u00e8ge social est situ\u00e9 \u00e0 Istanbul, en Turquie et nous avons des partenaires commerciaux au Ghana, au Zimbabwe, en Ouganda, au Cameroun et en R\u00e9publique d\u00e9mocratique du Congo. Nous pr\u00e9voyons d&#8217;ouvrir un nouveau bureau \u00e0 Johannesburg, en Afrique du Sud, en 2021.<\/p><p>Notre marque dans le secteur alimentaire est Farbelli: www.farbelli.com<\/p><p>Notre marque dans le secteur du nettoyage est Proclex: www.proclex.com<\/p>\t\t\t\t\t\t\t\t<\/div>\n\t\t\t\t<\/div>\n\t\t\t\t\t<\/div>\n\t\t<\/div>\n\t\t\t\t\t<\/div>\n\t\t<\/section>\n\t\t\t\t<\/div>\n\t\t","protected":false},"excerpt":{"rendered":"<p>Istanbul Africa Trade Company et M. Adrien Mizuma sont officiellement partenaires sur le march\u00e9 congolais (RDC). M. Adrien est le [&hellip;]<\/p>\n","protected":false},"author":1,"featured_media":4852,"comment_status":"open","ping_status":"open","sticky":false,"template":"","format":"standard","meta":{"_monsterinsights_skip_tracking":false,"_monsterinsights_sitenote_active":false,"_monsterinsights_sitenote_note":"","_monsterinsights_sitenote_category":0,"footnotes":""},"categories":[2839],"tags":[],"class_list":["post-4849","post","type-post","status-publish","format-standard","has-post-thumbnail","hentry","category-nouvelles"],"yoast_head":"<!-- This site is optimized with the Yoast SEO Premium plugin v25.7.1 (Yoast SEO v25.8) - https:\/\/yoast.com\/wordpress\/plugins\/seo\/ -->\n<title>Partenariat officiel en R\u00e9publique d\u00e9mocratique du Congo - Adrien Mizuma<\/title>\n<meta name=\"description\" content=\"Adrien Mizuma est le repr\u00e9sentant officiel d&#039;Istanbul Africa Trade Company en R\u00e9publique d\u00e9mocratique du Congo. Importation, exportation, commerce Turquie.\" \/>\n<meta name=\"robots\" content=\"index, follow, max-snippet:-1, max-image-preview:large, max-video-preview:-1\" \/>\n<link rel=\"canonical\" href=\"https:\/\/www.istanbulafrica.com\/fr\/partenariat-officiel-en-republique-democratique-du-congo\/\" \/>\n<meta property=\"og:locale\" content=\"en_US\" \/>\n<meta property=\"og:type\" content=\"article\" \/>\n<meta property=\"og:title\" content=\"Partenariat officiel en R\u00e9publique d\u00e9mocratique du Congo\" \/>\n<meta property=\"og:description\" content=\"Adrien Mizuma est le repr\u00e9sentant officiel d&#039;Istanbul Africa Trade Company en R\u00e9publique d\u00e9mocratique du Congo. Importation, exportation, commerce Turquie.\" \/>\n<meta property=\"og:url\" content=\"https:\/\/www.istanbulafrica.com\/fr\/partenariat-officiel-en-republique-democratique-du-congo\/\" \/>\n<meta property=\"og:site_name\" content=\"Istanbul Africa Trade Company\" \/>\n<meta property=\"article:publisher\" content=\"http:\/\/www.facebook.com\/istanbulafrica\" \/>\n<meta property=\"article:published_time\" content=\"2020-11-05T12:47:09+00:00\" \/>\n<meta property=\"article:modified_time\" content=\"2020-11-05T13:08:32+00:00\" \/>\n<meta property=\"og:image\" content=\"https:\/\/www.istanbulafrica.com\/wp-content\/uploads\/2020\/11\/Adrien-Mizuma-FR.jpg\" \/>\n\t<meta property=\"og:image:width\" content=\"1600\" \/>\n\t<meta property=\"og:image:height\" content=\"932\" \/>\n\t<meta property=\"og:image:type\" content=\"image\/jpeg\" \/>\n<meta name=\"author\" content=\"admin\" \/>\n<meta name=\"twitter:card\" content=\"summary_large_image\" \/>\n<meta name=\"twitter:creator\" content=\"@istanbulafrica\" \/>\n<meta name=\"twitter:site\" content=\"@istanbulafrica\" \/>\n<meta name=\"twitter:label1\" content=\"Written by\" \/>\n\t<meta name=\"twitter:data1\" content=\"\" \/>\n\t<meta name=\"twitter:label2\" content=\"Est. reading time\" \/>\n\t<meta name=\"twitter:data2\" content=\"2 minutes\" \/>\n<script type=\"application\/ld+json\" class=\"yoast-schema-graph\">{\"@context\":\"https:\/\/schema.org\",\"@graph\":[{\"@type\":\"Article\",\"@id\":\"https:\/\/www.istanbulafrica.com\/fr\/partenariat-officiel-en-republique-democratique-du-congo\/#article\",\"isPartOf\":{\"@id\":\"https:\/\/www.istanbulafrica.com\/fr\/partenariat-officiel-en-republique-democratique-du-congo\/\"},\"author\":{\"name\":\"admin\",\"@id\":\"https:\/\/www.istanbulafrica.com\/#\/schema\/person\/e0f8b3b562d664e99942c2ca70031388\"},\"headline\":\"Partenariat officiel en R\u00e9publique d\u00e9mocratique du Congo\",\"datePublished\":\"2020-11-05T12:47:09+00:00\",\"dateModified\":\"2020-11-05T13:08:32+00:00\",\"mainEntityOfPage\":{\"@id\":\"https:\/\/www.istanbulafrica.com\/fr\/partenariat-officiel-en-republique-democratique-du-congo\/\"},\"wordCount\":399,\"commentCount\":0,\"publisher\":{\"@id\":\"https:\/\/www.istanbulafrica.com\/#organization\"},\"image\":{\"@id\":\"https:\/\/www.istanbulafrica.com\/fr\/partenariat-officiel-en-republique-democratique-du-congo\/#primaryimage\"},\"thumbnailUrl\":\"https:\/\/www.istanbulafrica.com\/wp-content\/uploads\/2020\/11\/Adrien-Mizuma-FR.jpg\",\"articleSection\":[\"Nouvelles\"],\"inLanguage\":\"en-US\",\"potentialAction\":[{\"@type\":\"CommentAction\",\"name\":\"Comment\",\"target\":[\"https:\/\/www.istanbulafrica.com\/fr\/partenariat-officiel-en-republique-democratique-du-congo\/#respond\"]}]},{\"@type\":\"WebPage\",\"@id\":\"https:\/\/www.istanbulafrica.com\/fr\/partenariat-officiel-en-republique-democratique-du-congo\/\",\"url\":\"https:\/\/www.istanbulafrica.com\/fr\/partenariat-officiel-en-republique-democratique-du-congo\/\",\"name\":\"Partenariat officiel en R\u00e9publique d\u00e9mocratique du Congo - Adrien Mizuma\",\"isPartOf\":{\"@id\":\"https:\/\/www.istanbulafrica.com\/#website\"},\"primaryImageOfPage\":{\"@id\":\"https:\/\/www.istanbulafrica.com\/fr\/partenariat-officiel-en-republique-democratique-du-congo\/#primaryimage\"},\"image\":{\"@id\":\"https:\/\/www.istanbulafrica.com\/fr\/partenariat-officiel-en-republique-democratique-du-congo\/#primaryimage\"},\"thumbnailUrl\":\"https:\/\/www.istanbulafrica.com\/wp-content\/uploads\/2020\/11\/Adrien-Mizuma-FR.jpg\",\"datePublished\":\"2020-11-05T12:47:09+00:00\",\"dateModified\":\"2020-11-05T13:08:32+00:00\",\"description\":\"Adrien Mizuma est le repr\u00e9sentant officiel d'Istanbul Africa Trade Company en R\u00e9publique d\u00e9mocratique du Congo. Importation, exportation, commerce Turquie.\",\"breadcrumb\":{\"@id\":\"https:\/\/www.istanbulafrica.com\/fr\/partenariat-officiel-en-republique-democratique-du-congo\/#breadcrumb\"},\"inLanguage\":\"en-US\",\"potentialAction\":[{\"@type\":\"ReadAction\",\"target\":[\"https:\/\/www.istanbulafrica.com\/fr\/partenariat-officiel-en-republique-democratique-du-congo\/\"]}]},{\"@type\":\"ImageObject\",\"inLanguage\":\"en-US\",\"@id\":\"https:\/\/www.istanbulafrica.com\/fr\/partenariat-officiel-en-republique-democratique-du-congo\/#primaryimage\",\"url\":\"https:\/\/www.istanbulafrica.com\/wp-content\/uploads\/2020\/11\/Adrien-Mizuma-FR.jpg\",\"contentUrl\":\"https:\/\/www.istanbulafrica.com\/wp-content\/uploads\/2020\/11\/Adrien-Mizuma-FR.jpg\",\"width\":1600,\"height\":932},{\"@type\":\"BreadcrumbList\",\"@id\":\"https:\/\/www.istanbulafrica.com\/fr\/partenariat-officiel-en-republique-democratique-du-congo\/#breadcrumb\",\"itemListElement\":[{\"@type\":\"ListItem\",\"position\":1,\"name\":\"Home\",\"item\":\"https:\/\/www.istanbulafrica.com\/\"},{\"@type\":\"ListItem\",\"position\":2,\"name\":\"Partenariat officiel en R\u00e9publique d\u00e9mocratique du Congo\"}]},{\"@type\":\"WebSite\",\"@id\":\"https:\/\/www.istanbulafrica.com\/#website\",\"url\":\"https:\/\/www.istanbulafrica.com\/\",\"name\":\"Istanbul Africa Trade Company\",\"description\":\"Import, Export and Investment\",\"publisher\":{\"@id\":\"https:\/\/www.istanbulafrica.com\/#organization\"},\"potentialAction\":[{\"@type\":\"SearchAction\",\"target\":{\"@type\":\"EntryPoint\",\"urlTemplate\":\"https:\/\/www.istanbulafrica.com\/?s={search_term_string}\"},\"query-input\":{\"@type\":\"PropertyValueSpecification\",\"valueRequired\":true,\"valueName\":\"search_term_string\"}}],\"inLanguage\":\"en-US\"},{\"@type\":\"Organization\",\"@id\":\"https:\/\/www.istanbulafrica.com\/#organization\",\"name\":\"Istanbul Africa Trade Company\",\"url\":\"https:\/\/www.istanbulafrica.com\/\",\"logo\":{\"@type\":\"ImageObject\",\"inLanguage\":\"en-US\",\"@id\":\"https:\/\/www.istanbulafrica.com\/#\/schema\/logo\/image\/\",\"url\":\"https:\/\/www.istanbulafrica.com\/wp-content\/uploads\/2018\/11\/Logo-5_Multicolor-1-e1543258165564.png\",\"contentUrl\":\"https:\/\/www.istanbulafrica.com\/wp-content\/uploads\/2018\/11\/Logo-5_Multicolor-1-e1543258165564.png\",\"width\":300,\"height\":82,\"caption\":\"Istanbul Africa Trade Company\"},\"image\":{\"@id\":\"https:\/\/www.istanbulafrica.com\/#\/schema\/logo\/image\/\"},\"sameAs\":[\"http:\/\/www.facebook.com\/istanbulafrica\",\"https:\/\/x.com\/istanbulafrica\",\"https:\/\/www.instagram.com\/istanbulafrica\",\"https:\/\/linkedin.com\/company\/istanbulafrica\"]},{\"@type\":\"Person\",\"@id\":\"https:\/\/www.istanbulafrica.com\/#\/schema\/person\/e0f8b3b562d664e99942c2ca70031388\",\"name\":\"admin\",\"image\":{\"@type\":\"ImageObject\",\"inLanguage\":\"en-US\",\"@id\":\"https:\/\/www.istanbulafrica.com\/#\/schema\/person\/image\/\",\"url\":\"https:\/\/www.istanbulafrica.com\/wp-content\/litespeed\/avatar\/063478b0608c9232a95d704ee9061d12.jpg?ver=1758542353\",\"contentUrl\":\"https:\/\/www.istanbulafrica.com\/wp-content\/litespeed\/avatar\/063478b0608c9232a95d704ee9061d12.jpg?ver=1758542353\",\"caption\":\"admin\"}}]}<\/script>\n<!-- \/ Yoast SEO Premium plugin. -->","yoast_head_json":{"title":"Partenariat officiel en R\u00e9publique d\u00e9mocratique du Congo - Adrien Mizuma","description":"Adrien Mizuma est le repr\u00e9sentant officiel d'Istanbul Africa Trade Company en R\u00e9publique d\u00e9mocratique du Congo. Importation, exportation, commerce Turquie.","robots":{"index":"index","follow":"follow","max-snippet":"max-snippet:-1","max-image-preview":"max-image-preview:large","max-video-preview":"max-video-preview:-1"},"canonical":"https:\/\/www.istanbulafrica.com\/fr\/partenariat-officiel-en-republique-democratique-du-congo\/","og_locale":"en_US","og_type":"article","og_title":"Partenariat officiel en R\u00e9publique d\u00e9mocratique du Congo","og_description":"Adrien Mizuma est le repr\u00e9sentant officiel d'Istanbul Africa Trade Company en R\u00e9publique d\u00e9mocratique du Congo. Importation, exportation, commerce Turquie.","og_url":"https:\/\/www.istanbulafrica.com\/fr\/partenariat-officiel-en-republique-democratique-du-congo\/","og_site_name":"Istanbul Africa Trade Company","article_publisher":"http:\/\/www.facebook.com\/istanbulafrica","article_published_time":"2020-11-05T12:47:09+00:00","article_modified_time":"2020-11-05T13:08:32+00:00","og_image":[{"width":1600,"height":932,"url":"https:\/\/www.istanbulafrica.com\/wp-content\/uploads\/2020\/11\/Adrien-Mizuma-FR.jpg","type":"image\/jpeg"}],"author":"admin","twitter_card":"summary_large_image","twitter_creator":"@istanbulafrica","twitter_site":"@istanbulafrica","twitter_misc":{"Written by":false,"Est. reading time":"2 minutes"},"schema":{"@context":"https:\/\/schema.org","@graph":[{"@type":"Article","@id":"https:\/\/www.istanbulafrica.com\/fr\/partenariat-officiel-en-republique-democratique-du-congo\/#article","isPartOf":{"@id":"https:\/\/www.istanbulafrica.com\/fr\/partenariat-officiel-en-republique-democratique-du-congo\/"},"author":{"name":"admin","@id":"https:\/\/www.istanbulafrica.com\/#\/schema\/person\/e0f8b3b562d664e99942c2ca70031388"},"headline":"Partenariat officiel en R\u00e9publique d\u00e9mocratique du Congo","datePublished":"2020-11-05T12:47:09+00:00","dateModified":"2020-11-05T13:08:32+00:00","mainEntityOfPage":{"@id":"https:\/\/www.istanbulafrica.com\/fr\/partenariat-officiel-en-republique-democratique-du-congo\/"},"wordCount":399,"commentCount":0,"publisher":{"@id":"https:\/\/www.istanbulafrica.com\/#organization"},"image":{"@id":"https:\/\/www.istanbulafrica.com\/fr\/partenariat-officiel-en-republique-democratique-du-congo\/#primaryimage"},"thumbnailUrl":"https:\/\/www.istanbulafrica.com\/wp-content\/uploads\/2020\/11\/Adrien-Mizuma-FR.jpg","articleSection":["Nouvelles"],"inLanguage":"en-US","potentialAction":[{"@type":"CommentAction","name":"Comment","target":["https:\/\/www.istanbulafrica.com\/fr\/partenariat-officiel-en-republique-democratique-du-congo\/#respond"]}]},{"@type":"WebPage","@id":"https:\/\/www.istanbulafrica.com\/fr\/partenariat-officiel-en-republique-democratique-du-congo\/","url":"https:\/\/www.istanbulafrica.com\/fr\/partenariat-officiel-en-republique-democratique-du-congo\/","name":"Partenariat officiel en R\u00e9publique d\u00e9mocratique du Congo - Adrien Mizuma","isPartOf":{"@id":"https:\/\/www.istanbulafrica.com\/#website"},"primaryImageOfPage":{"@id":"https:\/\/www.istanbulafrica.com\/fr\/partenariat-officiel-en-republique-democratique-du-congo\/#primaryimage"},"image":{"@id":"https:\/\/www.istanbulafrica.com\/fr\/partenariat-officiel-en-republique-democratique-du-congo\/#primaryimage"},"thumbnailUrl":"https:\/\/www.istanbulafrica.com\/wp-content\/uploads\/2020\/11\/Adrien-Mizuma-FR.jpg","datePublished":"2020-11-05T12:47:09+00:00","dateModified":"2020-11-05T13:08:32+00:00","description":"Adrien Mizuma est le repr\u00e9sentant officiel d'Istanbul Africa Trade Company en R\u00e9publique d\u00e9mocratique du Congo. Importation, exportation, commerce Turquie.","breadcrumb":{"@id":"https:\/\/www.istanbulafrica.com\/fr\/partenariat-officiel-en-republique-democratique-du-congo\/#breadcrumb"},"inLanguage":"en-US","potentialAction":[{"@type":"ReadAction","target":["https:\/\/www.istanbulafrica.com\/fr\/partenariat-officiel-en-republique-democratique-du-congo\/"]}]},{"@type":"ImageObject","inLanguage":"en-US","@id":"https:\/\/www.istanbulafrica.com\/fr\/partenariat-officiel-en-republique-democratique-du-congo\/#primaryimage","url":"https:\/\/www.istanbulafrica.com\/wp-content\/uploads\/2020\/11\/Adrien-Mizuma-FR.jpg","contentUrl":"https:\/\/www.istanbulafrica.com\/wp-content\/uploads\/2020\/11\/Adrien-Mizuma-FR.jpg","width":1600,"height":932},{"@type":"BreadcrumbList","@id":"https:\/\/www.istanbulafrica.com\/fr\/partenariat-officiel-en-republique-democratique-du-congo\/#breadcrumb","itemListElement":[{"@type":"ListItem","position":1,"name":"Home","item":"https:\/\/www.istanbulafrica.com\/"},{"@type":"ListItem","position":2,"name":"Partenariat officiel en R\u00e9publique d\u00e9mocratique du Congo"}]},{"@type":"WebSite","@id":"https:\/\/www.istanbulafrica.com\/#website","url":"https:\/\/www.istanbulafrica.com\/","name":"Istanbul Africa Trade Company","description":"Import, Export and Investment","publisher":{"@id":"https:\/\/www.istanbulafrica.com\/#organization"},"potentialAction":[{"@type":"SearchAction","target":{"@type":"EntryPoint","urlTemplate":"https:\/\/www.istanbulafrica.com\/?s={search_term_string}"},"query-input":{"@type":"PropertyValueSpecification","valueRequired":true,"valueName":"search_term_string"}}],"inLanguage":"en-US"},{"@type":"Organization","@id":"https:\/\/www.istanbulafrica.com\/#organization","name":"Istanbul Africa Trade Company","url":"https:\/\/www.istanbulafrica.com\/","logo":{"@type":"ImageObject","inLanguage":"en-US","@id":"https:\/\/www.istanbulafrica.com\/#\/schema\/logo\/image\/","url":"https:\/\/www.istanbulafrica.com\/wp-content\/uploads\/2018\/11\/Logo-5_Multicolor-1-e1543258165564.png","contentUrl":"https:\/\/www.istanbulafrica.com\/wp-content\/uploads\/2018\/11\/Logo-5_Multicolor-1-e1543258165564.png","width":300,"height":82,"caption":"Istanbul Africa Trade Company"},"image":{"@id":"https:\/\/www.istanbulafrica.com\/#\/schema\/logo\/image\/"},"sameAs":["http:\/\/www.facebook.com\/istanbulafrica","https:\/\/x.com\/istanbulafrica","https:\/\/www.instagram.com\/istanbulafrica","https:\/\/linkedin.com\/company\/istanbulafrica"]},{"@type":"Person","@id":"https:\/\/www.istanbulafrica.com\/#\/schema\/person\/e0f8b3b562d664e99942c2ca70031388","name":"admin","image":{"@type":"ImageObject","inLanguage":"en-US","@id":"https:\/\/www.istanbulafrica.com\/#\/schema\/person\/image\/","url":"https:\/\/www.istanbulafrica.com\/wp-content\/litespeed\/avatar\/063478b0608c9232a95d704ee9061d12.jpg?ver=1758542353","contentUrl":"https:\/\/www.istanbulafrica.com\/wp-content\/litespeed\/avatar\/063478b0608c9232a95d704ee9061d12.jpg?ver=1758542353","caption":"admin"}}]}},"_links":{"self":[{"href":"https:\/\/www.istanbulafrica.com\/wp-json\/wp\/v2\/posts\/4849","targetHints":{"allow":["GET"]}}],"collection":[{"href":"https:\/\/www.istanbulafrica.com\/wp-json\/wp\/v2\/posts"}],"about":[{"href":"https:\/\/www.istanbulafrica.com\/wp-json\/wp\/v2\/types\/post"}],"author":[{"embeddable":true,"href":"https:\/\/www.istanbulafrica.com\/wp-json\/wp\/v2\/users\/1"}],"replies":[{"embeddable":true,"href":"https:\/\/www.istanbulafrica.com\/wp-json\/wp\/v2\/comments?post=4849"}],"version-history":[{"count":4,"href":"https:\/\/www.istanbulafrica.com\/wp-json\/wp\/v2\/posts\/4849\/revisions"}],"predecessor-version":[{"id":4863,"href":"https:\/\/www.istanbulafrica.com\/wp-json\/wp\/v2\/posts\/4849\/revisions\/4863"}],"wp:featuredmedia":[{"embeddable":true,"href":"https:\/\/www.istanbulafrica.com\/wp-json\/wp\/v2\/media\/4852"}],"wp:attachment":[{"href":"https:\/\/www.istanbulafrica.com\/wp-json\/wp\/v2\/media?parent=4849"}],"wp:term":[{"taxonomy":"category","embeddable":true,"href":"https:\/\/www.istanbulafrica.com\/wp-json\/wp\/v2\/categories?post=4849"},{"taxonomy":"post_tag","embeddable":true,"href":"https:\/\/www.istanbulafrica.com\/wp-json\/wp\/v2\/tags?post=4849"}],"curies":[{"name":"wp","href":"https:\/\/api.w.org\/{rel}","templated":true}]}}