{"id":4855,"date":"2020-11-05T13:00:42","date_gmt":"2020-11-05T13:00:42","guid":{"rendered":"https:\/\/www.istanbulafrica.com\/?p=4855"},"modified":"2020-11-05T13:04:33","modified_gmt":"2020-11-05T13:04:33","slug":"demokratik-kongo-cumhuriyetinde-resmi-ortaklik","status":"publish","type":"post","link":"https:\/\/www.istanbulafrica.com\/tr\/demokratik-kongo-cumhuriyetinde-resmi-ortaklik\/","title":{"rendered":"Demokratik Kongo Cumhuriyeti&#8217;nde Resmi Ortakl\u0131k"},"content":{"rendered":"\t\t<div data-elementor-type=\"wp-post\" data-elementor-id=\"4855\" class=\"elementor elementor-4855\">\n\t\t\t\t\t\t<section class=\"elementor-section elementor-top-section elementor-element elementor-element-2aa29b0 elementor-section-boxed elementor-section-height-default elementor-section-height-default\" data-id=\"2aa29b0\" data-element_type=\"section\">\n\t\t\t\t\t\t<div class=\"elementor-container elementor-column-gap-default\">\n\t\t\t\t\t<div class=\"elementor-column elementor-col-100 elementor-top-column elementor-element elementor-element-fdfdab9\" data-id=\"fdfdab9\" data-element_type=\"column\">\n\t\t\t<div class=\"elementor-widget-wrap elementor-element-populated\">\n\t\t\t\t\t\t<div class=\"elementor-element elementor-element-f57d63f elementor-widget elementor-widget-text-editor\" data-id=\"f57d63f\" data-element_type=\"widget\" data-widget_type=\"text-editor.default\">\n\t\t\t\t<div class=\"elementor-widget-container\">\n\t\t\t\t\t\t\t\t\t<p>Adrien Mizuma \u0130stanbul Afrika Ticaret \u015eirketinin resmi partneri olarak Demokratik Kongo Cumhuriyetinde g\u00f6reve ba\u015flam\u0131\u015ft\u0131r. Adrien, ayn\u0131 zamanda B\u00fcy\u00fck Britanya&#8217;daki Kongo Ticaret Odas\u0131&#8217;n\u0131n icra direkt\u00f6r\u00fcd\u00fcr. Demokratik Kongo Cumhuriyeti&#8217;nde pazar liderimiz olarak hizmet verecek. M\u00fc\u015fterilerimiz ticari talepleri i\u00e7in Bay Adrien&#8217;e ula\u015fabilirler.<\/p><p><span style=\"text-decoration: underline;\"><strong>Adrien Mizuma \u0130leti\u015fim:<\/strong><\/span><br \/><strong>Adres:<\/strong> 27 Old Gloucester St, Londra WC1N 3AX, Birle\u015fik Krall\u0131k<br \/><strong>Telefon:<\/strong> +44 79 7266 5927<br \/><strong>E-posta:<\/strong> adrien.mizuma@cccgb.uk<\/p>\t\t\t\t\t\t\t\t<\/div>\n\t\t\t\t<\/div>\n\t\t\t\t<div class=\"elementor-element elementor-element-dc6874c elementor-widget elementor-widget-spacer\" data-id=\"dc6874c\" data-element_type=\"widget\" data-widget_type=\"spacer.default\">\n\t\t\t\t<div class=\"elementor-widget-container\">\n\t\t\t\t\t\t\t<div class=\"elementor-spacer\">\n\t\t\t<div class=\"elementor-spacer-inner\"><\/div>\n\t\t<\/div>\n\t\t\t\t\t\t<\/div>\n\t\t\t\t<\/div>\n\t\t\t\t\t<\/div>\n\t\t<\/div>\n\t\t\t\t\t<\/div>\n\t\t<\/section>\n\t\t\t\t<section class=\"elementor-section elementor-top-section elementor-element elementor-element-aa05ea6 elementor-section-boxed elementor-section-height-default elementor-section-height-default\" data-id=\"aa05ea6\" data-element_type=\"section\">\n\t\t\t\t\t\t<div class=\"elementor-container elementor-column-gap-default\">\n\t\t\t\t\t<div class=\"elementor-column elementor-col-100 elementor-top-column elementor-element elementor-element-f65ca50\" data-id=\"f65ca50\" data-element_type=\"column\">\n\t\t\t<div class=\"elementor-widget-wrap elementor-element-populated\">\n\t\t\t\t\t\t<div class=\"elementor-element elementor-element-99928d8 elementor-widget elementor-widget-heading\" data-id=\"99928d8\" data-element_type=\"widget\" data-widget_type=\"heading.default\">\n\t\t\t\t<div class=\"elementor-widget-container\">\n\t\t\t\t\t<h2 class=\"elementor-heading-title elementor-size-default\">Adrien Mizuma hakk\u0131nda<\/h2>\t\t\t\t<\/div>\n\t\t\t\t<\/div>\n\t\t\t\t\t<\/div>\n\t\t<\/div>\n\t\t\t\t\t<\/div>\n\t\t<\/section>\n\t\t\t\t<section class=\"elementor-section elementor-top-section elementor-element elementor-element-6347f01 elementor-section-boxed elementor-section-height-default elementor-section-height-default\" data-id=\"6347f01\" data-element_type=\"section\">\n\t\t\t\t\t\t<div class=\"elementor-container elementor-column-gap-default\">\n\t\t\t\t\t<div class=\"elementor-column elementor-col-100 elementor-top-column elementor-element elementor-element-431d857\" data-id=\"431d857\" data-element_type=\"column\">\n\t\t\t<div class=\"elementor-widget-wrap elementor-element-populated\">\n\t\t\t\t\t\t<div class=\"elementor-element elementor-element-525feae elementor-widget elementor-widget-text-editor\" data-id=\"525feae\" data-element_type=\"widget\" data-widget_type=\"text-editor.default\">\n\t\t\t\t<div class=\"elementor-widget-container\">\n\t\t\t\t\t\t\t\t\t<p>Adrien, Giri\u015fimcilik, Toplum Geli\u015ftirme ve Sosyal Giri\u015fim yaratmada 10 y\u0131ldan fazla deneyime sahiptir. Bir Afrika Ortakl\u0131\u011f\u0131 ve NCISE (Sosyal Giri\u015fimlerde Yeni Topluluklar) dahil olmak \u00fczere farkl\u0131 ortamlar i\u00e7in Y\u00f6netim d\u00fczeyinde \u00e7al\u0131\u015ft\u0131, Birle\u015fik Krall\u0131k&#8217;taki Nottingham, Derby ve Leicester&#8217;daki yeni ve ortaya \u00e7\u0131kan yeni topluluk sosyal giri\u015fim organizasyonlar\u0131na liderlik ve eri\u015fim deste\u011fi sa\u011flad\u0131.<\/p><p>Adrien \u015fu anda Precise Protect&#8217;te Sigorta \u0130\u015f Dan\u0131\u015fman\u0131 ve B\u00fcy\u00fck Britanya&#8217;daki Kongo Ticaret Odas\u0131&#8217;n\u0131n \u0130cra Direkt\u00f6r\u00fc ve \u0130\u015f Geli\u015ftirme M\u00fcd\u00fcr\u00fcd\u00fcr. Halkla \u0130li\u015fkiler, Yat\u0131r\u0131mlar ve Pazara Giri\u015ften sorumludur.<\/p><p>Adrien, 2007 y\u0131l\u0131nda De Montfort \u00dcniversitesi&#8217;nden (Leicester) BA (Onur) Derecesine sahiptir ve London Trans-Atlantic College&#8217;da Konut ve Refah Y\u00f6netimi alan\u0131nda Y\u00fcksek \u0130leri Uygulama Diplomas\u0131n\u0131 ba\u015far\u0131yla tamamlam\u0131\u015ft\u0131r.<\/p>\t\t\t\t\t\t\t\t<\/div>\n\t\t\t\t<\/div>\n\t\t\t\t<div class=\"elementor-element elementor-element-0114645 elementor-widget elementor-widget-spacer\" data-id=\"0114645\" data-element_type=\"widget\" data-widget_type=\"spacer.default\">\n\t\t\t\t<div class=\"elementor-widget-container\">\n\t\t\t\t\t\t\t<div class=\"elementor-spacer\">\n\t\t\t<div class=\"elementor-spacer-inner\"><\/div>\n\t\t<\/div>\n\t\t\t\t\t\t<\/div>\n\t\t\t\t<\/div>\n\t\t\t\t\t<\/div>\n\t\t<\/div>\n\t\t\t\t\t<\/div>\n\t\t<\/section>\n\t\t\t\t<section class=\"elementor-section elementor-top-section elementor-element elementor-element-26fe7028 elementor-section-boxed elementor-section-height-default elementor-section-height-default\" data-id=\"26fe7028\" data-element_type=\"section\">\n\t\t\t\t\t\t<div class=\"elementor-container elementor-column-gap-default\">\n\t\t\t\t\t<div class=\"elementor-column elementor-col-100 elementor-top-column elementor-element elementor-element-79277758\" data-id=\"79277758\" data-element_type=\"column\">\n\t\t\t<div class=\"elementor-widget-wrap elementor-element-populated\">\n\t\t\t\t\t\t<div class=\"elementor-element elementor-element-ed0e7b2 elementor-widget elementor-widget-heading\" data-id=\"ed0e7b2\" data-element_type=\"widget\" data-widget_type=\"heading.default\">\n\t\t\t\t<div class=\"elementor-widget-container\">\n\t\t\t\t\t<h2 class=\"elementor-heading-title elementor-size-default\">\u0130stanbul Afrika Ticaret \u015eirketi<\/h2>\t\t\t\t<\/div>\n\t\t\t\t<\/div>\n\t\t\t\t<div class=\"elementor-element elementor-element-28d5fe9a elementor-widget elementor-widget-image\" data-id=\"28d5fe9a\" data-element_type=\"widget\" data-widget_type=\"image.default\">\n\t\t\t\t<div class=\"elementor-widget-container\">\n\t\t\t\t\t\t\t\t\t\t\t\t\t\t\t<img decoding=\"async\" src=\"https:\/\/www.istanbulafrica.com\/wp-content\/uploads\/elementor\/thumbs\/Istanbul-Africa-Trade-Istanbul-Panaromic_Fotor-1-ooaft4hjuj15xzs9lv4pxrhrafsd4u6zw50c3gvs28.jpg\" title=\"Istanbul Africa Trade Istanbul Panaromic_Fotor\" alt=\"Istanbul Africa Trade Istanbul Panaromic_Fotor\" loading=\"lazy\" \/>\t\t\t\t\t\t\t\t\t\t\t\t\t\t\t<\/div>\n\t\t\t\t<\/div>\n\t\t\t\t<div class=\"elementor-element elementor-element-729ccb9c elementor-widget elementor-widget-text-editor\" data-id=\"729ccb9c\" data-element_type=\"widget\" data-widget_type=\"text-editor.default\">\n\t\t\t\t<div class=\"elementor-widget-container\">\n\t\t\t\t\t\t\t\t\t<p>\u0130stanbul Afrika Ticaret \u015eirketi, toplu olarak 150.000 m2&#8217;den fazla \u00fcretim alan\u0131, 1.500+ \u00e7al\u0131\u015fan\u0131 ve y\u0131ll\u0131k 120 Milyon Dolar ciroya sahip 16 T\u00fcrk \u015firketinin distrib\u00fct\u00f6rl\u00fc\u011f\u00fcn\u00fc yapmaktad\u0131r. T\u00fcketim mallar\u0131, in\u015faat malzemeleri ve makine sekt\u00f6rlerinde faaliyet g\u00f6stermekteyiz. \u00dcr\u00fcn yelpazemizde bebek bezleri, paketlenmi\u015f yiyecekler, in\u015faat makineleri, in\u015faat malzemeleri, kimyasallar, madencilik makineleri ve di\u011fer 120 \u00fcr\u00fcn t\u00fcr\u00fc bulunmaktad\u0131r.<\/p><p>Merkezimiz \u0130stanbul, T\u00fcrkiye&#8217;de bulunmaktad\u0131r ve Gana, Zimbabve, Uganda, Kamerun ve Demokratik Kongo Cumhuriyeti&#8217;nde kurumsal ortaklar\u0131m\u0131z bulunmaktad\u0131r. 2021 y\u0131l\u0131nda G\u00fcney Afrika&#8217;n\u0131n Johannesburg \u015fehrinde yeni bir ofis a\u00e7may\u0131 planl\u0131yoruz.<\/p><p>G\u0131da sekt\u00f6r\u00fcndeki markam\u0131z Farbelli: www.farbelli.com<\/p><p>Temizlik sekt\u00f6r\u00fcndeki markam\u0131z Proclex: www.proclex.com<\/p>\t\t\t\t\t\t\t\t<\/div>\n\t\t\t\t<\/div>\n\t\t\t\t\t<\/div>\n\t\t<\/div>\n\t\t\t\t\t<\/div>\n\t\t<\/section>\n\t\t\t\t<\/div>\n\t\t","protected":false},"excerpt":{"rendered":"<p>Adrien Mizuma \u0130stanbul Afrika Ticaret \u015eirketinin resmi partneri olarak Demokratik Kongo Cumhuriyetinde g\u00f6reve ba\u015flam\u0131\u015ft\u0131r. Adrien, ayn\u0131 zamanda B\u00fcy\u00fck Britanya&#8217;daki Kongo [&hellip;]<\/p>\n","protected":false},"author":1,"featured_media":4856,"comment_status":"open","ping_status":"open","sticky":false,"template":"","format":"standard","meta":{"_monsterinsights_skip_tracking":false,"_monsterinsights_sitenote_active":false,"_monsterinsights_sitenote_note":"","_monsterinsights_sitenote_category":0,"footnotes":""},"categories":[2841],"tags":[],"class_list":["post-4855","post","type-post","status-publish","format-standard","has-post-thumbnail","hentry","category-haberler"],"yoast_head":"<!-- This site is optimized with the Yoast SEO Premium plugin v25.7.1 (Yoast SEO v25.8) - https:\/\/yoast.com\/wordpress\/plugins\/seo\/ -->\n<title>Demokratik Kongo Cumhuriyeti&#039;nde Resmi Ortakl\u0131k - Adrien Mizuma<\/title>\n<meta name=\"description\" content=\"Adrien Mizuma, \u0130stanbul Afrika Ticaret \u015eirketi&#039;nin Demokratik Kongo Cumhuriyeti&#039;ndeki resmi temsilcisidir. \u0130thalat, \u0130hracat, Ticaret T\u00fcrkiye.\" \/>\n<meta name=\"robots\" content=\"index, follow, max-snippet:-1, max-image-preview:large, max-video-preview:-1\" \/>\n<link rel=\"canonical\" href=\"https:\/\/www.istanbulafrica.com\/tr\/demokratik-kongo-cumhuriyetinde-resmi-ortaklik\/\" \/>\n<meta property=\"og:locale\" content=\"en_US\" \/>\n<meta property=\"og:type\" content=\"article\" \/>\n<meta property=\"og:title\" content=\"Demokratik Kongo Cumhuriyeti&#039;nde Resmi Ortakl\u0131k\" \/>\n<meta property=\"og:description\" content=\"Adrien Mizuma, \u0130stanbul Afrika Ticaret \u015eirketi&#039;nin Demokratik Kongo Cumhuriyeti&#039;ndeki resmi temsilcisidir. \u0130thalat, \u0130hracat, Ticaret T\u00fcrkiye.\" \/>\n<meta property=\"og:url\" content=\"https:\/\/www.istanbulafrica.com\/tr\/demokratik-kongo-cumhuriyetinde-resmi-ortaklik\/\" \/>\n<meta property=\"og:site_name\" content=\"Istanbul Africa Trade Company\" \/>\n<meta property=\"article:publisher\" content=\"http:\/\/www.facebook.com\/istanbulafrica\" \/>\n<meta property=\"article:published_time\" content=\"2020-11-05T13:00:42+00:00\" \/>\n<meta property=\"article:modified_time\" content=\"2020-11-05T13:04:33+00:00\" \/>\n<meta property=\"og:image\" content=\"https:\/\/www.istanbulafrica.com\/wp-content\/uploads\/2020\/11\/Adrien-Mizuma-TR.jpg\" \/>\n\t<meta property=\"og:image:width\" content=\"1600\" \/>\n\t<meta property=\"og:image:height\" content=\"932\" \/>\n\t<meta property=\"og:image:type\" content=\"image\/jpeg\" \/>\n<meta name=\"author\" content=\"admin\" \/>\n<meta name=\"twitter:card\" content=\"summary_large_image\" \/>\n<meta name=\"twitter:creator\" content=\"@istanbulafrica\" \/>\n<meta name=\"twitter:site\" content=\"@istanbulafrica\" \/>\n<meta name=\"twitter:label1\" content=\"Written by\" \/>\n\t<meta name=\"twitter:data1\" content=\"\" \/>\n\t<meta name=\"twitter:label2\" content=\"Est. reading time\" \/>\n\t<meta name=\"twitter:data2\" content=\"2 minutes\" \/>\n<script type=\"application\/ld+json\" class=\"yoast-schema-graph\">{\"@context\":\"https:\/\/schema.org\",\"@graph\":[{\"@type\":\"Article\",\"@id\":\"https:\/\/www.istanbulafrica.com\/tr\/demokratik-kongo-cumhuriyetinde-resmi-ortaklik\/#article\",\"isPartOf\":{\"@id\":\"https:\/\/www.istanbulafrica.com\/tr\/demokratik-kongo-cumhuriyetinde-resmi-ortaklik\/\"},\"author\":{\"name\":\"admin\",\"@id\":\"https:\/\/www.istanbulafrica.com\/#\/schema\/person\/e0f8b3b562d664e99942c2ca70031388\"},\"headline\":\"Demokratik Kongo Cumhuriyeti&#8217;nde Resmi Ortakl\u0131k\",\"datePublished\":\"2020-11-05T13:00:42+00:00\",\"dateModified\":\"2020-11-05T13:04:33+00:00\",\"mainEntityOfPage\":{\"@id\":\"https:\/\/www.istanbulafrica.com\/tr\/demokratik-kongo-cumhuriyetinde-resmi-ortaklik\/\"},\"wordCount\":369,\"commentCount\":0,\"publisher\":{\"@id\":\"https:\/\/www.istanbulafrica.com\/#organization\"},\"image\":{\"@id\":\"https:\/\/www.istanbulafrica.com\/tr\/demokratik-kongo-cumhuriyetinde-resmi-ortaklik\/#primaryimage\"},\"thumbnailUrl\":\"https:\/\/www.istanbulafrica.com\/wp-content\/uploads\/2020\/11\/Adrien-Mizuma-TR.jpg\",\"articleSection\":[\"Haberler\"],\"inLanguage\":\"en-US\",\"potentialAction\":[{\"@type\":\"CommentAction\",\"name\":\"Comment\",\"target\":[\"https:\/\/www.istanbulafrica.com\/tr\/demokratik-kongo-cumhuriyetinde-resmi-ortaklik\/#respond\"]}]},{\"@type\":\"WebPage\",\"@id\":\"https:\/\/www.istanbulafrica.com\/tr\/demokratik-kongo-cumhuriyetinde-resmi-ortaklik\/\",\"url\":\"https:\/\/www.istanbulafrica.com\/tr\/demokratik-kongo-cumhuriyetinde-resmi-ortaklik\/\",\"name\":\"Demokratik Kongo Cumhuriyeti'nde Resmi Ortakl\u0131k - Adrien Mizuma\",\"isPartOf\":{\"@id\":\"https:\/\/www.istanbulafrica.com\/#website\"},\"primaryImageOfPage\":{\"@id\":\"https:\/\/www.istanbulafrica.com\/tr\/demokratik-kongo-cumhuriyetinde-resmi-ortaklik\/#primaryimage\"},\"image\":{\"@id\":\"https:\/\/www.istanbulafrica.com\/tr\/demokratik-kongo-cumhuriyetinde-resmi-ortaklik\/#primaryimage\"},\"thumbnailUrl\":\"https:\/\/www.istanbulafrica.com\/wp-content\/uploads\/2020\/11\/Adrien-Mizuma-TR.jpg\",\"datePublished\":\"2020-11-05T13:00:42+00:00\",\"dateModified\":\"2020-11-05T13:04:33+00:00\",\"description\":\"Adrien Mizuma, \u0130stanbul Afrika Ticaret \u015eirketi'nin Demokratik Kongo Cumhuriyeti'ndeki resmi temsilcisidir. \u0130thalat, \u0130hracat, Ticaret T\u00fcrkiye.\",\"breadcrumb\":{\"@id\":\"https:\/\/www.istanbulafrica.com\/tr\/demokratik-kongo-cumhuriyetinde-resmi-ortaklik\/#breadcrumb\"},\"inLanguage\":\"en-US\",\"potentialAction\":[{\"@type\":\"ReadAction\",\"target\":[\"https:\/\/www.istanbulafrica.com\/tr\/demokratik-kongo-cumhuriyetinde-resmi-ortaklik\/\"]}]},{\"@type\":\"ImageObject\",\"inLanguage\":\"en-US\",\"@id\":\"https:\/\/www.istanbulafrica.com\/tr\/demokratik-kongo-cumhuriyetinde-resmi-ortaklik\/#primaryimage\",\"url\":\"https:\/\/www.istanbulafrica.com\/wp-content\/uploads\/2020\/11\/Adrien-Mizuma-TR.jpg\",\"contentUrl\":\"https:\/\/www.istanbulafrica.com\/wp-content\/uploads\/2020\/11\/Adrien-Mizuma-TR.jpg\",\"width\":1600,\"height\":932},{\"@type\":\"BreadcrumbList\",\"@id\":\"https:\/\/www.istanbulafrica.com\/tr\/demokratik-kongo-cumhuriyetinde-resmi-ortaklik\/#breadcrumb\",\"itemListElement\":[{\"@type\":\"ListItem\",\"position\":1,\"name\":\"Home\",\"item\":\"https:\/\/www.istanbulafrica.com\/\"},{\"@type\":\"ListItem\",\"position\":2,\"name\":\"Demokratik Kongo Cumhuriyeti&#8217;nde Resmi Ortakl\u0131k\"}]},{\"@type\":\"WebSite\",\"@id\":\"https:\/\/www.istanbulafrica.com\/#website\",\"url\":\"https:\/\/www.istanbulafrica.com\/\",\"name\":\"Istanbul Africa Trade Company\",\"description\":\"Import, Export and Investment\",\"publisher\":{\"@id\":\"https:\/\/www.istanbulafrica.com\/#organization\"},\"potentialAction\":[{\"@type\":\"SearchAction\",\"target\":{\"@type\":\"EntryPoint\",\"urlTemplate\":\"https:\/\/www.istanbulafrica.com\/?s={search_term_string}\"},\"query-input\":{\"@type\":\"PropertyValueSpecification\",\"valueRequired\":true,\"valueName\":\"search_term_string\"}}],\"inLanguage\":\"en-US\"},{\"@type\":\"Organization\",\"@id\":\"https:\/\/www.istanbulafrica.com\/#organization\",\"name\":\"Istanbul Africa Trade Company\",\"url\":\"https:\/\/www.istanbulafrica.com\/\",\"logo\":{\"@type\":\"ImageObject\",\"inLanguage\":\"en-US\",\"@id\":\"https:\/\/www.istanbulafrica.com\/#\/schema\/logo\/image\/\",\"url\":\"https:\/\/www.istanbulafrica.com\/wp-content\/uploads\/2018\/11\/Logo-5_Multicolor-1-e1543258165564.png\",\"contentUrl\":\"https:\/\/www.istanbulafrica.com\/wp-content\/uploads\/2018\/11\/Logo-5_Multicolor-1-e1543258165564.png\",\"width\":300,\"height\":82,\"caption\":\"Istanbul Africa Trade Company\"},\"image\":{\"@id\":\"https:\/\/www.istanbulafrica.com\/#\/schema\/logo\/image\/\"},\"sameAs\":[\"http:\/\/www.facebook.com\/istanbulafrica\",\"https:\/\/x.com\/istanbulafrica\",\"https:\/\/www.instagram.com\/istanbulafrica\",\"https:\/\/linkedin.com\/company\/istanbulafrica\"]},{\"@type\":\"Person\",\"@id\":\"https:\/\/www.istanbulafrica.com\/#\/schema\/person\/e0f8b3b562d664e99942c2ca70031388\",\"name\":\"admin\",\"image\":{\"@type\":\"ImageObject\",\"inLanguage\":\"en-US\",\"@id\":\"https:\/\/www.istanbulafrica.com\/#\/schema\/person\/image\/\",\"url\":\"https:\/\/www.istanbulafrica.com\/wp-content\/litespeed\/avatar\/063478b0608c9232a95d704ee9061d12.jpg?ver=1758542353\",\"contentUrl\":\"https:\/\/www.istanbulafrica.com\/wp-content\/litespeed\/avatar\/063478b0608c9232a95d704ee9061d12.jpg?ver=1758542353\",\"caption\":\"admin\"}}]}<\/script>\n<!-- \/ Yoast SEO Premium plugin. -->","yoast_head_json":{"title":"Demokratik Kongo Cumhuriyeti'nde Resmi Ortakl\u0131k - Adrien Mizuma","description":"Adrien Mizuma, \u0130stanbul Afrika Ticaret \u015eirketi'nin Demokratik Kongo Cumhuriyeti'ndeki resmi temsilcisidir. \u0130thalat, \u0130hracat, Ticaret T\u00fcrkiye.","robots":{"index":"index","follow":"follow","max-snippet":"max-snippet:-1","max-image-preview":"max-image-preview:large","max-video-preview":"max-video-preview:-1"},"canonical":"https:\/\/www.istanbulafrica.com\/tr\/demokratik-kongo-cumhuriyetinde-resmi-ortaklik\/","og_locale":"en_US","og_type":"article","og_title":"Demokratik Kongo Cumhuriyeti'nde Resmi Ortakl\u0131k","og_description":"Adrien Mizuma, \u0130stanbul Afrika Ticaret \u015eirketi'nin Demokratik Kongo Cumhuriyeti'ndeki resmi temsilcisidir. \u0130thalat, \u0130hracat, Ticaret T\u00fcrkiye.","og_url":"https:\/\/www.istanbulafrica.com\/tr\/demokratik-kongo-cumhuriyetinde-resmi-ortaklik\/","og_site_name":"Istanbul Africa Trade Company","article_publisher":"http:\/\/www.facebook.com\/istanbulafrica","article_published_time":"2020-11-05T13:00:42+00:00","article_modified_time":"2020-11-05T13:04:33+00:00","og_image":[{"width":1600,"height":932,"url":"https:\/\/www.istanbulafrica.com\/wp-content\/uploads\/2020\/11\/Adrien-Mizuma-TR.jpg","type":"image\/jpeg"}],"author":"admin","twitter_card":"summary_large_image","twitter_creator":"@istanbulafrica","twitter_site":"@istanbulafrica","twitter_misc":{"Written by":false,"Est. reading time":"2 minutes"},"schema":{"@context":"https:\/\/schema.org","@graph":[{"@type":"Article","@id":"https:\/\/www.istanbulafrica.com\/tr\/demokratik-kongo-cumhuriyetinde-resmi-ortaklik\/#article","isPartOf":{"@id":"https:\/\/www.istanbulafrica.com\/tr\/demokratik-kongo-cumhuriyetinde-resmi-ortaklik\/"},"author":{"name":"admin","@id":"https:\/\/www.istanbulafrica.com\/#\/schema\/person\/e0f8b3b562d664e99942c2ca70031388"},"headline":"Demokratik Kongo Cumhuriyeti&#8217;nde Resmi Ortakl\u0131k","datePublished":"2020-11-05T13:00:42+00:00","dateModified":"2020-11-05T13:04:33+00:00","mainEntityOfPage":{"@id":"https:\/\/www.istanbulafrica.com\/tr\/demokratik-kongo-cumhuriyetinde-resmi-ortaklik\/"},"wordCount":369,"commentCount":0,"publisher":{"@id":"https:\/\/www.istanbulafrica.com\/#organization"},"image":{"@id":"https:\/\/www.istanbulafrica.com\/tr\/demokratik-kongo-cumhuriyetinde-resmi-ortaklik\/#primaryimage"},"thumbnailUrl":"https:\/\/www.istanbulafrica.com\/wp-content\/uploads\/2020\/11\/Adrien-Mizuma-TR.jpg","articleSection":["Haberler"],"inLanguage":"en-US","potentialAction":[{"@type":"CommentAction","name":"Comment","target":["https:\/\/www.istanbulafrica.com\/tr\/demokratik-kongo-cumhuriyetinde-resmi-ortaklik\/#respond"]}]},{"@type":"WebPage","@id":"https:\/\/www.istanbulafrica.com\/tr\/demokratik-kongo-cumhuriyetinde-resmi-ortaklik\/","url":"https:\/\/www.istanbulafrica.com\/tr\/demokratik-kongo-cumhuriyetinde-resmi-ortaklik\/","name":"Demokratik Kongo Cumhuriyeti'nde Resmi Ortakl\u0131k - Adrien Mizuma","isPartOf":{"@id":"https:\/\/www.istanbulafrica.com\/#website"},"primaryImageOfPage":{"@id":"https:\/\/www.istanbulafrica.com\/tr\/demokratik-kongo-cumhuriyetinde-resmi-ortaklik\/#primaryimage"},"image":{"@id":"https:\/\/www.istanbulafrica.com\/tr\/demokratik-kongo-cumhuriyetinde-resmi-ortaklik\/#primaryimage"},"thumbnailUrl":"https:\/\/www.istanbulafrica.com\/wp-content\/uploads\/2020\/11\/Adrien-Mizuma-TR.jpg","datePublished":"2020-11-05T13:00:42+00:00","dateModified":"2020-11-05T13:04:33+00:00","description":"Adrien Mizuma, \u0130stanbul Afrika Ticaret \u015eirketi'nin Demokratik Kongo Cumhuriyeti'ndeki resmi temsilcisidir. \u0130thalat, \u0130hracat, Ticaret T\u00fcrkiye.","breadcrumb":{"@id":"https:\/\/www.istanbulafrica.com\/tr\/demokratik-kongo-cumhuriyetinde-resmi-ortaklik\/#breadcrumb"},"inLanguage":"en-US","potentialAction":[{"@type":"ReadAction","target":["https:\/\/www.istanbulafrica.com\/tr\/demokratik-kongo-cumhuriyetinde-resmi-ortaklik\/"]}]},{"@type":"ImageObject","inLanguage":"en-US","@id":"https:\/\/www.istanbulafrica.com\/tr\/demokratik-kongo-cumhuriyetinde-resmi-ortaklik\/#primaryimage","url":"https:\/\/www.istanbulafrica.com\/wp-content\/uploads\/2020\/11\/Adrien-Mizuma-TR.jpg","contentUrl":"https:\/\/www.istanbulafrica.com\/wp-content\/uploads\/2020\/11\/Adrien-Mizuma-TR.jpg","width":1600,"height":932},{"@type":"BreadcrumbList","@id":"https:\/\/www.istanbulafrica.com\/tr\/demokratik-kongo-cumhuriyetinde-resmi-ortaklik\/#breadcrumb","itemListElement":[{"@type":"ListItem","position":1,"name":"Home","item":"https:\/\/www.istanbulafrica.com\/"},{"@type":"ListItem","position":2,"name":"Demokratik Kongo Cumhuriyeti&#8217;nde Resmi Ortakl\u0131k"}]},{"@type":"WebSite","@id":"https:\/\/www.istanbulafrica.com\/#website","url":"https:\/\/www.istanbulafrica.com\/","name":"Istanbul Africa Trade Company","description":"Import, Export and Investment","publisher":{"@id":"https:\/\/www.istanbulafrica.com\/#organization"},"potentialAction":[{"@type":"SearchAction","target":{"@type":"EntryPoint","urlTemplate":"https:\/\/www.istanbulafrica.com\/?s={search_term_string}"},"query-input":{"@type":"PropertyValueSpecification","valueRequired":true,"valueName":"search_term_string"}}],"inLanguage":"en-US"},{"@type":"Organization","@id":"https:\/\/www.istanbulafrica.com\/#organization","name":"Istanbul Africa Trade Company","url":"https:\/\/www.istanbulafrica.com\/","logo":{"@type":"ImageObject","inLanguage":"en-US","@id":"https:\/\/www.istanbulafrica.com\/#\/schema\/logo\/image\/","url":"https:\/\/www.istanbulafrica.com\/wp-content\/uploads\/2018\/11\/Logo-5_Multicolor-1-e1543258165564.png","contentUrl":"https:\/\/www.istanbulafrica.com\/wp-content\/uploads\/2018\/11\/Logo-5_Multicolor-1-e1543258165564.png","width":300,"height":82,"caption":"Istanbul Africa Trade Company"},"image":{"@id":"https:\/\/www.istanbulafrica.com\/#\/schema\/logo\/image\/"},"sameAs":["http:\/\/www.facebook.com\/istanbulafrica","https:\/\/x.com\/istanbulafrica","https:\/\/www.instagram.com\/istanbulafrica","https:\/\/linkedin.com\/company\/istanbulafrica"]},{"@type":"Person","@id":"https:\/\/www.istanbulafrica.com\/#\/schema\/person\/e0f8b3b562d664e99942c2ca70031388","name":"admin","image":{"@type":"ImageObject","inLanguage":"en-US","@id":"https:\/\/www.istanbulafrica.com\/#\/schema\/person\/image\/","url":"https:\/\/www.istanbulafrica.com\/wp-content\/litespeed\/avatar\/063478b0608c9232a95d704ee9061d12.jpg?ver=1758542353","contentUrl":"https:\/\/www.istanbulafrica.com\/wp-content\/litespeed\/avatar\/063478b0608c9232a95d704ee9061d12.jpg?ver=1758542353","caption":"admin"}}]}},"_links":{"self":[{"href":"https:\/\/www.istanbulafrica.com\/wp-json\/wp\/v2\/posts\/4855","targetHints":{"allow":["GET"]}}],"collection":[{"href":"https:\/\/www.istanbulafrica.com\/wp-json\/wp\/v2\/posts"}],"about":[{"href":"https:\/\/www.istanbulafrica.com\/wp-json\/wp\/v2\/types\/post"}],"author":[{"embeddable":true,"href":"https:\/\/www.istanbulafrica.com\/wp-json\/wp\/v2\/users\/1"}],"replies":[{"embeddable":true,"href":"https:\/\/www.istanbulafrica.com\/wp-json\/wp\/v2\/comments?post=4855"}],"version-history":[{"count":4,"href":"https:\/\/www.istanbulafrica.com\/wp-json\/wp\/v2\/posts\/4855\/revisions"}],"predecessor-version":[{"id":4860,"href":"https:\/\/www.istanbulafrica.com\/wp-json\/wp\/v2\/posts\/4855\/revisions\/4860"}],"wp:featuredmedia":[{"embeddable":true,"href":"https:\/\/www.istanbulafrica.com\/wp-json\/wp\/v2\/media\/4856"}],"wp:attachment":[{"href":"https:\/\/www.istanbulafrica.com\/wp-json\/wp\/v2\/media?parent=4855"}],"wp:term":[{"taxonomy":"category","embeddable":true,"href":"https:\/\/www.istanbulafrica.com\/wp-json\/wp\/v2\/categories?post=4855"},{"taxonomy":"post_tag","embeddable":true,"href":"https:\/\/www.istanbulafrica.com\/wp-json\/wp\/v2\/tags?post=4855"}],"curies":[{"name":"wp","href":"https:\/\/api.w.org\/{rel}","templated":true}]}}