{"id":6154,"date":"2024-07-21T00:00:00","date_gmt":"2024-07-21T00:00:00","guid":{"rendered":"https:\/\/www.istanbulafrica.com\/?p=6154"},"modified":"2024-06-07T09:27:35","modified_gmt":"2024-06-07T09:27:35","slug":"afrikaya-mobilya-ihracati","status":"publish","type":"post","link":"https:\/\/www.istanbulafrica.com\/tr\/afrikaya-mobilya-ihracati\/","title":{"rendered":"Afrika&#8217;ya Mobilya \u0130hracat\u0131"},"content":{"rendered":"<p>K\u00fcresel pazar geli\u015fmeye devam ettik\u00e7e, mobilya gibi kaliteli \u00fcr\u00fcnleri Afrika gibi h\u0131zla geli\u015fen b\u00f6lgelere ihra\u00e7 etme f\u0131rsatlar\u0131 giderek daha cazip hale geliyor. \u0130stanbul Afrika Ticaret \u015eirketi olarak, \u00e7e\u015fitli Afrika pazarlar\u0131nda sofistike ve dayan\u0131kl\u0131 mobilyalara olan talebin \u00f6nemli \u00f6l\u00e7\u00fcde artt\u0131\u011f\u0131n\u0131 g\u00f6zlemledik. \u0130thalat-ihracat dan\u0131\u015fmanl\u0131\u011f\u0131ndaki uzmanl\u0131\u011f\u0131m\u0131z, T\u00fcrk \u00fcreticiler ile Afrikal\u0131 al\u0131c\u0131lar aras\u0131ndaki kesintisiz ticareti kolayla\u015ft\u0131rmam\u0131za olanak tan\u0131yarak, T\u00fcrk i\u015f\u00e7ili\u011finin y\u00fcksek standartlar\u0131n\u0131n k\u0131ta \u00e7ap\u0131ndaki t\u00fcketicilerin farkl\u0131 ihtiya\u00e7lar\u0131n\u0131 kar\u015f\u0131layabilmesini sa\u011flar. Bu blog yaz\u0131s\u0131nda, Afrika&#8217;ya mobilya ihracat\u0131n\u0131n inceliklerini inceleyerek, i\u015fletmeler i\u00e7in muazzam potansiyeli ve bu dinamik sekt\u00f6rde ba\u015far\u0131l\u0131 bir giri\u015fim i\u00e7in kritik hususlar\u0131 vurgulayaca\u011f\u0131z.<\/p>\n<h3>T\u00fcrkiye&#8217;nin Afrika Mobilya Pazar\u0131nda Rekabet \u00dcst\u00fcnl\u00fc\u011f\u00fc<\/h3>\n<p>T\u00fcrkiye&#8217;nin Afrika mobilya pazar\u0131ndaki rekabet avantaj\u0131, \u00fcst\u00fcn i\u015f\u00e7ilik, yenilik\u00e7i tasar\u0131m ve uygun maliyetli \u00fcretim yetene\u011finin birle\u015fiminden kaynaklanmaktad\u0131r. Karma\u015f\u0131k detaylar\u0131 ve y\u00fcksek kaliteli malzemeleriyle tan\u0131nan T\u00fcrk mobilya \u00fcreticileri, \u00e7a\u011fda\u015ftan geleneksele kadar \u00e7e\u015fitli zevk ve tercihlere hitap eden \u00fcr\u00fcnler \u00fcretmesiyle \u00fcn kazanm\u0131\u015ft\u0131r. \u00dcstelik T\u00fcrkiye&#8217;nin stratejik co\u011frafi konumu, verimli lojistik ve daha k\u0131sa nakliye s\u00fcrelerine olanak tan\u0131yarak Nijerya, Kenya ve G\u00fcney Afrika gibi \u00f6nemli Afrika pazarlar\u0131nda artan talebin kar\u015f\u0131lanmas\u0131n\u0131 kolayla\u015ft\u0131r\u0131yor. Bu stratejik avantaj, avantajl\u0131 ticari anla\u015fmalar ve g\u00fc\u00e7l\u00fc tedarik zincirleriyle birle\u015fince, T\u00fcrk mobilyalar\u0131, g\u00fcvenilirlik ve stil arayan Afrikal\u0131 t\u00fcketiciler i\u00e7in tercih edilen bir se\u00e7enek haline geliyor.<\/p>\n<p>T\u00fcrkiye&#8217;nin Afrika mobilya pazar\u0131ndaki \u00e7ekicili\u011finin bir di\u011fer \u00f6nemli y\u00f6n\u00fc de, farkl\u0131 Afrika k\u00fclt\u00fcrlerinin benzersiz estetik ve i\u015flevsel ihtiya\u00e7lar\u0131na g\u00f6re \u00f6zelle\u015ftirilebilir \u00e7\u00f6z\u00fcmler sunma becerisidir. T\u00fcrk \u00fcreticiler, ister Bat\u0131 Afrika&#8217;da tercih edilen canl\u0131 ve renkli tasar\u0131mlar olsun, isterse k\u0131ta genelinde kentsel alanlarda giderek daha pop\u00fcler hale gelen minimalist ve modern tarzlar olsun, yerel zevkleri yans\u0131tan \u0131smarlama par\u00e7alar yaratmada ba\u015far\u0131l\u0131d\u0131r. Buna ek olarak, T\u00fcrk \u015firketleri, farkl\u0131 Afrika \u00fclkelerinin d\u00fczenleyici ortamlar\u0131nda ve kalite standartlar\u0131nda gezinme konusunda son derece beceriklidir ve \u00fcr\u00fcnlerin yaln\u0131zca yerel beklentileri kar\u015f\u0131lamas\u0131n\u0131 de\u011fil, \u00e7o\u011fu zaman a\u015fmas\u0131n\u0131 da sa\u011flar. Bu seviyedeki ki\u015fiselle\u015ftirme ve kalite kontrol\u00fcne ba\u011fl\u0131l\u0131k, hem estetik a\u00e7\u0131dan ho\u015f hem de uzun \u00f6m\u00fcrl\u00fc \u00fcr\u00fcnler sunarak T\u00fcrkiye&#8217;nin Afrika mobilya end\u00fcstrisinde \u00f6nemli bir oyuncu olma stat\u00fcs\u00fcn\u00fc daha da g\u00fc\u00e7lendiriyor.<\/p>\n<p>Ayr\u0131ca, T\u00fcrk mobilya sekt\u00f6r\u00fcn\u00fcn s\u00fcrd\u00fcr\u00fclebilirli\u011fe ve \u00e7evre dostu uygulamalara olan ba\u011fl\u0131l\u0131\u011f\u0131, Afrikal\u0131 t\u00fcketiciler aras\u0131nda artan \u00e7evre bilincine de olumlu yans\u0131d\u0131. Pek \u00e7ok T\u00fcrk \u00fcreticisi, sat\u0131n almalar\u0131n\u0131n \u00e7evresel etkileriyle giderek daha fazla ilgilenen bir demografiye hitap eden s\u00fcrd\u00fcr\u00fclebilir hammadde kaynaklar\u0131, enerji verimli \u00fcretim s\u00fcre\u00e7leri ve \u00e7evre dostu ambalaj \u00e7\u00f6z\u00fcmleri kullan\u0131yor. K\u00fcresel s\u00fcrd\u00fcr\u00fclebilirlik trendleriyle bu uyum, T\u00fcrk mobilyalar\u0131n\u0131n Afrika&#8217;daki \u00e7ekicili\u011fini art\u0131rmakla kalm\u0131yor, ayn\u0131 zamanda marka itibar\u0131na da olumlu katk\u0131 sa\u011fl\u0131yor. Afrika pazarlar\u0131 geni\u015flemeye ve geli\u015fmeye devam ederken, T\u00fcrk mobilyas\u0131n\u0131n kalite, ki\u015fiselle\u015ftirme, verimli \u00fcretim ve s\u00fcrd\u00fcr\u00fclebilirlik kar\u0131\u015f\u0131m\u0131, onu gelecekteki talepleri kar\u015f\u0131layacak \u015fekilde stratejik bir konuma getirerek uzun vadeli ticari ili\u015fkileri ve kar\u015f\u0131l\u0131kl\u0131 b\u00fcy\u00fcmeyi te\u015fvik ediyor.<\/p>\n<h3>\u0130thalat Mevzuatlar\u0131nda ve Uyumlulukta Gezinme<\/h3>\n<p>\u0130thalat d\u00fczenlemeleri ve uyumluluk gereksinimlerinde gezinmek, Afrika pazarlar\u0131na ba\u015far\u0131l\u0131 bir \u015fekilde girmeyi hedefleyen ihracat\u00e7\u0131lar i\u00e7in \u00e7ok \u00f6nemlidir. K\u0131tadaki her \u00fclkenin titizlikle uyulmas\u0131 gereken kendi ithalat yasalar\u0131, standartlar\u0131 ve belgeleme prosed\u00fcrleri vard\u0131r. \u0130stanbul Afrika Ticaret \u015eirketi olarak gecikmeler, cezalar ve hatta sevkiyat\u0131n reddedilmesi gibi olas\u0131 tehlikelerden ka\u00e7\u0131nmak i\u00e7in bu d\u00fczenlemeleri anlaman\u0131n \u00f6nemini vurguluyoruz. Ekibimiz, i\u015fletmelere gerekli t\u00fcm belgeleri kapsaml\u0131 bir \u015fekilde haz\u0131rlama, \u00fcr\u00fcn standartlar\u0131n\u0131n her hedef pazar taraf\u0131ndan belirlenen kat\u0131 kriterleri kar\u015f\u0131lamas\u0131n\u0131 sa\u011flama ve mevzuat de\u011fi\u015fiklikleri konusunda g\u00fcncel kalma konusunda yard\u0131mc\u0131 olur. Bu kapsaml\u0131 yakla\u015f\u0131m, riskleri en aza indiriyor ve sorunsuz, uyumlu ticaret operasyonlar\u0131n\u0131 te\u015fvik ederek T\u00fcrk mobilya \u00fcreticilerinin Afrika&#8217;daki itibar\u0131n\u0131 ve g\u00fcvenilirli\u011fini g\u00fc\u00e7lendiriyor.<\/p>\n<p>Yerel uzmanlarla ortakl\u0131k kurmak ve yerle\u015fik a\u011flardan yararlanmak, ithalat d\u00fczenlemeleri ve uyumluluk konusunda gezinme s\u00fcrecini \u00f6nemli \u00f6l\u00e7\u00fcde kolayla\u015ft\u0131rabilir. \u0130stanbul Afrika Ticaret \u015eirketi, \u00e7e\u015fitli Afrika \u00fclkelerindeki g\u00fcvenilir acenteler ve d\u00fczenleyici kurumlarla paha bi\u00e7ilmez ba\u011flant\u0131lar sunarak, daha sorunsuz etkile\u015fimleri ve gerekli onay ve sertifikalar\u0131n daha verimli bir \u015fekilde ele al\u0131nmas\u0131n\u0131 kolayla\u015ft\u0131r\u0131yor. Bu yerel bilgilerden yararlanarak, T\u00fcrk mobilya ihracat\u00e7\u0131lar\u0131n\u0131n kalite kontrollerinden etiketleme ve paketleme standartlar\u0131na kadar her \u00fclkenin \u00f6zel gereksinimlerini kar\u015f\u0131lamaya haz\u0131r olmalar\u0131n\u0131 sa\u011fl\u0131yoruz. Bu stratejik destek, yaln\u0131zca y\u00fcksek kaliteli T\u00fcrk mobilyalar\u0131n\u0131n Afrika pazarlar\u0131na giri\u015fini h\u0131zland\u0131rmakla kalm\u0131yor, ayn\u0131 zamanda g\u00fcven ve uyuma dayal\u0131 kal\u0131c\u0131 i\u015f ili\u015fkileri de kuruyor.<\/p>\n<p>Dahas\u0131, Afrika pazarlar\u0131nda geli\u015fen ticaret politikalar\u0131 ve ekonomik ko\u015fullar hakk\u0131nda bilgi sahibi olmak ve bunlara uyum sa\u011flamak \u00e7ok \u00f6nemlidir. \u0130stanbul Afrika Ticaret \u015eirketi olarak, pazar e\u011filimlerinin ve mevzuat g\u00fcncellemelerinin s\u00fcrekli izlenmesi ve analizini sunarak T\u00fcrk ihracat\u00e7\u0131lar\u0131na proaktif kararlar vermeleri i\u00e7in gerekli bilgi birikimini sa\u011fl\u0131yoruz. Bu, mobilya ihracat\u0131n\u0131n maliyetini ve rekabet g\u00fcc\u00fcn\u00fc etkileyebilecek tarife oranlar\u0131, tarife d\u0131\u015f\u0131 engeller ve ikili ticaret anla\u015fmalar\u0131 hakk\u0131nda dan\u0131\u015fmanl\u0131k yapmay\u0131 i\u00e7ermektedir. M\u00fc\u015fterilerimizi bu de\u011fi\u015fikliklere ayak uydurarak, \u00e7evik kalmalar\u0131na ve ortaya \u00e7\u0131kan f\u0131rsatlardan yararlanmalar\u0131na yard\u0131mc\u0131 oluyoruz; operasyonlar\u0131n\u0131n yaln\u0131zca mevcut d\u00fczenlemelere uygun olmas\u0131n\u0131 de\u011fil, ayn\u0131 zamanda dinamik Afrika pazar\u0131nda uzun vadeli ba\u015far\u0131 i\u00e7in stratejik olarak konumland\u0131r\u0131lmas\u0131n\u0131 da sa\u011fl\u0131yoruz.<\/p>\n<h3>Ba\u015far\u0131 Hikayeleri: Afrika&#8217;daki T\u00fcrk Mobilya Markalar\u0131<\/h3>\n<p>Pek \u00e7ok \u00fcnl\u00fc T\u00fcrk mobilya markas\u0131, y\u00fcksek kaliteli, estetik a\u00e7\u0131dan ho\u015f ve dayan\u0131kl\u0131 \u00fcr\u00fcnlere olan g\u00fc\u00e7l\u00fc talebin bir g\u00f6stergesi olarak Afrika pazar\u0131nda \u015fimdiden kayda de\u011fer ilerlemeler kaydetti. \u00d6rne\u011fin \u0130stikbal ve Bellona gibi markalar Nijerya, Kenya ve G\u00fcney Afrika gibi \u00f6nemli pazarlarda sa\u011flam bir varl\u0131k g\u00f6stererek, modern ve klasik tasar\u0131mlardan olu\u015fan geni\u015f \u00fcr\u00fcn yelpazesiyle yerel t\u00fcketicilerin ilgisini \u00e7ekiyor. Bu ba\u015far\u0131 \u00f6yk\u00fcleri, yaln\u0131zca T\u00fcrk i\u015f\u00e7ili\u011fine duyulan y\u00fcksek sayg\u0131y\u0131 de\u011fil, ayn\u0131 zamanda bu \u015firketlerin ki\u015fiye \u00f6zel pazarlama, rekabet\u00e7i fiyatland\u0131rma ve yerel distrib\u00fct\u00f6rlerle stratejik ortakl\u0131klar gibi uygulad\u0131\u011f\u0131 etkili stratejileri de g\u00f6steriyor. Bu ba\u015far\u0131, di\u011fer T\u00fcrk mobilya \u00fcreticilerinin Afrika k\u0131tas\u0131nda geli\u015fen f\u0131rsatlardan yararlanma potansiyelinin alt\u0131n\u0131 \u00e7iziyor.<\/p>\n<p>T\u00fcrk mobilya markalar\u0131n\u0131n Afrika&#8217;daki ba\u015far\u0131s\u0131n\u0131n ard\u0131ndaki en \u00f6nemli fakt\u00f6rlerden biri de yerel zevk ve tercihlere uyum sa\u011flama becerisidir. Bu \u015firketler, pazar ara\u015ft\u0131rmas\u0131 yaparak ve farkl\u0131 Afrika b\u00f6lgelerinin benzersiz k\u00fclt\u00fcrel ve stilistik gereksinimlerini anlayarak, tekliflerini yerel taleplere daha iyi uyacak \u015fekilde \u00f6zelle\u015ftirebildiler. Ayr\u0131ca T\u00fcrk mobilya markalar\u0131, \u00fcr\u00fcnlerinin k\u0131ta genelindeki farkl\u0131 iklim ko\u015fullar\u0131na dayanabilmesini sa\u011flamak i\u00e7in yenilik\u00e7i malzemelerden ve \u00fcretim tekniklerinden yararlan\u0131yor. Bu seviyedeki uyarlanabilirlik ve yan\u0131t verme yetene\u011fi, yaln\u0131zca Afrikal\u0131 m\u00fc\u015fterilerin sadakatini kazanmakla kalmad\u0131, ayn\u0131 zamanda pazarda kalite ve yenilik a\u00e7\u0131s\u0131ndan y\u00fcksek bir standart belirledi.<\/p>\n<p>\u0130leriye bak\u0131ld\u0131\u011f\u0131nda, T\u00fcrk mobilya markalar\u0131n\u0131n Afrika&#8217;daki ba\u015far\u0131s\u0131n\u0131n sadece ge\u00e7ici bir trend de\u011fil, s\u00fcrd\u00fcr\u00fclebilir ve b\u00fcy\u00fcyen bir pazar f\u0131rsat\u0131 oldu\u011fu a\u00e7\u0131k\u00e7a g\u00f6r\u00fcl\u00fcyor. \u0130stanbul Afrika Ticaret \u015eirketi, hem T\u00fcrk \u00fcreticilere hem de Afrika perakendecilerine kapsaml\u0131 destek sa\u011flayarak bu ba\u015far\u0131y\u0131 daha da ileriye ta\u015f\u0131maya kararl\u0131d\u0131r. Yerel pazarlara ili\u015fkin derin anlay\u0131\u015f\u0131m\u0131z ve k\u0131ta \u00e7ap\u0131ndaki g\u00fc\u00e7l\u00fc a\u011f\u0131m\u0131z sayesinde, T\u00fcrk ihracat\u00e7\u0131lar\u0131n\u0131n Afrika ticaret d\u00fczenlemeleri, lojistik ve da\u011f\u0131t\u0131m kanallar\u0131ndaki karma\u015f\u0131kl\u0131klar\u0131 y\u00f6netmelerine yard\u0131mc\u0131 olabiliriz. Bu taahh\u00fct, T\u00fcrk mobilya markalar\u0131n\u0131n yaln\u0131zca Afrika pazar\u0131na g\u00fcvenle girmelerini de\u011fil, ayn\u0131 zamanda b\u00fcy\u00fcy\u00fcp ayak izlerini geni\u015fletmelerini, b\u00f6lge genelinde ekonomik b\u00fcy\u00fcmeye ve t\u00fcketici memnuniyetine katk\u0131da bulunmalar\u0131n\u0131 sa\u011fl\u0131yor.<\/p>\n<p>&nbsp;<\/p>\n","protected":false},"excerpt":{"rendered":"<p>K\u00fcresel pazar geli\u015fmeye devam ettik\u00e7e, mobilya gibi kaliteli \u00fcr\u00fcnleri Afrika gibi h\u0131zla geli\u015fen b\u00f6lgelere ihra\u00e7 etme f\u0131rsatlar\u0131 giderek daha cazip [&hellip;]<\/p>\n","protected":false},"author":1,"featured_media":5269,"comment_status":"closed","ping_status":"open","sticky":false,"template":"","format":"standard","meta":{"_monsterinsights_skip_tracking":false,"_monsterinsights_sitenote_active":false,"_monsterinsights_sitenote_note":"","_monsterinsights_sitenote_category":0,"footnotes":""},"categories":[47],"tags":[],"class_list":["post-6154","post","type-post","status-publish","format-standard","has-post-thumbnail","hentry","category-ticari"],"yoast_head":"<!-- This site is optimized with the Yoast SEO Premium plugin v25.7.1 (Yoast SEO v25.8) - https:\/\/yoast.com\/wordpress\/plugins\/seo\/ -->\n<title>Afrika&#039;ya Mobilya \u0130hracat\u0131 - Istanbul Africa Trade Company<\/title>\n<meta name=\"description\" content=\"\u0130stanbul Afrika Ticaret \u015eirketi&#039;nin ithalat-ihracat dan\u0131\u015fmanl\u0131\u011f\u0131 ve karma\u015f\u0131k ticaret d\u00fczenlemelerini sorunsuz bir \u015fekilde y\u00f6netme konusundaki uzmanl\u0131\u011f\u0131ndan yararlanarak, Afrika&#039;ya y\u00fcksek kaliteli T\u00fcrk mobilyalar\u0131 ihra\u00e7 ederek i\u015finizi geni\u015fletin.\" \/>\n<meta name=\"robots\" content=\"index, follow, max-snippet:-1, max-image-preview:large, max-video-preview:-1\" \/>\n<link rel=\"canonical\" href=\"https:\/\/www.istanbulafrica.com\/tr\/afrikaya-mobilya-ihracati\/\" \/>\n<meta property=\"og:locale\" content=\"en_US\" \/>\n<meta property=\"og:type\" content=\"article\" \/>\n<meta property=\"og:title\" content=\"Afrika&#039;ya Mobilya \u0130hracat\u0131\" \/>\n<meta property=\"og:description\" content=\"\u0130stanbul Afrika Ticaret \u015eirketi&#039;nin ithalat-ihracat dan\u0131\u015fmanl\u0131\u011f\u0131 ve karma\u015f\u0131k ticaret d\u00fczenlemelerini sorunsuz bir \u015fekilde y\u00f6netme konusundaki uzmanl\u0131\u011f\u0131ndan yararlanarak, Afrika&#039;ya y\u00fcksek kaliteli T\u00fcrk mobilyalar\u0131 ihra\u00e7 ederek i\u015finizi geni\u015fletin.\" \/>\n<meta property=\"og:url\" content=\"https:\/\/www.istanbulafrica.com\/tr\/afrikaya-mobilya-ihracati\/\" \/>\n<meta property=\"og:site_name\" content=\"Istanbul Africa Trade Company\" \/>\n<meta property=\"article:publisher\" content=\"http:\/\/www.facebook.com\/istanbulafrica\" \/>\n<meta property=\"article:published_time\" content=\"2024-07-21T00:00:00+00:00\" \/>\n<meta property=\"og:image\" content=\"https:\/\/www.istanbulafrica.com\/wp-content\/uploads\/2024\/06\/ia00043.jpg\" \/>\n\t<meta property=\"og:image:width\" content=\"1280\" \/>\n\t<meta property=\"og:image:height\" content=\"720\" \/>\n\t<meta property=\"og:image:type\" content=\"image\/jpeg\" \/>\n<meta name=\"author\" content=\"admin\" \/>\n<meta name=\"twitter:card\" content=\"summary_large_image\" \/>\n<meta name=\"twitter:creator\" content=\"@istanbulafrica\" \/>\n<meta name=\"twitter:site\" content=\"@istanbulafrica\" \/>\n<meta name=\"twitter:label1\" content=\"Written by\" \/>\n\t<meta name=\"twitter:data1\" content=\"\" \/>\n\t<meta name=\"twitter:label2\" content=\"Est. reading time\" \/>\n\t<meta name=\"twitter:data2\" content=\"7 minutes\" \/>\n<script type=\"application\/ld+json\" class=\"yoast-schema-graph\">{\"@context\":\"https:\/\/schema.org\",\"@graph\":[{\"@type\":\"Article\",\"@id\":\"https:\/\/www.istanbulafrica.com\/tr\/afrikaya-mobilya-ihracati\/#article\",\"isPartOf\":{\"@id\":\"https:\/\/www.istanbulafrica.com\/tr\/afrikaya-mobilya-ihracati\/\"},\"author\":{\"name\":\"admin\",\"@id\":\"https:\/\/www.istanbulafrica.com\/#\/schema\/person\/e0f8b3b562d664e99942c2ca70031388\"},\"headline\":\"Afrika&#8217;ya Mobilya \u0130hracat\u0131\",\"datePublished\":\"2024-07-21T00:00:00+00:00\",\"mainEntityOfPage\":{\"@id\":\"https:\/\/www.istanbulafrica.com\/tr\/afrikaya-mobilya-ihracati\/\"},\"wordCount\":1480,\"publisher\":{\"@id\":\"https:\/\/www.istanbulafrica.com\/#organization\"},\"image\":{\"@id\":\"https:\/\/www.istanbulafrica.com\/tr\/afrikaya-mobilya-ihracati\/#primaryimage\"},\"thumbnailUrl\":\"https:\/\/www.istanbulafrica.com\/wp-content\/uploads\/2024\/06\/ia00043.jpg\",\"articleSection\":[\"Ticari\"],\"inLanguage\":\"en-US\"},{\"@type\":\"WebPage\",\"@id\":\"https:\/\/www.istanbulafrica.com\/tr\/afrikaya-mobilya-ihracati\/\",\"url\":\"https:\/\/www.istanbulafrica.com\/tr\/afrikaya-mobilya-ihracati\/\",\"name\":\"Afrika'ya Mobilya \u0130hracat\u0131 - Istanbul Africa Trade Company\",\"isPartOf\":{\"@id\":\"https:\/\/www.istanbulafrica.com\/#website\"},\"primaryImageOfPage\":{\"@id\":\"https:\/\/www.istanbulafrica.com\/tr\/afrikaya-mobilya-ihracati\/#primaryimage\"},\"image\":{\"@id\":\"https:\/\/www.istanbulafrica.com\/tr\/afrikaya-mobilya-ihracati\/#primaryimage\"},\"thumbnailUrl\":\"https:\/\/www.istanbulafrica.com\/wp-content\/uploads\/2024\/06\/ia00043.jpg\",\"datePublished\":\"2024-07-21T00:00:00+00:00\",\"description\":\"\u0130stanbul Afrika Ticaret \u015eirketi'nin ithalat-ihracat dan\u0131\u015fmanl\u0131\u011f\u0131 ve karma\u015f\u0131k ticaret d\u00fczenlemelerini sorunsuz bir \u015fekilde y\u00f6netme konusundaki uzmanl\u0131\u011f\u0131ndan yararlanarak, Afrika'ya y\u00fcksek kaliteli T\u00fcrk mobilyalar\u0131 ihra\u00e7 ederek i\u015finizi geni\u015fletin.\",\"breadcrumb\":{\"@id\":\"https:\/\/www.istanbulafrica.com\/tr\/afrikaya-mobilya-ihracati\/#breadcrumb\"},\"inLanguage\":\"en-US\",\"potentialAction\":[{\"@type\":\"ReadAction\",\"target\":[\"https:\/\/www.istanbulafrica.com\/tr\/afrikaya-mobilya-ihracati\/\"]}]},{\"@type\":\"ImageObject\",\"inLanguage\":\"en-US\",\"@id\":\"https:\/\/www.istanbulafrica.com\/tr\/afrikaya-mobilya-ihracati\/#primaryimage\",\"url\":\"https:\/\/www.istanbulafrica.com\/wp-content\/uploads\/2024\/06\/ia00043.jpg\",\"contentUrl\":\"https:\/\/www.istanbulafrica.com\/wp-content\/uploads\/2024\/06\/ia00043.jpg\",\"width\":1280,\"height\":720},{\"@type\":\"BreadcrumbList\",\"@id\":\"https:\/\/www.istanbulafrica.com\/tr\/afrikaya-mobilya-ihracati\/#breadcrumb\",\"itemListElement\":[{\"@type\":\"ListItem\",\"position\":1,\"name\":\"Home\",\"item\":\"https:\/\/www.istanbulafrica.com\/\"},{\"@type\":\"ListItem\",\"position\":2,\"name\":\"Afrika&#8217;ya Mobilya \u0130hracat\u0131\"}]},{\"@type\":\"WebSite\",\"@id\":\"https:\/\/www.istanbulafrica.com\/#website\",\"url\":\"https:\/\/www.istanbulafrica.com\/\",\"name\":\"Istanbul Africa Trade Company\",\"description\":\"Import, Export and Investment\",\"publisher\":{\"@id\":\"https:\/\/www.istanbulafrica.com\/#organization\"},\"potentialAction\":[{\"@type\":\"SearchAction\",\"target\":{\"@type\":\"EntryPoint\",\"urlTemplate\":\"https:\/\/www.istanbulafrica.com\/?s={search_term_string}\"},\"query-input\":{\"@type\":\"PropertyValueSpecification\",\"valueRequired\":true,\"valueName\":\"search_term_string\"}}],\"inLanguage\":\"en-US\"},{\"@type\":\"Organization\",\"@id\":\"https:\/\/www.istanbulafrica.com\/#organization\",\"name\":\"Istanbul Africa Trade Company\",\"url\":\"https:\/\/www.istanbulafrica.com\/\",\"logo\":{\"@type\":\"ImageObject\",\"inLanguage\":\"en-US\",\"@id\":\"https:\/\/www.istanbulafrica.com\/#\/schema\/logo\/image\/\",\"url\":\"https:\/\/www.istanbulafrica.com\/wp-content\/uploads\/2018\/11\/Logo-5_Multicolor-1-e1543258165564.png\",\"contentUrl\":\"https:\/\/www.istanbulafrica.com\/wp-content\/uploads\/2018\/11\/Logo-5_Multicolor-1-e1543258165564.png\",\"width\":300,\"height\":82,\"caption\":\"Istanbul Africa Trade Company\"},\"image\":{\"@id\":\"https:\/\/www.istanbulafrica.com\/#\/schema\/logo\/image\/\"},\"sameAs\":[\"http:\/\/www.facebook.com\/istanbulafrica\",\"https:\/\/x.com\/istanbulafrica\",\"https:\/\/www.instagram.com\/istanbulafrica\",\"https:\/\/linkedin.com\/company\/istanbulafrica\"]},{\"@type\":\"Person\",\"@id\":\"https:\/\/www.istanbulafrica.com\/#\/schema\/person\/e0f8b3b562d664e99942c2ca70031388\",\"name\":\"admin\",\"image\":{\"@type\":\"ImageObject\",\"inLanguage\":\"en-US\",\"@id\":\"https:\/\/www.istanbulafrica.com\/#\/schema\/person\/image\/\",\"url\":\"https:\/\/www.istanbulafrica.com\/wp-content\/litespeed\/avatar\/063478b0608c9232a95d704ee9061d12.jpg?ver=1758542353\",\"contentUrl\":\"https:\/\/www.istanbulafrica.com\/wp-content\/litespeed\/avatar\/063478b0608c9232a95d704ee9061d12.jpg?ver=1758542353\",\"caption\":\"admin\"}}]}<\/script>\n<!-- \/ Yoast SEO Premium plugin. -->","yoast_head_json":{"title":"Afrika'ya Mobilya \u0130hracat\u0131 - Istanbul Africa Trade Company","description":"\u0130stanbul Afrika Ticaret \u015eirketi'nin ithalat-ihracat dan\u0131\u015fmanl\u0131\u011f\u0131 ve karma\u015f\u0131k ticaret d\u00fczenlemelerini sorunsuz bir \u015fekilde y\u00f6netme konusundaki uzmanl\u0131\u011f\u0131ndan yararlanarak, Afrika'ya y\u00fcksek kaliteli T\u00fcrk mobilyalar\u0131 ihra\u00e7 ederek i\u015finizi geni\u015fletin.","robots":{"index":"index","follow":"follow","max-snippet":"max-snippet:-1","max-image-preview":"max-image-preview:large","max-video-preview":"max-video-preview:-1"},"canonical":"https:\/\/www.istanbulafrica.com\/tr\/afrikaya-mobilya-ihracati\/","og_locale":"en_US","og_type":"article","og_title":"Afrika'ya Mobilya \u0130hracat\u0131","og_description":"\u0130stanbul Afrika Ticaret \u015eirketi'nin ithalat-ihracat dan\u0131\u015fmanl\u0131\u011f\u0131 ve karma\u015f\u0131k ticaret d\u00fczenlemelerini sorunsuz bir \u015fekilde y\u00f6netme konusundaki uzmanl\u0131\u011f\u0131ndan yararlanarak, Afrika'ya y\u00fcksek kaliteli T\u00fcrk mobilyalar\u0131 ihra\u00e7 ederek i\u015finizi geni\u015fletin.","og_url":"https:\/\/www.istanbulafrica.com\/tr\/afrikaya-mobilya-ihracati\/","og_site_name":"Istanbul Africa Trade Company","article_publisher":"http:\/\/www.facebook.com\/istanbulafrica","article_published_time":"2024-07-21T00:00:00+00:00","og_image":[{"width":1280,"height":720,"url":"https:\/\/www.istanbulafrica.com\/wp-content\/uploads\/2024\/06\/ia00043.jpg","type":"image\/jpeg"}],"author":"admin","twitter_card":"summary_large_image","twitter_creator":"@istanbulafrica","twitter_site":"@istanbulafrica","twitter_misc":{"Written by":false,"Est. reading time":"7 minutes"},"schema":{"@context":"https:\/\/schema.org","@graph":[{"@type":"Article","@id":"https:\/\/www.istanbulafrica.com\/tr\/afrikaya-mobilya-ihracati\/#article","isPartOf":{"@id":"https:\/\/www.istanbulafrica.com\/tr\/afrikaya-mobilya-ihracati\/"},"author":{"name":"admin","@id":"https:\/\/www.istanbulafrica.com\/#\/schema\/person\/e0f8b3b562d664e99942c2ca70031388"},"headline":"Afrika&#8217;ya Mobilya \u0130hracat\u0131","datePublished":"2024-07-21T00:00:00+00:00","mainEntityOfPage":{"@id":"https:\/\/www.istanbulafrica.com\/tr\/afrikaya-mobilya-ihracati\/"},"wordCount":1480,"publisher":{"@id":"https:\/\/www.istanbulafrica.com\/#organization"},"image":{"@id":"https:\/\/www.istanbulafrica.com\/tr\/afrikaya-mobilya-ihracati\/#primaryimage"},"thumbnailUrl":"https:\/\/www.istanbulafrica.com\/wp-content\/uploads\/2024\/06\/ia00043.jpg","articleSection":["Ticari"],"inLanguage":"en-US"},{"@type":"WebPage","@id":"https:\/\/www.istanbulafrica.com\/tr\/afrikaya-mobilya-ihracati\/","url":"https:\/\/www.istanbulafrica.com\/tr\/afrikaya-mobilya-ihracati\/","name":"Afrika'ya Mobilya \u0130hracat\u0131 - Istanbul Africa Trade Company","isPartOf":{"@id":"https:\/\/www.istanbulafrica.com\/#website"},"primaryImageOfPage":{"@id":"https:\/\/www.istanbulafrica.com\/tr\/afrikaya-mobilya-ihracati\/#primaryimage"},"image":{"@id":"https:\/\/www.istanbulafrica.com\/tr\/afrikaya-mobilya-ihracati\/#primaryimage"},"thumbnailUrl":"https:\/\/www.istanbulafrica.com\/wp-content\/uploads\/2024\/06\/ia00043.jpg","datePublished":"2024-07-21T00:00:00+00:00","description":"\u0130stanbul Afrika Ticaret \u015eirketi'nin ithalat-ihracat dan\u0131\u015fmanl\u0131\u011f\u0131 ve karma\u015f\u0131k ticaret d\u00fczenlemelerini sorunsuz bir \u015fekilde y\u00f6netme konusundaki uzmanl\u0131\u011f\u0131ndan yararlanarak, Afrika'ya y\u00fcksek kaliteli T\u00fcrk mobilyalar\u0131 ihra\u00e7 ederek i\u015finizi geni\u015fletin.","breadcrumb":{"@id":"https:\/\/www.istanbulafrica.com\/tr\/afrikaya-mobilya-ihracati\/#breadcrumb"},"inLanguage":"en-US","potentialAction":[{"@type":"ReadAction","target":["https:\/\/www.istanbulafrica.com\/tr\/afrikaya-mobilya-ihracati\/"]}]},{"@type":"ImageObject","inLanguage":"en-US","@id":"https:\/\/www.istanbulafrica.com\/tr\/afrikaya-mobilya-ihracati\/#primaryimage","url":"https:\/\/www.istanbulafrica.com\/wp-content\/uploads\/2024\/06\/ia00043.jpg","contentUrl":"https:\/\/www.istanbulafrica.com\/wp-content\/uploads\/2024\/06\/ia00043.jpg","width":1280,"height":720},{"@type":"BreadcrumbList","@id":"https:\/\/www.istanbulafrica.com\/tr\/afrikaya-mobilya-ihracati\/#breadcrumb","itemListElement":[{"@type":"ListItem","position":1,"name":"Home","item":"https:\/\/www.istanbulafrica.com\/"},{"@type":"ListItem","position":2,"name":"Afrika&#8217;ya Mobilya \u0130hracat\u0131"}]},{"@type":"WebSite","@id":"https:\/\/www.istanbulafrica.com\/#website","url":"https:\/\/www.istanbulafrica.com\/","name":"Istanbul Africa Trade Company","description":"Import, Export and Investment","publisher":{"@id":"https:\/\/www.istanbulafrica.com\/#organization"},"potentialAction":[{"@type":"SearchAction","target":{"@type":"EntryPoint","urlTemplate":"https:\/\/www.istanbulafrica.com\/?s={search_term_string}"},"query-input":{"@type":"PropertyValueSpecification","valueRequired":true,"valueName":"search_term_string"}}],"inLanguage":"en-US"},{"@type":"Organization","@id":"https:\/\/www.istanbulafrica.com\/#organization","name":"Istanbul Africa Trade Company","url":"https:\/\/www.istanbulafrica.com\/","logo":{"@type":"ImageObject","inLanguage":"en-US","@id":"https:\/\/www.istanbulafrica.com\/#\/schema\/logo\/image\/","url":"https:\/\/www.istanbulafrica.com\/wp-content\/uploads\/2018\/11\/Logo-5_Multicolor-1-e1543258165564.png","contentUrl":"https:\/\/www.istanbulafrica.com\/wp-content\/uploads\/2018\/11\/Logo-5_Multicolor-1-e1543258165564.png","width":300,"height":82,"caption":"Istanbul Africa Trade Company"},"image":{"@id":"https:\/\/www.istanbulafrica.com\/#\/schema\/logo\/image\/"},"sameAs":["http:\/\/www.facebook.com\/istanbulafrica","https:\/\/x.com\/istanbulafrica","https:\/\/www.instagram.com\/istanbulafrica","https:\/\/linkedin.com\/company\/istanbulafrica"]},{"@type":"Person","@id":"https:\/\/www.istanbulafrica.com\/#\/schema\/person\/e0f8b3b562d664e99942c2ca70031388","name":"admin","image":{"@type":"ImageObject","inLanguage":"en-US","@id":"https:\/\/www.istanbulafrica.com\/#\/schema\/person\/image\/","url":"https:\/\/www.istanbulafrica.com\/wp-content\/litespeed\/avatar\/063478b0608c9232a95d704ee9061d12.jpg?ver=1758542353","contentUrl":"https:\/\/www.istanbulafrica.com\/wp-content\/litespeed\/avatar\/063478b0608c9232a95d704ee9061d12.jpg?ver=1758542353","caption":"admin"}}]}},"_links":{"self":[{"href":"https:\/\/www.istanbulafrica.com\/wp-json\/wp\/v2\/posts\/6154","targetHints":{"allow":["GET"]}}],"collection":[{"href":"https:\/\/www.istanbulafrica.com\/wp-json\/wp\/v2\/posts"}],"about":[{"href":"https:\/\/www.istanbulafrica.com\/wp-json\/wp\/v2\/types\/post"}],"author":[{"embeddable":true,"href":"https:\/\/www.istanbulafrica.com\/wp-json\/wp\/v2\/users\/1"}],"replies":[{"embeddable":true,"href":"https:\/\/www.istanbulafrica.com\/wp-json\/wp\/v2\/comments?post=6154"}],"version-history":[{"count":1,"href":"https:\/\/www.istanbulafrica.com\/wp-json\/wp\/v2\/posts\/6154\/revisions"}],"predecessor-version":[{"id":6429,"href":"https:\/\/www.istanbulafrica.com\/wp-json\/wp\/v2\/posts\/6154\/revisions\/6429"}],"wp:featuredmedia":[{"embeddable":true,"href":"https:\/\/www.istanbulafrica.com\/wp-json\/wp\/v2\/media\/5269"}],"wp:attachment":[{"href":"https:\/\/www.istanbulafrica.com\/wp-json\/wp\/v2\/media?parent=6154"}],"wp:term":[{"taxonomy":"category","embeddable":true,"href":"https:\/\/www.istanbulafrica.com\/wp-json\/wp\/v2\/categories?post=6154"},{"taxonomy":"post_tag","embeddable":true,"href":"https:\/\/www.istanbulafrica.com\/wp-json\/wp\/v2\/tags?post=6154"}],"curies":[{"name":"wp","href":"https:\/\/api.w.org\/{rel}","templated":true}]}}