{"id":6193,"date":"2024-08-29T00:00:00","date_gmt":"2024-08-29T00:00:00","guid":{"rendered":"https:\/\/www.istanbulafrica.com\/?p=6193"},"modified":"2024-06-07T09:27:34","modified_gmt":"2024-06-07T09:27:34","slug":"afrikanin-en-buyuk-turk-mallari-ithalatcilari","status":"publish","type":"post","link":"https:\/\/www.istanbulafrica.com\/tr\/afrikanin-en-buyuk-turk-mallari-ithalatcilari\/","title":{"rendered":"Afrika&#8217;n\u0131n En B\u00fcy\u00fck T\u00fcrk Mallar\u0131 \u0130thalat\u00e7\u0131lar\u0131"},"content":{"rendered":"<p>\u0130stanbul Afrika Ticaret \u015eirketi olarak, \u00f6zellikle T\u00fcrkiye ile Afrika aras\u0131nda k\u0131talar aras\u0131 ticaretin geli\u015fen potansiyelinin fark\u0131nday\u0131z. Ekonomik ortam h\u0131zla geli\u015fiyor ve Afrika&#8217;da T\u00fcrk mallar\u0131n\u0131n ithalat\u0131na \u00f6nc\u00fcl\u00fck eden kilit oyuncular\u0131n belirlenmesini zorunlu k\u0131l\u0131yor. Tekstilden makineye, elektronikten g\u0131da \u00fcr\u00fcnlerine kadar geni\u015f bir \u00fcr\u00fcn yelpazesine sahip olan T\u00fcrk ihracat\u0131, bir\u00e7ok Afrika \u00fclkesinde g\u00fc\u00e7l\u00fc bir pazar buldu. Bu makalede, b\u00fcy\u00fcme ve kar\u015f\u0131l\u0131kl\u0131 fayda yollar\u0131n\u0131 vurgulayarak, bu dinamik ticari ili\u015fkiyi g\u00fc\u00e7lendirmede \u00f6nemli bir rol oynayan \u00f6nde gelen Afrikal\u0131 ithalat\u00e7\u0131lar\u0131 inceleyece\u011fiz. Lider ithalat-ihracat dan\u0131\u015fmanl\u0131k firmas\u0131 olarak amac\u0131m\u0131z, i\u015fletmelerin bu canl\u0131 f\u0131rsatlardan yararlanmalar\u0131n\u0131 sa\u011flayacak de\u011ferli bilgiler sunmakt\u0131r.<\/p>\n<h3>Afrika \u0130thalat Sekt\u00f6r\u00fcnde Pazar Liderleri<\/h3>\n<p>Nijerya, g\u00fc\u00e7l\u00fc ekonomisi ve kalabal\u0131k n\u00fcfusuyla T\u00fcrk ihracat\u0131nda lider pazar olarak \u00f6ne \u00e7\u0131k\u0131yor. Y\u0131llar ge\u00e7tik\u00e7e Nijerya&#8217;n\u0131n artan \u015fehirle\u015fmesi ve sanayile\u015fmesinin etkisiyle T\u00fcrk tekstil, in\u015faat malzemeleri ve makine ithalat\u0131nda \u00f6nemli bir art\u0131\u015f ya\u015fand\u0131. Nijerya&#8217;n\u0131n stratejik co\u011frafi konumu, Afrika&#8217;n\u0131n en b\u00fcy\u00fck ekonomisi olma stat\u00fcs\u00fcyle birle\u015fti\u011finde, onu T\u00fcrk mallar\u0131 i\u00e7in merkezi bir merkez haline getiriyor ve simbiyotik bir ticaret ili\u015fkisini te\u015fvik ediyor. Her iki \u00fclkedeki i\u015fletmeler, tedarik zincirlerini geli\u015ftirmek ve ekonomik b\u00fcy\u00fcmeyi art\u0131rmak i\u00e7in bu ba\u011flant\u0131dan giderek daha fazla yararland\u0131 ve Nijerya&#8217;n\u0131n Afrika ithalat pazarlar\u0131nda \u00f6nemli bir oyuncu olarak rol\u00fcn\u00fc g\u00fc\u00e7lendirdi.<\/p>\n<p>G\u00fcney Afrika, T\u00fcrk mallar\u0131n\u0131n bir di\u011fer \u00f6nemli ithalat\u00e7\u0131s\u0131 olup, pazar\u0131n\u0131n \u00e7e\u015fitli ve geli\u015fmi\u015f do\u011fas\u0131n\u0131 yans\u0131t\u0131yor. \u00dclkenin k\u00f6kl\u00fc altyap\u0131s\u0131 ve \u00e7e\u015fitlendirilmi\u015f ekonomisi, buray\u0131 \u00f6zellikle otomotiv par\u00e7alar\u0131, elektronik ve tar\u0131m \u00fcr\u00fcnleri olmak \u00fczere T\u00fcrk ihracat\u0131 i\u00e7in cazip bir destinasyon haline getiriyor. G\u00fcney Afrikal\u0131 t\u00fcketiciler ve end\u00fcstriler, T\u00fcrk \u00fcr\u00fcnlerinin sundu\u011fu kalite ve yenili\u011fe y\u00f6nelik g\u00fc\u00e7l\u00fc bir tercih g\u00f6sterdi ve bu da ikili ticaretin istikrarl\u0131 bir \u015fekilde artmas\u0131na yol a\u00e7t\u0131. Ayr\u0131ca, G\u00fcney Afrika&#8217;n\u0131n G\u00fcney Afrika b\u00f6lgesine a\u00e7\u0131lan bir kap\u0131 olarak konumu, T\u00fcrk ihracat\u0131n\u0131n eri\u015fim alan\u0131n\u0131 ve etkisini art\u0131rarak ticaretin geni\u015flemesi i\u00e7in daha fazla f\u0131rsat yaratmaktad\u0131r. Bu kar\u015f\u0131l\u0131kl\u0131 yarar sa\u011flayan ili\u015fki, her iki \u00fclke i\u00e7in de \u00f6nemli ekonomik faydalar yaratarak geli\u015fmeye devam ediyor.<\/p>\n<p>M\u0131s\u0131r, T\u00fcrk mallar\u0131n\u0131n ithalat\u0131nda da Afrika k\u0131tas\u0131nda \u00f6nemli bir oyuncu olarak \u00f6ne \u00e7\u0131k\u0131yor. \u00dclkenin Afrika, Asya ve Avrupa&#8217;n\u0131n kesi\u015fme noktas\u0131ndaki stratejik konumu ve geli\u015fen sanayi sekt\u00f6rleri, tekstil, kimya ve in\u015faat malzemeleri gibi T\u00fcrk ihracat\u0131na y\u00f6nelik g\u00fc\u00e7l\u00fc bir talep yarat\u0131yor. S\u00fcvey\u015f Kanal\u0131&#8217;n\u0131n k\u00fcresel ticaret yollar\u0131ndaki \u00f6nemli rol\u00fc, M\u0131s\u0131r&#8217;\u0131n ithalat kapasitesini art\u0131rarak onu \u00f6nemli bir aktarma merkezi haline getiriyor. Dahas\u0131, T\u00fcrkiye ile M\u0131s\u0131r aras\u0131ndaki tarihi ve k\u00fclt\u00fcrel ba\u011flar, k\u00f6kl\u00fc bir ticaret ortakl\u0131\u011f\u0131n\u0131 kolayla\u015ft\u0131rm\u0131\u015f, kesintisiz mal al\u0131\u015fveri\u015fine imkan vermi\u015f ve ekonomik ba\u011flant\u0131y\u0131 g\u00fc\u00e7lendirmi\u015ftir. B\u00fcy\u00fcyen bu ikili ticaret, yaln\u0131zca M\u0131s\u0131r&#8217;\u0131n kalk\u0131nma g\u00fcndemini tamamlamakla kalm\u0131yor, ayn\u0131 zamanda T\u00fcrkiye&#8217;nin Afrika pazar\u0131ndaki ekonomik ayak izini de g\u00fc\u00e7lendiriyor.<\/p>\n<h3>Afrika&#8217;da Y\u00fcksek Talep G\u00f6ren T\u00fcrk \u00dcr\u00fcnleri<\/h3>\n<p>T\u00fcrkiye&#8217;nin Afrika pazar\u0131ndaki ba\u015far\u0131s\u0131n\u0131n temel itici g\u00fc\u00e7lerinden biri ihracat \u00e7e\u015fitlili\u011fi ve rekabet\u00e7ili\u011fidir. Hem ham maddeleri hem de giyim gibi son \u00fcr\u00fcnleri i\u00e7eren tekstil gibi y\u00fcksek talep g\u00f6ren T\u00fcrk \u00fcr\u00fcnleri, Afrika \u00fclkelerinde \u00f6nemli bir ilgi g\u00f6rd\u00fc. Ayr\u0131ca, T\u00fcrkiye&#8217;nin g\u00fc\u00e7l\u00fc makine ve otomotiv sekt\u00f6rleri, end\u00fcstriyel b\u00fcy\u00fcmeye ve altyap\u0131 geli\u015fimine \u00f6ncelik veren pazarlara derinlemesine n\u00fcfuz etmi\u015ftir. Kaliteli elektronik, ev aletleri ve g\u0131da \u00fcr\u00fcnlerine y\u00f6nelik artan ihtiya\u00e7, T\u00fcrkiye&#8217;nin g\u00fcvenilir bir ticaret orta\u011f\u0131 olarak itibar\u0131n\u0131 daha da g\u00fc\u00e7lendirdi. Bu \u00fcr\u00fcn kategorileri yaln\u0131zca artan t\u00fcketici taleplerini kar\u015f\u0131lamakla kalm\u0131yor, ayn\u0131 zamanda her iki b\u00f6lge i\u00e7in de bir kazan-kazan senaryosunu te\u015fvik ederek Afrika&#8217;n\u0131n kalk\u0131nma hedefleriyle de uyum sa\u011fl\u0131yor.<\/p>\n<p>M\u0131s\u0131r ve G\u00fcney Afrika gibi \u00fclkeler bu ticarette \u00f6n s\u0131ralarda yer al\u0131yor ve \u00f6nemli miktarda T\u00fcrk tekstili, makine ve elektronik \u00fcr\u00fcnleri ithal ediyor. M\u0131s\u0131r, co\u011frafi yak\u0131nl\u0131\u011f\u0131 ve sa\u011flam nakliye rotalar\u0131ndan yararlanarak T\u00fcrkiye ile \u00f6zellikle g\u00fc\u00e7l\u00fc ticari ba\u011flar geli\u015ftirmi\u015f ve bu da onu T\u00fcrk mallar\u0131n\u0131n en b\u00fcy\u00fck ithalat\u00e7\u0131lar\u0131ndan biri haline getirmi\u015ftir. \u00d6te yandan, G\u00fcney Afrika&#8217;n\u0131n geli\u015fmi\u015f altyap\u0131s\u0131 ve hareketli t\u00fcketici pazar\u0131, geni\u015f bir yelpazedeki T\u00fcrk \u00fcr\u00fcnleri i\u00e7in verimli bir zemin sa\u011fl\u0131yor. Ekonomik b\u00fcy\u00fcmeyi te\u015fvik etmesi, ithalat portf\u00f6ylerini \u00e7e\u015fitlendirmesi ve T\u00fcrk i\u015fletmelerine girebilecekleri geli\u015fen bir pazar sa\u011flamas\u0131 nedeniyle bu ticari ili\u015fkilerin kar\u015f\u0131l\u0131kl\u0131 faydalar\u0131 a\u00e7\u0131kt\u0131r.<\/p>\n<p>\u0130leriye bakt\u0131\u011f\u0131m\u0131zda, di\u011fer Afrika \u00fclkeleri de T\u00fcrk mallar\u0131n\u0131n \u00f6nemli ithalat\u00e7\u0131lar\u0131 haline geliyor ve bu umut verici ticari ili\u015fkinin kapsam\u0131n\u0131 geni\u015fletiyor. Nijerya ve Kenya gibi \u00fclkeler, h\u0131zla b\u00fcy\u00fcyen ekonomiler ve artan t\u00fcketici talepleri do\u011frultusunda T\u00fcrk elektronik, g\u0131da \u00fcr\u00fcnleri ve end\u00fcstriyel makine ithalatlar\u0131n\u0131 giderek art\u0131r\u0131yor. Ayr\u0131ca Cezayir ve Fas gibi \u00fclkeler de T\u00fcrk in\u015faat malzemeleri ve otomotiv par\u00e7alar\u0131na artan ilgi g\u00f6stererek, bu ithalatlar\u0131 iddial\u0131 altyap\u0131 projelerini desteklemek i\u00e7in kullan\u0131yorlar. Bu \u00fclkeler geli\u015fmeye devam ettik\u00e7e, y\u00fcksek kaliteli, uygun fiyatl\u0131 T\u00fcrk \u00fcr\u00fcnlerine olan talebin artaca\u011f\u0131 ve hem T\u00fcrk ihracat\u00e7\u0131lar hem de Afrikal\u0131 ithalat\u00e7\u0131lar i\u00e7in geni\u015f f\u0131rsatlar yarataca\u011f\u0131 \u00f6ng\u00f6r\u00fcl\u00fcyor. \u0130stanbul Afrika Ticaret \u015eirketi, stratejik ortakl\u0131klar ve hedefe y\u00f6nelik ticari giri\u015fimler arac\u0131l\u0131\u011f\u0131yla, kar\u015f\u0131l\u0131kl\u0131 yarar sa\u011flayan bu al\u0131\u015fveri\u015fi te\u015fvik etmeye, kesintisiz i\u015flemleri kolayla\u015ft\u0131rmaya ve geli\u015fen Afro-T\u00fcrk ticaret ortam\u0131nda yeni potansiyellerin kilidini a\u00e7maya kendini adam\u0131\u015ft\u0131r.<\/p>\n<h3>Afrika \u00dclkeleriyle Stratejik Ticari \u0130li\u015fkiler<\/h3>\n<p>Nijerya, T\u00fcrkiye ile Afrika aras\u0131ndaki ticari ili\u015fkide stratejik bir ortak olarak \u00f6ne \u00e7\u0131k\u0131yor. Afrika&#8217;n\u0131n en kalabal\u0131k \u00fclkesi ve k\u0131tan\u0131n en b\u00fcy\u00fck ekonomilerinden biri olan Nijerya, tekstil, tar\u0131m makineleri ve t\u00fcketici elektroni\u011fi gibi \u00f6nemli miktarda T\u00fcrk mal\u0131 ithal ediyor. Nijerya pazar\u0131n\u0131n kaliteli \u00fcr\u00fcnlere y\u00f6nelik artan talebi, T\u00fcrkiye&#8217;nin rekabet\u00e7i fiyatland\u0131rmas\u0131 ve \u00fcst\u00fcn \u00fcretim standartlar\u0131 ile birle\u015fti\u011finde, bu kar\u015f\u0131l\u0131kl\u0131 yarar sa\u011flayan ili\u015fkiyi sa\u011flamla\u015ft\u0131rd\u0131. Ayr\u0131ca, Nijerya&#8217;da devam eden altyap\u0131 geli\u015fmeleri ve ekonomik reformlar\u0131n ticaret ak\u0131\u015f\u0131n\u0131 daha da kolayla\u015ft\u0131rmas\u0131 ve bu \u00fclkeyi, T\u00fcrkiye&#8217;nin Afrika \u00e7ap\u0131ndaki ihracat\u0131n\u0131n devam eden geni\u015flemesinde temel ta\u015f haline getirmesi bekleniyor.<\/p>\n<p>G\u00fcney Afrika, geli\u015fmi\u015f lojistik a\u011f\u0131 ve \u00e7e\u015fitli pazar taleplerinden yararlanarak T\u00fcrk mallar\u0131n\u0131n ithalat\u0131nda da kritik bir rol oynuyor. G\u00fcney Afrika, k\u00f6kl\u00fc limanlar\u0131 ve modern altyap\u0131s\u0131yla otomotiv par\u00e7alar\u0131, in\u015faat malzemeleri ve beyaz e\u015fya gibi T\u00fcrk \u00fcr\u00fcnleri i\u00e7in \u00f6nemli bir giri\u015f noktas\u0131 konumunda. \u00dclkenin g\u00fc\u00e7l\u00fc perakende sekt\u00f6r\u00fc ve G\u00fcney Afrika b\u00f6lgesine a\u00e7\u0131lan kap\u0131 konumunda olmas\u0131, T\u00fcrk ihracat\u0131n\u0131n etkisini art\u0131r\u0131yor. Ayr\u0131ca, T\u00fcrkiye ile G\u00fcney Afrika aras\u0131ndaki g\u00fc\u00e7l\u00fc diplomatik ve ekonomik ba\u011flar, s\u00fcrekli ticari b\u00fcy\u00fcme i\u00e7in sa\u011flam bir temel olu\u015fturmakta, uzun vadeli i\u015f i\u015fbirliklerine ve pazar geni\u015flemesine olanak sa\u011flayan bir ortam\u0131 te\u015fvik etmektedir.<\/p>\n<p>T\u00fcrkiye-Afrika ticari ili\u015fkilerinde dikkat \u00e7eken bir di\u011fer ortak ise Kuzey Afrika&#8217;n\u0131n ekonomik manzaras\u0131n\u0131n \u00f6nemli bir d\u00fc\u011f\u00fcm noktas\u0131 olan M\u0131s\u0131r&#8217;d\u0131r. T\u00fcrk mallar\u0131n\u0131n en b\u00fcy\u00fck ithalat\u00e7\u0131lar\u0131ndan biri olan M\u0131s\u0131r, Afrika, Asya ve Avrupa aras\u0131nda k\u00f6pr\u00fc olu\u015fturan bir ticaret merkezi olarak stratejik konumundan yararlan\u0131yor. T\u00fcrkiye&#8217;nin M\u0131s\u0131r&#8217;a ihra\u00e7 etti\u011fi \u00fcr\u00fcnler aras\u0131nda, geni\u015fleyen bir i\u00e7 pazar\u0131n ve hareketli bir imalat sekt\u00f6r\u00fcn\u00fcn \u00e7e\u015fitli ihtiya\u00e7lar\u0131n\u0131 kar\u015f\u0131layan tekstil, kimya ve makine \u00fcr\u00fcnleri yer al\u0131yor. Geli\u015ftirilmi\u015f ikili ticaret anla\u015fmalar\u0131, ticaret operasyonlar\u0131n\u0131n daha sorunsuz olmas\u0131n\u0131 sa\u011flayarak, takas edilen mallar\u0131n hacminin artmas\u0131na yol a\u00e7t\u0131. Bu g\u00fc\u00e7l\u00fc ticari sinerji, ortak ekonomik \u00e7\u0131karlar ve k\u00fclt\u00fcrel yak\u0131nl\u0131klardan g\u00fc\u00e7 al\u0131yor, kar\u015f\u0131l\u0131kl\u0131 b\u00fcy\u00fcme i\u00e7in dayan\u0131kl\u0131 bir temel olu\u015fturuyor ve M\u0131s\u0131r&#8217;\u0131n, T\u00fcrkiye-Afrika ticaretinin geli\u015fen ba\u011f\u0131nda bir temel ta\u015f\u0131 olarak rol\u00fcn\u00fc g\u00fc\u00e7lendiriyor.<\/p>\n<p>&nbsp;<\/p>\n","protected":false},"excerpt":{"rendered":"<p>\u0130stanbul Afrika Ticaret \u015eirketi olarak, \u00f6zellikle T\u00fcrkiye ile Afrika aras\u0131nda k\u0131talar aras\u0131 ticaretin geli\u015fen potansiyelinin fark\u0131nday\u0131z. Ekonomik ortam h\u0131zla geli\u015fiyor [&hellip;]<\/p>\n","protected":false},"author":1,"featured_media":5308,"comment_status":"closed","ping_status":"open","sticky":false,"template":"","format":"standard","meta":{"_monsterinsights_skip_tracking":false,"_monsterinsights_sitenote_active":false,"_monsterinsights_sitenote_note":"","_monsterinsights_sitenote_category":0,"footnotes":""},"categories":[47],"tags":[],"class_list":["post-6193","post","type-post","status-publish","format-standard","has-post-thumbnail","hentry","category-ticari"],"yoast_head":"<!-- This site is optimized with the Yoast SEO Premium plugin v25.7.1 (Yoast SEO v25.8) - https:\/\/yoast.com\/wordpress\/plugins\/seo\/ -->\n<title>Afrika&#039;n\u0131n En B\u00fcy\u00fck T\u00fcrk Mallar\u0131 \u0130thalat\u00e7\u0131lar\u0131 - Istanbul Africa Trade Company<\/title>\n<meta name=\"description\" content=\"Nijerya, G\u00fcney Afrika ve M\u0131s\u0131r gibi b\u00fcy\u00fck ithalat\u00e7\u0131lar\u0131 \u00f6ne \u00e7\u0131kararak T\u00fcrkiye ile Afrika aras\u0131ndaki geli\u015fen ticaret ili\u015fkisini ke\u015ffedin. Tekstil, makine ve elektronik gibi T\u00fcrk ihracat\u0131n\u0131n her iki b\u00f6lge i\u00e7in ekonomik b\u00fcy\u00fcmeyi ve kar\u015f\u0131l\u0131kl\u0131 faydalar\u0131 nas\u0131l destekledi\u011fini \u00f6\u011frenin.\" \/>\n<meta name=\"robots\" content=\"index, follow, max-snippet:-1, max-image-preview:large, max-video-preview:-1\" \/>\n<link rel=\"canonical\" href=\"https:\/\/www.istanbulafrica.com\/tr\/afrikanin-en-buyuk-turk-mallari-ithalatcilari\/\" \/>\n<meta property=\"og:locale\" content=\"en_US\" \/>\n<meta property=\"og:type\" content=\"article\" \/>\n<meta property=\"og:title\" content=\"Afrika&#039;n\u0131n En B\u00fcy\u00fck T\u00fcrk Mallar\u0131 \u0130thalat\u00e7\u0131lar\u0131\" \/>\n<meta property=\"og:description\" content=\"Nijerya, G\u00fcney Afrika ve M\u0131s\u0131r gibi b\u00fcy\u00fck ithalat\u00e7\u0131lar\u0131 \u00f6ne \u00e7\u0131kararak T\u00fcrkiye ile Afrika aras\u0131ndaki geli\u015fen ticaret ili\u015fkisini ke\u015ffedin. Tekstil, makine ve elektronik gibi T\u00fcrk ihracat\u0131n\u0131n her iki b\u00f6lge i\u00e7in ekonomik b\u00fcy\u00fcmeyi ve kar\u015f\u0131l\u0131kl\u0131 faydalar\u0131 nas\u0131l destekledi\u011fini \u00f6\u011frenin.\" \/>\n<meta property=\"og:url\" content=\"https:\/\/www.istanbulafrica.com\/tr\/afrikanin-en-buyuk-turk-mallari-ithalatcilari\/\" \/>\n<meta property=\"og:site_name\" content=\"Istanbul Africa Trade Company\" \/>\n<meta property=\"article:publisher\" content=\"http:\/\/www.facebook.com\/istanbulafrica\" \/>\n<meta property=\"article:published_time\" content=\"2024-08-29T00:00:00+00:00\" \/>\n<meta property=\"og:image\" content=\"https:\/\/www.istanbulafrica.com\/wp-content\/uploads\/2024\/06\/ia00082.jpg\" \/>\n\t<meta property=\"og:image:width\" content=\"1280\" \/>\n\t<meta property=\"og:image:height\" content=\"720\" \/>\n\t<meta property=\"og:image:type\" content=\"image\/jpeg\" \/>\n<meta name=\"author\" content=\"admin\" \/>\n<meta name=\"twitter:card\" content=\"summary_large_image\" \/>\n<meta name=\"twitter:creator\" content=\"@istanbulafrica\" \/>\n<meta name=\"twitter:site\" content=\"@istanbulafrica\" \/>\n<meta name=\"twitter:label1\" content=\"Written by\" \/>\n\t<meta name=\"twitter:data1\" content=\"\" \/>\n\t<meta name=\"twitter:label2\" content=\"Est. reading time\" \/>\n\t<meta name=\"twitter:data2\" content=\"8 minutes\" \/>\n<script type=\"application\/ld+json\" class=\"yoast-schema-graph\">{\"@context\":\"https:\/\/schema.org\",\"@graph\":[{\"@type\":\"Article\",\"@id\":\"https:\/\/www.istanbulafrica.com\/tr\/afrikanin-en-buyuk-turk-mallari-ithalatcilari\/#article\",\"isPartOf\":{\"@id\":\"https:\/\/www.istanbulafrica.com\/tr\/afrikanin-en-buyuk-turk-mallari-ithalatcilari\/\"},\"author\":{\"name\":\"admin\",\"@id\":\"https:\/\/www.istanbulafrica.com\/#\/schema\/person\/e0f8b3b562d664e99942c2ca70031388\"},\"headline\":\"Afrika&#8217;n\u0131n En B\u00fcy\u00fck T\u00fcrk Mallar\u0131 \u0130thalat\u00e7\u0131lar\u0131\",\"datePublished\":\"2024-08-29T00:00:00+00:00\",\"mainEntityOfPage\":{\"@id\":\"https:\/\/www.istanbulafrica.com\/tr\/afrikanin-en-buyuk-turk-mallari-ithalatcilari\/\"},\"wordCount\":1566,\"publisher\":{\"@id\":\"https:\/\/www.istanbulafrica.com\/#organization\"},\"image\":{\"@id\":\"https:\/\/www.istanbulafrica.com\/tr\/afrikanin-en-buyuk-turk-mallari-ithalatcilari\/#primaryimage\"},\"thumbnailUrl\":\"https:\/\/www.istanbulafrica.com\/wp-content\/uploads\/2024\/06\/ia00082.jpg\",\"articleSection\":[\"Ticari\"],\"inLanguage\":\"en-US\"},{\"@type\":\"WebPage\",\"@id\":\"https:\/\/www.istanbulafrica.com\/tr\/afrikanin-en-buyuk-turk-mallari-ithalatcilari\/\",\"url\":\"https:\/\/www.istanbulafrica.com\/tr\/afrikanin-en-buyuk-turk-mallari-ithalatcilari\/\",\"name\":\"Afrika'n\u0131n En B\u00fcy\u00fck T\u00fcrk Mallar\u0131 \u0130thalat\u00e7\u0131lar\u0131 - Istanbul Africa Trade Company\",\"isPartOf\":{\"@id\":\"https:\/\/www.istanbulafrica.com\/#website\"},\"primaryImageOfPage\":{\"@id\":\"https:\/\/www.istanbulafrica.com\/tr\/afrikanin-en-buyuk-turk-mallari-ithalatcilari\/#primaryimage\"},\"image\":{\"@id\":\"https:\/\/www.istanbulafrica.com\/tr\/afrikanin-en-buyuk-turk-mallari-ithalatcilari\/#primaryimage\"},\"thumbnailUrl\":\"https:\/\/www.istanbulafrica.com\/wp-content\/uploads\/2024\/06\/ia00082.jpg\",\"datePublished\":\"2024-08-29T00:00:00+00:00\",\"description\":\"Nijerya, G\u00fcney Afrika ve M\u0131s\u0131r gibi b\u00fcy\u00fck ithalat\u00e7\u0131lar\u0131 \u00f6ne \u00e7\u0131kararak T\u00fcrkiye ile Afrika aras\u0131ndaki geli\u015fen ticaret ili\u015fkisini ke\u015ffedin. Tekstil, makine ve elektronik gibi T\u00fcrk ihracat\u0131n\u0131n her iki b\u00f6lge i\u00e7in ekonomik b\u00fcy\u00fcmeyi ve kar\u015f\u0131l\u0131kl\u0131 faydalar\u0131 nas\u0131l destekledi\u011fini \u00f6\u011frenin.\",\"breadcrumb\":{\"@id\":\"https:\/\/www.istanbulafrica.com\/tr\/afrikanin-en-buyuk-turk-mallari-ithalatcilari\/#breadcrumb\"},\"inLanguage\":\"en-US\",\"potentialAction\":[{\"@type\":\"ReadAction\",\"target\":[\"https:\/\/www.istanbulafrica.com\/tr\/afrikanin-en-buyuk-turk-mallari-ithalatcilari\/\"]}]},{\"@type\":\"ImageObject\",\"inLanguage\":\"en-US\",\"@id\":\"https:\/\/www.istanbulafrica.com\/tr\/afrikanin-en-buyuk-turk-mallari-ithalatcilari\/#primaryimage\",\"url\":\"https:\/\/www.istanbulafrica.com\/wp-content\/uploads\/2024\/06\/ia00082.jpg\",\"contentUrl\":\"https:\/\/www.istanbulafrica.com\/wp-content\/uploads\/2024\/06\/ia00082.jpg\",\"width\":1280,\"height\":720},{\"@type\":\"BreadcrumbList\",\"@id\":\"https:\/\/www.istanbulafrica.com\/tr\/afrikanin-en-buyuk-turk-mallari-ithalatcilari\/#breadcrumb\",\"itemListElement\":[{\"@type\":\"ListItem\",\"position\":1,\"name\":\"Home\",\"item\":\"https:\/\/www.istanbulafrica.com\/\"},{\"@type\":\"ListItem\",\"position\":2,\"name\":\"Afrika&#8217;n\u0131n En B\u00fcy\u00fck T\u00fcrk Mallar\u0131 \u0130thalat\u00e7\u0131lar\u0131\"}]},{\"@type\":\"WebSite\",\"@id\":\"https:\/\/www.istanbulafrica.com\/#website\",\"url\":\"https:\/\/www.istanbulafrica.com\/\",\"name\":\"Istanbul Africa Trade Company\",\"description\":\"Import, Export and Investment\",\"publisher\":{\"@id\":\"https:\/\/www.istanbulafrica.com\/#organization\"},\"potentialAction\":[{\"@type\":\"SearchAction\",\"target\":{\"@type\":\"EntryPoint\",\"urlTemplate\":\"https:\/\/www.istanbulafrica.com\/?s={search_term_string}\"},\"query-input\":{\"@type\":\"PropertyValueSpecification\",\"valueRequired\":true,\"valueName\":\"search_term_string\"}}],\"inLanguage\":\"en-US\"},{\"@type\":\"Organization\",\"@id\":\"https:\/\/www.istanbulafrica.com\/#organization\",\"name\":\"Istanbul Africa Trade Company\",\"url\":\"https:\/\/www.istanbulafrica.com\/\",\"logo\":{\"@type\":\"ImageObject\",\"inLanguage\":\"en-US\",\"@id\":\"https:\/\/www.istanbulafrica.com\/#\/schema\/logo\/image\/\",\"url\":\"https:\/\/www.istanbulafrica.com\/wp-content\/uploads\/2018\/11\/Logo-5_Multicolor-1-e1543258165564.png\",\"contentUrl\":\"https:\/\/www.istanbulafrica.com\/wp-content\/uploads\/2018\/11\/Logo-5_Multicolor-1-e1543258165564.png\",\"width\":300,\"height\":82,\"caption\":\"Istanbul Africa Trade Company\"},\"image\":{\"@id\":\"https:\/\/www.istanbulafrica.com\/#\/schema\/logo\/image\/\"},\"sameAs\":[\"http:\/\/www.facebook.com\/istanbulafrica\",\"https:\/\/x.com\/istanbulafrica\",\"https:\/\/www.instagram.com\/istanbulafrica\",\"https:\/\/linkedin.com\/company\/istanbulafrica\"]},{\"@type\":\"Person\",\"@id\":\"https:\/\/www.istanbulafrica.com\/#\/schema\/person\/e0f8b3b562d664e99942c2ca70031388\",\"name\":\"admin\",\"image\":{\"@type\":\"ImageObject\",\"inLanguage\":\"en-US\",\"@id\":\"https:\/\/www.istanbulafrica.com\/#\/schema\/person\/image\/\",\"url\":\"https:\/\/www.istanbulafrica.com\/wp-content\/litespeed\/avatar\/063478b0608c9232a95d704ee9061d12.jpg?ver=1758542353\",\"contentUrl\":\"https:\/\/www.istanbulafrica.com\/wp-content\/litespeed\/avatar\/063478b0608c9232a95d704ee9061d12.jpg?ver=1758542353\",\"caption\":\"admin\"}}]}<\/script>\n<!-- \/ Yoast SEO Premium plugin. -->","yoast_head_json":{"title":"Afrika'n\u0131n En B\u00fcy\u00fck T\u00fcrk Mallar\u0131 \u0130thalat\u00e7\u0131lar\u0131 - Istanbul Africa Trade Company","description":"Nijerya, G\u00fcney Afrika ve M\u0131s\u0131r gibi b\u00fcy\u00fck ithalat\u00e7\u0131lar\u0131 \u00f6ne \u00e7\u0131kararak T\u00fcrkiye ile Afrika aras\u0131ndaki geli\u015fen ticaret ili\u015fkisini ke\u015ffedin. Tekstil, makine ve elektronik gibi T\u00fcrk ihracat\u0131n\u0131n her iki b\u00f6lge i\u00e7in ekonomik b\u00fcy\u00fcmeyi ve kar\u015f\u0131l\u0131kl\u0131 faydalar\u0131 nas\u0131l destekledi\u011fini \u00f6\u011frenin.","robots":{"index":"index","follow":"follow","max-snippet":"max-snippet:-1","max-image-preview":"max-image-preview:large","max-video-preview":"max-video-preview:-1"},"canonical":"https:\/\/www.istanbulafrica.com\/tr\/afrikanin-en-buyuk-turk-mallari-ithalatcilari\/","og_locale":"en_US","og_type":"article","og_title":"Afrika'n\u0131n En B\u00fcy\u00fck T\u00fcrk Mallar\u0131 \u0130thalat\u00e7\u0131lar\u0131","og_description":"Nijerya, G\u00fcney Afrika ve M\u0131s\u0131r gibi b\u00fcy\u00fck ithalat\u00e7\u0131lar\u0131 \u00f6ne \u00e7\u0131kararak T\u00fcrkiye ile Afrika aras\u0131ndaki geli\u015fen ticaret ili\u015fkisini ke\u015ffedin. Tekstil, makine ve elektronik gibi T\u00fcrk ihracat\u0131n\u0131n her iki b\u00f6lge i\u00e7in ekonomik b\u00fcy\u00fcmeyi ve kar\u015f\u0131l\u0131kl\u0131 faydalar\u0131 nas\u0131l destekledi\u011fini \u00f6\u011frenin.","og_url":"https:\/\/www.istanbulafrica.com\/tr\/afrikanin-en-buyuk-turk-mallari-ithalatcilari\/","og_site_name":"Istanbul Africa Trade Company","article_publisher":"http:\/\/www.facebook.com\/istanbulafrica","article_published_time":"2024-08-29T00:00:00+00:00","og_image":[{"width":1280,"height":720,"url":"https:\/\/www.istanbulafrica.com\/wp-content\/uploads\/2024\/06\/ia00082.jpg","type":"image\/jpeg"}],"author":"admin","twitter_card":"summary_large_image","twitter_creator":"@istanbulafrica","twitter_site":"@istanbulafrica","twitter_misc":{"Written by":false,"Est. reading time":"8 minutes"},"schema":{"@context":"https:\/\/schema.org","@graph":[{"@type":"Article","@id":"https:\/\/www.istanbulafrica.com\/tr\/afrikanin-en-buyuk-turk-mallari-ithalatcilari\/#article","isPartOf":{"@id":"https:\/\/www.istanbulafrica.com\/tr\/afrikanin-en-buyuk-turk-mallari-ithalatcilari\/"},"author":{"name":"admin","@id":"https:\/\/www.istanbulafrica.com\/#\/schema\/person\/e0f8b3b562d664e99942c2ca70031388"},"headline":"Afrika&#8217;n\u0131n En B\u00fcy\u00fck T\u00fcrk Mallar\u0131 \u0130thalat\u00e7\u0131lar\u0131","datePublished":"2024-08-29T00:00:00+00:00","mainEntityOfPage":{"@id":"https:\/\/www.istanbulafrica.com\/tr\/afrikanin-en-buyuk-turk-mallari-ithalatcilari\/"},"wordCount":1566,"publisher":{"@id":"https:\/\/www.istanbulafrica.com\/#organization"},"image":{"@id":"https:\/\/www.istanbulafrica.com\/tr\/afrikanin-en-buyuk-turk-mallari-ithalatcilari\/#primaryimage"},"thumbnailUrl":"https:\/\/www.istanbulafrica.com\/wp-content\/uploads\/2024\/06\/ia00082.jpg","articleSection":["Ticari"],"inLanguage":"en-US"},{"@type":"WebPage","@id":"https:\/\/www.istanbulafrica.com\/tr\/afrikanin-en-buyuk-turk-mallari-ithalatcilari\/","url":"https:\/\/www.istanbulafrica.com\/tr\/afrikanin-en-buyuk-turk-mallari-ithalatcilari\/","name":"Afrika'n\u0131n En B\u00fcy\u00fck T\u00fcrk Mallar\u0131 \u0130thalat\u00e7\u0131lar\u0131 - Istanbul Africa Trade Company","isPartOf":{"@id":"https:\/\/www.istanbulafrica.com\/#website"},"primaryImageOfPage":{"@id":"https:\/\/www.istanbulafrica.com\/tr\/afrikanin-en-buyuk-turk-mallari-ithalatcilari\/#primaryimage"},"image":{"@id":"https:\/\/www.istanbulafrica.com\/tr\/afrikanin-en-buyuk-turk-mallari-ithalatcilari\/#primaryimage"},"thumbnailUrl":"https:\/\/www.istanbulafrica.com\/wp-content\/uploads\/2024\/06\/ia00082.jpg","datePublished":"2024-08-29T00:00:00+00:00","description":"Nijerya, G\u00fcney Afrika ve M\u0131s\u0131r gibi b\u00fcy\u00fck ithalat\u00e7\u0131lar\u0131 \u00f6ne \u00e7\u0131kararak T\u00fcrkiye ile Afrika aras\u0131ndaki geli\u015fen ticaret ili\u015fkisini ke\u015ffedin. Tekstil, makine ve elektronik gibi T\u00fcrk ihracat\u0131n\u0131n her iki b\u00f6lge i\u00e7in ekonomik b\u00fcy\u00fcmeyi ve kar\u015f\u0131l\u0131kl\u0131 faydalar\u0131 nas\u0131l destekledi\u011fini \u00f6\u011frenin.","breadcrumb":{"@id":"https:\/\/www.istanbulafrica.com\/tr\/afrikanin-en-buyuk-turk-mallari-ithalatcilari\/#breadcrumb"},"inLanguage":"en-US","potentialAction":[{"@type":"ReadAction","target":["https:\/\/www.istanbulafrica.com\/tr\/afrikanin-en-buyuk-turk-mallari-ithalatcilari\/"]}]},{"@type":"ImageObject","inLanguage":"en-US","@id":"https:\/\/www.istanbulafrica.com\/tr\/afrikanin-en-buyuk-turk-mallari-ithalatcilari\/#primaryimage","url":"https:\/\/www.istanbulafrica.com\/wp-content\/uploads\/2024\/06\/ia00082.jpg","contentUrl":"https:\/\/www.istanbulafrica.com\/wp-content\/uploads\/2024\/06\/ia00082.jpg","width":1280,"height":720},{"@type":"BreadcrumbList","@id":"https:\/\/www.istanbulafrica.com\/tr\/afrikanin-en-buyuk-turk-mallari-ithalatcilari\/#breadcrumb","itemListElement":[{"@type":"ListItem","position":1,"name":"Home","item":"https:\/\/www.istanbulafrica.com\/"},{"@type":"ListItem","position":2,"name":"Afrika&#8217;n\u0131n En B\u00fcy\u00fck T\u00fcrk Mallar\u0131 \u0130thalat\u00e7\u0131lar\u0131"}]},{"@type":"WebSite","@id":"https:\/\/www.istanbulafrica.com\/#website","url":"https:\/\/www.istanbulafrica.com\/","name":"Istanbul Africa Trade Company","description":"Import, Export and Investment","publisher":{"@id":"https:\/\/www.istanbulafrica.com\/#organization"},"potentialAction":[{"@type":"SearchAction","target":{"@type":"EntryPoint","urlTemplate":"https:\/\/www.istanbulafrica.com\/?s={search_term_string}"},"query-input":{"@type":"PropertyValueSpecification","valueRequired":true,"valueName":"search_term_string"}}],"inLanguage":"en-US"},{"@type":"Organization","@id":"https:\/\/www.istanbulafrica.com\/#organization","name":"Istanbul Africa Trade Company","url":"https:\/\/www.istanbulafrica.com\/","logo":{"@type":"ImageObject","inLanguage":"en-US","@id":"https:\/\/www.istanbulafrica.com\/#\/schema\/logo\/image\/","url":"https:\/\/www.istanbulafrica.com\/wp-content\/uploads\/2018\/11\/Logo-5_Multicolor-1-e1543258165564.png","contentUrl":"https:\/\/www.istanbulafrica.com\/wp-content\/uploads\/2018\/11\/Logo-5_Multicolor-1-e1543258165564.png","width":300,"height":82,"caption":"Istanbul Africa Trade Company"},"image":{"@id":"https:\/\/www.istanbulafrica.com\/#\/schema\/logo\/image\/"},"sameAs":["http:\/\/www.facebook.com\/istanbulafrica","https:\/\/x.com\/istanbulafrica","https:\/\/www.instagram.com\/istanbulafrica","https:\/\/linkedin.com\/company\/istanbulafrica"]},{"@type":"Person","@id":"https:\/\/www.istanbulafrica.com\/#\/schema\/person\/e0f8b3b562d664e99942c2ca70031388","name":"admin","image":{"@type":"ImageObject","inLanguage":"en-US","@id":"https:\/\/www.istanbulafrica.com\/#\/schema\/person\/image\/","url":"https:\/\/www.istanbulafrica.com\/wp-content\/litespeed\/avatar\/063478b0608c9232a95d704ee9061d12.jpg?ver=1758542353","contentUrl":"https:\/\/www.istanbulafrica.com\/wp-content\/litespeed\/avatar\/063478b0608c9232a95d704ee9061d12.jpg?ver=1758542353","caption":"admin"}}]}},"_links":{"self":[{"href":"https:\/\/www.istanbulafrica.com\/wp-json\/wp\/v2\/posts\/6193","targetHints":{"allow":["GET"]}}],"collection":[{"href":"https:\/\/www.istanbulafrica.com\/wp-json\/wp\/v2\/posts"}],"about":[{"href":"https:\/\/www.istanbulafrica.com\/wp-json\/wp\/v2\/types\/post"}],"author":[{"embeddable":true,"href":"https:\/\/www.istanbulafrica.com\/wp-json\/wp\/v2\/users\/1"}],"replies":[{"embeddable":true,"href":"https:\/\/www.istanbulafrica.com\/wp-json\/wp\/v2\/comments?post=6193"}],"version-history":[{"count":1,"href":"https:\/\/www.istanbulafrica.com\/wp-json\/wp\/v2\/posts\/6193\/revisions"}],"predecessor-version":[{"id":6390,"href":"https:\/\/www.istanbulafrica.com\/wp-json\/wp\/v2\/posts\/6193\/revisions\/6390"}],"wp:featuredmedia":[{"embeddable":true,"href":"https:\/\/www.istanbulafrica.com\/wp-json\/wp\/v2\/media\/5308"}],"wp:attachment":[{"href":"https:\/\/www.istanbulafrica.com\/wp-json\/wp\/v2\/media?parent=6193"}],"wp:term":[{"taxonomy":"category","embeddable":true,"href":"https:\/\/www.istanbulafrica.com\/wp-json\/wp\/v2\/categories?post=6193"},{"taxonomy":"post_tag","embeddable":true,"href":"https:\/\/www.istanbulafrica.com\/wp-json\/wp\/v2\/tags?post=6193"}],"curies":[{"name":"wp","href":"https:\/\/api.w.org\/{rel}","templated":true}]}}