{"id":6230,"date":"2024-10-05T00:00:00","date_gmt":"2024-10-05T00:00:00","guid":{"rendered":"https:\/\/www.istanbulafrica.com\/?p=6230"},"modified":"2024-06-07T09:27:32","modified_gmt":"2024-06-07T09:27:32","slug":"afrikaya-moda-ihracati","status":"publish","type":"post","link":"https:\/\/www.istanbulafrica.com\/tr\/afrikaya-moda-ihracati\/","title":{"rendered":"Afrika&#8217;ya Moda \u0130hracat\u0131"},"content":{"rendered":"<p>T\u00fcrkiye ile Afrika aras\u0131ndaki moda ihracat\u0131n\u0131n dinamik manzaras\u0131, her iki pazar i\u00e7in de f\u0131rsatlarla dolu bir d\u00fcnya sunuyor. \u0130stanbul Afrika Ticaret \u015eirketi olarak, T\u00fcrkiye&#8217;nin \u00fcnl\u00fc moda end\u00fcstrisini ve Afrika&#8217;n\u0131n kaliteli giyim ve aksesuara y\u00f6nelik artan talebini kullanarak aradaki bo\u015flu\u011fu doldurmaya ve g\u00fc\u00e7l\u00fc ticari ili\u015fkileri geli\u015ftirmeye kendimizi adad\u0131k. Pazar trendlerini, t\u00fcketici tercihlerini ve lojistik karma\u015f\u0131kl\u0131klar\u0131 iyi anlayarak, T\u00fcrk moda markalar\u0131n\u0131n \u00e7e\u015fitli ve h\u0131zla b\u00fcy\u00fcyen Afrika pazarlar\u0131na sorunsuz bir \u015fekilde girip b\u00fcy\u00fcyebilmesini sa\u011flayarak ihracat s\u00fcrecini kolayla\u015ft\u0131rmay\u0131 hedefliyoruz. \u0130thalat-ihracat dan\u0131\u015fmanl\u0131\u011f\u0131ndaki uzmanl\u0131\u011f\u0131m\u0131z bizi, bu canl\u0131 b\u00f6lgeler aras\u0131ndaki benzersiz sinerjilerden yararlanarak bu umut verici alanda ilerlemek isteyen i\u015fletmeler i\u00e7in stratejik bir ortak olarak konumland\u0131r\u0131yor.<\/p>\n<h3>T\u00fcrk Tekstilinde Y\u00fckselen Pazarlar: Afrika&#8217;daki F\u0131rsatlar<\/h3>\n<p>Afrika&#8217;n\u0131n moda pazar\u0131, geli\u015fen orta s\u0131n\u0131f ve artan harcanabilir gelirin \u015f\u0131k, y\u00fcksek kaliteli giysilere olan talebi art\u0131rmas\u0131yla dikkate de\u011fer bir d\u00f6n\u00fc\u015f\u00fcm ya\u015f\u0131yor. \u00dcst\u00fcn i\u015f\u00e7ilikleri, yenilik\u00e7i tasar\u0131mlar\u0131 ve rekabet\u00e7i fiyatlar\u0131yla tan\u0131nan T\u00fcrk tekstilleri bu talebi kar\u015f\u0131layacak m\u00fckemmel konumdad\u0131r. Nijerya, G\u00fcney Afrika, Kenya ve Gana gibi kilit pazarlar, perakende sekt\u00f6r\u00fcn\u00fcn h\u0131zla b\u00fcy\u00fcmesine tan\u0131k oluyor ve T\u00fcrk moda markalar\u0131na kazan\u00e7l\u0131 f\u0131rsatlar sunuyor. T\u00fcrk ihracat\u00e7\u0131lar\u0131, yerel t\u00fcketici tercihlerini anlayarak ve stratejik ortakl\u0131klardan yararlanarak pazardaki varl\u0131klar\u0131n\u0131 \u00f6nemli \u00f6l\u00e7\u00fcde art\u0131rabilir ve k\u0131tan\u0131n ke\u015ffedilmemi\u015f potansiyelinden yararlanabilirler.<\/p>\n<p>Ayr\u0131ca e-ticaret, Afrikal\u0131 t\u00fcketicilerin modaya eri\u015fim ve sat\u0131n alma bi\u00e7imlerinde devrim yaratarak T\u00fcrk markalar\u0131na bu geli\u015fmekte olan pazarlara n\u00fcfuz etmek i\u00e7in e\u015fsiz bir yol sunuyor. M\u0131s\u0131r, Fas ve Etiyopya gibi \u00fclkelerde artan internet penetrasyonu ve \u00e7evrimi\u00e7i al\u0131\u015fveri\u015f platformlar\u0131n\u0131n pop\u00fclaritesinin artmas\u0131yla birlikte T\u00fcrk tekstillerinin eri\u015filebilirli\u011fi de \u00f6nemli \u00f6l\u00e7\u00fcde art\u0131yor. T\u00fcrk ihracat\u00e7\u0131lar, sa\u011flam bir dijital pazarlama stratejisi benimseyerek ve yerel e-ticaret platformlar\u0131yla ortakl\u0131k kurarak daha geni\u015f bir kitleye ula\u015farak teknoloji merakl\u0131s\u0131 ve moda bilincine sahip Afrikal\u0131 t\u00fcketicilere hitap edebilir. Bu dijital de\u011fi\u015fim, yaln\u0131zca pazar eri\u015fimini geni\u015fletmekle kalm\u0131yor, ayn\u0131 zamanda genel maliyetlerin azalt\u0131lmas\u0131yla verimli pazar giri\u015fine de olanak tan\u0131yor ve bu da onu b\u00fcy\u00fcme i\u00e7in \u00e7ekici bir kanal haline getiriyor.<\/p>\n<p>Geleneksel perakende ve e-ticaretin yan\u0131 s\u0131ra s\u00fcrd\u00fcr\u00fclebilirlik ve etik modan\u0131n Afrika&#8217;da giderek artan etkisi, T\u00fcrk tekstil ihracat\u00e7\u0131lar\u0131 i\u00e7in \u00f6nemli bir f\u0131rsat sunuyor. Afrikal\u0131 t\u00fcketiciler, sat\u0131n al\u0131mlar\u0131n\u0131n \u00e7evresel ve sosyal etkileri konusunda giderek daha dikkatli olmaya ba\u015fl\u0131yor ve s\u00fcrd\u00fcr\u00fclebilir uygulamalara ba\u011fl\u0131 kalan markalar\u0131 tercih ediyor. T\u00fcrkiye&#8217;nin \u00e7evre dostu \u00fcretim y\u00f6ntemlerini ve etik i\u015f uygulamalar\u0131n\u0131 i\u00e7eren geli\u015fmi\u015f tekstil imalat sekt\u00f6r\u00fc, bu etik t\u00fcketici e\u011filimine \u00e7ok iyi uyum sa\u011fl\u0131yor. T\u00fcrk moda markalar\u0131, s\u00fcrd\u00fcr\u00fclebilirlik referanslar\u0131n\u0131 \u00f6n plana \u00e7\u0131kararak ve \u00fcretim s\u00fcre\u00e7leriyle ilgili \u015feffaf ileti\u015fim kurarak Afrikal\u0131 t\u00fcketicilerle g\u00fc\u00e7l\u00fc, g\u00fcvene dayal\u0131 ili\u015fkiler kurabilir. De\u011fer odakl\u0131 t\u00fcketimle bu uyum, yaln\u0131zca marka itibar\u0131n\u0131 art\u0131rmakla kalm\u0131yor, ayn\u0131 zamanda uzun vadeli sadakati de te\u015fvik ederek geli\u015fen Afrika moda ortam\u0131nda rekabet avantaj\u0131 sa\u011fl\u0131yor.<\/p>\n<h3>Ticaret D\u00fczenlemelerinde Gezinme: Uyumlulu\u011fu ve Sorunsuz Operasyonlar\u0131 Sa\u011flama<\/h3>\n<p>Moda ihracat\u0131n\u0131 d\u00fczenleyen d\u00fczenleyici \u00e7er\u00e7eveleri anlamak ve bunlara uymak, T\u00fcrkiye ile Afrika pazarlar\u0131 aras\u0131ndaki operasyonlar\u0131n sorunsuz bir \u015fekilde sa\u011flanmas\u0131 a\u00e7\u0131s\u0131ndan hayati \u00f6nem ta\u015f\u0131yor. \u0130stanbul Afrika Ticaret \u015eirketi olarak hem T\u00fcrk ihracat mevzuatlar\u0131na hem de \u00e7e\u015fitli Afrika \u00fclkelerinin ithalat mevzuatlar\u0131na uyman\u0131n \u00f6nemini vurguluyoruz. Bu, kapsaml\u0131 dok\u00fcmantasyonu, gerekli izinlerin al\u0131nmas\u0131n\u0131 ve kalite standartlar\u0131na ve etiketleme gerekliliklerine ba\u011fl\u0131 kalmay\u0131 i\u00e7erir. Bu ticari d\u00fczenlemeleri titizlikle takip ederek T\u00fcrk moda markalar\u0131n\u0131n riskleri azaltmas\u0131na, olas\u0131 yasal zorluklardan ka\u00e7\u0131nmas\u0131na ve Afrika pazarlar\u0131nda g\u00fc\u00e7l\u00fc bir itibar kazanmas\u0131na yard\u0131mc\u0131 oluyoruz. Uzmanl\u0131\u011f\u0131m\u0131z ve \u00f6zenli yakla\u015f\u0131m\u0131m\u0131z, biz uyumluluk ve mevzuata uyma konusundaki karma\u015f\u0131kl\u0131klar\u0131 ele al\u0131rken m\u00fc\u015fterilerimizin ana i\u015flerine odaklanabilmelerini sa\u011flar.<\/p>\n<p>Ticaret d\u00fczenlemelerinde gezinmenin kritik y\u00f6nlerinden biri, farkl\u0131 Afrika \u00fclkeleri taraf\u0131ndan uygulanan tarifeleri ve g\u00f6revleri anlamakt\u0131r. Her \u00fclkenin, T\u00fcrk moda \u00fcr\u00fcnlerinin pazardaki nihai fiyat\u0131n\u0131 ve rekabet g\u00fcc\u00fcn\u00fc etkileyebilecek kendine ait g\u00fcmr\u00fck vergileri bulunmaktad\u0131r. \u0130stanbul Afrika Ticaret \u015eirketi olarak bu finansal y\u00fck\u00fcml\u00fcl\u00fckleri anlamak ve buna g\u00f6re strateji olu\u015fturmak i\u00e7in kapsaml\u0131 pazar ara\u015ft\u0131rmalar\u0131 yap\u0131yoruz. Bu, m\u00fc\u015fterilerimizin kar marjlar\u0131n\u0131 maksimuma \u00e7\u0131kar\u0131rken \u00fcr\u00fcnlerini rekabet\u00e7i bir \u015fekilde fiyatland\u0131rmalar\u0131na yard\u0131mc\u0131 olur. Ek olarak, ihracat ortam\u0131n\u0131 etkileyebilecek ticaret politikalar\u0131 ve ekonomik anla\u015fmalardaki her t\u00fcrl\u00fc de\u011fi\u015fikli\u011fi takip ederek m\u00fc\u015fterilerimize zaman\u0131nda g\u00fcncellemeler ve eyleme ge\u00e7irilebilir bilgiler sa\u011fl\u0131yoruz. Finansal \u015feffafl\u0131\u011f\u0131 ve stratejik planlamay\u0131 sa\u011flayarak T\u00fcrk moda markalar\u0131n\u0131n Afrika pazarlar\u0131nda g\u00fc\u00e7l\u00fc bir yer edinmesini kolayla\u015ft\u0131r\u0131yoruz.<\/p>\n<p>Tarifeleri ve g\u00f6revleri anlaman\u0131n yan\u0131 s\u0131ra, moda ihracat\u0131n\u0131n karma\u015f\u0131k lojisti\u011fini y\u00f6netmek, zaman\u0131nda ve verimli operasyonlar sa\u011flamak i\u00e7in \u00e7ok \u00f6nemlidir. \u0130stanbul Afrika Ticaret \u015eirketi olarak, depolama ve envanter y\u00f6netiminden nakliye ve da\u011f\u0131t\u0131ma kadar tedarik zincirinin her ad\u0131m\u0131n\u0131 kapsayan \u00f6zel lojistik \u00e7\u00f6z\u00fcmler sunuyoruz. G\u00fcvenilir lojistik sa\u011flay\u0131c\u0131larla kurdu\u011fumuz ortakl\u0131klar, T\u00fcrk moda \u00fcr\u00fcnlerinin Afrika genelindeki var\u0131\u015f noktalar\u0131na g\u00fcvenli ve h\u0131zl\u0131 bir \u015fekilde ta\u015f\u0131nmas\u0131n\u0131 sa\u011fl\u0131yor. Ayr\u0131ca, g\u00fcmr\u00fcklemedeki gecikmeler ve nakliye kesintileri gibi potansiyel lojistik zorluklar\u0131 da ele al\u0131yoruz ve bu riskleri azaltmak i\u00e7in proaktif olarak stratejiler geli\u015ftiriyoruz. U\u00e7tan uca lojistik destek sunarak, T\u00fcrk moda markalar\u0131n\u0131n Afrika pazarlar\u0131nda tutarl\u0131 \u00fcr\u00fcn bulunabilirli\u011fini ve g\u00fcvenilirli\u011fini s\u00fcrd\u00fcrmesine olanak tan\u0131yor, uzun vadeli i\u015f b\u00fcy\u00fcmesini ve m\u00fc\u015fteri memnuniyetini te\u015fvik ediyoruz.<\/p>\n<h3>G\u00fc\u00e7l\u00fc \u0130\u015f \u0130li\u015fkileri Kurmak: Ba\u015far\u0131 \u00d6yk\u00fcleri ve Stratejiler<\/h3>\n<p>\u0130stanbul Afrika Ticaret \u015eirketi olarak, zamana direnen ba\u015far\u0131l\u0131 i\u015f ili\u015fkilerini kolayla\u015ft\u0131rd\u0131\u011f\u0131m\u0131z i\u00e7in kendimizle gurur duyuyoruz. Dikkate de\u011fer bir ba\u015far\u0131 \u00f6yk\u00fcs\u00fc, Afrika pazar\u0131ndaki ayak izini geni\u015fletmeyi ama\u00e7layan tan\u0131nm\u0131\u015f bir T\u00fcrk moda markas\u0131yla yapt\u0131\u011f\u0131m\u0131z i\u015fbirli\u011fidir. Kapsaml\u0131 a\u011f\u0131m\u0131z ve derin pazar \u00f6ng\u00f6r\u00fclerimizden yararlanarak onlar\u0131 g\u00fcvenilir yerel ortaklarla bulu\u015fturarak pazara sorunsuz bir giri\u015f ve s\u00fcrd\u00fcr\u00fclebilir b\u00fcy\u00fcme sa\u011flamay\u0131 ba\u015fard\u0131k. Metodolojimiz, yaln\u0131zca g\u00fcveni te\u015fvik etmekle kalmay\u0131p ayn\u0131 zamanda kar\u015f\u0131l\u0131kl\u0131 ba\u015far\u0131y\u0131 da te\u015fvik eden ayr\u0131nt\u0131l\u0131 pazar ara\u015ft\u0131rmas\u0131n\u0131, hedefe y\u00f6nelik e\u015fle\u015ftirmeyi ve s\u00fcrekli deste\u011fi i\u00e7erir. Bu stratejik ittifaklar, k\u00fclt\u00fcrel n\u00fcanslar\u0131 anlaman\u0131n ve ger\u00e7ek ba\u011flant\u0131lar kurman\u0131n \u00f6nemini vurguluyor; bu unsurlar, T\u00fcrkiye ile Afrika aras\u0131ndaki dinamik moda ortam\u0131nda geli\u015fmek isteyen her i\u015fletme i\u00e7in kritik \u00f6nem ta\u015f\u0131yor.<\/p>\n<p>G\u00fc\u00e7l\u00fc i\u015f ili\u015fkileri kurmaya y\u00f6nelik stratejilerimiz, pazara ilk giri\u015fin \u00f6tesine uzan\u0131r; s\u00fcrekli geli\u015fen pazar ko\u015fullar\u0131na s\u00fcrekli destek ve adaptasyonu kapsar. \u00d6rne\u011fin, ba\u015fka bir T\u00fcrk haz\u0131r giyim \u015firketine, Afrika&#8217;n\u0131n bir\u00e7ok b\u00f6lgesinde mevzuat de\u011fi\u015fiklikleri ve t\u00fcketici tercihlerinin de\u011fi\u015ftirilmesi konusunda yard\u0131mc\u0131 olduk. \u00d6zel pazar g\u00fcncellemeleri ve stratejik tavsiyeler arac\u0131l\u0131\u011f\u0131yla, \u00fcr\u00fcn tekliflerini ve pazarlama stratejilerini ayarlamalar\u0131na yard\u0131mc\u0131 olarak s\u00fcrd\u00fcr\u00fclebilir alaka ve rekabet g\u00fcc\u00fc sa\u011flad\u0131k. A\u00e7\u0131k bir ileti\u015fim hatt\u0131n\u0131 s\u00fcrd\u00fcrerek ve uyarlanabilir bir i\u015f ortam\u0131n\u0131 te\u015fvik ederek, m\u00fc\u015fterilerimizin pazar dinamiklerini \u00f6ng\u00f6rmelerine ve bunlara etkili bir \u015fekilde yan\u0131t vermelerine olanak tan\u0131yor, b\u00f6ylece uzun vadeli bir dayanak sa\u011flam\u0131\u015f oluyoruz. Bu proaktif yakla\u015f\u0131m, yaln\u0131zca i\u015flemsel ba\u011flant\u0131lar\u0131n \u00f6tesine ge\u00e7en, dayan\u0131kl\u0131 ve kar\u015f\u0131l\u0131kl\u0131 ortakl\u0131klar yaratma konusundaki kararl\u0131l\u0131\u011f\u0131m\u0131z\u0131n alt\u0131n\u0131 \u00e7iziyor.<\/p>\n<p>Kapsaml\u0131 destek sistemlerimiz ve uyarlanabilir stratejilerimize ek olarak, \u0130stanbul Afrika Ticaret \u015eirketi, i\u015f etkile\u015fimlerinde insan unsuruna b\u00fcy\u00fck \u00f6nem vermektedir. \u015eeffafl\u0131k, d\u00fcr\u00fcstl\u00fck ve kar\u015f\u0131l\u0131kl\u0131 sayg\u0131 yoluyla g\u00fcven in\u015fa etmek, hem T\u00fcrk moda ihracat\u00e7\u0131lar\u0131 hem de Afrikal\u0131 al\u0131c\u0131larla ili\u015fkilerimizin temel ta\u015f\u0131n\u0131 olu\u015fturuyor. Kar\u015f\u0131l\u0131kl\u0131 anlay\u0131\u015f\u0131 derinle\u015ftirmek ve i\u015fbirli\u011fi ruhunu geli\u015ftirmek i\u00e7in tasarlanm\u0131\u015f d\u00fczenli at\u00f6lye \u00e7al\u0131\u015fmalar\u0131, a\u011f olu\u015fturma etkinlikleri ve k\u00fclt\u00fcrel de\u011fi\u015fim programlar\u0131 d\u00fczenliyoruz. Bu giri\u015fimler yaln\u0131zca i\u015f zekas\u0131n\u0131 geli\u015ftirmekle kalm\u0131yor, ayn\u0131 zamanda farkl\u0131 k\u00fclt\u00fcrel ortamlarda gezinmede \u00e7ok de\u011ferli olan ki\u015fileraras\u0131 ba\u011flant\u0131lar\u0131 da g\u00fc\u00e7lendiriyor. Her iki b\u00f6lgedeki i\u015fletmelerin birbirinden \u00f6\u011frenebilece\u011fi ve birlikte b\u00fcy\u00fcyebilece\u011fi bir ekosistemi te\u015fvik ederek, denklemin her iki taraf\u0131ndaki payda\u015flara fayda sa\u011flayan daha entegre ve dayan\u0131kl\u0131 bir moda ihracat pazar\u0131 sa\u011fl\u0131yoruz.<\/p>\n<p>&nbsp;<\/p>\n","protected":false},"excerpt":{"rendered":"<p>T\u00fcrkiye ile Afrika aras\u0131ndaki moda ihracat\u0131n\u0131n dinamik manzaras\u0131, her iki pazar i\u00e7in de f\u0131rsatlarla dolu bir d\u00fcnya sunuyor. \u0130stanbul Afrika [&hellip;]<\/p>\n","protected":false},"author":1,"featured_media":5345,"comment_status":"closed","ping_status":"open","sticky":false,"template":"","format":"standard","meta":{"_monsterinsights_skip_tracking":false,"_monsterinsights_sitenote_active":false,"_monsterinsights_sitenote_note":"","_monsterinsights_sitenote_category":0,"footnotes":""},"categories":[47],"tags":[],"class_list":["post-6230","post","type-post","status-publish","format-standard","has-post-thumbnail","hentry","category-ticari"],"yoast_head":"<!-- This site is optimized with the Yoast SEO Premium plugin v25.7.1 (Yoast SEO v25.8) - https:\/\/yoast.com\/wordpress\/plugins\/seo\/ -->\n<title>Afrika&#039;ya Moda \u0130hracat\u0131 - Istanbul Africa Trade Company<\/title>\n<meta name=\"description\" content=\"Stratejik ortakl\u0131klar ve s\u00fcrd\u00fcr\u00fclebilir uygulamalar yoluyla kar\u015f\u0131l\u0131kl\u0131 b\u00fcy\u00fcme ve ba\u015far\u0131 i\u00e7in pazarlar aras\u0131nda k\u00f6pr\u00fc kuran \u0130stanbul Afrika Ticaret \u015eirketi ile T\u00fcrk moda ihracat\u0131n\u0131n Afrika&#039;ya y\u00f6nelik potansiyelini ortaya \u00e7\u0131kar\u0131n.\" \/>\n<meta name=\"robots\" content=\"index, follow, max-snippet:-1, max-image-preview:large, max-video-preview:-1\" \/>\n<link rel=\"canonical\" href=\"https:\/\/www.istanbulafrica.com\/tr\/afrikaya-moda-ihracati\/\" \/>\n<meta property=\"og:locale\" content=\"en_US\" \/>\n<meta property=\"og:type\" content=\"article\" \/>\n<meta property=\"og:title\" content=\"Afrika&#039;ya Moda \u0130hracat\u0131\" \/>\n<meta property=\"og:description\" content=\"Stratejik ortakl\u0131klar ve s\u00fcrd\u00fcr\u00fclebilir uygulamalar yoluyla kar\u015f\u0131l\u0131kl\u0131 b\u00fcy\u00fcme ve ba\u015far\u0131 i\u00e7in pazarlar aras\u0131nda k\u00f6pr\u00fc kuran \u0130stanbul Afrika Ticaret \u015eirketi ile T\u00fcrk moda ihracat\u0131n\u0131n Afrika&#039;ya y\u00f6nelik potansiyelini ortaya \u00e7\u0131kar\u0131n.\" \/>\n<meta property=\"og:url\" content=\"https:\/\/www.istanbulafrica.com\/tr\/afrikaya-moda-ihracati\/\" \/>\n<meta property=\"og:site_name\" content=\"Istanbul Africa Trade Company\" \/>\n<meta property=\"article:publisher\" content=\"http:\/\/www.facebook.com\/istanbulafrica\" \/>\n<meta property=\"article:published_time\" content=\"2024-10-05T00:00:00+00:00\" \/>\n<meta property=\"og:image\" content=\"https:\/\/www.istanbulafrica.com\/wp-content\/uploads\/2024\/06\/ia00119.jpg\" \/>\n\t<meta property=\"og:image:width\" content=\"1280\" \/>\n\t<meta property=\"og:image:height\" content=\"720\" \/>\n\t<meta property=\"og:image:type\" content=\"image\/jpeg\" \/>\n<meta name=\"author\" content=\"admin\" \/>\n<meta name=\"twitter:card\" content=\"summary_large_image\" \/>\n<meta name=\"twitter:creator\" content=\"@istanbulafrica\" \/>\n<meta name=\"twitter:site\" content=\"@istanbulafrica\" \/>\n<meta name=\"twitter:label1\" content=\"Written by\" \/>\n\t<meta name=\"twitter:data1\" content=\"\" \/>\n\t<meta name=\"twitter:label2\" content=\"Est. reading time\" \/>\n\t<meta name=\"twitter:data2\" content=\"8 minutes\" \/>\n<script type=\"application\/ld+json\" class=\"yoast-schema-graph\">{\"@context\":\"https:\/\/schema.org\",\"@graph\":[{\"@type\":\"Article\",\"@id\":\"https:\/\/www.istanbulafrica.com\/tr\/afrikaya-moda-ihracati\/#article\",\"isPartOf\":{\"@id\":\"https:\/\/www.istanbulafrica.com\/tr\/afrikaya-moda-ihracati\/\"},\"author\":{\"name\":\"admin\",\"@id\":\"https:\/\/www.istanbulafrica.com\/#\/schema\/person\/e0f8b3b562d664e99942c2ca70031388\"},\"headline\":\"Afrika&#8217;ya Moda \u0130hracat\u0131\",\"datePublished\":\"2024-10-05T00:00:00+00:00\",\"mainEntityOfPage\":{\"@id\":\"https:\/\/www.istanbulafrica.com\/tr\/afrikaya-moda-ihracati\/\"},\"wordCount\":1606,\"publisher\":{\"@id\":\"https:\/\/www.istanbulafrica.com\/#organization\"},\"image\":{\"@id\":\"https:\/\/www.istanbulafrica.com\/tr\/afrikaya-moda-ihracati\/#primaryimage\"},\"thumbnailUrl\":\"https:\/\/www.istanbulafrica.com\/wp-content\/uploads\/2024\/06\/ia00119.jpg\",\"articleSection\":[\"Ticari\"],\"inLanguage\":\"en-US\"},{\"@type\":\"WebPage\",\"@id\":\"https:\/\/www.istanbulafrica.com\/tr\/afrikaya-moda-ihracati\/\",\"url\":\"https:\/\/www.istanbulafrica.com\/tr\/afrikaya-moda-ihracati\/\",\"name\":\"Afrika'ya Moda \u0130hracat\u0131 - Istanbul Africa Trade Company\",\"isPartOf\":{\"@id\":\"https:\/\/www.istanbulafrica.com\/#website\"},\"primaryImageOfPage\":{\"@id\":\"https:\/\/www.istanbulafrica.com\/tr\/afrikaya-moda-ihracati\/#primaryimage\"},\"image\":{\"@id\":\"https:\/\/www.istanbulafrica.com\/tr\/afrikaya-moda-ihracati\/#primaryimage\"},\"thumbnailUrl\":\"https:\/\/www.istanbulafrica.com\/wp-content\/uploads\/2024\/06\/ia00119.jpg\",\"datePublished\":\"2024-10-05T00:00:00+00:00\",\"description\":\"Stratejik ortakl\u0131klar ve s\u00fcrd\u00fcr\u00fclebilir uygulamalar yoluyla kar\u015f\u0131l\u0131kl\u0131 b\u00fcy\u00fcme ve ba\u015far\u0131 i\u00e7in pazarlar aras\u0131nda k\u00f6pr\u00fc kuran \u0130stanbul Afrika Ticaret \u015eirketi ile T\u00fcrk moda ihracat\u0131n\u0131n Afrika'ya y\u00f6nelik potansiyelini ortaya \u00e7\u0131kar\u0131n.\",\"breadcrumb\":{\"@id\":\"https:\/\/www.istanbulafrica.com\/tr\/afrikaya-moda-ihracati\/#breadcrumb\"},\"inLanguage\":\"en-US\",\"potentialAction\":[{\"@type\":\"ReadAction\",\"target\":[\"https:\/\/www.istanbulafrica.com\/tr\/afrikaya-moda-ihracati\/\"]}]},{\"@type\":\"ImageObject\",\"inLanguage\":\"en-US\",\"@id\":\"https:\/\/www.istanbulafrica.com\/tr\/afrikaya-moda-ihracati\/#primaryimage\",\"url\":\"https:\/\/www.istanbulafrica.com\/wp-content\/uploads\/2024\/06\/ia00119.jpg\",\"contentUrl\":\"https:\/\/www.istanbulafrica.com\/wp-content\/uploads\/2024\/06\/ia00119.jpg\",\"width\":1280,\"height\":720},{\"@type\":\"BreadcrumbList\",\"@id\":\"https:\/\/www.istanbulafrica.com\/tr\/afrikaya-moda-ihracati\/#breadcrumb\",\"itemListElement\":[{\"@type\":\"ListItem\",\"position\":1,\"name\":\"Home\",\"item\":\"https:\/\/www.istanbulafrica.com\/\"},{\"@type\":\"ListItem\",\"position\":2,\"name\":\"Afrika&#8217;ya Moda \u0130hracat\u0131\"}]},{\"@type\":\"WebSite\",\"@id\":\"https:\/\/www.istanbulafrica.com\/#website\",\"url\":\"https:\/\/www.istanbulafrica.com\/\",\"name\":\"Istanbul Africa Trade Company\",\"description\":\"Import, Export and Investment\",\"publisher\":{\"@id\":\"https:\/\/www.istanbulafrica.com\/#organization\"},\"potentialAction\":[{\"@type\":\"SearchAction\",\"target\":{\"@type\":\"EntryPoint\",\"urlTemplate\":\"https:\/\/www.istanbulafrica.com\/?s={search_term_string}\"},\"query-input\":{\"@type\":\"PropertyValueSpecification\",\"valueRequired\":true,\"valueName\":\"search_term_string\"}}],\"inLanguage\":\"en-US\"},{\"@type\":\"Organization\",\"@id\":\"https:\/\/www.istanbulafrica.com\/#organization\",\"name\":\"Istanbul Africa Trade Company\",\"url\":\"https:\/\/www.istanbulafrica.com\/\",\"logo\":{\"@type\":\"ImageObject\",\"inLanguage\":\"en-US\",\"@id\":\"https:\/\/www.istanbulafrica.com\/#\/schema\/logo\/image\/\",\"url\":\"https:\/\/www.istanbulafrica.com\/wp-content\/uploads\/2018\/11\/Logo-5_Multicolor-1-e1543258165564.png\",\"contentUrl\":\"https:\/\/www.istanbulafrica.com\/wp-content\/uploads\/2018\/11\/Logo-5_Multicolor-1-e1543258165564.png\",\"width\":300,\"height\":82,\"caption\":\"Istanbul Africa Trade Company\"},\"image\":{\"@id\":\"https:\/\/www.istanbulafrica.com\/#\/schema\/logo\/image\/\"},\"sameAs\":[\"http:\/\/www.facebook.com\/istanbulafrica\",\"https:\/\/x.com\/istanbulafrica\",\"https:\/\/www.instagram.com\/istanbulafrica\",\"https:\/\/linkedin.com\/company\/istanbulafrica\"]},{\"@type\":\"Person\",\"@id\":\"https:\/\/www.istanbulafrica.com\/#\/schema\/person\/e0f8b3b562d664e99942c2ca70031388\",\"name\":\"admin\",\"image\":{\"@type\":\"ImageObject\",\"inLanguage\":\"en-US\",\"@id\":\"https:\/\/www.istanbulafrica.com\/#\/schema\/person\/image\/\",\"url\":\"https:\/\/www.istanbulafrica.com\/wp-content\/litespeed\/avatar\/063478b0608c9232a95d704ee9061d12.jpg?ver=1758542353\",\"contentUrl\":\"https:\/\/www.istanbulafrica.com\/wp-content\/litespeed\/avatar\/063478b0608c9232a95d704ee9061d12.jpg?ver=1758542353\",\"caption\":\"admin\"}}]}<\/script>\n<!-- \/ Yoast SEO Premium plugin. -->","yoast_head_json":{"title":"Afrika'ya Moda \u0130hracat\u0131 - Istanbul Africa Trade Company","description":"Stratejik ortakl\u0131klar ve s\u00fcrd\u00fcr\u00fclebilir uygulamalar yoluyla kar\u015f\u0131l\u0131kl\u0131 b\u00fcy\u00fcme ve ba\u015far\u0131 i\u00e7in pazarlar aras\u0131nda k\u00f6pr\u00fc kuran \u0130stanbul Afrika Ticaret \u015eirketi ile T\u00fcrk moda ihracat\u0131n\u0131n Afrika'ya y\u00f6nelik potansiyelini ortaya \u00e7\u0131kar\u0131n.","robots":{"index":"index","follow":"follow","max-snippet":"max-snippet:-1","max-image-preview":"max-image-preview:large","max-video-preview":"max-video-preview:-1"},"canonical":"https:\/\/www.istanbulafrica.com\/tr\/afrikaya-moda-ihracati\/","og_locale":"en_US","og_type":"article","og_title":"Afrika'ya Moda \u0130hracat\u0131","og_description":"Stratejik ortakl\u0131klar ve s\u00fcrd\u00fcr\u00fclebilir uygulamalar yoluyla kar\u015f\u0131l\u0131kl\u0131 b\u00fcy\u00fcme ve ba\u015far\u0131 i\u00e7in pazarlar aras\u0131nda k\u00f6pr\u00fc kuran \u0130stanbul Afrika Ticaret \u015eirketi ile T\u00fcrk moda ihracat\u0131n\u0131n Afrika'ya y\u00f6nelik potansiyelini ortaya \u00e7\u0131kar\u0131n.","og_url":"https:\/\/www.istanbulafrica.com\/tr\/afrikaya-moda-ihracati\/","og_site_name":"Istanbul Africa Trade Company","article_publisher":"http:\/\/www.facebook.com\/istanbulafrica","article_published_time":"2024-10-05T00:00:00+00:00","og_image":[{"width":1280,"height":720,"url":"https:\/\/www.istanbulafrica.com\/wp-content\/uploads\/2024\/06\/ia00119.jpg","type":"image\/jpeg"}],"author":"admin","twitter_card":"summary_large_image","twitter_creator":"@istanbulafrica","twitter_site":"@istanbulafrica","twitter_misc":{"Written by":false,"Est. reading time":"8 minutes"},"schema":{"@context":"https:\/\/schema.org","@graph":[{"@type":"Article","@id":"https:\/\/www.istanbulafrica.com\/tr\/afrikaya-moda-ihracati\/#article","isPartOf":{"@id":"https:\/\/www.istanbulafrica.com\/tr\/afrikaya-moda-ihracati\/"},"author":{"name":"admin","@id":"https:\/\/www.istanbulafrica.com\/#\/schema\/person\/e0f8b3b562d664e99942c2ca70031388"},"headline":"Afrika&#8217;ya Moda \u0130hracat\u0131","datePublished":"2024-10-05T00:00:00+00:00","mainEntityOfPage":{"@id":"https:\/\/www.istanbulafrica.com\/tr\/afrikaya-moda-ihracati\/"},"wordCount":1606,"publisher":{"@id":"https:\/\/www.istanbulafrica.com\/#organization"},"image":{"@id":"https:\/\/www.istanbulafrica.com\/tr\/afrikaya-moda-ihracati\/#primaryimage"},"thumbnailUrl":"https:\/\/www.istanbulafrica.com\/wp-content\/uploads\/2024\/06\/ia00119.jpg","articleSection":["Ticari"],"inLanguage":"en-US"},{"@type":"WebPage","@id":"https:\/\/www.istanbulafrica.com\/tr\/afrikaya-moda-ihracati\/","url":"https:\/\/www.istanbulafrica.com\/tr\/afrikaya-moda-ihracati\/","name":"Afrika'ya Moda \u0130hracat\u0131 - Istanbul Africa Trade Company","isPartOf":{"@id":"https:\/\/www.istanbulafrica.com\/#website"},"primaryImageOfPage":{"@id":"https:\/\/www.istanbulafrica.com\/tr\/afrikaya-moda-ihracati\/#primaryimage"},"image":{"@id":"https:\/\/www.istanbulafrica.com\/tr\/afrikaya-moda-ihracati\/#primaryimage"},"thumbnailUrl":"https:\/\/www.istanbulafrica.com\/wp-content\/uploads\/2024\/06\/ia00119.jpg","datePublished":"2024-10-05T00:00:00+00:00","description":"Stratejik ortakl\u0131klar ve s\u00fcrd\u00fcr\u00fclebilir uygulamalar yoluyla kar\u015f\u0131l\u0131kl\u0131 b\u00fcy\u00fcme ve ba\u015far\u0131 i\u00e7in pazarlar aras\u0131nda k\u00f6pr\u00fc kuran \u0130stanbul Afrika Ticaret \u015eirketi ile T\u00fcrk moda ihracat\u0131n\u0131n Afrika'ya y\u00f6nelik potansiyelini ortaya \u00e7\u0131kar\u0131n.","breadcrumb":{"@id":"https:\/\/www.istanbulafrica.com\/tr\/afrikaya-moda-ihracati\/#breadcrumb"},"inLanguage":"en-US","potentialAction":[{"@type":"ReadAction","target":["https:\/\/www.istanbulafrica.com\/tr\/afrikaya-moda-ihracati\/"]}]},{"@type":"ImageObject","inLanguage":"en-US","@id":"https:\/\/www.istanbulafrica.com\/tr\/afrikaya-moda-ihracati\/#primaryimage","url":"https:\/\/www.istanbulafrica.com\/wp-content\/uploads\/2024\/06\/ia00119.jpg","contentUrl":"https:\/\/www.istanbulafrica.com\/wp-content\/uploads\/2024\/06\/ia00119.jpg","width":1280,"height":720},{"@type":"BreadcrumbList","@id":"https:\/\/www.istanbulafrica.com\/tr\/afrikaya-moda-ihracati\/#breadcrumb","itemListElement":[{"@type":"ListItem","position":1,"name":"Home","item":"https:\/\/www.istanbulafrica.com\/"},{"@type":"ListItem","position":2,"name":"Afrika&#8217;ya Moda \u0130hracat\u0131"}]},{"@type":"WebSite","@id":"https:\/\/www.istanbulafrica.com\/#website","url":"https:\/\/www.istanbulafrica.com\/","name":"Istanbul Africa Trade Company","description":"Import, Export and Investment","publisher":{"@id":"https:\/\/www.istanbulafrica.com\/#organization"},"potentialAction":[{"@type":"SearchAction","target":{"@type":"EntryPoint","urlTemplate":"https:\/\/www.istanbulafrica.com\/?s={search_term_string}"},"query-input":{"@type":"PropertyValueSpecification","valueRequired":true,"valueName":"search_term_string"}}],"inLanguage":"en-US"},{"@type":"Organization","@id":"https:\/\/www.istanbulafrica.com\/#organization","name":"Istanbul Africa Trade Company","url":"https:\/\/www.istanbulafrica.com\/","logo":{"@type":"ImageObject","inLanguage":"en-US","@id":"https:\/\/www.istanbulafrica.com\/#\/schema\/logo\/image\/","url":"https:\/\/www.istanbulafrica.com\/wp-content\/uploads\/2018\/11\/Logo-5_Multicolor-1-e1543258165564.png","contentUrl":"https:\/\/www.istanbulafrica.com\/wp-content\/uploads\/2018\/11\/Logo-5_Multicolor-1-e1543258165564.png","width":300,"height":82,"caption":"Istanbul Africa Trade Company"},"image":{"@id":"https:\/\/www.istanbulafrica.com\/#\/schema\/logo\/image\/"},"sameAs":["http:\/\/www.facebook.com\/istanbulafrica","https:\/\/x.com\/istanbulafrica","https:\/\/www.instagram.com\/istanbulafrica","https:\/\/linkedin.com\/company\/istanbulafrica"]},{"@type":"Person","@id":"https:\/\/www.istanbulafrica.com\/#\/schema\/person\/e0f8b3b562d664e99942c2ca70031388","name":"admin","image":{"@type":"ImageObject","inLanguage":"en-US","@id":"https:\/\/www.istanbulafrica.com\/#\/schema\/person\/image\/","url":"https:\/\/www.istanbulafrica.com\/wp-content\/litespeed\/avatar\/063478b0608c9232a95d704ee9061d12.jpg?ver=1758542353","contentUrl":"https:\/\/www.istanbulafrica.com\/wp-content\/litespeed\/avatar\/063478b0608c9232a95d704ee9061d12.jpg?ver=1758542353","caption":"admin"}}]}},"_links":{"self":[{"href":"https:\/\/www.istanbulafrica.com\/wp-json\/wp\/v2\/posts\/6230","targetHints":{"allow":["GET"]}}],"collection":[{"href":"https:\/\/www.istanbulafrica.com\/wp-json\/wp\/v2\/posts"}],"about":[{"href":"https:\/\/www.istanbulafrica.com\/wp-json\/wp\/v2\/types\/post"}],"author":[{"embeddable":true,"href":"https:\/\/www.istanbulafrica.com\/wp-json\/wp\/v2\/users\/1"}],"replies":[{"embeddable":true,"href":"https:\/\/www.istanbulafrica.com\/wp-json\/wp\/v2\/comments?post=6230"}],"version-history":[{"count":1,"href":"https:\/\/www.istanbulafrica.com\/wp-json\/wp\/v2\/posts\/6230\/revisions"}],"predecessor-version":[{"id":6353,"href":"https:\/\/www.istanbulafrica.com\/wp-json\/wp\/v2\/posts\/6230\/revisions\/6353"}],"wp:featuredmedia":[{"embeddable":true,"href":"https:\/\/www.istanbulafrica.com\/wp-json\/wp\/v2\/media\/5345"}],"wp:attachment":[{"href":"https:\/\/www.istanbulafrica.com\/wp-json\/wp\/v2\/media?parent=6230"}],"wp:term":[{"taxonomy":"category","embeddable":true,"href":"https:\/\/www.istanbulafrica.com\/wp-json\/wp\/v2\/categories?post=6230"},{"taxonomy":"post_tag","embeddable":true,"href":"https:\/\/www.istanbulafrica.com\/wp-json\/wp\/v2\/tags?post=6230"}],"curies":[{"name":"wp","href":"https:\/\/api.w.org\/{rel}","templated":true}]}}