{"id":6234,"date":"2024-10-09T00:00:00","date_gmt":"2024-10-09T00:00:00","guid":{"rendered":"https:\/\/www.istanbulafrica.com\/?p=6234"},"modified":"2024-06-07T09:27:32","modified_gmt":"2024-06-07T09:27:32","slug":"turkiyedeki-onemli-ticari-fuarlar","status":"publish","type":"post","link":"https:\/\/www.istanbulafrica.com\/tr\/turkiyedeki-onemli-ticari-fuarlar\/","title":{"rendered":"T\u00fcrkiye&#8217;deki \u00d6nemli Ticari Fuarlar"},"content":{"rendered":"<p>\u0130stanbul Afrika Ticaret \u015eirketi, k\u00fcresel i\u015f ili\u015fkilerini geli\u015ftirmeye y\u00f6nelik bir kanal olarak, ticari fuarlar\u0131n T\u00fcrkiye ile Afrika \u00fclkeleri aras\u0131ndaki ticari ba\u015far\u0131y\u0131 art\u0131rmadaki \u00f6nemli rol\u00fcn\u00fcn bilincindedir. T\u00fcrkiye, stratejik co\u011frafi konumu ve sa\u011flam end\u00fcstriyel altyap\u0131s\u0131yla a\u011f olu\u015fturma, bilgi al\u0131\u015fveri\u015fi ve pazar geni\u015fletme i\u00e7in vazge\u00e7ilmez platformlar g\u00f6revi g\u00f6ren \u00e7ok say\u0131da \u00f6nemli ticari fuara ev sahipli\u011fi yap\u0131yor. Bu etkinlikler yaln\u0131zca \u00fcr\u00fcnleri ve yenilikleri sergilemek i\u00e7in benzersiz f\u0131rsatlar sunmakla kalm\u0131yor, ayn\u0131 zamanda potansiyel ortaklar, m\u00fc\u015fteriler ve sekt\u00f6r liderleriyle do\u011frudan etkile\u015fimi de kolayla\u015ft\u0131r\u0131yor. Bu yaz\u0131da, m\u00fc\u015fterilerimizin i\u015f \u00e7abalar\u0131n\u0131 art\u0131rmada sunduklar\u0131 say\u0131s\u0131z faydadan yararlanmak i\u00e7in kat\u0131lmay\u0131 d\u00fc\u015f\u00fcnmeleri gereken T\u00fcrkiye&#8217;deki en \u00f6nemli ticari fuarlardan baz\u0131lar\u0131n\u0131 inceliyoruz.<\/p>\n<h3>T\u00fcrkiye Fuarlar\u0131ndaki \u0130\u015f F\u0131rsatlar\u0131n\u0131 Anlamak<\/h3>\n<p>T\u00fcrk ticaret fuarlar\u0131na kat\u0131lmak, b\u00f6lgesel ve k\u00fcresel pazarlarda ayak izlerini geni\u015fletmek isteyen \u015firketler i\u00e7in zengin i\u015f f\u0131rsatlar\u0131 sunuyor. Bu sergiler, \u00e7e\u015fitli sekt\u00f6rlerdeki end\u00fcstri profesyonelleri i\u00e7in bir ba\u011flant\u0131 noktas\u0131 g\u00f6revi g\u00f6r\u00fcyor ve potansiyel pazarlar\u0131 belirlemek ve stratejik ittifaklar olu\u015fturmak i\u00e7in verimli bir zemin sa\u011fl\u0131yor. \u00c7ok \u00e7e\u015fitli kat\u0131l\u0131mc\u0131 ve kat\u0131l\u0131mc\u0131larla do\u011frudan etkile\u015fim, kat\u0131l\u0131mc\u0131lar\u0131n en son sekt\u00f6r trendleri, geli\u015fen teknolojiler ve t\u00fcketici tercihleri \u200b\u200bhakk\u0131nda fikir edinmelerine olanak tan\u0131yor. Dahas\u0131, bu etkinliklerin rekabet ortam\u0131 yaln\u0131zca yenili\u011fi te\u015fvik etmekle kalm\u0131yor, ayn\u0131 zamanda pazar dinamiklerine ili\u015fkin kapsaml\u0131 bir anlay\u0131\u015f da sunuyor, b\u00f6ylece i\u015fletmelere bilin\u00e7li kararlar vermek ve di\u011ferlerinden \u00f6nde olmak i\u00e7in ihtiya\u00e7 duyduklar\u0131 ara\u00e7lar\u0131 sa\u011fl\u0131yor.<\/p>\n<p>Bu fuarlara kat\u0131lman\u0131n en \u00f6nemli avantajlar\u0131ndan biri g\u00fc\u00e7l\u00fc bir ileti\u015fim a\u011f\u0131 kurabilme yetene\u011fidir. Buna potansiyel al\u0131c\u0131lar, tedarik\u00e7iler ve hatta rakiplerle tek bir yerde bulu\u015fmak da dahildir. Bu t\u00fcr ba\u011flant\u0131lar\u0131n kurulmas\u0131, basit i\u015flemsel ili\u015fkilerin \u00f6tesine ge\u00e7en verimli ortakl\u0131klara ve i\u015fbirliklerine yol a\u00e7arak uzun vadeli i\u015f ittifaklar\u0131n\u0131n \u00f6n\u00fcn\u00fc a\u00e7abilir. Ayr\u0131ca, y\u00fcz y\u00fcze etkile\u015fimler \u015firketlere benzersiz de\u011fer \u00f6nerilerini sergileme, \u015fartlar\u0131 m\u00fczakere etme ve uluslararas\u0131 ortaklarla g\u00fcven olu\u015fturma f\u0131rsat\u0131 verir. Bu ki\u015fisel dokunu\u015f, i\u015f ili\u015fkilerinin son derece de\u011ferli oldu\u011fu pazarlarda genellikle kritik \u00f6neme sahiptir ve yeni pazarlara girmede veya mevcut pazarlarda varl\u0131\u011f\u0131 g\u00fc\u00e7lendirmede temel olabilir.<\/p>\n<p>T\u00fcrkiye&#8217;deki ticari fuarlar, a\u011f olu\u015fturma ve pazar bilgilerinin yan\u0131 s\u0131ra, i\u015fletmelerin \u00fcr\u00fcn ve hizmetlerini ilgili bir izleyici kitlesine do\u011frudan tan\u0131tmalar\u0131 i\u00e7in dinamik bir platform sa\u011fl\u0131yor. Bu uygulamal\u0131 yakla\u015f\u0131m, \u015firketlerin yeniliklerini \u00f6ne \u00e7\u0131karmas\u0131na, an\u0131nda geri bildirim almas\u0131na ve tekliflerini ger\u00e7ek d\u00fcnya etkile\u015fimlerine g\u00f6re geli\u015ftirmesine olanak tan\u0131r. Canl\u0131 g\u00f6sterimler ve yerinde denemeler, \u00fcr\u00fcnlerin g\u00f6r\u00fcn\u00fcrl\u00fc\u011f\u00fcn\u00fc ve \u00e7ekicili\u011fini \u00f6nemli \u00f6l\u00e7\u00fcde art\u0131rabilir ve i\u015fletmelerin potansiyel m\u00fc\u015fterilerin ve i\u015f ortaklar\u0131n\u0131n ilgisini etkili bir \u015fekilde yakalamas\u0131na yard\u0131mc\u0131 olabilir. \u00dcstelik bu etkinliklere e\u015flik eden medyada yer alma ve tan\u0131t\u0131m f\u0131rsatlar\u0131, bir \u015firketin hem yerel hem de uluslararas\u0131 pazarlardaki marka varl\u0131\u011f\u0131n\u0131 g\u00fc\u00e7lendirebilir. \u0130\u015fletmeler, bu \u00e7e\u015fitli avantajlardan yararlanarak yaln\u0131zca pazar eri\u015fimlerini art\u0131rmakla kalmaz, ayn\u0131 zamanda sekt\u00f6rdeki rekabet\u00e7i oyuncular olarak itibarlar\u0131n\u0131 da sa\u011flamla\u015ft\u0131rabilir.<\/p>\n<h3>Afrika Pazar\u0131n\u0131 Geni\u015fletmek \u0130\u00e7in T\u00fcrk Fuarlar\u0131ndan Nas\u0131l Yararlan\u0131labilir?<\/h3>\n<p>T\u00fcrk ticari fuarlar\u0131na kat\u0131lmak, Afrikal\u0131 i\u015fletmelere pazarlar\u0131n\u0131 geni\u015fletmeleri ve farkl\u0131 end\u00fcstrilerde hayati ba\u011flant\u0131lar kurmalar\u0131 i\u00e7in e\u015fsiz bir kap\u0131 sunuyor. Afrikal\u0131 \u015firketler bu etkinliklere kat\u0131larak T\u00fcrkiye pazar\u0131ndaki trendler, geli\u015fen teknolojiler ve kendi yerel ba\u011flamlar\u0131na uyarlanabilecek yenilik\u00e7i \u00e7\u00f6z\u00fcmler hakk\u0131nda ilk elden bilgi edinebilecek. Ayr\u0131ca bu fuarlar, T\u00fcrk \u00fcreticiler, tedarik\u00e7iler ve potansiyel ortaklarla a\u011f olu\u015fturmak i\u00e7in verimli bir zemin sa\u011fl\u0131yor ve kar\u015f\u0131l\u0131kl\u0131 yarar sa\u011flayan ticari anla\u015fmalara yol a\u00e7abilecek i\u015fbirliklerini te\u015fvik ediyor. Afrikal\u0131 i\u015fletmeler, bu \u00f6nemli etkinliklere aktif kat\u0131l\u0131m ve stratejik varl\u0131k g\u00f6stererek kendilerini pazar f\u0131rsatlar\u0131nda \u00f6n s\u0131ralarda konumland\u0131rabilir ve s\u00fcrd\u00fcr\u00fclebilir b\u00fcy\u00fcmeyi te\u015fvik edebilir.<\/p>\n<p>\u00dcstelik Afrikal\u0131 \u015firketler, T\u00fcrk ticari fuarlar\u0131nda s\u0131kl\u0131kla sunulan kapsaml\u0131 i\u015f e\u015fle\u015ftirme hizmetlerinden de yararlanabiliyor. Bu hizmetler, uyumlu ticari kurulu\u015flar aras\u0131nda \u00f6nceden ayarlanm\u0131\u015f toplant\u0131lar\u0131 kolayla\u015ft\u0131rmak ve kat\u0131l\u0131mc\u0131lar\u0131n ilgili payda\u015flarla ba\u011flant\u0131 kurarak zamanlar\u0131n\u0131 en iyi \u015fekilde de\u011ferlendirmelerini sa\u011flamak i\u00e7in tasarlanm\u0131\u015ft\u0131r. Ek olarak, bu fuarlar s\u0131ras\u0131nda d\u00fczenlenen \u00e7al\u0131\u015ftaylar ve seminerler, sekt\u00f6r uzmanlar\u0131n\u0131n d\u00fczenleyici gereklilikler, pazara giri\u015f stratejileri ve ticaretle ilgili di\u011fer kritik konular hakk\u0131nda g\u00f6r\u00fc\u015flerini payla\u015ft\u0131\u011f\u0131 paha bi\u00e7ilmez \u00f6\u011frenme deneyimleri sunuyor. Afrikal\u0131 i\u015fletmeler, bu kolayla\u015ft\u0131r\u0131lm\u0131\u015f etkile\u015fimlere ve e\u011fitim oturumlar\u0131na \u00f6zenle haz\u0131rlanarak ve kat\u0131larak rekabet stratejilerini geli\u015ftirebilir ve T\u00fcrkiye ile uluslararas\u0131 ticaretin karma\u015f\u0131kl\u0131klar\u0131n\u0131 daha iyi y\u00f6netebilirler.<\/p>\n<p>T\u00fcrk ticari fuarlar\u0131n\u0131n Afrika pazar\u0131ndaki geni\u015flemeye y\u00f6nelik faydalar\u0131n\u0131 en \u00fcst d\u00fczeye \u00e7\u0131karmak i\u00e7in \u015firketlerin etkinlikler \u00f6ncesinde, s\u0131ras\u0131nda ve sonras\u0131nda stratejik bir yakla\u015f\u0131m benimsemesi gerekiyor. Sergi \u00f6ncesinde kapsaml\u0131 ara\u015ft\u0131rma ve planlama \u00e7ok \u00f6nemli; Kilit kat\u0131l\u0131mc\u0131lar\u0131n belirlenmesi, net hedeflerin belirlenmesi ve potansiyel ortaklarla toplant\u0131lar\u0131n planlanmas\u0131, ba\u015far\u0131l\u0131 etkile\u015fimlerin \u00f6n\u00fcn\u00fc a\u00e7abilir. Etkinlik s\u0131ras\u0131nda kat\u0131l\u0131mc\u0131 ve kat\u0131l\u0131mc\u0131larla aktif etkile\u015fimin yan\u0131 s\u0131ra ilgili oturumlara kat\u0131l\u0131m g\u00f6r\u00fcn\u00fcrl\u00fc\u011f\u00fc ve g\u00fcvenilirli\u011fi art\u0131racakt\u0131r. Etkinlik sonras\u0131nda potansiyel m\u00fc\u015fteri ve kurulan ba\u011flant\u0131lar\u0131 h\u0131zl\u0131 bir \u015fekilde takip etmek, ili\u015fkileri geli\u015ftirmek ve i\u015fbirli\u011fi i\u00e7in somut f\u0131rsatlar\u0131 ke\u015ffetmek \u00e7ok \u00f6nemlidir. \u0130stanbul Afrika Ticaret \u015eirketi, t\u00fcm s\u00fcre\u00e7 boyunca i\u00e7g\u00f6r\u00fc sa\u011flayarak, tan\u0131t\u0131mlar d\u00fczenleyerek ve destek sunarak bu \u00e7abalar\u0131n optimize edilmesine yard\u0131mc\u0131 olabilir ve Afrikal\u0131 i\u015fletmelerin T\u00fcrk ticari fuarlar\u0131ndan maksimum de\u011fer elde etmesini sa\u011flayabilir.<\/p>\n<h3>Afrikal\u0131 \u0130\u015fletmenizin Kat\u0131lmas\u0131 Gereken En \u00d6nemli T\u00fcrk Ticari Fuarlar\u0131<\/h3>\n<p>Afrikal\u0131 i\u015fletmelerin takvimlerine i\u015faretlemesi gereken fuarlar\u0131n ba\u015f\u0131nda da \u0130stanbul Uluslararas\u0131 Tekstil Makineleri Fuar\u0131 (ITM) geliyor. D\u00fcnya \u00e7ap\u0131nda tan\u0131nan ITM, son teknoloji tekstil makineleri ve teknoloji yeniliklerinden olu\u015fan kapsaml\u0131 bir vitrin sunuyor. \u0130ki y\u0131lda bir d\u00fczenlenen bu etkinlik, d\u00fcnyan\u0131n d\u00f6rt bir yan\u0131ndan sekt\u00f6r liderlerini, \u00fcreticileri ve yenilik\u00e7ileri bir araya getirerek Afrikal\u0131 i\u015fletmelere geli\u015fmi\u015f tekstil \u00e7\u00f6z\u00fcmlerini ke\u015ffetme, stratejik ortakl\u0131klar kurma ve en son pazar trendleri hakk\u0131nda fikir edinme konusunda e\u015fsiz bir f\u0131rsat sunuyor. \u0130plik ve elyaftan \u00fcretim tekniklerine kadar her \u015feyi kapsayan fuar\u0131n kapsaml\u0131 kapsam\u0131, tekstil sekt\u00f6r\u00fcnde rekabet g\u00fc\u00e7lerini art\u0131rmak isteyen \u015firketler i\u00e7in vazge\u00e7ilmez bir destinasyon haline geliyor.<\/p>\n<p>Afrikal\u0131 i\u015fletmelerin dikkate almas\u0131 gereken bir di\u011fer \u00f6nemli etkinlik ise \u0130stanbul G\u0131da-Teknoloji Fuar\u0131. Bu y\u0131ll\u0131k sergi, g\u0131da i\u015fleme ve paketleme end\u00fcstrisi i\u00e7in \u00f6nde gelen bir bulu\u015fma noktas\u0131 olarak duruyor ve g\u0131da teknolojisi, paketleme \u00e7\u00f6z\u00fcmleri ve makinelerdeki en son geli\u015fmeleri sergileyen \u00e7ok \u00e7e\u015fitli kat\u0131l\u0131mc\u0131lar\u0131 bir araya getiriyor. G\u0131da \u00fcretimi ve ihracat\u0131yla u\u011fra\u015fan Afrikal\u0131 i\u015fletmeler i\u00e7in \u0130stanbul G\u0131da-Teknoloji Fuar\u0131&#8217;na kat\u0131lmak, operasyonlar\u0131 kolayla\u015ft\u0131racak, \u00fcr\u00fcn kalitesini art\u0131racak ve uluslararas\u0131 standartlar\u0131 kar\u015f\u0131layabilecek yenilik\u00e7i teknolojileri ke\u015ffetmek i\u00e7in paha bi\u00e7ilmez f\u0131rsatlar sunuyor. Ayr\u0131ca etkinlik, sekt\u00f6r uzmanlar\u0131, tedarik\u00e7iler ve potansiyel i\u015f ortaklar\u0131yla anlaml\u0131 ba\u011flant\u0131lar kurulmas\u0131n\u0131 kolayla\u015ft\u0131r\u0131yor ve b\u00f6ylece k\u00fcresel g\u0131da pazar\u0131nda b\u00fcy\u00fcme ve i\u015fbirli\u011fi i\u00e7in yeni yollar a\u00e7\u0131yor.<\/p>\n<p>Afrikal\u0131 i\u015fletmelerin radar\u0131nda olmas\u0131 gereken \u00fc\u00e7\u00fcnc\u00fc \u00f6nemli fuar ise M\u00fcstakil Sanayici ve \u0130\u015fadamlar\u0131 Derne\u011fi&#8217;nin iki y\u0131lda bir d\u00fczenledi\u011fi uluslararas\u0131 ticaret fuar\u0131 M\u00dcS\u0130AD EXPO&#8217;dur. Bu \u00e7ok sekt\u00f6rl\u00fc etkinlik, in\u015faat ve m\u00fchendislikten sa\u011fl\u0131k, teknoloji ve tar\u0131ma kadar bir\u00e7ok end\u00fcstrinin bir araya geldi\u011fi bir bulu\u015fma noktas\u0131d\u0131r. 20&#8217;den fazla \u00fclkeden 400&#8217;\u00fcn \u00fczerinde firman\u0131n kat\u0131ld\u0131\u011f\u0131 M\u00dcS\u0130AD EXPO, Afrikal\u0131 i\u015fletmelere, \u00e7e\u015fitli i\u015f f\u0131rsatlar\u0131n\u0131 ke\u015ffetmeleri, yat\u0131r\u0131mlar\u0131 g\u00fcvence alt\u0131na almalar\u0131 ve verimli B2B toplant\u0131lar\u0131na kat\u0131lmalar\u0131 i\u00e7in e\u015fsiz bir platform sunuyor. Fuar\u0131n geni\u015f kapsam\u0131, kat\u0131l\u0131mc\u0131lar\u0131n operasyonel verimlili\u011fi ve pazar rekabet g\u00fcc\u00fcn\u00fc art\u0131rmaya y\u00f6nelik geni\u015f bir yelpazedeki \u00fcr\u00fcn ve hizmetlere eri\u015fmelerini sa\u011fl\u0131yor ve bu da fuar\u0131, T\u00fcrkiye ile Afrika \u00fclkeleri aras\u0131nda uzun vadeli i\u015f b\u00fcy\u00fcmesini ve s\u00fcrd\u00fcr\u00fclebilir ticari ili\u015fkileri geli\u015ftirmek i\u00e7in hayati bir etkinlik haline getiriyor.<\/p>\n<p>&nbsp;<\/p>\n","protected":false},"excerpt":{"rendered":"<p>\u0130stanbul Afrika Ticaret \u015eirketi, k\u00fcresel i\u015f ili\u015fkilerini geli\u015ftirmeye y\u00f6nelik bir kanal olarak, ticari fuarlar\u0131n T\u00fcrkiye ile Afrika \u00fclkeleri aras\u0131ndaki ticari [&hellip;]<\/p>\n","protected":false},"author":1,"featured_media":5349,"comment_status":"closed","ping_status":"open","sticky":false,"template":"","format":"standard","meta":{"_monsterinsights_skip_tracking":false,"_monsterinsights_sitenote_active":false,"_monsterinsights_sitenote_note":"","_monsterinsights_sitenote_category":0,"footnotes":""},"categories":[47],"tags":[],"class_list":["post-6234","post","type-post","status-publish","format-standard","has-post-thumbnail","hentry","category-ticari"],"yoast_head":"<!-- This site is optimized with the Yoast SEO Premium plugin v25.7.1 (Yoast SEO v25.8) - https:\/\/yoast.com\/wordpress\/plugins\/seo\/ -->\n<title>T\u00fcrkiye&#039;deki \u00d6nemli Ticari Fuarlar - Istanbul Africa Trade Company<\/title>\n<meta name=\"description\" content=\"T\u00fcrkiye ile Afrika \u00fclkelerini birbirine ba\u011flayan, yeniliklerin sergilendi\u011fi ve s\u00fcrd\u00fcr\u00fclebilir b\u00fcy\u00fcme i\u00e7in stratejik i\u015f ittifaklar\u0131 olu\u015fturan \u00f6nemli T\u00fcrk ticaret fuarlar\u0131n\u0131 ke\u015ffedin.\" \/>\n<meta name=\"robots\" content=\"index, follow, max-snippet:-1, max-image-preview:large, max-video-preview:-1\" \/>\n<link rel=\"canonical\" href=\"https:\/\/www.istanbulafrica.com\/tr\/turkiyedeki-onemli-ticari-fuarlar\/\" \/>\n<meta property=\"og:locale\" content=\"en_US\" \/>\n<meta property=\"og:type\" content=\"article\" \/>\n<meta property=\"og:title\" content=\"T\u00fcrkiye&#039;deki \u00d6nemli Ticari Fuarlar\" \/>\n<meta property=\"og:description\" content=\"T\u00fcrkiye ile Afrika \u00fclkelerini birbirine ba\u011flayan, yeniliklerin sergilendi\u011fi ve s\u00fcrd\u00fcr\u00fclebilir b\u00fcy\u00fcme i\u00e7in stratejik i\u015f ittifaklar\u0131 olu\u015fturan \u00f6nemli T\u00fcrk ticaret fuarlar\u0131n\u0131 ke\u015ffedin.\" \/>\n<meta property=\"og:url\" content=\"https:\/\/www.istanbulafrica.com\/tr\/turkiyedeki-onemli-ticari-fuarlar\/\" \/>\n<meta property=\"og:site_name\" content=\"Istanbul Africa Trade Company\" \/>\n<meta property=\"article:publisher\" content=\"http:\/\/www.facebook.com\/istanbulafrica\" \/>\n<meta property=\"article:published_time\" content=\"2024-10-09T00:00:00+00:00\" \/>\n<meta property=\"og:image\" content=\"https:\/\/www.istanbulafrica.com\/wp-content\/uploads\/2024\/06\/ia00123.jpg\" \/>\n\t<meta property=\"og:image:width\" content=\"1280\" \/>\n\t<meta property=\"og:image:height\" content=\"720\" \/>\n\t<meta property=\"og:image:type\" content=\"image\/jpeg\" \/>\n<meta name=\"author\" content=\"admin\" \/>\n<meta name=\"twitter:card\" content=\"summary_large_image\" \/>\n<meta name=\"twitter:creator\" content=\"@istanbulafrica\" \/>\n<meta name=\"twitter:site\" content=\"@istanbulafrica\" \/>\n<meta name=\"twitter:label1\" content=\"Written by\" \/>\n\t<meta name=\"twitter:data1\" content=\"\" \/>\n\t<meta name=\"twitter:label2\" content=\"Est. reading time\" \/>\n\t<meta name=\"twitter:data2\" content=\"8 minutes\" \/>\n<script type=\"application\/ld+json\" class=\"yoast-schema-graph\">{\"@context\":\"https:\/\/schema.org\",\"@graph\":[{\"@type\":\"Article\",\"@id\":\"https:\/\/www.istanbulafrica.com\/tr\/turkiyedeki-onemli-ticari-fuarlar\/#article\",\"isPartOf\":{\"@id\":\"https:\/\/www.istanbulafrica.com\/tr\/turkiyedeki-onemli-ticari-fuarlar\/\"},\"author\":{\"name\":\"admin\",\"@id\":\"https:\/\/www.istanbulafrica.com\/#\/schema\/person\/e0f8b3b562d664e99942c2ca70031388\"},\"headline\":\"T\u00fcrkiye&#8217;deki \u00d6nemli Ticari Fuarlar\",\"datePublished\":\"2024-10-09T00:00:00+00:00\",\"mainEntityOfPage\":{\"@id\":\"https:\/\/www.istanbulafrica.com\/tr\/turkiyedeki-onemli-ticari-fuarlar\/\"},\"wordCount\":1569,\"publisher\":{\"@id\":\"https:\/\/www.istanbulafrica.com\/#organization\"},\"image\":{\"@id\":\"https:\/\/www.istanbulafrica.com\/tr\/turkiyedeki-onemli-ticari-fuarlar\/#primaryimage\"},\"thumbnailUrl\":\"https:\/\/www.istanbulafrica.com\/wp-content\/uploads\/2024\/06\/ia00123.jpg\",\"articleSection\":[\"Ticari\"],\"inLanguage\":\"en-US\"},{\"@type\":\"WebPage\",\"@id\":\"https:\/\/www.istanbulafrica.com\/tr\/turkiyedeki-onemli-ticari-fuarlar\/\",\"url\":\"https:\/\/www.istanbulafrica.com\/tr\/turkiyedeki-onemli-ticari-fuarlar\/\",\"name\":\"T\u00fcrkiye'deki \u00d6nemli Ticari Fuarlar - Istanbul Africa Trade Company\",\"isPartOf\":{\"@id\":\"https:\/\/www.istanbulafrica.com\/#website\"},\"primaryImageOfPage\":{\"@id\":\"https:\/\/www.istanbulafrica.com\/tr\/turkiyedeki-onemli-ticari-fuarlar\/#primaryimage\"},\"image\":{\"@id\":\"https:\/\/www.istanbulafrica.com\/tr\/turkiyedeki-onemli-ticari-fuarlar\/#primaryimage\"},\"thumbnailUrl\":\"https:\/\/www.istanbulafrica.com\/wp-content\/uploads\/2024\/06\/ia00123.jpg\",\"datePublished\":\"2024-10-09T00:00:00+00:00\",\"description\":\"T\u00fcrkiye ile Afrika \u00fclkelerini birbirine ba\u011flayan, yeniliklerin sergilendi\u011fi ve s\u00fcrd\u00fcr\u00fclebilir b\u00fcy\u00fcme i\u00e7in stratejik i\u015f ittifaklar\u0131 olu\u015fturan \u00f6nemli T\u00fcrk ticaret fuarlar\u0131n\u0131 ke\u015ffedin.\",\"breadcrumb\":{\"@id\":\"https:\/\/www.istanbulafrica.com\/tr\/turkiyedeki-onemli-ticari-fuarlar\/#breadcrumb\"},\"inLanguage\":\"en-US\",\"potentialAction\":[{\"@type\":\"ReadAction\",\"target\":[\"https:\/\/www.istanbulafrica.com\/tr\/turkiyedeki-onemli-ticari-fuarlar\/\"]}]},{\"@type\":\"ImageObject\",\"inLanguage\":\"en-US\",\"@id\":\"https:\/\/www.istanbulafrica.com\/tr\/turkiyedeki-onemli-ticari-fuarlar\/#primaryimage\",\"url\":\"https:\/\/www.istanbulafrica.com\/wp-content\/uploads\/2024\/06\/ia00123.jpg\",\"contentUrl\":\"https:\/\/www.istanbulafrica.com\/wp-content\/uploads\/2024\/06\/ia00123.jpg\",\"width\":1280,\"height\":720},{\"@type\":\"BreadcrumbList\",\"@id\":\"https:\/\/www.istanbulafrica.com\/tr\/turkiyedeki-onemli-ticari-fuarlar\/#breadcrumb\",\"itemListElement\":[{\"@type\":\"ListItem\",\"position\":1,\"name\":\"Home\",\"item\":\"https:\/\/www.istanbulafrica.com\/\"},{\"@type\":\"ListItem\",\"position\":2,\"name\":\"T\u00fcrkiye&#8217;deki \u00d6nemli Ticari Fuarlar\"}]},{\"@type\":\"WebSite\",\"@id\":\"https:\/\/www.istanbulafrica.com\/#website\",\"url\":\"https:\/\/www.istanbulafrica.com\/\",\"name\":\"Istanbul Africa Trade Company\",\"description\":\"Import, Export and Investment\",\"publisher\":{\"@id\":\"https:\/\/www.istanbulafrica.com\/#organization\"},\"potentialAction\":[{\"@type\":\"SearchAction\",\"target\":{\"@type\":\"EntryPoint\",\"urlTemplate\":\"https:\/\/www.istanbulafrica.com\/?s={search_term_string}\"},\"query-input\":{\"@type\":\"PropertyValueSpecification\",\"valueRequired\":true,\"valueName\":\"search_term_string\"}}],\"inLanguage\":\"en-US\"},{\"@type\":\"Organization\",\"@id\":\"https:\/\/www.istanbulafrica.com\/#organization\",\"name\":\"Istanbul Africa Trade Company\",\"url\":\"https:\/\/www.istanbulafrica.com\/\",\"logo\":{\"@type\":\"ImageObject\",\"inLanguage\":\"en-US\",\"@id\":\"https:\/\/www.istanbulafrica.com\/#\/schema\/logo\/image\/\",\"url\":\"https:\/\/www.istanbulafrica.com\/wp-content\/uploads\/2018\/11\/Logo-5_Multicolor-1-e1543258165564.png\",\"contentUrl\":\"https:\/\/www.istanbulafrica.com\/wp-content\/uploads\/2018\/11\/Logo-5_Multicolor-1-e1543258165564.png\",\"width\":300,\"height\":82,\"caption\":\"Istanbul Africa Trade Company\"},\"image\":{\"@id\":\"https:\/\/www.istanbulafrica.com\/#\/schema\/logo\/image\/\"},\"sameAs\":[\"http:\/\/www.facebook.com\/istanbulafrica\",\"https:\/\/x.com\/istanbulafrica\",\"https:\/\/www.instagram.com\/istanbulafrica\",\"https:\/\/linkedin.com\/company\/istanbulafrica\"]},{\"@type\":\"Person\",\"@id\":\"https:\/\/www.istanbulafrica.com\/#\/schema\/person\/e0f8b3b562d664e99942c2ca70031388\",\"name\":\"admin\",\"image\":{\"@type\":\"ImageObject\",\"inLanguage\":\"en-US\",\"@id\":\"https:\/\/www.istanbulafrica.com\/#\/schema\/person\/image\/\",\"url\":\"https:\/\/www.istanbulafrica.com\/wp-content\/litespeed\/avatar\/063478b0608c9232a95d704ee9061d12.jpg?ver=1758542353\",\"contentUrl\":\"https:\/\/www.istanbulafrica.com\/wp-content\/litespeed\/avatar\/063478b0608c9232a95d704ee9061d12.jpg?ver=1758542353\",\"caption\":\"admin\"}}]}<\/script>\n<!-- \/ Yoast SEO Premium plugin. -->","yoast_head_json":{"title":"T\u00fcrkiye'deki \u00d6nemli Ticari Fuarlar - Istanbul Africa Trade Company","description":"T\u00fcrkiye ile Afrika \u00fclkelerini birbirine ba\u011flayan, yeniliklerin sergilendi\u011fi ve s\u00fcrd\u00fcr\u00fclebilir b\u00fcy\u00fcme i\u00e7in stratejik i\u015f ittifaklar\u0131 olu\u015fturan \u00f6nemli T\u00fcrk ticaret fuarlar\u0131n\u0131 ke\u015ffedin.","robots":{"index":"index","follow":"follow","max-snippet":"max-snippet:-1","max-image-preview":"max-image-preview:large","max-video-preview":"max-video-preview:-1"},"canonical":"https:\/\/www.istanbulafrica.com\/tr\/turkiyedeki-onemli-ticari-fuarlar\/","og_locale":"en_US","og_type":"article","og_title":"T\u00fcrkiye'deki \u00d6nemli Ticari Fuarlar","og_description":"T\u00fcrkiye ile Afrika \u00fclkelerini birbirine ba\u011flayan, yeniliklerin sergilendi\u011fi ve s\u00fcrd\u00fcr\u00fclebilir b\u00fcy\u00fcme i\u00e7in stratejik i\u015f ittifaklar\u0131 olu\u015fturan \u00f6nemli T\u00fcrk ticaret fuarlar\u0131n\u0131 ke\u015ffedin.","og_url":"https:\/\/www.istanbulafrica.com\/tr\/turkiyedeki-onemli-ticari-fuarlar\/","og_site_name":"Istanbul Africa Trade Company","article_publisher":"http:\/\/www.facebook.com\/istanbulafrica","article_published_time":"2024-10-09T00:00:00+00:00","og_image":[{"width":1280,"height":720,"url":"https:\/\/www.istanbulafrica.com\/wp-content\/uploads\/2024\/06\/ia00123.jpg","type":"image\/jpeg"}],"author":"admin","twitter_card":"summary_large_image","twitter_creator":"@istanbulafrica","twitter_site":"@istanbulafrica","twitter_misc":{"Written by":false,"Est. reading time":"8 minutes"},"schema":{"@context":"https:\/\/schema.org","@graph":[{"@type":"Article","@id":"https:\/\/www.istanbulafrica.com\/tr\/turkiyedeki-onemli-ticari-fuarlar\/#article","isPartOf":{"@id":"https:\/\/www.istanbulafrica.com\/tr\/turkiyedeki-onemli-ticari-fuarlar\/"},"author":{"name":"admin","@id":"https:\/\/www.istanbulafrica.com\/#\/schema\/person\/e0f8b3b562d664e99942c2ca70031388"},"headline":"T\u00fcrkiye&#8217;deki \u00d6nemli Ticari Fuarlar","datePublished":"2024-10-09T00:00:00+00:00","mainEntityOfPage":{"@id":"https:\/\/www.istanbulafrica.com\/tr\/turkiyedeki-onemli-ticari-fuarlar\/"},"wordCount":1569,"publisher":{"@id":"https:\/\/www.istanbulafrica.com\/#organization"},"image":{"@id":"https:\/\/www.istanbulafrica.com\/tr\/turkiyedeki-onemli-ticari-fuarlar\/#primaryimage"},"thumbnailUrl":"https:\/\/www.istanbulafrica.com\/wp-content\/uploads\/2024\/06\/ia00123.jpg","articleSection":["Ticari"],"inLanguage":"en-US"},{"@type":"WebPage","@id":"https:\/\/www.istanbulafrica.com\/tr\/turkiyedeki-onemli-ticari-fuarlar\/","url":"https:\/\/www.istanbulafrica.com\/tr\/turkiyedeki-onemli-ticari-fuarlar\/","name":"T\u00fcrkiye'deki \u00d6nemli Ticari Fuarlar - Istanbul Africa Trade Company","isPartOf":{"@id":"https:\/\/www.istanbulafrica.com\/#website"},"primaryImageOfPage":{"@id":"https:\/\/www.istanbulafrica.com\/tr\/turkiyedeki-onemli-ticari-fuarlar\/#primaryimage"},"image":{"@id":"https:\/\/www.istanbulafrica.com\/tr\/turkiyedeki-onemli-ticari-fuarlar\/#primaryimage"},"thumbnailUrl":"https:\/\/www.istanbulafrica.com\/wp-content\/uploads\/2024\/06\/ia00123.jpg","datePublished":"2024-10-09T00:00:00+00:00","description":"T\u00fcrkiye ile Afrika \u00fclkelerini birbirine ba\u011flayan, yeniliklerin sergilendi\u011fi ve s\u00fcrd\u00fcr\u00fclebilir b\u00fcy\u00fcme i\u00e7in stratejik i\u015f ittifaklar\u0131 olu\u015fturan \u00f6nemli T\u00fcrk ticaret fuarlar\u0131n\u0131 ke\u015ffedin.","breadcrumb":{"@id":"https:\/\/www.istanbulafrica.com\/tr\/turkiyedeki-onemli-ticari-fuarlar\/#breadcrumb"},"inLanguage":"en-US","potentialAction":[{"@type":"ReadAction","target":["https:\/\/www.istanbulafrica.com\/tr\/turkiyedeki-onemli-ticari-fuarlar\/"]}]},{"@type":"ImageObject","inLanguage":"en-US","@id":"https:\/\/www.istanbulafrica.com\/tr\/turkiyedeki-onemli-ticari-fuarlar\/#primaryimage","url":"https:\/\/www.istanbulafrica.com\/wp-content\/uploads\/2024\/06\/ia00123.jpg","contentUrl":"https:\/\/www.istanbulafrica.com\/wp-content\/uploads\/2024\/06\/ia00123.jpg","width":1280,"height":720},{"@type":"BreadcrumbList","@id":"https:\/\/www.istanbulafrica.com\/tr\/turkiyedeki-onemli-ticari-fuarlar\/#breadcrumb","itemListElement":[{"@type":"ListItem","position":1,"name":"Home","item":"https:\/\/www.istanbulafrica.com\/"},{"@type":"ListItem","position":2,"name":"T\u00fcrkiye&#8217;deki \u00d6nemli Ticari Fuarlar"}]},{"@type":"WebSite","@id":"https:\/\/www.istanbulafrica.com\/#website","url":"https:\/\/www.istanbulafrica.com\/","name":"Istanbul Africa Trade Company","description":"Import, Export and Investment","publisher":{"@id":"https:\/\/www.istanbulafrica.com\/#organization"},"potentialAction":[{"@type":"SearchAction","target":{"@type":"EntryPoint","urlTemplate":"https:\/\/www.istanbulafrica.com\/?s={search_term_string}"},"query-input":{"@type":"PropertyValueSpecification","valueRequired":true,"valueName":"search_term_string"}}],"inLanguage":"en-US"},{"@type":"Organization","@id":"https:\/\/www.istanbulafrica.com\/#organization","name":"Istanbul Africa Trade Company","url":"https:\/\/www.istanbulafrica.com\/","logo":{"@type":"ImageObject","inLanguage":"en-US","@id":"https:\/\/www.istanbulafrica.com\/#\/schema\/logo\/image\/","url":"https:\/\/www.istanbulafrica.com\/wp-content\/uploads\/2018\/11\/Logo-5_Multicolor-1-e1543258165564.png","contentUrl":"https:\/\/www.istanbulafrica.com\/wp-content\/uploads\/2018\/11\/Logo-5_Multicolor-1-e1543258165564.png","width":300,"height":82,"caption":"Istanbul Africa Trade Company"},"image":{"@id":"https:\/\/www.istanbulafrica.com\/#\/schema\/logo\/image\/"},"sameAs":["http:\/\/www.facebook.com\/istanbulafrica","https:\/\/x.com\/istanbulafrica","https:\/\/www.instagram.com\/istanbulafrica","https:\/\/linkedin.com\/company\/istanbulafrica"]},{"@type":"Person","@id":"https:\/\/www.istanbulafrica.com\/#\/schema\/person\/e0f8b3b562d664e99942c2ca70031388","name":"admin","image":{"@type":"ImageObject","inLanguage":"en-US","@id":"https:\/\/www.istanbulafrica.com\/#\/schema\/person\/image\/","url":"https:\/\/www.istanbulafrica.com\/wp-content\/litespeed\/avatar\/063478b0608c9232a95d704ee9061d12.jpg?ver=1758542353","contentUrl":"https:\/\/www.istanbulafrica.com\/wp-content\/litespeed\/avatar\/063478b0608c9232a95d704ee9061d12.jpg?ver=1758542353","caption":"admin"}}]}},"_links":{"self":[{"href":"https:\/\/www.istanbulafrica.com\/wp-json\/wp\/v2\/posts\/6234","targetHints":{"allow":["GET"]}}],"collection":[{"href":"https:\/\/www.istanbulafrica.com\/wp-json\/wp\/v2\/posts"}],"about":[{"href":"https:\/\/www.istanbulafrica.com\/wp-json\/wp\/v2\/types\/post"}],"author":[{"embeddable":true,"href":"https:\/\/www.istanbulafrica.com\/wp-json\/wp\/v2\/users\/1"}],"replies":[{"embeddable":true,"href":"https:\/\/www.istanbulafrica.com\/wp-json\/wp\/v2\/comments?post=6234"}],"version-history":[{"count":1,"href":"https:\/\/www.istanbulafrica.com\/wp-json\/wp\/v2\/posts\/6234\/revisions"}],"predecessor-version":[{"id":6349,"href":"https:\/\/www.istanbulafrica.com\/wp-json\/wp\/v2\/posts\/6234\/revisions\/6349"}],"wp:featuredmedia":[{"embeddable":true,"href":"https:\/\/www.istanbulafrica.com\/wp-json\/wp\/v2\/media\/5349"}],"wp:attachment":[{"href":"https:\/\/www.istanbulafrica.com\/wp-json\/wp\/v2\/media?parent=6234"}],"wp:term":[{"taxonomy":"category","embeddable":true,"href":"https:\/\/www.istanbulafrica.com\/wp-json\/wp\/v2\/categories?post=6234"},{"taxonomy":"post_tag","embeddable":true,"href":"https:\/\/www.istanbulafrica.com\/wp-json\/wp\/v2\/tags?post=6234"}],"curies":[{"name":"wp","href":"https:\/\/api.w.org\/{rel}","templated":true}]}}